{"id":864682,"date":"2024-12-06T14:15:49","date_gmt":"2024-12-06T17:15:49","guid":{"rendered":"https:\/\/bahiaeconomica.com.br\/wp\/?p=864682"},"modified":"2024-12-06T14:15:49","modified_gmt":"2024-12-06T17:15:49","slug":"concurso-da-policia-federal-governo-autoriza-192-vagas-vejam-quais-saos-os-cargos","status":"publish","type":"post","link":"https:\/\/bahiaeconomica.com.br\/wp\/2024\/12\/06\/concurso-da-policia-federal-governo-autoriza-192-vagas-vejam-quais-saos-os-cargos\/","title":{"rendered":"CONCURSO DA POLICIA FEDERAL, GOVERNO AUTORIZA 192 VAGAS; VEJAM QUAIS S\u00c3OS OS CARGOS"},"content":{"rendered":"<p>Nesta sexta-feira (6), o governo federal autorizou a realiza\u00e7\u00e3o de um novo concurso p\u00fablico com 129 vagas para a Pol\u00edcia Federal (PF). A decis\u00e3o foi publicada, no Di\u00e1rio Oficial da Uni\u00e3o e assinada pela ministra da Gest\u00e3o e Inova\u00e7\u00e3o em Servi\u00e7os P\u00fablicos, Esther Dweck.<\/p>\n<p>A portaria determina prazo Maximo de seis meses, a partir da data de autoriza\u00e7\u00e3o, para a publica\u00e7\u00e3o do edital de abertura do concurso.<\/p>\n<p>Nessa fase \u00e9 necess\u00e1rio para a organiza\u00e7\u00e3o dos procedimentos de sele\u00e7\u00e3o. Entre a divulga\u00e7\u00e3o do edital e a realiza\u00e7\u00e3o da primeira prova haver\u00e1 intervalo de dois meses.<\/p>\n<p>O concurso ter\u00e1 vagas para agente administrativo (100), m\u00e9dico (35), assistente social (13), t\u00e9cnico em assuntos educacionais (10), contador (9), administrador (6), psic\u00f3logo (6), estat\u00edstico (4), t\u00e9cnico em comunica\u00e7\u00e3o social (3), enfermeiro (3), farmac\u00eautico (2) e nutricionista (1).<\/p>\n<p>Foto: Reprodu\u00e7\u00e3o\/Governo federal<\/p>\n","protected":false},"excerpt":{"rendered":"<p>Nesta sexta-feira (6), o governo federal autorizou a realiza\u00e7\u00e3o de um novo concurso p\u00fablico com 129 vagas para a Pol\u00edcia Federal (PF). A decis\u00e3o foi publicada, no Di\u00e1rio Oficial da Uni\u00e3o e assinada pela ministra da Gest\u00e3o e Inova\u00e7\u00e3o em Servi\u00e7os P\u00fablicos, Esther Dweck. A portaria determina prazo Maximo de seis meses, a partir da [&hellip;]<\/p>\n","protected":false},"author":24,"featured_media":864683,"comment_status":"closed","ping_status":"closed","sticky":false,"template":"","format":"standard","meta":[],"categories":[8],"tags":[2914,175,395],"acf":[],"yoast_head":"<!-- This site is optimized with the Yoast SEO plugin v20.8 - https:\/\/yoast.com\/wordpress\/plugins\/seo\/ -->\n<title>CONCURSO DA POLICIA FEDERAL, GOVERNO AUTORIZA 192 VAGAS; VEJAM QUAIS S\u00c3OS OS CARGOS - Bahia Economica<\/title>\n<meta name=\"description\" content=\"O maior portal de Economia da Bahia EMPREGOS \/ CONCURSOS Bahia Economica\" \/>\n<meta name=\"robots\" content=\"index, follow, max-snippet:-1, max-image-preview:large, max-video-preview:-1\" \/>\n<link rel=\"canonical\" href=\"https:\/\/bahiaeconomica.com.br\/wp\/2024\/12\/06\/concurso-da-policia-federal-governo-autoriza-192-vagas-vejam-quais-saos-os-cargos\/\" \/>\n<meta property=\"og:locale\" content=\"pt_BR\" \/>\n<meta property=\"og:type\" content=\"article\" \/>\n<meta property=\"og:title\" content=\"CONCURSO DA POLICIA FEDERAL, GOVERNO AUTORIZA 192 VAGAS; VEJAM QUAIS S\u00c3OS OS CARGOS - Bahia Economica\" \/>\n<meta property=\"og:description\" content=\"O maior portal de Economia da Bahia EMPREGOS \/ CONCURSOS Bahia Economica\" \/>\n<meta property=\"og:url\" content=\"https:\/\/bahiaeconomica.com.br\/wp\/2024\/12\/06\/concurso-da-policia-federal-governo-autoriza-192-vagas-vejam-quais-saos-os-cargos\/\" \/>\n<meta property=\"og:site_name\" content=\"Bahia Economica\" \/>\n<meta property=\"article:publisher\" content=\"https:\/\/www.facebook.com\/bahiaeconomica\" \/>\n<meta property=\"article:published_time\" content=\"2024-12-06T17:15:49+00:00\" \/>\n<meta property=\"og:image\" content=\"https:\/\/bahiaeconomica.com.br\/wp\/wp-content\/uploads\/2024\/12\/Concurso-publico-governo-anuncia-prova-para-a-Policia-Federal-com-192-vagas-944x531-1.jpg\" \/>\n\t<meta property=\"og:image:width\" content=\"944\" \/>\n\t<meta property=\"og:image:height\" content=\"531\" \/>\n\t<meta property=\"og:image:type\" content=\"image\/jpeg\" \/>\n<meta name=\"author\" content=\"VICTOR OLIVEIRA\" \/>\n<meta name=\"twitter:card\" content=\"summary_large_image\" \/>\n<meta name=\"twitter:label1\" content=\"Escrito por\" \/>\n\t<meta name=\"twitter:data1\" content=\"VICTOR OLIVEIRA\" \/>\n\t<meta name=\"twitter:label2\" content=\"Est. tempo de leitura\" \/>\n\t<meta name=\"twitter:data2\" content=\"1 minuto\" \/>\n<script type=\"application\/ld+json\" class=\"yoast-schema-graph\">{\"@context\":\"https:\/\/schema.org\",\"@graph\":[{\"@type\":\"Article\",\"@id\":\"https:\/\/bahiaeconomica.com.br\/wp\/2024\/12\/06\/concurso-da-policia-federal-governo-autoriza-192-vagas-vejam-quais-saos-os-cargos\/#article\",\"isPartOf\":{\"@id\":\"https:\/\/bahiaeconomica.com.br\/wp\/2024\/12\/06\/concurso-da-policia-federal-governo-autoriza-192-vagas-vejam-quais-saos-os-cargos\/\"},\"author\":{\"name\":\"VICTOR OLIVEIRA\",\"@id\":\"https:\/\/bahiaeconomica.com.br\/wp\/#\/schema\/person\/a17956d0e1112b626f403fb06b8129a9\"},\"headline\":\"CONCURSO DA POLICIA FEDERAL, GOVERNO AUTORIZA 192 VAGAS; VEJAM QUAIS S\u00c3OS OS CARGOS\",\"datePublished\":\"2024-12-06T17:15:49+00:00\",\"dateModified\":\"2024-12-06T17:15:49+00:00\",\"mainEntityOfPage\":{\"@id\":\"https:\/\/bahiaeconomica.com.br\/wp\/2024\/12\/06\/concurso-da-policia-federal-governo-autoriza-192-vagas-vejam-quais-saos-os-cargos\/\"},\"wordCount\":159,\"publisher\":{\"@id\":\"https:\/\/bahiaeconomica.com.br\/wp\/#organization\"},\"keywords\":[\"cargos\",\"concurso\",\"PF\"],\"articleSection\":[\"EMPREGOS \/ CONCURSOS\"],\"inLanguage\":\"pt-BR\"},{\"@type\":\"WebPage\",\"@id\":\"https:\/\/bahiaeconomica.com.br\/wp\/2024\/12\/06\/concurso-da-policia-federal-governo-autoriza-192-vagas-vejam-quais-saos-os-cargos\/\",\"url\":\"https:\/\/bahiaeconomica.com.br\/wp\/2024\/12\/06\/concurso-da-policia-federal-governo-autoriza-192-vagas-vejam-quais-saos-os-cargos\/\",\"name\":\"CONCURSO DA POLICIA FEDERAL, GOVERNO AUTORIZA 192 VAGAS; VEJAM QUAIS S\u00c3OS OS CARGOS - Bahia Economica\",\"isPartOf\":{\"@id\":\"https:\/\/bahiaeconomica.com.br\/wp\/#website\"},\"datePublished\":\"2024-12-06T17:15:49+00:00\",\"dateModified\":\"2024-12-06T17:15:49+00:00\",\"description\":\"O maior portal de Economia da Bahia EMPREGOS \/ CONCURSOS Bahia Economica\",\"breadcrumb\":{\"@id\":\"https:\/\/bahiaeconomica.com.br\/wp\/2024\/12\/06\/concurso-da-policia-federal-governo-autoriza-192-vagas-vejam-quais-saos-os-cargos\/#breadcrumb\"},\"inLanguage\":\"pt-BR\",\"potentialAction\":[{\"@type\":\"ReadAction\",\"target\":[\"https:\/\/bahiaeconomica.com.br\/wp\/2024\/12\/06\/concurso-da-policia-federal-governo-autoriza-192-vagas-vejam-quais-saos-os-cargos\/\"]}]},{\"@type\":\"BreadcrumbList\",\"@id\":\"https:\/\/bahiaeconomica.com.br\/wp\/2024\/12\/06\/concurso-da-policia-federal-governo-autoriza-192-vagas-vejam-quais-saos-os-cargos\/#breadcrumb\",\"itemListElement\":[{\"@type\":\"ListItem\",\"position\":1,\"name\":\"In\u00edcio\",\"item\":\"https:\/\/bahiaeconomica.com.br\/wp\/\"},{\"@type\":\"ListItem\",\"position\":2,\"name\":\"CONCURSO DA POLICIA FEDERAL, GOVERNO AUTORIZA 192 VAGAS; VEJAM QUAIS S\u00c3OS OS CARGOS\"}]},{\"@type\":\"WebSite\",\"@id\":\"https:\/\/bahiaeconomica.com.br\/wp\/#website\",\"url\":\"https:\/\/bahiaeconomica.com.br\/wp\/\",\"name\":\"Bahia Economica\",\"description\":\"O maior portal de Economia da Bahia\",\"publisher\":{\"@id\":\"https:\/\/bahiaeconomica.com.br\/wp\/#organization\"},\"potentialAction\":[{\"@type\":\"SearchAction\",\"target\":{\"@type\":\"EntryPoint\",\"urlTemplate\":\"https:\/\/bahiaeconomica.com.br\/wp\/?s={search_term_string}\"},\"query-input\":\"required name=search_term_string\"}],\"inLanguage\":\"pt-BR\"},{\"@type\":\"Organization\",\"@id\":\"https:\/\/bahiaeconomica.com.br\/wp\/#organization\",\"name\":\"Bahia Econ\u00f4mica\",\"url\":\"https:\/\/bahiaeconomica.com.br\/wp\/\",\"logo\":{\"@type\":\"ImageObject\",\"inLanguage\":\"pt-BR\",\"@id\":\"https:\/\/bahiaeconomica.com.br\/wp\/#\/schema\/logo\/image\/\",\"url\":\"https:\/\/bahiaeconomica.com.br\/wp\/wp-content\/uploads\/2020\/12\/cropped-BE.png\",\"contentUrl\":\"https:\/\/bahiaeconomica.com.br\/wp\/wp-content\/uploads\/2020\/12\/cropped-BE.png\",\"width\":512,\"height\":512,\"caption\":\"Bahia Econ\u00f4mica\"},\"image\":{\"@id\":\"https:\/\/bahiaeconomica.com.br\/wp\/#\/schema\/logo\/image\/\"},\"sameAs\":[\"https:\/\/www.facebook.com\/bahiaeconomica\"]},{\"@type\":\"Person\",\"@id\":\"https:\/\/bahiaeconomica.com.br\/wp\/#\/schema\/person\/a17956d0e1112b626f403fb06b8129a9\",\"name\":\"VICTOR OLIVEIRA\",\"sameAs\":[\"http:\/\/www.bahiaeconomica.com.br\"],\"url\":\"https:\/\/bahiaeconomica.com.br\/wp\/author\/victor-oliveira\/\"}]}<\/script>\n<!-- \/ Yoast SEO plugin. -->","yoast_head_json":{"title":"CONCURSO DA POLICIA FEDERAL, GOVERNO AUTORIZA 192 VAGAS; VEJAM QUAIS S\u00c3OS OS CARGOS - Bahia Economica","description":"O maior portal de Economia da Bahia EMPREGOS \/ CONCURSOS Bahia Economica","robots":{"index":"index","follow":"follow","max-snippet":"max-snippet:-1","max-image-preview":"max-image-preview:large","max-video-preview":"max-video-preview:-1"},"canonical":"https:\/\/bahiaeconomica.com.br\/wp\/2024\/12\/06\/concurso-da-policia-federal-governo-autoriza-192-vagas-vejam-quais-saos-os-cargos\/","og_locale":"pt_BR","og_type":"article","og_title":"CONCURSO DA POLICIA FEDERAL, GOVERNO AUTORIZA 192 VAGAS; VEJAM QUAIS S\u00c3OS OS CARGOS - Bahia Economica","og_description":"O maior portal de Economia da Bahia EMPREGOS \/ CONCURSOS Bahia Economica","og_url":"https:\/\/bahiaeconomica.com.br\/wp\/2024\/12\/06\/concurso-da-policia-federal-governo-autoriza-192-vagas-vejam-quais-saos-os-cargos\/","og_site_name":"Bahia Economica","article_publisher":"https:\/\/www.facebook.com\/bahiaeconomica","article_published_time":"2024-12-06T17:15:49+00:00","og_image":[{"width":944,"height":531,"url":"https:\/\/bahiaeconomica.com.br\/wp\/wp-content\/uploads\/2024\/12\/Concurso-publico-governo-anuncia-prova-para-a-Policia-Federal-com-192-vagas-944x531-1.jpg","type":"image\/jpeg"}],"author":"VICTOR OLIVEIRA","twitter_card":"summary_large_image","twitter_misc":{"Escrito por":"VICTOR OLIVEIRA","Est. tempo de leitura":"1 minuto"},"schema":{"@context":"https:\/\/schema.org","@graph":[{"@type":"Article","@id":"https:\/\/bahiaeconomica.com.br\/wp\/2024\/12\/06\/concurso-da-policia-federal-governo-autoriza-192-vagas-vejam-quais-saos-os-cargos\/#article","isPartOf":{"@id":"https:\/\/bahiaeconomica.com.br\/wp\/2024\/12\/06\/concurso-da-policia-federal-governo-autoriza-192-vagas-vejam-quais-saos-os-cargos\/"},"author":{"name":"VICTOR OLIVEIRA","@id":"https:\/\/bahiaeconomica.com.br\/wp\/#\/schema\/person\/a17956d0e1112b626f403fb06b8129a9"},"headline":"CONCURSO DA POLICIA FEDERAL, GOVERNO AUTORIZA 192 VAGAS; VEJAM QUAIS S\u00c3OS OS CARGOS","datePublished":"2024-12-06T17:15:49+00:00","dateModified":"2024-12-06T17:15:49+00:00","mainEntityOfPage":{"@id":"https:\/\/bahiaeconomica.com.br\/wp\/2024\/12\/06\/concurso-da-policia-federal-governo-autoriza-192-vagas-vejam-quais-saos-os-cargos\/"},"wordCount":159,"publisher":{"@id":"https:\/\/bahiaeconomica.com.br\/wp\/#organization"},"keywords":["cargos","concurso","PF"],"articleSection":["EMPREGOS \/ CONCURSOS"],"inLanguage":"pt-BR"},{"@type":"WebPage","@id":"https:\/\/bahiaeconomica.com.br\/wp\/2024\/12\/06\/concurso-da-policia-federal-governo-autoriza-192-vagas-vejam-quais-saos-os-cargos\/","url":"https:\/\/bahiaeconomica.com.br\/wp\/2024\/12\/06\/concurso-da-policia-federal-governo-autoriza-192-vagas-vejam-quais-saos-os-cargos\/","name":"CONCURSO DA POLICIA FEDERAL, GOVERNO AUTORIZA 192 VAGAS; VEJAM QUAIS S\u00c3OS OS CARGOS - Bahia Economica","isPartOf":{"@id":"https:\/\/bahiaeconomica.com.br\/wp\/#website"},"datePublished":"2024-12-06T17:15:49+00:00","dateModified":"2024-12-06T17:15:49+00:00","description":"O maior portal de Economia da Bahia EMPREGOS \/ CONCURSOS Bahia Economica","breadcrumb":{"@id":"https:\/\/bahiaeconomica.com.br\/wp\/2024\/12\/06\/concurso-da-policia-federal-governo-autoriza-192-vagas-vejam-quais-saos-os-cargos\/#breadcrumb"},"inLanguage":"pt-BR","potentialAction":[{"@type":"ReadAction","target":["https:\/\/bahiaeconomica.com.br\/wp\/2024\/12\/06\/concurso-da-policia-federal-governo-autoriza-192-vagas-vejam-quais-saos-os-cargos\/"]}]},{"@type":"BreadcrumbList","@id":"https:\/\/bahiaeconomica.com.br\/wp\/2024\/12\/06\/concurso-da-policia-federal-governo-autoriza-192-vagas-vejam-quais-saos-os-cargos\/#breadcrumb","itemListElement":[{"@type":"ListItem","position":1,"name":"In\u00edcio","item":"https:\/\/bahiaeconomica.com.br\/wp\/"},{"@type":"ListItem","position":2,"name":"CONCURSO DA POLICIA FEDERAL, GOVERNO AUTORIZA 192 VAGAS; VEJAM QUAIS S\u00c3OS OS CARGOS"}]},{"@type":"WebSite","@id":"https:\/\/bahiaeconomica.com.br\/wp\/#website","url":"https:\/\/bahiaeconomica.com.br\/wp\/","name":"Bahia Economica","description":"O maior portal de Economia da Bahia","publisher":{"@id":"https:\/\/bahiaeconomica.com.br\/wp\/#organization"},"potentialAction":[{"@type":"SearchAction","target":{"@type":"EntryPoint","urlTemplate":"https:\/\/bahiaeconomica.com.br\/wp\/?s={search_term_string}"},"query-input":"required name=search_term_string"}],"inLanguage":"pt-BR"},{"@type":"Organization","@id":"https:\/\/bahiaeconomica.com.br\/wp\/#organization","name":"Bahia Econ\u00f4mica","url":"https:\/\/bahiaeconomica.com.br\/wp\/","logo":{"@type":"ImageObject","inLanguage":"pt-BR","@id":"https:\/\/bahiaeconomica.com.br\/wp\/#\/schema\/logo\/image\/","url":"https:\/\/bahiaeconomica.com.br\/wp\/wp-content\/uploads\/2020\/12\/cropped-BE.png","contentUrl":"https:\/\/bahiaeconomica.com.br\/wp\/wp-content\/uploads\/2020\/12\/cropped-BE.png","width":512,"height":512,"caption":"Bahia Econ\u00f4mica"},"image":{"@id":"https:\/\/bahiaeconomica.com.br\/wp\/#\/schema\/logo\/image\/"},"sameAs":["https:\/\/www.facebook.com\/bahiaeconomica"]},{"@type":"Person","@id":"https:\/\/bahiaeconomica.com.br\/wp\/#\/schema\/person\/a17956d0e1112b626f403fb06b8129a9","name":"VICTOR OLIVEIRA","sameAs":["http:\/\/www.bahiaeconomica.com.br"],"url":"https:\/\/bahiaeconomica.com.br\/wp\/author\/victor-oliveira\/"}]}},"views":32,"_links":{"self":[{"href":"https:\/\/bahiaeconomica.com.br\/wp\/wp-json\/wp\/v2\/posts\/864682"}],"collection":[{"href":"https:\/\/bahiaeconomica.com.br\/wp\/wp-json\/wp\/v2\/posts"}],"about":[{"href":"https:\/\/bahiaeconomica.com.br\/wp\/wp-json\/wp\/v2\/types\/post"}],"author":[{"embeddable":true,"href":"https:\/\/bahiaeconomica.com.br\/wp\/wp-json\/wp\/v2\/users\/24"}],"replies":[{"embeddable":true,"href":"https:\/\/bahiaeconomica.com.br\/wp\/wp-json\/wp\/v2\/comments?post=864682"}],"version-history":[{"count":1,"href":"https:\/\/bahiaeconomica.com.br\/wp\/wp-json\/wp\/v2\/posts\/864682\/revisions"}],"predecessor-version":[{"id":864684,"href":"https:\/\/bahiaeconomica.com.br\/wp\/wp-json\/wp\/v2\/posts\/864682\/revisions\/864684"}],"wp:featuredmedia":[{"embeddable":true,"href":"https:\/\/bahiaeconomica.com.br\/wp\/wp-json\/wp\/v2\/media\/864683"}],"wp:attachment":[{"href":"https:\/\/bahiaeconomica.com.br\/wp\/wp-json\/wp\/v2\/media?parent=864682"}],"wp:term":[{"taxonomy":"category","embeddable":true,"href":"https:\/\/bahiaeconomica.com.br\/wp\/wp-json\/wp\/v2\/categories?post=864682"},{"taxonomy":"post_tag","embeddable":true,"href":"https:\/\/bahiaeconomica.com.br\/wp\/wp-json\/wp\/v2\/tags?post=864682"}],"curies":[{"name":"wp","href":"https:\/\/api.w.org\/{rel}","templated":true}]}}