{"id":864243,"date":"2024-12-05T14:40:14","date_gmt":"2024-12-05T17:40:14","guid":{"rendered":"https:\/\/bahiaeconomica.com.br\/wp\/?p=864243"},"modified":"2024-12-05T13:10:48","modified_gmt":"2024-12-05T16:10:48","slug":"assembleia-legislativa-concedera-titulo-de-cidadao-baiano-ao-advogado-daniel-monteiro","status":"publish","type":"post","link":"https:\/\/bahiaeconomica.com.br\/wp\/2024\/12\/05\/assembleia-legislativa-concedera-titulo-de-cidadao-baiano-ao-advogado-daniel-monteiro\/","title":{"rendered":"ASSEMBLEIA LEGISLATIVA CONCEDER\u00c1 T\u00cdTULO DE CIDAD\u00c3O BAIANO AO ADVOGADO DANIEL MONTEIRO"},"content":{"rendered":"<p>Pelos in\u00fameros pr\u00e9stimos \u00e0 sociedade e contribui\u00e7\u00e3o para o fortalecimento do servi\u00e7o p\u00fablico no estado, o advogado Daniel Lopes Monteiro receber\u00e1 a outorga do T\u00edtulo de Cidad\u00e3o Baiano na Assembleia Legislativa da Bahia. A honraria,\u00a0 requerida pelo deputado estadual Rosemberg Pinto (PT), ser\u00e1 concedida nesta sexta (6), no Plen\u00e1rio da Alba.<\/p>\n<p>Com vasta experi\u00eancia em Direito Societ\u00e1rio, Banc\u00e1rio e de Mercado de Capitais, ele representa bancos e outras institui\u00e7\u00f5es financeiras, bem como empresas nacionais e estrangeiras na estrutura\u00e7\u00e3o de financiamentos e de fundos de investimento, emiss\u00e3o e ofertas p\u00fablicas de valores mobili\u00e1rios, reorganiza\u00e7\u00f5es societ\u00e1rias e opera\u00e7\u00f5es de fus\u00e3o e\/ou aquisi\u00e7\u00e3o de empresas.<\/p>\n<p>Import\u00e2ncia<\/p>\n<p>Na Bahia, participou de opera\u00e7\u00f5es relevantes, como a aquisi\u00e7\u00e3o da Empresa Baiana de Alimentos \u2013 Ebal, e subsequentes, que levaram ao atual modelo de funcionamento da rede Cesta do Povo e do Programa Credcesta. Pode-se mencionar ainda, a estrutura\u00e7\u00e3o da 5\u00aa e da 6\u00aa Emiss\u00f5es de Deb\u00eantures da Coelba em 2005 e 2007, respectivamente, e a venda da Ciquine Cia. Petroqu\u00edmica em 2002.<\/p>\n<p>Ele ainda assessorou empresas locais em processos de reorganiza\u00e7\u00e3o societ\u00e1ria, estrutura\u00e7\u00e3o de investimentos e de capta\u00e7\u00e3o de recursos. Em 2022, Daniel, em parceria com advogados locais, criou uma unidade do Monteiro, Rusu, Cameir\u00e3o e Bercht Advogados, o qual atualmente conta com dois escrit\u00f3rios na cidade de Salvador e aproximadamente 20 advogados, executando trabalhos de clientes locais e de fora do Estado da Bahia.<\/p>\n","protected":false},"excerpt":{"rendered":"<p>Pelos in\u00fameros pr\u00e9stimos \u00e0 sociedade e contribui\u00e7\u00e3o para o fortalecimento do servi\u00e7o p\u00fablico no estado, o advogado Daniel Lopes Monteiro receber\u00e1 a outorga do T\u00edtulo de Cidad\u00e3o Baiano na Assembleia Legislativa da Bahia. A honraria,\u00a0 requerida pelo deputado estadual Rosemberg Pinto (PT), ser\u00e1 concedida nesta sexta (6), no Plen\u00e1rio da Alba. Com vasta experi\u00eancia em [&hellip;]<\/p>\n","protected":false},"author":8,"featured_media":864244,"comment_status":"closed","ping_status":"closed","sticky":false,"template":"","format":"standard","meta":[],"categories":[5,14601],"tags":[835,1176,100],"acf":[],"yoast_head":"<!-- This site is optimized with the Yoast SEO plugin v20.8 - https:\/\/yoast.com\/wordpress\/plugins\/seo\/ -->\n<title>ASSEMBLEIA LEGISLATIVA CONCEDER\u00c1 T\u00cdTULO DE CIDAD\u00c3O BAIANO AO ADVOGADO DANIEL MONTEIRO - Bahia Economica<\/title>\n<meta name=\"description\" content=\"O maior portal de Economia da Bahia MUNIC\u00cdPIOS, Pol\u00edtica Bahia Economica Bahia, participou de opera\u00e7\u00f5es relevantes, como a aquisi\u00e7\u00e3o da\" \/>\n<meta name=\"robots\" content=\"index, follow, max-snippet:-1, max-image-preview:large, max-video-preview:-1\" \/>\n<link rel=\"canonical\" href=\"https:\/\/bahiaeconomica.com.br\/wp\/2024\/12\/05\/assembleia-legislativa-concedera-titulo-de-cidadao-baiano-ao-advogado-daniel-monteiro\/\" \/>\n<meta property=\"og:locale\" content=\"pt_BR\" \/>\n<meta property=\"og:type\" content=\"article\" \/>\n<meta property=\"og:title\" content=\"ASSEMBLEIA LEGISLATIVA CONCEDER\u00c1 T\u00cdTULO DE CIDAD\u00c3O BAIANO AO ADVOGADO DANIEL MONTEIRO - Bahia Economica\" \/>\n<meta property=\"og:description\" content=\"O maior portal de Economia da Bahia MUNIC\u00cdPIOS, Pol\u00edtica Bahia Economica Bahia, participou de opera\u00e7\u00f5es relevantes, como a aquisi\u00e7\u00e3o da\" \/>\n<meta property=\"og:url\" content=\"https:\/\/bahiaeconomica.com.br\/wp\/2024\/12\/05\/assembleia-legislativa-concedera-titulo-de-cidadao-baiano-ao-advogado-daniel-monteiro\/\" \/>\n<meta property=\"og:site_name\" content=\"Bahia Economica\" \/>\n<meta property=\"article:publisher\" content=\"https:\/\/www.facebook.com\/bahiaeconomica\" \/>\n<meta property=\"article:published_time\" content=\"2024-12-05T17:40:14+00:00\" \/>\n<meta property=\"article:modified_time\" content=\"2024-12-05T16:10:48+00:00\" \/>\n<meta property=\"og:image\" content=\"https:\/\/bahiaeconomica.com.br\/wp\/wp-content\/uploads\/2024\/12\/WhatsApp-Image-2024-12-05-at-10.17.11ttttttttttt.png\" \/>\n\t<meta property=\"og:image:width\" content=\"1058\" \/>\n\t<meta property=\"og:image:height\" content=\"688\" \/>\n\t<meta property=\"og:image:type\" content=\"image\/png\" \/>\n<meta name=\"author\" content=\"JP\" \/>\n<meta name=\"twitter:card\" content=\"summary_large_image\" \/>\n<meta name=\"twitter:label1\" content=\"Escrito por\" \/>\n\t<meta name=\"twitter:data1\" content=\"JP\" \/>\n\t<meta name=\"twitter:label2\" content=\"Est. tempo de leitura\" \/>\n\t<meta name=\"twitter:data2\" content=\"2 minutos\" \/>\n<script type=\"application\/ld+json\" class=\"yoast-schema-graph\">{\"@context\":\"https:\/\/schema.org\",\"@graph\":[{\"@type\":\"Article\",\"@id\":\"https:\/\/bahiaeconomica.com.br\/wp\/2024\/12\/05\/assembleia-legislativa-concedera-titulo-de-cidadao-baiano-ao-advogado-daniel-monteiro\/#article\",\"isPartOf\":{\"@id\":\"https:\/\/bahiaeconomica.com.br\/wp\/2024\/12\/05\/assembleia-legislativa-concedera-titulo-de-cidadao-baiano-ao-advogado-daniel-monteiro\/\"},\"author\":{\"name\":\"JP\",\"@id\":\"https:\/\/bahiaeconomica.com.br\/wp\/#\/schema\/person\/c86d3a3f8960425a0f9d0e5245991f4e\"},\"headline\":\"ASSEMBLEIA LEGISLATIVA CONCEDER\u00c1 T\u00cdTULO DE CIDAD\u00c3O BAIANO AO ADVOGADO DANIEL MONTEIRO\",\"datePublished\":\"2024-12-05T17:40:14+00:00\",\"dateModified\":\"2024-12-05T16:10:48+00:00\",\"mainEntityOfPage\":{\"@id\":\"https:\/\/bahiaeconomica.com.br\/wp\/2024\/12\/05\/assembleia-legislativa-concedera-titulo-de-cidadao-baiano-ao-advogado-daniel-monteiro\/\"},\"wordCount\":267,\"publisher\":{\"@id\":\"https:\/\/bahiaeconomica.com.br\/wp\/#organization\"},\"keywords\":[\"alta\",\"mudan\u00e7a\",\"Pol\u00edtica\"],\"articleSection\":[\"MUNIC\u00cdPIOS\",\"Pol\u00edtica\"],\"inLanguage\":\"pt-BR\"},{\"@type\":\"WebPage\",\"@id\":\"https:\/\/bahiaeconomica.com.br\/wp\/2024\/12\/05\/assembleia-legislativa-concedera-titulo-de-cidadao-baiano-ao-advogado-daniel-monteiro\/\",\"url\":\"https:\/\/bahiaeconomica.com.br\/wp\/2024\/12\/05\/assembleia-legislativa-concedera-titulo-de-cidadao-baiano-ao-advogado-daniel-monteiro\/\",\"name\":\"ASSEMBLEIA LEGISLATIVA CONCEDER\u00c1 T\u00cdTULO DE CIDAD\u00c3O BAIANO AO ADVOGADO DANIEL MONTEIRO - Bahia Economica\",\"isPartOf\":{\"@id\":\"https:\/\/bahiaeconomica.com.br\/wp\/#website\"},\"datePublished\":\"2024-12-05T17:40:14+00:00\",\"dateModified\":\"2024-12-05T16:10:48+00:00\",\"description\":\"O maior portal de Economia da Bahia MUNIC\u00cdPIOS, Pol\u00edtica Bahia Economica Bahia, participou de opera\u00e7\u00f5es relevantes, como a aquisi\u00e7\u00e3o da\",\"breadcrumb\":{\"@id\":\"https:\/\/bahiaeconomica.com.br\/wp\/2024\/12\/05\/assembleia-legislativa-concedera-titulo-de-cidadao-baiano-ao-advogado-daniel-monteiro\/#breadcrumb\"},\"inLanguage\":\"pt-BR\",\"potentialAction\":[{\"@type\":\"ReadAction\",\"target\":[\"https:\/\/bahiaeconomica.com.br\/wp\/2024\/12\/05\/assembleia-legislativa-concedera-titulo-de-cidadao-baiano-ao-advogado-daniel-monteiro\/\"]}]},{\"@type\":\"BreadcrumbList\",\"@id\":\"https:\/\/bahiaeconomica.com.br\/wp\/2024\/12\/05\/assembleia-legislativa-concedera-titulo-de-cidadao-baiano-ao-advogado-daniel-monteiro\/#breadcrumb\",\"itemListElement\":[{\"@type\":\"ListItem\",\"position\":1,\"name\":\"In\u00edcio\",\"item\":\"https:\/\/bahiaeconomica.com.br\/wp\/\"},{\"@type\":\"ListItem\",\"position\":2,\"name\":\"ASSEMBLEIA LEGISLATIVA CONCEDER\u00c1 T\u00cdTULO DE CIDAD\u00c3O BAIANO AO ADVOGADO DANIEL MONTEIRO\"}]},{\"@type\":\"WebSite\",\"@id\":\"https:\/\/bahiaeconomica.com.br\/wp\/#website\",\"url\":\"https:\/\/bahiaeconomica.com.br\/wp\/\",\"name\":\"Bahia Economica\",\"description\":\"O maior portal de Economia da Bahia\",\"publisher\":{\"@id\":\"https:\/\/bahiaeconomica.com.br\/wp\/#organization\"},\"potentialAction\":[{\"@type\":\"SearchAction\",\"target\":{\"@type\":\"EntryPoint\",\"urlTemplate\":\"https:\/\/bahiaeconomica.com.br\/wp\/?s={search_term_string}\"},\"query-input\":\"required name=search_term_string\"}],\"inLanguage\":\"pt-BR\"},{\"@type\":\"Organization\",\"@id\":\"https:\/\/bahiaeconomica.com.br\/wp\/#organization\",\"name\":\"Bahia Econ\u00f4mica\",\"url\":\"https:\/\/bahiaeconomica.com.br\/wp\/\",\"logo\":{\"@type\":\"ImageObject\",\"inLanguage\":\"pt-BR\",\"@id\":\"https:\/\/bahiaeconomica.com.br\/wp\/#\/schema\/logo\/image\/\",\"url\":\"https:\/\/bahiaeconomica.com.br\/wp\/wp-content\/uploads\/2020\/12\/cropped-BE.png\",\"contentUrl\":\"https:\/\/bahiaeconomica.com.br\/wp\/wp-content\/uploads\/2020\/12\/cropped-BE.png\",\"width\":512,\"height\":512,\"caption\":\"Bahia Econ\u00f4mica\"},\"image\":{\"@id\":\"https:\/\/bahiaeconomica.com.br\/wp\/#\/schema\/logo\/image\/\"},\"sameAs\":[\"https:\/\/www.facebook.com\/bahiaeconomica\"]},{\"@type\":\"Person\",\"@id\":\"https:\/\/bahiaeconomica.com.br\/wp\/#\/schema\/person\/c86d3a3f8960425a0f9d0e5245991f4e\",\"name\":\"JP\",\"sameAs\":[\"https:\/\/bahiaeconomica.com.br\/wp\/beta\/\"],\"url\":\"https:\/\/bahiaeconomica.com.br\/wp\/author\/jp\/\"}]}<\/script>\n<!-- \/ Yoast SEO plugin. -->","yoast_head_json":{"title":"ASSEMBLEIA LEGISLATIVA CONCEDER\u00c1 T\u00cdTULO DE CIDAD\u00c3O BAIANO AO ADVOGADO DANIEL MONTEIRO - Bahia Economica","description":"O maior portal de Economia da Bahia MUNIC\u00cdPIOS, Pol\u00edtica Bahia Economica Bahia, participou de opera\u00e7\u00f5es relevantes, como a aquisi\u00e7\u00e3o da","robots":{"index":"index","follow":"follow","max-snippet":"max-snippet:-1","max-image-preview":"max-image-preview:large","max-video-preview":"max-video-preview:-1"},"canonical":"https:\/\/bahiaeconomica.com.br\/wp\/2024\/12\/05\/assembleia-legislativa-concedera-titulo-de-cidadao-baiano-ao-advogado-daniel-monteiro\/","og_locale":"pt_BR","og_type":"article","og_title":"ASSEMBLEIA LEGISLATIVA CONCEDER\u00c1 T\u00cdTULO DE CIDAD\u00c3O BAIANO AO ADVOGADO DANIEL MONTEIRO - Bahia Economica","og_description":"O maior portal de Economia da Bahia MUNIC\u00cdPIOS, Pol\u00edtica Bahia Economica Bahia, participou de opera\u00e7\u00f5es relevantes, como a aquisi\u00e7\u00e3o da","og_url":"https:\/\/bahiaeconomica.com.br\/wp\/2024\/12\/05\/assembleia-legislativa-concedera-titulo-de-cidadao-baiano-ao-advogado-daniel-monteiro\/","og_site_name":"Bahia Economica","article_publisher":"https:\/\/www.facebook.com\/bahiaeconomica","article_published_time":"2024-12-05T17:40:14+00:00","article_modified_time":"2024-12-05T16:10:48+00:00","og_image":[{"width":1058,"height":688,"url":"https:\/\/bahiaeconomica.com.br\/wp\/wp-content\/uploads\/2024\/12\/WhatsApp-Image-2024-12-05-at-10.17.11ttttttttttt.png","type":"image\/png"}],"author":"JP","twitter_card":"summary_large_image","twitter_misc":{"Escrito por":"JP","Est. tempo de leitura":"2 minutos"},"schema":{"@context":"https:\/\/schema.org","@graph":[{"@type":"Article","@id":"https:\/\/bahiaeconomica.com.br\/wp\/2024\/12\/05\/assembleia-legislativa-concedera-titulo-de-cidadao-baiano-ao-advogado-daniel-monteiro\/#article","isPartOf":{"@id":"https:\/\/bahiaeconomica.com.br\/wp\/2024\/12\/05\/assembleia-legislativa-concedera-titulo-de-cidadao-baiano-ao-advogado-daniel-monteiro\/"},"author":{"name":"JP","@id":"https:\/\/bahiaeconomica.com.br\/wp\/#\/schema\/person\/c86d3a3f8960425a0f9d0e5245991f4e"},"headline":"ASSEMBLEIA LEGISLATIVA CONCEDER\u00c1 T\u00cdTULO DE CIDAD\u00c3O BAIANO AO ADVOGADO DANIEL MONTEIRO","datePublished":"2024-12-05T17:40:14+00:00","dateModified":"2024-12-05T16:10:48+00:00","mainEntityOfPage":{"@id":"https:\/\/bahiaeconomica.com.br\/wp\/2024\/12\/05\/assembleia-legislativa-concedera-titulo-de-cidadao-baiano-ao-advogado-daniel-monteiro\/"},"wordCount":267,"publisher":{"@id":"https:\/\/bahiaeconomica.com.br\/wp\/#organization"},"keywords":["alta","mudan\u00e7a","Pol\u00edtica"],"articleSection":["MUNIC\u00cdPIOS","Pol\u00edtica"],"inLanguage":"pt-BR"},{"@type":"WebPage","@id":"https:\/\/bahiaeconomica.com.br\/wp\/2024\/12\/05\/assembleia-legislativa-concedera-titulo-de-cidadao-baiano-ao-advogado-daniel-monteiro\/","url":"https:\/\/bahiaeconomica.com.br\/wp\/2024\/12\/05\/assembleia-legislativa-concedera-titulo-de-cidadao-baiano-ao-advogado-daniel-monteiro\/","name":"ASSEMBLEIA LEGISLATIVA CONCEDER\u00c1 T\u00cdTULO DE CIDAD\u00c3O BAIANO AO ADVOGADO DANIEL MONTEIRO - Bahia Economica","isPartOf":{"@id":"https:\/\/bahiaeconomica.com.br\/wp\/#website"},"datePublished":"2024-12-05T17:40:14+00:00","dateModified":"2024-12-05T16:10:48+00:00","description":"O maior portal de Economia da Bahia MUNIC\u00cdPIOS, Pol\u00edtica Bahia Economica Bahia, participou de opera\u00e7\u00f5es relevantes, como a aquisi\u00e7\u00e3o da","breadcrumb":{"@id":"https:\/\/bahiaeconomica.com.br\/wp\/2024\/12\/05\/assembleia-legislativa-concedera-titulo-de-cidadao-baiano-ao-advogado-daniel-monteiro\/#breadcrumb"},"inLanguage":"pt-BR","potentialAction":[{"@type":"ReadAction","target":["https:\/\/bahiaeconomica.com.br\/wp\/2024\/12\/05\/assembleia-legislativa-concedera-titulo-de-cidadao-baiano-ao-advogado-daniel-monteiro\/"]}]},{"@type":"BreadcrumbList","@id":"https:\/\/bahiaeconomica.com.br\/wp\/2024\/12\/05\/assembleia-legislativa-concedera-titulo-de-cidadao-baiano-ao-advogado-daniel-monteiro\/#breadcrumb","itemListElement":[{"@type":"ListItem","position":1,"name":"In\u00edcio","item":"https:\/\/bahiaeconomica.com.br\/wp\/"},{"@type":"ListItem","position":2,"name":"ASSEMBLEIA LEGISLATIVA CONCEDER\u00c1 T\u00cdTULO DE CIDAD\u00c3O BAIANO AO ADVOGADO DANIEL MONTEIRO"}]},{"@type":"WebSite","@id":"https:\/\/bahiaeconomica.com.br\/wp\/#website","url":"https:\/\/bahiaeconomica.com.br\/wp\/","name":"Bahia Economica","description":"O maior portal de Economia da Bahia","publisher":{"@id":"https:\/\/bahiaeconomica.com.br\/wp\/#organization"},"potentialAction":[{"@type":"SearchAction","target":{"@type":"EntryPoint","urlTemplate":"https:\/\/bahiaeconomica.com.br\/wp\/?s={search_term_string}"},"query-input":"required name=search_term_string"}],"inLanguage":"pt-BR"},{"@type":"Organization","@id":"https:\/\/bahiaeconomica.com.br\/wp\/#organization","name":"Bahia Econ\u00f4mica","url":"https:\/\/bahiaeconomica.com.br\/wp\/","logo":{"@type":"ImageObject","inLanguage":"pt-BR","@id":"https:\/\/bahiaeconomica.com.br\/wp\/#\/schema\/logo\/image\/","url":"https:\/\/bahiaeconomica.com.br\/wp\/wp-content\/uploads\/2020\/12\/cropped-BE.png","contentUrl":"https:\/\/bahiaeconomica.com.br\/wp\/wp-content\/uploads\/2020\/12\/cropped-BE.png","width":512,"height":512,"caption":"Bahia Econ\u00f4mica"},"image":{"@id":"https:\/\/bahiaeconomica.com.br\/wp\/#\/schema\/logo\/image\/"},"sameAs":["https:\/\/www.facebook.com\/bahiaeconomica"]},{"@type":"Person","@id":"https:\/\/bahiaeconomica.com.br\/wp\/#\/schema\/person\/c86d3a3f8960425a0f9d0e5245991f4e","name":"JP","sameAs":["https:\/\/bahiaeconomica.com.br\/wp\/beta\/"],"url":"https:\/\/bahiaeconomica.com.br\/wp\/author\/jp\/"}]}},"views":64,"_links":{"self":[{"href":"https:\/\/bahiaeconomica.com.br\/wp\/wp-json\/wp\/v2\/posts\/864243"}],"collection":[{"href":"https:\/\/bahiaeconomica.com.br\/wp\/wp-json\/wp\/v2\/posts"}],"about":[{"href":"https:\/\/bahiaeconomica.com.br\/wp\/wp-json\/wp\/v2\/types\/post"}],"author":[{"embeddable":true,"href":"https:\/\/bahiaeconomica.com.br\/wp\/wp-json\/wp\/v2\/users\/8"}],"replies":[{"embeddable":true,"href":"https:\/\/bahiaeconomica.com.br\/wp\/wp-json\/wp\/v2\/comments?post=864243"}],"version-history":[{"count":1,"href":"https:\/\/bahiaeconomica.com.br\/wp\/wp-json\/wp\/v2\/posts\/864243\/revisions"}],"predecessor-version":[{"id":864245,"href":"https:\/\/bahiaeconomica.com.br\/wp\/wp-json\/wp\/v2\/posts\/864243\/revisions\/864245"}],"wp:featuredmedia":[{"embeddable":true,"href":"https:\/\/bahiaeconomica.com.br\/wp\/wp-json\/wp\/v2\/media\/864244"}],"wp:attachment":[{"href":"https:\/\/bahiaeconomica.com.br\/wp\/wp-json\/wp\/v2\/media?parent=864243"}],"wp:term":[{"taxonomy":"category","embeddable":true,"href":"https:\/\/bahiaeconomica.com.br\/wp\/wp-json\/wp\/v2\/categories?post=864243"},{"taxonomy":"post_tag","embeddable":true,"href":"https:\/\/bahiaeconomica.com.br\/wp\/wp-json\/wp\/v2\/tags?post=864243"}],"curies":[{"name":"wp","href":"https:\/\/api.w.org\/{rel}","templated":true}]}}