{"id":864129,"date":"2024-12-04T18:59:34","date_gmt":"2024-12-04T21:59:34","guid":{"rendered":"https:\/\/bahiaeconomica.com.br\/wp\/?p=864129"},"modified":"2024-12-04T18:47:00","modified_gmt":"2024-12-04T21:47:00","slug":"festa-de-santa-barbara-demonstra-forca-do-sincretismo-religioso-no-turismo-baiano","status":"publish","type":"post","link":"https:\/\/bahiaeconomica.com.br\/wp\/2024\/12\/04\/festa-de-santa-barbara-demonstra-forca-do-sincretismo-religioso-no-turismo-baiano\/","title":{"rendered":"FESTA DE SANTA B\u00c1RBARA DEMONSTRA FOR\u00c7A DO SINCRETISMO RELIGIOSO NO TURISMO BAIANO"},"content":{"rendered":"<div>Com alvorada de fogos de artif\u00edcio, salva de clarins e missa campal em frente \u00e0 Igreja de Nossa Senhora do Ros\u00e1rio Pretos, nesta quarta-feira (4), no Largo do Pelourinho, em Salvador, as celebra\u00e7\u00f5es pelo Dia de Santa B\u00e1rbara abriram o calend\u00e1rio de festas populares da Bahia. Uma multid\u00e3o de baianos e turistas tingiu de vermelho o espa\u00e7o para reverenciar a padroeira do Corpo de Bombeiros e dos mercados, que no candombl\u00e9 corresponde \u00e0 orix\u00e1 Ians\u00e3, deusa dos ventos e das tempestades. Ap\u00f3s a missa, os fi\u00e9is seguiram em prociss\u00e3o pelo Centro Hist\u00f3rico.<\/div>\n<div><\/div>\n<div>&#8220;A homenagem a Santa B\u00e1rbara \u00e9 sempre um momento especial de encontro, de f\u00e9, de resist\u00eancia, de respeito e valoriza\u00e7\u00e3o da vida. Ela nos ajuda a entender o quanto a vida \u00e9 importante e deve ser doada com amor&#8221;, ressaltou o padre L\u00e1zaro Muniz, que celebrou a missa.<\/div>\n<div><\/div>\n<div>As festividades tiveram o apoio da Secretaria de Turismo do Estado (Setur-BA), com programa\u00e7\u00e3o durante todo o dia, incluindo o tradicional caruru e apresenta\u00e7\u00f5es musicais, em pra\u00e7as do Pelourinho.<\/div>\n<div><\/div>\n<div>&#8220;A festa \u00e9 muito importante para o turismo, porque pessoas do Brasil e do exterior visitam a Bahia para participar dessa celebra\u00e7\u00e3o. Impressionante como, em plena quarta-feira, o Centro Hist\u00f3rico esteja lotado, mostrando a for\u00e7a do sincretismo religioso baiano&#8221;, completou o assessor especial da Setur-BA, Valdenor Cardoso.<\/div>\n<div><\/div>\n<div>A atriz Regina Cas\u00e9, que possui liga\u00e7\u00f5es com a Bahia, esteve presente nas homenagens \u00e0 Santa B\u00e1rbara. &#8220;Eu venho a todas as manifesta\u00e7\u00f5es religiosas e culturais da Bahia, para agradecer tudo o que eu j\u00e1 recebi desse lugar e dos baianos&#8221;, relatou.<\/div>\n<div><\/div>\n<div>&#8220;O mais interessante \u00e9 a mistura do catolicismo com a religi\u00e3o de origem africana, que s\u00f3 a Bahia tem. N\u00e3o d\u00e1 para perder uma celebra\u00e7\u00e3o como essa. Espero poder voltar todos os anos&#8221;, comentou a turista J\u00falia Santos, de S\u00e3o Paulo.<\/div>\n","protected":false},"excerpt":{"rendered":"<p>Com alvorada de fogos de artif\u00edcio, salva de clarins e missa campal em frente \u00e0 Igreja de Nossa Senhora do Ros\u00e1rio Pretos, nesta quarta-feira (4), no Largo do Pelourinho, em Salvador, as celebra\u00e7\u00f5es pelo Dia de Santa B\u00e1rbara abriram o calend\u00e1rio de festas populares da Bahia. Uma multid\u00e3o de baianos e turistas tingiu de vermelho [&hellip;]<\/p>\n","protected":false},"author":22,"featured_media":864131,"comment_status":"closed","ping_status":"closed","sticky":false,"template":"","format":"standard","meta":[],"categories":[689],"tags":[827,932,19308,35127],"acf":[],"yoast_head":"<!-- This site is optimized with the Yoast SEO plugin v20.8 - https:\/\/yoast.com\/wordpress\/plugins\/seo\/ -->\n<title>FESTA DE SANTA B\u00c1RBARA DEMONSTRA FOR\u00c7A DO SINCRETISMO RELIGIOSO NO TURISMO BAIANO - Bahia Economica<\/title>\n<meta name=\"description\" content=\"O maior portal de Economia da Bahia CULTURA E ARTE Bahia Economica\" \/>\n<meta name=\"robots\" content=\"index, follow, max-snippet:-1, max-image-preview:large, max-video-preview:-1\" \/>\n<link rel=\"canonical\" href=\"https:\/\/bahiaeconomica.com.br\/wp\/2024\/12\/04\/festa-de-santa-barbara-demonstra-forca-do-sincretismo-religioso-no-turismo-baiano\/\" \/>\n<meta property=\"og:locale\" content=\"pt_BR\" \/>\n<meta property=\"og:type\" content=\"article\" \/>\n<meta property=\"og:title\" content=\"FESTA DE SANTA B\u00c1RBARA DEMONSTRA FOR\u00c7A DO SINCRETISMO RELIGIOSO NO TURISMO BAIANO - Bahia Economica\" \/>\n<meta property=\"og:description\" content=\"O maior portal de Economia da Bahia CULTURA E ARTE Bahia Economica\" \/>\n<meta property=\"og:url\" content=\"https:\/\/bahiaeconomica.com.br\/wp\/2024\/12\/04\/festa-de-santa-barbara-demonstra-forca-do-sincretismo-religioso-no-turismo-baiano\/\" \/>\n<meta property=\"og:site_name\" content=\"Bahia Economica\" \/>\n<meta property=\"article:publisher\" content=\"https:\/\/www.facebook.com\/bahiaeconomica\" \/>\n<meta property=\"article:published_time\" content=\"2024-12-04T21:59:34+00:00\" \/>\n<meta property=\"article:modified_time\" content=\"2024-12-04T21:47:00+00:00\" \/>\n<meta property=\"og:image\" content=\"https:\/\/bahiaeconomica.com.br\/wp\/wp-content\/uploads\/2024\/12\/Festa-de-Santa-Barbara-demonstra-forca-do-sincretismo-religioso-no-turismo-baiano-Foto-Ascom-SeturBA-1024x768.png\" \/>\n\t<meta property=\"og:image:width\" content=\"1024\" \/>\n\t<meta property=\"og:image:height\" content=\"768\" \/>\n\t<meta property=\"og:image:type\" content=\"image\/png\" \/>\n<meta name=\"author\" content=\"Matheus Souza\" \/>\n<meta name=\"twitter:card\" content=\"summary_large_image\" \/>\n<meta name=\"twitter:label1\" content=\"Escrito por\" \/>\n\t<meta name=\"twitter:data1\" content=\"Matheus Souza\" \/>\n\t<meta name=\"twitter:label2\" content=\"Est. tempo de leitura\" \/>\n\t<meta name=\"twitter:data2\" content=\"2 minutos\" \/>\n<script type=\"application\/ld+json\" class=\"yoast-schema-graph\">{\"@context\":\"https:\/\/schema.org\",\"@graph\":[{\"@type\":\"Article\",\"@id\":\"https:\/\/bahiaeconomica.com.br\/wp\/2024\/12\/04\/festa-de-santa-barbara-demonstra-forca-do-sincretismo-religioso-no-turismo-baiano\/#article\",\"isPartOf\":{\"@id\":\"https:\/\/bahiaeconomica.com.br\/wp\/2024\/12\/04\/festa-de-santa-barbara-demonstra-forca-do-sincretismo-religioso-no-turismo-baiano\/\"},\"author\":{\"name\":\"Matheus Souza\",\"@id\":\"https:\/\/bahiaeconomica.com.br\/wp\/#\/schema\/person\/3304d50cfd32353c7d08c39066638997\"},\"headline\":\"FESTA DE SANTA B\u00c1RBARA DEMONSTRA FOR\u00c7A DO SINCRETISMO RELIGIOSO NO TURISMO BAIANO\",\"datePublished\":\"2024-12-04T21:59:34+00:00\",\"dateModified\":\"2024-12-04T21:47:00+00:00\",\"mainEntityOfPage\":{\"@id\":\"https:\/\/bahiaeconomica.com.br\/wp\/2024\/12\/04\/festa-de-santa-barbara-demonstra-forca-do-sincretismo-religioso-no-turismo-baiano\/\"},\"wordCount\":334,\"publisher\":{\"@id\":\"https:\/\/bahiaeconomica.com.br\/wp\/#organization\"},\"keywords\":[\"festa\",\"religiao\",\"Santa B\u00e1rbara\",\"Sincretismo\"],\"articleSection\":[\"CULTURA E ARTE\"],\"inLanguage\":\"pt-BR\"},{\"@type\":\"WebPage\",\"@id\":\"https:\/\/bahiaeconomica.com.br\/wp\/2024\/12\/04\/festa-de-santa-barbara-demonstra-forca-do-sincretismo-religioso-no-turismo-baiano\/\",\"url\":\"https:\/\/bahiaeconomica.com.br\/wp\/2024\/12\/04\/festa-de-santa-barbara-demonstra-forca-do-sincretismo-religioso-no-turismo-baiano\/\",\"name\":\"FESTA DE SANTA B\u00c1RBARA DEMONSTRA FOR\u00c7A DO SINCRETISMO RELIGIOSO NO TURISMO BAIANO - Bahia Economica\",\"isPartOf\":{\"@id\":\"https:\/\/bahiaeconomica.com.br\/wp\/#website\"},\"datePublished\":\"2024-12-04T21:59:34+00:00\",\"dateModified\":\"2024-12-04T21:47:00+00:00\",\"description\":\"O maior portal de Economia da Bahia CULTURA E ARTE Bahia Economica\",\"breadcrumb\":{\"@id\":\"https:\/\/bahiaeconomica.com.br\/wp\/2024\/12\/04\/festa-de-santa-barbara-demonstra-forca-do-sincretismo-religioso-no-turismo-baiano\/#breadcrumb\"},\"inLanguage\":\"pt-BR\",\"potentialAction\":[{\"@type\":\"ReadAction\",\"target\":[\"https:\/\/bahiaeconomica.com.br\/wp\/2024\/12\/04\/festa-de-santa-barbara-demonstra-forca-do-sincretismo-religioso-no-turismo-baiano\/\"]}]},{\"@type\":\"BreadcrumbList\",\"@id\":\"https:\/\/bahiaeconomica.com.br\/wp\/2024\/12\/04\/festa-de-santa-barbara-demonstra-forca-do-sincretismo-religioso-no-turismo-baiano\/#breadcrumb\",\"itemListElement\":[{\"@type\":\"ListItem\",\"position\":1,\"name\":\"In\u00edcio\",\"item\":\"https:\/\/bahiaeconomica.com.br\/wp\/\"},{\"@type\":\"ListItem\",\"position\":2,\"name\":\"FESTA DE SANTA B\u00c1RBARA DEMONSTRA FOR\u00c7A DO SINCRETISMO RELIGIOSO NO TURISMO BAIANO\"}]},{\"@type\":\"WebSite\",\"@id\":\"https:\/\/bahiaeconomica.com.br\/wp\/#website\",\"url\":\"https:\/\/bahiaeconomica.com.br\/wp\/\",\"name\":\"Bahia Economica\",\"description\":\"O maior portal de Economia da Bahia\",\"publisher\":{\"@id\":\"https:\/\/bahiaeconomica.com.br\/wp\/#organization\"},\"potentialAction\":[{\"@type\":\"SearchAction\",\"target\":{\"@type\":\"EntryPoint\",\"urlTemplate\":\"https:\/\/bahiaeconomica.com.br\/wp\/?s={search_term_string}\"},\"query-input\":\"required name=search_term_string\"}],\"inLanguage\":\"pt-BR\"},{\"@type\":\"Organization\",\"@id\":\"https:\/\/bahiaeconomica.com.br\/wp\/#organization\",\"name\":\"Bahia Econ\u00f4mica\",\"url\":\"https:\/\/bahiaeconomica.com.br\/wp\/\",\"logo\":{\"@type\":\"ImageObject\",\"inLanguage\":\"pt-BR\",\"@id\":\"https:\/\/bahiaeconomica.com.br\/wp\/#\/schema\/logo\/image\/\",\"url\":\"https:\/\/bahiaeconomica.com.br\/wp\/wp-content\/uploads\/2020\/12\/cropped-BE.png\",\"contentUrl\":\"https:\/\/bahiaeconomica.com.br\/wp\/wp-content\/uploads\/2020\/12\/cropped-BE.png\",\"width\":512,\"height\":512,\"caption\":\"Bahia Econ\u00f4mica\"},\"image\":{\"@id\":\"https:\/\/bahiaeconomica.com.br\/wp\/#\/schema\/logo\/image\/\"},\"sameAs\":[\"https:\/\/www.facebook.com\/bahiaeconomica\"]},{\"@type\":\"Person\",\"@id\":\"https:\/\/bahiaeconomica.com.br\/wp\/#\/schema\/person\/3304d50cfd32353c7d08c39066638997\",\"name\":\"Matheus Souza\",\"sameAs\":[\"http:\/\/www.bahiaeconomica.com.br\"],\"url\":\"https:\/\/bahiaeconomica.com.br\/wp\/author\/matheus-souza\/\"}]}<\/script>\n<!-- \/ Yoast SEO plugin. -->","yoast_head_json":{"title":"FESTA DE SANTA B\u00c1RBARA DEMONSTRA FOR\u00c7A DO SINCRETISMO RELIGIOSO NO TURISMO BAIANO - Bahia Economica","description":"O maior portal de Economia da Bahia CULTURA E ARTE Bahia Economica","robots":{"index":"index","follow":"follow","max-snippet":"max-snippet:-1","max-image-preview":"max-image-preview:large","max-video-preview":"max-video-preview:-1"},"canonical":"https:\/\/bahiaeconomica.com.br\/wp\/2024\/12\/04\/festa-de-santa-barbara-demonstra-forca-do-sincretismo-religioso-no-turismo-baiano\/","og_locale":"pt_BR","og_type":"article","og_title":"FESTA DE SANTA B\u00c1RBARA DEMONSTRA FOR\u00c7A DO SINCRETISMO RELIGIOSO NO TURISMO BAIANO - Bahia Economica","og_description":"O maior portal de Economia da Bahia CULTURA E ARTE Bahia Economica","og_url":"https:\/\/bahiaeconomica.com.br\/wp\/2024\/12\/04\/festa-de-santa-barbara-demonstra-forca-do-sincretismo-religioso-no-turismo-baiano\/","og_site_name":"Bahia Economica","article_publisher":"https:\/\/www.facebook.com\/bahiaeconomica","article_published_time":"2024-12-04T21:59:34+00:00","article_modified_time":"2024-12-04T21:47:00+00:00","og_image":[{"width":1024,"height":768,"url":"https:\/\/bahiaeconomica.com.br\/wp\/wp-content\/uploads\/2024\/12\/Festa-de-Santa-Barbara-demonstra-forca-do-sincretismo-religioso-no-turismo-baiano-Foto-Ascom-SeturBA-1024x768.png","type":"image\/png"}],"author":"Matheus Souza","twitter_card":"summary_large_image","twitter_misc":{"Escrito por":"Matheus Souza","Est. tempo de leitura":"2 minutos"},"schema":{"@context":"https:\/\/schema.org","@graph":[{"@type":"Article","@id":"https:\/\/bahiaeconomica.com.br\/wp\/2024\/12\/04\/festa-de-santa-barbara-demonstra-forca-do-sincretismo-religioso-no-turismo-baiano\/#article","isPartOf":{"@id":"https:\/\/bahiaeconomica.com.br\/wp\/2024\/12\/04\/festa-de-santa-barbara-demonstra-forca-do-sincretismo-religioso-no-turismo-baiano\/"},"author":{"name":"Matheus Souza","@id":"https:\/\/bahiaeconomica.com.br\/wp\/#\/schema\/person\/3304d50cfd32353c7d08c39066638997"},"headline":"FESTA DE SANTA B\u00c1RBARA DEMONSTRA FOR\u00c7A DO SINCRETISMO RELIGIOSO NO TURISMO BAIANO","datePublished":"2024-12-04T21:59:34+00:00","dateModified":"2024-12-04T21:47:00+00:00","mainEntityOfPage":{"@id":"https:\/\/bahiaeconomica.com.br\/wp\/2024\/12\/04\/festa-de-santa-barbara-demonstra-forca-do-sincretismo-religioso-no-turismo-baiano\/"},"wordCount":334,"publisher":{"@id":"https:\/\/bahiaeconomica.com.br\/wp\/#organization"},"keywords":["festa","religiao","Santa B\u00e1rbara","Sincretismo"],"articleSection":["CULTURA E ARTE"],"inLanguage":"pt-BR"},{"@type":"WebPage","@id":"https:\/\/bahiaeconomica.com.br\/wp\/2024\/12\/04\/festa-de-santa-barbara-demonstra-forca-do-sincretismo-religioso-no-turismo-baiano\/","url":"https:\/\/bahiaeconomica.com.br\/wp\/2024\/12\/04\/festa-de-santa-barbara-demonstra-forca-do-sincretismo-religioso-no-turismo-baiano\/","name":"FESTA DE SANTA B\u00c1RBARA DEMONSTRA FOR\u00c7A DO SINCRETISMO RELIGIOSO NO TURISMO BAIANO - Bahia Economica","isPartOf":{"@id":"https:\/\/bahiaeconomica.com.br\/wp\/#website"},"datePublished":"2024-12-04T21:59:34+00:00","dateModified":"2024-12-04T21:47:00+00:00","description":"O maior portal de Economia da Bahia CULTURA E ARTE Bahia Economica","breadcrumb":{"@id":"https:\/\/bahiaeconomica.com.br\/wp\/2024\/12\/04\/festa-de-santa-barbara-demonstra-forca-do-sincretismo-religioso-no-turismo-baiano\/#breadcrumb"},"inLanguage":"pt-BR","potentialAction":[{"@type":"ReadAction","target":["https:\/\/bahiaeconomica.com.br\/wp\/2024\/12\/04\/festa-de-santa-barbara-demonstra-forca-do-sincretismo-religioso-no-turismo-baiano\/"]}]},{"@type":"BreadcrumbList","@id":"https:\/\/bahiaeconomica.com.br\/wp\/2024\/12\/04\/festa-de-santa-barbara-demonstra-forca-do-sincretismo-religioso-no-turismo-baiano\/#breadcrumb","itemListElement":[{"@type":"ListItem","position":1,"name":"In\u00edcio","item":"https:\/\/bahiaeconomica.com.br\/wp\/"},{"@type":"ListItem","position":2,"name":"FESTA DE SANTA B\u00c1RBARA DEMONSTRA FOR\u00c7A DO SINCRETISMO RELIGIOSO NO TURISMO BAIANO"}]},{"@type":"WebSite","@id":"https:\/\/bahiaeconomica.com.br\/wp\/#website","url":"https:\/\/bahiaeconomica.com.br\/wp\/","name":"Bahia Economica","description":"O maior portal de Economia da Bahia","publisher":{"@id":"https:\/\/bahiaeconomica.com.br\/wp\/#organization"},"potentialAction":[{"@type":"SearchAction","target":{"@type":"EntryPoint","urlTemplate":"https:\/\/bahiaeconomica.com.br\/wp\/?s={search_term_string}"},"query-input":"required name=search_term_string"}],"inLanguage":"pt-BR"},{"@type":"Organization","@id":"https:\/\/bahiaeconomica.com.br\/wp\/#organization","name":"Bahia Econ\u00f4mica","url":"https:\/\/bahiaeconomica.com.br\/wp\/","logo":{"@type":"ImageObject","inLanguage":"pt-BR","@id":"https:\/\/bahiaeconomica.com.br\/wp\/#\/schema\/logo\/image\/","url":"https:\/\/bahiaeconomica.com.br\/wp\/wp-content\/uploads\/2020\/12\/cropped-BE.png","contentUrl":"https:\/\/bahiaeconomica.com.br\/wp\/wp-content\/uploads\/2020\/12\/cropped-BE.png","width":512,"height":512,"caption":"Bahia Econ\u00f4mica"},"image":{"@id":"https:\/\/bahiaeconomica.com.br\/wp\/#\/schema\/logo\/image\/"},"sameAs":["https:\/\/www.facebook.com\/bahiaeconomica"]},{"@type":"Person","@id":"https:\/\/bahiaeconomica.com.br\/wp\/#\/schema\/person\/3304d50cfd32353c7d08c39066638997","name":"Matheus Souza","sameAs":["http:\/\/www.bahiaeconomica.com.br"],"url":"https:\/\/bahiaeconomica.com.br\/wp\/author\/matheus-souza\/"}]}},"views":12,"_links":{"self":[{"href":"https:\/\/bahiaeconomica.com.br\/wp\/wp-json\/wp\/v2\/posts\/864129"}],"collection":[{"href":"https:\/\/bahiaeconomica.com.br\/wp\/wp-json\/wp\/v2\/posts"}],"about":[{"href":"https:\/\/bahiaeconomica.com.br\/wp\/wp-json\/wp\/v2\/types\/post"}],"author":[{"embeddable":true,"href":"https:\/\/bahiaeconomica.com.br\/wp\/wp-json\/wp\/v2\/users\/22"}],"replies":[{"embeddable":true,"href":"https:\/\/bahiaeconomica.com.br\/wp\/wp-json\/wp\/v2\/comments?post=864129"}],"version-history":[{"count":1,"href":"https:\/\/bahiaeconomica.com.br\/wp\/wp-json\/wp\/v2\/posts\/864129\/revisions"}],"predecessor-version":[{"id":864133,"href":"https:\/\/bahiaeconomica.com.br\/wp\/wp-json\/wp\/v2\/posts\/864129\/revisions\/864133"}],"wp:featuredmedia":[{"embeddable":true,"href":"https:\/\/bahiaeconomica.com.br\/wp\/wp-json\/wp\/v2\/media\/864131"}],"wp:attachment":[{"href":"https:\/\/bahiaeconomica.com.br\/wp\/wp-json\/wp\/v2\/media?parent=864129"}],"wp:term":[{"taxonomy":"category","embeddable":true,"href":"https:\/\/bahiaeconomica.com.br\/wp\/wp-json\/wp\/v2\/categories?post=864129"},{"taxonomy":"post_tag","embeddable":true,"href":"https:\/\/bahiaeconomica.com.br\/wp\/wp-json\/wp\/v2\/tags?post=864129"}],"curies":[{"name":"wp","href":"https:\/\/api.w.org\/{rel}","templated":true}]}}