{"id":863722,"date":"2024-12-03T17:41:22","date_gmt":"2024-12-03T20:41:22","guid":{"rendered":"https:\/\/bahiaeconomica.com.br\/wp\/?p=863722"},"modified":"2024-12-03T16:43:00","modified_gmt":"2024-12-03T19:43:00","slug":"sema-realiza-mapeamento-de-tecnologias-sociais-para-enfrentamento-da-seca-no-norte-da-bahia","status":"publish","type":"post","link":"https:\/\/bahiaeconomica.com.br\/wp\/2024\/12\/03\/sema-realiza-mapeamento-de-tecnologias-sociais-para-enfrentamento-da-seca-no-norte-da-bahia\/","title":{"rendered":"SEMA REALIZA MAPEAMENTO DE TECNOLOGIAS SOCIAIS PARA ENFRENTAMENTO DA SECA NO NORTE DA BAHIA"},"content":{"rendered":"<p>Com o objetivo de mapear tecnologias e iniciativas socioambientais de resili\u00eancia e enfrentamento aos processos de desertifica\u00e7\u00e3o e aridez que afetam a regi\u00e3o Norte da Bahia, a Secretaria do Meio Ambiente (Sema) deu in\u00edcio, nesta segunda-feira (2), a uma s\u00e9rie de encontros e visitas \u00e0s comunidades rurais dos munic\u00edpios de Chorroch\u00f3, Macurur\u00e9, Abar\u00e9, Rodelas e Cura\u00e7a. As atividades fazem parte da elabora\u00e7\u00e3o de um plano de a\u00e7\u00e3o, do Governo da Bahia, nas \u00e1reas de infraestrutura h\u00eddrica, conserva\u00e7\u00e3o e restaura\u00e7\u00e3o do bioma Caatinga, agricultura, seguran\u00e7a alimentar e acesso \u00e0 \u00e1gua, entre outras interven\u00e7\u00f5es para atender fam\u00edlias afetadas por esse processo clim\u00e1tico.<\/p>\n<p>Em Chorroch\u00f3 a equipe come\u00e7ou o dia participando de uma reuni\u00e3o promovida pela ONG Agendha, reunindo representantes da gest\u00e3o municipal, organiza\u00e7\u00f5es sociais e moradores, logo ap\u00f3s visitas t\u00e9cnicas \u00e0s \u00e1reas identificadas como \u00e1ridas nos munic\u00edpios do Territ\u00f3rio de Identidade Itaparica. O especialista em Meio Ambiente da Sema, Magno Monteiro, explica que o foco \u00e9 a elabora\u00e7\u00e3o de um Plano de A\u00e7\u00e3o para enfrentar os impactos da aridez na regi\u00e3o.<\/p>\n<p>&#8220;S\u00e3o as comunidades locais, aqueles que vivem e tem sua renda vinculada a esse clima semi\u00e1rido e avan\u00e7ando para o \u00e1rido, como indicado em estudos recentes, que det\u00e9m conhecimento sobre os desafios enfrentados e quais caminhos adotaram at\u00e9 aqui. Verificaremos tamb\u00e9m solu\u00e7\u00f5es imediatas, que s\u00e3o aquelas que j\u00e1 existem e por quest\u00f5es operacionais ou de gest\u00e3o n\u00e3o est\u00e3o em pleno uso, a exemplo de cisternas, barramentos, adutoras e a experi\u00eancia da atividade de cria\u00e7\u00e3o de caprinos e ovinos das comunidades tradicionais&#8221;, destacou.<\/p>\n<p>De acordo com Jeferson Viana, consultor da Casa Civil, a miss\u00e3o tamb\u00e9m busca identificar pr\u00e1ticas bem-sucedidas de conviv\u00eancia e os principais gargalos que implicam em pol\u00edticas que n\u00e3o alcancem determinadas localidades. &#8220;Atua com a responsabilidade de an\u00e1lise e acompanhamento das pol\u00edticas p\u00fablicas de inclus\u00e3o socioprodutiva e sustentabilidade, sendo essencial registrar as potencialidades e os desafios sociais e ambientais do territ\u00f3rio. Tamb\u00e9m estamos fortalecendo articula\u00e7\u00f5es institucionais com prefeituras, organiza\u00e7\u00f5es de assist\u00eancia e a popula\u00e7\u00e3o, para al\u00e9m do acesso \u00e0 \u00e1gua, incluindo na pauta a preserva\u00e7\u00e3o ambiental e a impuls\u00e3o das cadeias produtivas locais&#8221;.<\/p>\n<p>Os moradores da regi\u00e3o tamb\u00e9m expressaram suas expectativas com a iniciativa. O agricultor familiar, Jos\u00e9 Nascimento, 60 anos, morador de Lagoa de Pedra, em Chorroch\u00f3, apresentou sua produ\u00e7\u00e3o de hortali\u00e7as, cultivada com o apoio de uma cisterna do \u00c1gua Para Todos e de um barreiro convencional. &#8220;Recebi assist\u00eancia t\u00e9cnica da Arcas quando fiz um pequeno viveiro com estufa, onde produzo coentro, salsinha, abobrinha e cebola para consumo e venda na feira da cidade. Meu pai construiu esse barreiro, eu ampliei, criei nove filhos com essa escassez de \u00e1gua e tamb\u00e9m com muito sacrif\u00edcio, preciso do apoio para pagar a limpeza da aguada e melhorar o viveiro&#8221;, relatou.<\/p>\n<p>J\u00e1 Dona Maria Silva, 62, do povoado Barra da Areia, falou sobre as dificuldades e preocupa\u00e7\u00e3o com o futuro da sua fam\u00edlia e vizinhos. &#8220;Com o Riacho da Vargem seco, pegamos \u00e1gua salobra em cacimbas para dar aos animais e uso na casa, mas tem ano que seca tudo. Para beber uso da cisterna abastecida por carro-pipa. A gente vem enfrentando muitas dificuldades com a falta de chuva e o calor mais forte. O que queremos \u00e9 apoio para continuar produzindo sem precisar deixar a terra onde nascemos&#8221;.<\/p>\n<p>Foto: Divulga\u00e7\u00e3o\/Sema<\/p>\n","protected":false},"excerpt":{"rendered":"<p>Com o objetivo de mapear tecnologias e iniciativas socioambientais de resili\u00eancia e enfrentamento aos processos de desertifica\u00e7\u00e3o e aridez que afetam a regi\u00e3o Norte da Bahia, a Secretaria do Meio Ambiente (Sema) deu in\u00edcio, nesta segunda-feira (2), a uma s\u00e9rie de encontros e visitas \u00e0s comunidades rurais dos munic\u00edpios de Chorroch\u00f3, Macurur\u00e9, Abar\u00e9, Rodelas e [&hellip;]<\/p>\n","protected":false},"author":16,"featured_media":863724,"comment_status":"closed","ping_status":"closed","sticky":false,"template":"","format":"standard","meta":[],"categories":[5],"tags":[11727,35092,2032,2724],"acf":[],"yoast_head":"<!-- This site is optimized with the Yoast SEO plugin v20.8 - https:\/\/yoast.com\/wordpress\/plugins\/seo\/ -->\n<title>SEMA REALIZA MAPEAMENTO DE TECNOLOGIAS SOCIAIS PARA ENFRENTAMENTO DA SECA NO NORTE DA BAHIA - Bahia Economica<\/title>\n<meta name=\"description\" content=\"O maior portal de Economia da Bahia MUNIC\u00cdPIOS Bahia Economica\" \/>\n<meta name=\"robots\" content=\"index, follow, max-snippet:-1, max-image-preview:large, max-video-preview:-1\" \/>\n<link rel=\"canonical\" href=\"https:\/\/bahiaeconomica.com.br\/wp\/2024\/12\/03\/sema-realiza-mapeamento-de-tecnologias-sociais-para-enfrentamento-da-seca-no-norte-da-bahia\/\" \/>\n<meta property=\"og:locale\" content=\"pt_BR\" \/>\n<meta property=\"og:type\" content=\"article\" \/>\n<meta property=\"og:title\" content=\"SEMA REALIZA MAPEAMENTO DE TECNOLOGIAS SOCIAIS PARA ENFRENTAMENTO DA SECA NO NORTE DA BAHIA - Bahia Economica\" \/>\n<meta property=\"og:description\" content=\"O maior portal de Economia da Bahia MUNIC\u00cdPIOS Bahia Economica\" \/>\n<meta property=\"og:url\" content=\"https:\/\/bahiaeconomica.com.br\/wp\/2024\/12\/03\/sema-realiza-mapeamento-de-tecnologias-sociais-para-enfrentamento-da-seca-no-norte-da-bahia\/\" \/>\n<meta property=\"og:site_name\" content=\"Bahia Economica\" \/>\n<meta property=\"article:publisher\" content=\"https:\/\/www.facebook.com\/bahiaeconomica\" \/>\n<meta property=\"article:published_time\" content=\"2024-12-03T20:41:22+00:00\" \/>\n<meta property=\"article:modified_time\" content=\"2024-12-03T19:43:00+00:00\" \/>\n<meta property=\"og:image\" content=\"https:\/\/bahiaeconomica.com.br\/wp\/wp-content\/uploads\/2024\/12\/WhatsApp-Image-2024-12-03-at-08.19.35.jpeg\" \/>\n\t<meta property=\"og:image:width\" content=\"1280\" \/>\n\t<meta property=\"og:image:height\" content=\"853\" \/>\n\t<meta property=\"og:image:type\" content=\"image\/jpeg\" \/>\n<meta name=\"author\" content=\"LUIZA NASCIMENTO\" \/>\n<meta name=\"twitter:card\" content=\"summary_large_image\" \/>\n<meta name=\"twitter:label1\" content=\"Escrito por\" \/>\n\t<meta name=\"twitter:data1\" content=\"LUIZA NASCIMENTO\" \/>\n\t<meta name=\"twitter:label2\" content=\"Est. tempo de leitura\" \/>\n\t<meta name=\"twitter:data2\" content=\"3 minutos\" \/>\n<script type=\"application\/ld+json\" class=\"yoast-schema-graph\">{\"@context\":\"https:\/\/schema.org\",\"@graph\":[{\"@type\":\"Article\",\"@id\":\"https:\/\/bahiaeconomica.com.br\/wp\/2024\/12\/03\/sema-realiza-mapeamento-de-tecnologias-sociais-para-enfrentamento-da-seca-no-norte-da-bahia\/#article\",\"isPartOf\":{\"@id\":\"https:\/\/bahiaeconomica.com.br\/wp\/2024\/12\/03\/sema-realiza-mapeamento-de-tecnologias-sociais-para-enfrentamento-da-seca-no-norte-da-bahia\/\"},\"author\":{\"name\":\"LUIZA NASCIMENTO\",\"@id\":\"https:\/\/bahiaeconomica.com.br\/wp\/#\/schema\/person\/18273ac0fe04bfd4e7b101bf17d40152\"},\"headline\":\"SEMA REALIZA MAPEAMENTO DE TECNOLOGIAS SOCIAIS PARA ENFRENTAMENTO DA SECA NO NORTE DA BAHIA\",\"datePublished\":\"2024-12-03T20:41:22+00:00\",\"dateModified\":\"2024-12-03T19:43:00+00:00\",\"mainEntityOfPage\":{\"@id\":\"https:\/\/bahiaeconomica.com.br\/wp\/2024\/12\/03\/sema-realiza-mapeamento-de-tecnologias-sociais-para-enfrentamento-da-seca-no-norte-da-bahia\/\"},\"wordCount\":618,\"publisher\":{\"@id\":\"https:\/\/bahiaeconomica.com.br\/wp\/#organization\"},\"keywords\":[\"norte da bahia\",\"recnologias sociais\",\"seca\",\"sema\"],\"articleSection\":[\"MUNIC\u00cdPIOS\"],\"inLanguage\":\"pt-BR\"},{\"@type\":\"WebPage\",\"@id\":\"https:\/\/bahiaeconomica.com.br\/wp\/2024\/12\/03\/sema-realiza-mapeamento-de-tecnologias-sociais-para-enfrentamento-da-seca-no-norte-da-bahia\/\",\"url\":\"https:\/\/bahiaeconomica.com.br\/wp\/2024\/12\/03\/sema-realiza-mapeamento-de-tecnologias-sociais-para-enfrentamento-da-seca-no-norte-da-bahia\/\",\"name\":\"SEMA REALIZA MAPEAMENTO DE TECNOLOGIAS SOCIAIS PARA ENFRENTAMENTO DA SECA NO NORTE DA BAHIA - Bahia Economica\",\"isPartOf\":{\"@id\":\"https:\/\/bahiaeconomica.com.br\/wp\/#website\"},\"datePublished\":\"2024-12-03T20:41:22+00:00\",\"dateModified\":\"2024-12-03T19:43:00+00:00\",\"description\":\"O maior portal de Economia da Bahia MUNIC\u00cdPIOS Bahia Economica\",\"breadcrumb\":{\"@id\":\"https:\/\/bahiaeconomica.com.br\/wp\/2024\/12\/03\/sema-realiza-mapeamento-de-tecnologias-sociais-para-enfrentamento-da-seca-no-norte-da-bahia\/#breadcrumb\"},\"inLanguage\":\"pt-BR\",\"potentialAction\":[{\"@type\":\"ReadAction\",\"target\":[\"https:\/\/bahiaeconomica.com.br\/wp\/2024\/12\/03\/sema-realiza-mapeamento-de-tecnologias-sociais-para-enfrentamento-da-seca-no-norte-da-bahia\/\"]}]},{\"@type\":\"BreadcrumbList\",\"@id\":\"https:\/\/bahiaeconomica.com.br\/wp\/2024\/12\/03\/sema-realiza-mapeamento-de-tecnologias-sociais-para-enfrentamento-da-seca-no-norte-da-bahia\/#breadcrumb\",\"itemListElement\":[{\"@type\":\"ListItem\",\"position\":1,\"name\":\"In\u00edcio\",\"item\":\"https:\/\/bahiaeconomica.com.br\/wp\/\"},{\"@type\":\"ListItem\",\"position\":2,\"name\":\"SEMA REALIZA MAPEAMENTO DE TECNOLOGIAS SOCIAIS PARA ENFRENTAMENTO DA SECA NO NORTE DA BAHIA\"}]},{\"@type\":\"WebSite\",\"@id\":\"https:\/\/bahiaeconomica.com.br\/wp\/#website\",\"url\":\"https:\/\/bahiaeconomica.com.br\/wp\/\",\"name\":\"Bahia Economica\",\"description\":\"O maior portal de Economia da Bahia\",\"publisher\":{\"@id\":\"https:\/\/bahiaeconomica.com.br\/wp\/#organization\"},\"potentialAction\":[{\"@type\":\"SearchAction\",\"target\":{\"@type\":\"EntryPoint\",\"urlTemplate\":\"https:\/\/bahiaeconomica.com.br\/wp\/?s={search_term_string}\"},\"query-input\":\"required name=search_term_string\"}],\"inLanguage\":\"pt-BR\"},{\"@type\":\"Organization\",\"@id\":\"https:\/\/bahiaeconomica.com.br\/wp\/#organization\",\"name\":\"Bahia Econ\u00f4mica\",\"url\":\"https:\/\/bahiaeconomica.com.br\/wp\/\",\"logo\":{\"@type\":\"ImageObject\",\"inLanguage\":\"pt-BR\",\"@id\":\"https:\/\/bahiaeconomica.com.br\/wp\/#\/schema\/logo\/image\/\",\"url\":\"https:\/\/bahiaeconomica.com.br\/wp\/wp-content\/uploads\/2020\/12\/cropped-BE.png\",\"contentUrl\":\"https:\/\/bahiaeconomica.com.br\/wp\/wp-content\/uploads\/2020\/12\/cropped-BE.png\",\"width\":512,\"height\":512,\"caption\":\"Bahia Econ\u00f4mica\"},\"image\":{\"@id\":\"https:\/\/bahiaeconomica.com.br\/wp\/#\/schema\/logo\/image\/\"},\"sameAs\":[\"https:\/\/www.facebook.com\/bahiaeconomica\"]},{\"@type\":\"Person\",\"@id\":\"https:\/\/bahiaeconomica.com.br\/wp\/#\/schema\/person\/18273ac0fe04bfd4e7b101bf17d40152\",\"name\":\"LUIZA NASCIMENTO\",\"sameAs\":[\"http:\/\/www.bahiaeconomica.com.br\"],\"url\":\"https:\/\/bahiaeconomica.com.br\/wp\/author\/luiza-nascimento\/\"}]}<\/script>\n<!-- \/ Yoast SEO plugin. -->","yoast_head_json":{"title":"SEMA REALIZA MAPEAMENTO DE TECNOLOGIAS SOCIAIS PARA ENFRENTAMENTO DA SECA NO NORTE DA BAHIA - Bahia Economica","description":"O maior portal de Economia da Bahia MUNIC\u00cdPIOS Bahia Economica","robots":{"index":"index","follow":"follow","max-snippet":"max-snippet:-1","max-image-preview":"max-image-preview:large","max-video-preview":"max-video-preview:-1"},"canonical":"https:\/\/bahiaeconomica.com.br\/wp\/2024\/12\/03\/sema-realiza-mapeamento-de-tecnologias-sociais-para-enfrentamento-da-seca-no-norte-da-bahia\/","og_locale":"pt_BR","og_type":"article","og_title":"SEMA REALIZA MAPEAMENTO DE TECNOLOGIAS SOCIAIS PARA ENFRENTAMENTO DA SECA NO NORTE DA BAHIA - Bahia Economica","og_description":"O maior portal de Economia da Bahia MUNIC\u00cdPIOS Bahia Economica","og_url":"https:\/\/bahiaeconomica.com.br\/wp\/2024\/12\/03\/sema-realiza-mapeamento-de-tecnologias-sociais-para-enfrentamento-da-seca-no-norte-da-bahia\/","og_site_name":"Bahia Economica","article_publisher":"https:\/\/www.facebook.com\/bahiaeconomica","article_published_time":"2024-12-03T20:41:22+00:00","article_modified_time":"2024-12-03T19:43:00+00:00","og_image":[{"width":1280,"height":853,"url":"https:\/\/bahiaeconomica.com.br\/wp\/wp-content\/uploads\/2024\/12\/WhatsApp-Image-2024-12-03-at-08.19.35.jpeg","type":"image\/jpeg"}],"author":"LUIZA NASCIMENTO","twitter_card":"summary_large_image","twitter_misc":{"Escrito por":"LUIZA NASCIMENTO","Est. tempo de leitura":"3 minutos"},"schema":{"@context":"https:\/\/schema.org","@graph":[{"@type":"Article","@id":"https:\/\/bahiaeconomica.com.br\/wp\/2024\/12\/03\/sema-realiza-mapeamento-de-tecnologias-sociais-para-enfrentamento-da-seca-no-norte-da-bahia\/#article","isPartOf":{"@id":"https:\/\/bahiaeconomica.com.br\/wp\/2024\/12\/03\/sema-realiza-mapeamento-de-tecnologias-sociais-para-enfrentamento-da-seca-no-norte-da-bahia\/"},"author":{"name":"LUIZA NASCIMENTO","@id":"https:\/\/bahiaeconomica.com.br\/wp\/#\/schema\/person\/18273ac0fe04bfd4e7b101bf17d40152"},"headline":"SEMA REALIZA MAPEAMENTO DE TECNOLOGIAS SOCIAIS PARA ENFRENTAMENTO DA SECA NO NORTE DA BAHIA","datePublished":"2024-12-03T20:41:22+00:00","dateModified":"2024-12-03T19:43:00+00:00","mainEntityOfPage":{"@id":"https:\/\/bahiaeconomica.com.br\/wp\/2024\/12\/03\/sema-realiza-mapeamento-de-tecnologias-sociais-para-enfrentamento-da-seca-no-norte-da-bahia\/"},"wordCount":618,"publisher":{"@id":"https:\/\/bahiaeconomica.com.br\/wp\/#organization"},"keywords":["norte da bahia","recnologias sociais","seca","sema"],"articleSection":["MUNIC\u00cdPIOS"],"inLanguage":"pt-BR"},{"@type":"WebPage","@id":"https:\/\/bahiaeconomica.com.br\/wp\/2024\/12\/03\/sema-realiza-mapeamento-de-tecnologias-sociais-para-enfrentamento-da-seca-no-norte-da-bahia\/","url":"https:\/\/bahiaeconomica.com.br\/wp\/2024\/12\/03\/sema-realiza-mapeamento-de-tecnologias-sociais-para-enfrentamento-da-seca-no-norte-da-bahia\/","name":"SEMA REALIZA MAPEAMENTO DE TECNOLOGIAS SOCIAIS PARA ENFRENTAMENTO DA SECA NO NORTE DA BAHIA - Bahia Economica","isPartOf":{"@id":"https:\/\/bahiaeconomica.com.br\/wp\/#website"},"datePublished":"2024-12-03T20:41:22+00:00","dateModified":"2024-12-03T19:43:00+00:00","description":"O maior portal de Economia da Bahia MUNIC\u00cdPIOS Bahia Economica","breadcrumb":{"@id":"https:\/\/bahiaeconomica.com.br\/wp\/2024\/12\/03\/sema-realiza-mapeamento-de-tecnologias-sociais-para-enfrentamento-da-seca-no-norte-da-bahia\/#breadcrumb"},"inLanguage":"pt-BR","potentialAction":[{"@type":"ReadAction","target":["https:\/\/bahiaeconomica.com.br\/wp\/2024\/12\/03\/sema-realiza-mapeamento-de-tecnologias-sociais-para-enfrentamento-da-seca-no-norte-da-bahia\/"]}]},{"@type":"BreadcrumbList","@id":"https:\/\/bahiaeconomica.com.br\/wp\/2024\/12\/03\/sema-realiza-mapeamento-de-tecnologias-sociais-para-enfrentamento-da-seca-no-norte-da-bahia\/#breadcrumb","itemListElement":[{"@type":"ListItem","position":1,"name":"In\u00edcio","item":"https:\/\/bahiaeconomica.com.br\/wp\/"},{"@type":"ListItem","position":2,"name":"SEMA REALIZA MAPEAMENTO DE TECNOLOGIAS SOCIAIS PARA ENFRENTAMENTO DA SECA NO NORTE DA BAHIA"}]},{"@type":"WebSite","@id":"https:\/\/bahiaeconomica.com.br\/wp\/#website","url":"https:\/\/bahiaeconomica.com.br\/wp\/","name":"Bahia Economica","description":"O maior portal de Economia da Bahia","publisher":{"@id":"https:\/\/bahiaeconomica.com.br\/wp\/#organization"},"potentialAction":[{"@type":"SearchAction","target":{"@type":"EntryPoint","urlTemplate":"https:\/\/bahiaeconomica.com.br\/wp\/?s={search_term_string}"},"query-input":"required name=search_term_string"}],"inLanguage":"pt-BR"},{"@type":"Organization","@id":"https:\/\/bahiaeconomica.com.br\/wp\/#organization","name":"Bahia Econ\u00f4mica","url":"https:\/\/bahiaeconomica.com.br\/wp\/","logo":{"@type":"ImageObject","inLanguage":"pt-BR","@id":"https:\/\/bahiaeconomica.com.br\/wp\/#\/schema\/logo\/image\/","url":"https:\/\/bahiaeconomica.com.br\/wp\/wp-content\/uploads\/2020\/12\/cropped-BE.png","contentUrl":"https:\/\/bahiaeconomica.com.br\/wp\/wp-content\/uploads\/2020\/12\/cropped-BE.png","width":512,"height":512,"caption":"Bahia Econ\u00f4mica"},"image":{"@id":"https:\/\/bahiaeconomica.com.br\/wp\/#\/schema\/logo\/image\/"},"sameAs":["https:\/\/www.facebook.com\/bahiaeconomica"]},{"@type":"Person","@id":"https:\/\/bahiaeconomica.com.br\/wp\/#\/schema\/person\/18273ac0fe04bfd4e7b101bf17d40152","name":"LUIZA NASCIMENTO","sameAs":["http:\/\/www.bahiaeconomica.com.br"],"url":"https:\/\/bahiaeconomica.com.br\/wp\/author\/luiza-nascimento\/"}]}},"views":22,"_links":{"self":[{"href":"https:\/\/bahiaeconomica.com.br\/wp\/wp-json\/wp\/v2\/posts\/863722"}],"collection":[{"href":"https:\/\/bahiaeconomica.com.br\/wp\/wp-json\/wp\/v2\/posts"}],"about":[{"href":"https:\/\/bahiaeconomica.com.br\/wp\/wp-json\/wp\/v2\/types\/post"}],"author":[{"embeddable":true,"href":"https:\/\/bahiaeconomica.com.br\/wp\/wp-json\/wp\/v2\/users\/16"}],"replies":[{"embeddable":true,"href":"https:\/\/bahiaeconomica.com.br\/wp\/wp-json\/wp\/v2\/comments?post=863722"}],"version-history":[{"count":1,"href":"https:\/\/bahiaeconomica.com.br\/wp\/wp-json\/wp\/v2\/posts\/863722\/revisions"}],"predecessor-version":[{"id":863725,"href":"https:\/\/bahiaeconomica.com.br\/wp\/wp-json\/wp\/v2\/posts\/863722\/revisions\/863725"}],"wp:featuredmedia":[{"embeddable":true,"href":"https:\/\/bahiaeconomica.com.br\/wp\/wp-json\/wp\/v2\/media\/863724"}],"wp:attachment":[{"href":"https:\/\/bahiaeconomica.com.br\/wp\/wp-json\/wp\/v2\/media?parent=863722"}],"wp:term":[{"taxonomy":"category","embeddable":true,"href":"https:\/\/bahiaeconomica.com.br\/wp\/wp-json\/wp\/v2\/categories?post=863722"},{"taxonomy":"post_tag","embeddable":true,"href":"https:\/\/bahiaeconomica.com.br\/wp\/wp-json\/wp\/v2\/tags?post=863722"}],"curies":[{"name":"wp","href":"https:\/\/api.w.org\/{rel}","templated":true}]}}