{"id":863670,"date":"2024-12-03T15:27:39","date_gmt":"2024-12-03T18:27:39","guid":{"rendered":"https:\/\/bahiaeconomica.com.br\/wp\/?p=863670"},"modified":"2024-12-03T15:27:39","modified_gmt":"2024-12-03T18:27:39","slug":"coletiva-seletiva-na-feira-baiana-da-agricultura-familiar-reforca-compromisso-com-praticas-sustentaveis","status":"publish","type":"post","link":"https:\/\/bahiaeconomica.com.br\/wp\/2024\/12\/03\/coletiva-seletiva-na-feira-baiana-da-agricultura-familiar-reforca-compromisso-com-praticas-sustentaveis\/","title":{"rendered":"COLETIVA SELETIVA NA FEIRA BAIANA DA AGRICULTURA FAMILIAR REFOR\u00c7A COMPROMISSO COM PR\u00c1TICAS SUSTENT\u00c1VEIS"},"content":{"rendered":"<p>No per\u00edodo de 11 a 15 de dezembro, o Parque Costa Azul, em Salvador, se tornar\u00e1 um ponto de encontro n\u00e3o apenas para a agricultura familiar, mas tamb\u00e9m para a sustentabilidade e a inclus\u00e3o social. A Coleta Seletiva Solid\u00e1ria, que j\u00e1 brilhou na edi\u00e7\u00e3o anterior, retorna com for\u00e7a total \u00e0 15\u00aa Feira Baiana da Agricultura Familiar e Economia Solid\u00e1ria, refor\u00e7ando o compromisso com pr\u00e1ticas que promovam impactos positivos para a sociedade e para o meio ambiente.<\/p>\n<p>Com a gest\u00e3o de res\u00edduos s\u00f3lidos como foco, a iniciativa vai al\u00e9m da simples coleta de materiais recicl\u00e1veis. Em parceria com o Centro de Arte e Meio Ambiente (CAMA) e cooperativas de catadores, a a\u00e7\u00e3o promove educa\u00e7\u00e3o ambiental, gera\u00e7\u00e3o de renda e inclus\u00e3o social. Os res\u00edduos coletados no evento ser\u00e3o separados em uma central de apoio aos catadores, que utilizar\u00e3o sacolas retorn\u00e1veis feitas de lona reaproveitada.<\/p>\n<p>O p\u00fablico poder\u00e1 vivenciar pr\u00e1ticas sustent\u00e1veis no estande da Coleta Seletiva Solid\u00e1ria, que oferecer\u00e1 atividades de educa\u00e7\u00e3o ambiental, demonstra\u00e7\u00e3o da separa\u00e7\u00e3o de materiais, al\u00e9m de contar com um lounge sustent\u00e1vel. Essas a\u00e7\u00f5es incentivam a mudan\u00e7a de comportamento em prol de um estilo de vida mais consciente e sustent\u00e1vel.<\/p>\n<p>Al\u00e9m de contribuir para o meio ambiente, a iniciativa valoriza o trabalho de catadores e catadoras, essenciais para a constru\u00e7\u00e3o de uma sociedade mais justa e inclusiva. Joilson Santana, coordenador executivo do CAMA, celebra a continuidade da a\u00e7\u00e3o. &#8220;Estamos orgulhosos de realizar a segunda edi\u00e7\u00e3o deste projeto, na Feira. \u00c9 uma a\u00e7\u00e3o que n\u00e3o s\u00f3 contribui para o meio ambiente, mas tamb\u00e9m fortalece o trabalho dos catadores e catadoras. Nossa expectativa \u00e9 ampliar ainda mais o impacto nesta edi\u00e7\u00e3o&#8221;.<\/p>\n<p>Resultados Impactantes<\/p>\n<p>Na 14\u00aa edi\u00e7\u00e3o da Feira, a a\u00e7\u00e3o resultou na separa\u00e7\u00e3o de 573,5 quilos de vidro, 210,3 quilos de pl\u00e1stico, 189,6 quilos de papel e 155,8 quilos de metal. Esses n\u00fameros demonstram o impacto real da Coleta Seletiva Solid\u00e1ria na redu\u00e7\u00e3o de res\u00edduos s\u00f3lidos e no reaproveitamento de materiais.<\/p>\n<p>A 15\u00aa Feira Baiana da Agricultura Familiar vai al\u00e9m da comercializa\u00e7\u00e3o de mais de 4 mil produtos agroecol\u00f3gicos. O evento promove uma conex\u00e3o entre pr\u00e1ticas sustent\u00e1veis, cultura e inclus\u00e3o, oferecendo pra\u00e7as gastron\u00f4micas, feira agroecol\u00f3gica, programa\u00e7\u00e3o musical diversificada e a\u00e7\u00f5es como a Coleta Seletiva Solid\u00e1ria.<\/p>\n<p>Realizada pelo Governo do Estado da Bahia, por meio da Secretaria de Desenvolvimento Rural (SDR) e da Companhia de Desenvolvimento e A\u00e7\u00e3o Regional (CAR), em parceria com a Uni\u00e3o das Cooperativas da Agricultura Familiar e Economia Solid\u00e1ria do Estado da Bahia (Unicafes-BA), a Feira conta com o apoio de parceiros importantes como o Minist\u00e9rio do Desenvolvimento Agr\u00e1rio e Agricultura Familiar (MDA), Companhia de Desenvolvimento Urbano do Estado da Bahia (Conder), Funda\u00e7\u00e3o Lu\u00eds Eduardo Magalh\u00e3es (FLEM) e patroc\u00ednio do Banco do Nordeste e Caixa Econ\u00f4mica Federal.<\/p>\n<p>&nbsp;<\/p>\n","protected":false},"excerpt":{"rendered":"<p>No per\u00edodo de 11 a 15 de dezembro, o Parque Costa Azul, em Salvador, se tornar\u00e1 um ponto de encontro n\u00e3o apenas para a agricultura familiar, mas tamb\u00e9m para a sustentabilidade e a inclus\u00e3o social. A Coleta Seletiva Solid\u00e1ria, que j\u00e1 brilhou na edi\u00e7\u00e3o anterior, retorna com for\u00e7a total \u00e0 15\u00aa Feira Baiana da Agricultura [&hellip;]<\/p>\n","protected":false},"author":22,"featured_media":863671,"comment_status":"closed","ping_status":"closed","sticky":false,"template":"","format":"standard","meta":[],"categories":[3],"tags":[943,24087,73],"acf":[],"yoast_head":"<!-- This site is optimized with the Yoast SEO plugin v20.8 - https:\/\/yoast.com\/wordpress\/plugins\/seo\/ -->\n<title>COLETIVA SELETIVA NA FEIRA BAIANA DA AGRICULTURA FAMILIAR REFOR\u00c7A COMPROMISSO COM PR\u00c1TICAS SUSTENT\u00c1VEIS - Bahia Economica<\/title>\n<meta name=\"description\" content=\"O maior portal de Economia da Bahia ECONOMIA \/ POL\u00cdTICA Bahia Economica\" \/>\n<meta name=\"robots\" content=\"index, follow, max-snippet:-1, max-image-preview:large, max-video-preview:-1\" \/>\n<link rel=\"canonical\" href=\"https:\/\/bahiaeconomica.com.br\/wp\/2024\/12\/03\/coletiva-seletiva-na-feira-baiana-da-agricultura-familiar-reforca-compromisso-com-praticas-sustentaveis\/\" \/>\n<meta property=\"og:locale\" content=\"pt_BR\" \/>\n<meta property=\"og:type\" content=\"article\" \/>\n<meta property=\"og:title\" content=\"COLETIVA SELETIVA NA FEIRA BAIANA DA AGRICULTURA FAMILIAR REFOR\u00c7A COMPROMISSO COM PR\u00c1TICAS SUSTENT\u00c1VEIS - Bahia Economica\" \/>\n<meta property=\"og:description\" content=\"O maior portal de Economia da Bahia ECONOMIA \/ POL\u00cdTICA Bahia Economica\" \/>\n<meta property=\"og:url\" content=\"https:\/\/bahiaeconomica.com.br\/wp\/2024\/12\/03\/coletiva-seletiva-na-feira-baiana-da-agricultura-familiar-reforca-compromisso-com-praticas-sustentaveis\/\" \/>\n<meta property=\"og:site_name\" content=\"Bahia Economica\" \/>\n<meta property=\"article:publisher\" content=\"https:\/\/www.facebook.com\/bahiaeconomica\" \/>\n<meta property=\"article:published_time\" content=\"2024-12-03T18:27:39+00:00\" \/>\n<meta property=\"og:image\" content=\"https:\/\/bahiaeconomica.com.br\/wp\/wp-content\/uploads\/2024\/12\/213A0375-1-scaled.jpg\" \/>\n\t<meta property=\"og:image:width\" content=\"2560\" \/>\n\t<meta property=\"og:image:height\" content=\"1707\" \/>\n\t<meta property=\"og:image:type\" content=\"image\/jpeg\" \/>\n<meta name=\"author\" content=\"Matheus Souza\" \/>\n<meta name=\"twitter:card\" content=\"summary_large_image\" \/>\n<meta name=\"twitter:label1\" content=\"Escrito por\" \/>\n\t<meta name=\"twitter:data1\" content=\"Matheus Souza\" \/>\n\t<meta name=\"twitter:label2\" content=\"Est. tempo de leitura\" \/>\n\t<meta name=\"twitter:data2\" content=\"3 minutos\" \/>\n<script type=\"application\/ld+json\" class=\"yoast-schema-graph\">{\"@context\":\"https:\/\/schema.org\",\"@graph\":[{\"@type\":\"Article\",\"@id\":\"https:\/\/bahiaeconomica.com.br\/wp\/2024\/12\/03\/coletiva-seletiva-na-feira-baiana-da-agricultura-familiar-reforca-compromisso-com-praticas-sustentaveis\/#article\",\"isPartOf\":{\"@id\":\"https:\/\/bahiaeconomica.com.br\/wp\/2024\/12\/03\/coletiva-seletiva-na-feira-baiana-da-agricultura-familiar-reforca-compromisso-com-praticas-sustentaveis\/\"},\"author\":{\"name\":\"Matheus Souza\",\"@id\":\"https:\/\/bahiaeconomica.com.br\/wp\/#\/schema\/person\/3304d50cfd32353c7d08c39066638997\"},\"headline\":\"COLETIVA SELETIVA NA FEIRA BAIANA DA AGRICULTURA FAMILIAR REFOR\u00c7A COMPROMISSO COM PR\u00c1TICAS SUSTENT\u00c1VEIS\",\"datePublished\":\"2024-12-03T18:27:39+00:00\",\"dateModified\":\"2024-12-03T18:27:39+00:00\",\"mainEntityOfPage\":{\"@id\":\"https:\/\/bahiaeconomica.com.br\/wp\/2024\/12\/03\/coletiva-seletiva-na-feira-baiana-da-agricultura-familiar-reforca-compromisso-com-praticas-sustentaveis\/\"},\"wordCount\":527,\"publisher\":{\"@id\":\"https:\/\/bahiaeconomica.com.br\/wp\/#organization\"},\"keywords\":[\"agricultura\",\"Feira Baiana\",\"Salvador\"],\"articleSection\":[\"ECONOMIA \/ POL\u00cdTICA\"],\"inLanguage\":\"pt-BR\"},{\"@type\":\"WebPage\",\"@id\":\"https:\/\/bahiaeconomica.com.br\/wp\/2024\/12\/03\/coletiva-seletiva-na-feira-baiana-da-agricultura-familiar-reforca-compromisso-com-praticas-sustentaveis\/\",\"url\":\"https:\/\/bahiaeconomica.com.br\/wp\/2024\/12\/03\/coletiva-seletiva-na-feira-baiana-da-agricultura-familiar-reforca-compromisso-com-praticas-sustentaveis\/\",\"name\":\"COLETIVA SELETIVA NA FEIRA BAIANA DA AGRICULTURA FAMILIAR REFOR\u00c7A COMPROMISSO COM PR\u00c1TICAS SUSTENT\u00c1VEIS - Bahia Economica\",\"isPartOf\":{\"@id\":\"https:\/\/bahiaeconomica.com.br\/wp\/#website\"},\"datePublished\":\"2024-12-03T18:27:39+00:00\",\"dateModified\":\"2024-12-03T18:27:39+00:00\",\"description\":\"O maior portal de Economia da Bahia ECONOMIA \/ POL\u00cdTICA Bahia Economica\",\"breadcrumb\":{\"@id\":\"https:\/\/bahiaeconomica.com.br\/wp\/2024\/12\/03\/coletiva-seletiva-na-feira-baiana-da-agricultura-familiar-reforca-compromisso-com-praticas-sustentaveis\/#breadcrumb\"},\"inLanguage\":\"pt-BR\",\"potentialAction\":[{\"@type\":\"ReadAction\",\"target\":[\"https:\/\/bahiaeconomica.com.br\/wp\/2024\/12\/03\/coletiva-seletiva-na-feira-baiana-da-agricultura-familiar-reforca-compromisso-com-praticas-sustentaveis\/\"]}]},{\"@type\":\"BreadcrumbList\",\"@id\":\"https:\/\/bahiaeconomica.com.br\/wp\/2024\/12\/03\/coletiva-seletiva-na-feira-baiana-da-agricultura-familiar-reforca-compromisso-com-praticas-sustentaveis\/#breadcrumb\",\"itemListElement\":[{\"@type\":\"ListItem\",\"position\":1,\"name\":\"In\u00edcio\",\"item\":\"https:\/\/bahiaeconomica.com.br\/wp\/\"},{\"@type\":\"ListItem\",\"position\":2,\"name\":\"COLETIVA SELETIVA NA FEIRA BAIANA DA AGRICULTURA FAMILIAR REFOR\u00c7A COMPROMISSO COM PR\u00c1TICAS SUSTENT\u00c1VEIS\"}]},{\"@type\":\"WebSite\",\"@id\":\"https:\/\/bahiaeconomica.com.br\/wp\/#website\",\"url\":\"https:\/\/bahiaeconomica.com.br\/wp\/\",\"name\":\"Bahia Economica\",\"description\":\"O maior portal de Economia da Bahia\",\"publisher\":{\"@id\":\"https:\/\/bahiaeconomica.com.br\/wp\/#organization\"},\"potentialAction\":[{\"@type\":\"SearchAction\",\"target\":{\"@type\":\"EntryPoint\",\"urlTemplate\":\"https:\/\/bahiaeconomica.com.br\/wp\/?s={search_term_string}\"},\"query-input\":\"required name=search_term_string\"}],\"inLanguage\":\"pt-BR\"},{\"@type\":\"Organization\",\"@id\":\"https:\/\/bahiaeconomica.com.br\/wp\/#organization\",\"name\":\"Bahia Econ\u00f4mica\",\"url\":\"https:\/\/bahiaeconomica.com.br\/wp\/\",\"logo\":{\"@type\":\"ImageObject\",\"inLanguage\":\"pt-BR\",\"@id\":\"https:\/\/bahiaeconomica.com.br\/wp\/#\/schema\/logo\/image\/\",\"url\":\"https:\/\/bahiaeconomica.com.br\/wp\/wp-content\/uploads\/2020\/12\/cropped-BE.png\",\"contentUrl\":\"https:\/\/bahiaeconomica.com.br\/wp\/wp-content\/uploads\/2020\/12\/cropped-BE.png\",\"width\":512,\"height\":512,\"caption\":\"Bahia Econ\u00f4mica\"},\"image\":{\"@id\":\"https:\/\/bahiaeconomica.com.br\/wp\/#\/schema\/logo\/image\/\"},\"sameAs\":[\"https:\/\/www.facebook.com\/bahiaeconomica\"]},{\"@type\":\"Person\",\"@id\":\"https:\/\/bahiaeconomica.com.br\/wp\/#\/schema\/person\/3304d50cfd32353c7d08c39066638997\",\"name\":\"Matheus Souza\",\"sameAs\":[\"http:\/\/www.bahiaeconomica.com.br\"],\"url\":\"https:\/\/bahiaeconomica.com.br\/wp\/author\/matheus-souza\/\"}]}<\/script>\n<!-- \/ Yoast SEO plugin. -->","yoast_head_json":{"title":"COLETIVA SELETIVA NA FEIRA BAIANA DA AGRICULTURA FAMILIAR REFOR\u00c7A COMPROMISSO COM PR\u00c1TICAS SUSTENT\u00c1VEIS - Bahia Economica","description":"O maior portal de Economia da Bahia ECONOMIA \/ POL\u00cdTICA Bahia Economica","robots":{"index":"index","follow":"follow","max-snippet":"max-snippet:-1","max-image-preview":"max-image-preview:large","max-video-preview":"max-video-preview:-1"},"canonical":"https:\/\/bahiaeconomica.com.br\/wp\/2024\/12\/03\/coletiva-seletiva-na-feira-baiana-da-agricultura-familiar-reforca-compromisso-com-praticas-sustentaveis\/","og_locale":"pt_BR","og_type":"article","og_title":"COLETIVA SELETIVA NA FEIRA BAIANA DA AGRICULTURA FAMILIAR REFOR\u00c7A COMPROMISSO COM PR\u00c1TICAS SUSTENT\u00c1VEIS - Bahia Economica","og_description":"O maior portal de Economia da Bahia ECONOMIA \/ POL\u00cdTICA Bahia Economica","og_url":"https:\/\/bahiaeconomica.com.br\/wp\/2024\/12\/03\/coletiva-seletiva-na-feira-baiana-da-agricultura-familiar-reforca-compromisso-com-praticas-sustentaveis\/","og_site_name":"Bahia Economica","article_publisher":"https:\/\/www.facebook.com\/bahiaeconomica","article_published_time":"2024-12-03T18:27:39+00:00","og_image":[{"width":2560,"height":1707,"url":"https:\/\/bahiaeconomica.com.br\/wp\/wp-content\/uploads\/2024\/12\/213A0375-1-scaled.jpg","type":"image\/jpeg"}],"author":"Matheus Souza","twitter_card":"summary_large_image","twitter_misc":{"Escrito por":"Matheus Souza","Est. tempo de leitura":"3 minutos"},"schema":{"@context":"https:\/\/schema.org","@graph":[{"@type":"Article","@id":"https:\/\/bahiaeconomica.com.br\/wp\/2024\/12\/03\/coletiva-seletiva-na-feira-baiana-da-agricultura-familiar-reforca-compromisso-com-praticas-sustentaveis\/#article","isPartOf":{"@id":"https:\/\/bahiaeconomica.com.br\/wp\/2024\/12\/03\/coletiva-seletiva-na-feira-baiana-da-agricultura-familiar-reforca-compromisso-com-praticas-sustentaveis\/"},"author":{"name":"Matheus Souza","@id":"https:\/\/bahiaeconomica.com.br\/wp\/#\/schema\/person\/3304d50cfd32353c7d08c39066638997"},"headline":"COLETIVA SELETIVA NA FEIRA BAIANA DA AGRICULTURA FAMILIAR REFOR\u00c7A COMPROMISSO COM PR\u00c1TICAS SUSTENT\u00c1VEIS","datePublished":"2024-12-03T18:27:39+00:00","dateModified":"2024-12-03T18:27:39+00:00","mainEntityOfPage":{"@id":"https:\/\/bahiaeconomica.com.br\/wp\/2024\/12\/03\/coletiva-seletiva-na-feira-baiana-da-agricultura-familiar-reforca-compromisso-com-praticas-sustentaveis\/"},"wordCount":527,"publisher":{"@id":"https:\/\/bahiaeconomica.com.br\/wp\/#organization"},"keywords":["agricultura","Feira Baiana","Salvador"],"articleSection":["ECONOMIA \/ POL\u00cdTICA"],"inLanguage":"pt-BR"},{"@type":"WebPage","@id":"https:\/\/bahiaeconomica.com.br\/wp\/2024\/12\/03\/coletiva-seletiva-na-feira-baiana-da-agricultura-familiar-reforca-compromisso-com-praticas-sustentaveis\/","url":"https:\/\/bahiaeconomica.com.br\/wp\/2024\/12\/03\/coletiva-seletiva-na-feira-baiana-da-agricultura-familiar-reforca-compromisso-com-praticas-sustentaveis\/","name":"COLETIVA SELETIVA NA FEIRA BAIANA DA AGRICULTURA FAMILIAR REFOR\u00c7A COMPROMISSO COM PR\u00c1TICAS SUSTENT\u00c1VEIS - Bahia Economica","isPartOf":{"@id":"https:\/\/bahiaeconomica.com.br\/wp\/#website"},"datePublished":"2024-12-03T18:27:39+00:00","dateModified":"2024-12-03T18:27:39+00:00","description":"O maior portal de Economia da Bahia ECONOMIA \/ POL\u00cdTICA Bahia Economica","breadcrumb":{"@id":"https:\/\/bahiaeconomica.com.br\/wp\/2024\/12\/03\/coletiva-seletiva-na-feira-baiana-da-agricultura-familiar-reforca-compromisso-com-praticas-sustentaveis\/#breadcrumb"},"inLanguage":"pt-BR","potentialAction":[{"@type":"ReadAction","target":["https:\/\/bahiaeconomica.com.br\/wp\/2024\/12\/03\/coletiva-seletiva-na-feira-baiana-da-agricultura-familiar-reforca-compromisso-com-praticas-sustentaveis\/"]}]},{"@type":"BreadcrumbList","@id":"https:\/\/bahiaeconomica.com.br\/wp\/2024\/12\/03\/coletiva-seletiva-na-feira-baiana-da-agricultura-familiar-reforca-compromisso-com-praticas-sustentaveis\/#breadcrumb","itemListElement":[{"@type":"ListItem","position":1,"name":"In\u00edcio","item":"https:\/\/bahiaeconomica.com.br\/wp\/"},{"@type":"ListItem","position":2,"name":"COLETIVA SELETIVA NA FEIRA BAIANA DA AGRICULTURA FAMILIAR REFOR\u00c7A COMPROMISSO COM PR\u00c1TICAS SUSTENT\u00c1VEIS"}]},{"@type":"WebSite","@id":"https:\/\/bahiaeconomica.com.br\/wp\/#website","url":"https:\/\/bahiaeconomica.com.br\/wp\/","name":"Bahia Economica","description":"O maior portal de Economia da Bahia","publisher":{"@id":"https:\/\/bahiaeconomica.com.br\/wp\/#organization"},"potentialAction":[{"@type":"SearchAction","target":{"@type":"EntryPoint","urlTemplate":"https:\/\/bahiaeconomica.com.br\/wp\/?s={search_term_string}"},"query-input":"required name=search_term_string"}],"inLanguage":"pt-BR"},{"@type":"Organization","@id":"https:\/\/bahiaeconomica.com.br\/wp\/#organization","name":"Bahia Econ\u00f4mica","url":"https:\/\/bahiaeconomica.com.br\/wp\/","logo":{"@type":"ImageObject","inLanguage":"pt-BR","@id":"https:\/\/bahiaeconomica.com.br\/wp\/#\/schema\/logo\/image\/","url":"https:\/\/bahiaeconomica.com.br\/wp\/wp-content\/uploads\/2020\/12\/cropped-BE.png","contentUrl":"https:\/\/bahiaeconomica.com.br\/wp\/wp-content\/uploads\/2020\/12\/cropped-BE.png","width":512,"height":512,"caption":"Bahia Econ\u00f4mica"},"image":{"@id":"https:\/\/bahiaeconomica.com.br\/wp\/#\/schema\/logo\/image\/"},"sameAs":["https:\/\/www.facebook.com\/bahiaeconomica"]},{"@type":"Person","@id":"https:\/\/bahiaeconomica.com.br\/wp\/#\/schema\/person\/3304d50cfd32353c7d08c39066638997","name":"Matheus Souza","sameAs":["http:\/\/www.bahiaeconomica.com.br"],"url":"https:\/\/bahiaeconomica.com.br\/wp\/author\/matheus-souza\/"}]}},"views":4,"_links":{"self":[{"href":"https:\/\/bahiaeconomica.com.br\/wp\/wp-json\/wp\/v2\/posts\/863670"}],"collection":[{"href":"https:\/\/bahiaeconomica.com.br\/wp\/wp-json\/wp\/v2\/posts"}],"about":[{"href":"https:\/\/bahiaeconomica.com.br\/wp\/wp-json\/wp\/v2\/types\/post"}],"author":[{"embeddable":true,"href":"https:\/\/bahiaeconomica.com.br\/wp\/wp-json\/wp\/v2\/users\/22"}],"replies":[{"embeddable":true,"href":"https:\/\/bahiaeconomica.com.br\/wp\/wp-json\/wp\/v2\/comments?post=863670"}],"version-history":[{"count":1,"href":"https:\/\/bahiaeconomica.com.br\/wp\/wp-json\/wp\/v2\/posts\/863670\/revisions"}],"predecessor-version":[{"id":863672,"href":"https:\/\/bahiaeconomica.com.br\/wp\/wp-json\/wp\/v2\/posts\/863670\/revisions\/863672"}],"wp:featuredmedia":[{"embeddable":true,"href":"https:\/\/bahiaeconomica.com.br\/wp\/wp-json\/wp\/v2\/media\/863671"}],"wp:attachment":[{"href":"https:\/\/bahiaeconomica.com.br\/wp\/wp-json\/wp\/v2\/media?parent=863670"}],"wp:term":[{"taxonomy":"category","embeddable":true,"href":"https:\/\/bahiaeconomica.com.br\/wp\/wp-json\/wp\/v2\/categories?post=863670"},{"taxonomy":"post_tag","embeddable":true,"href":"https:\/\/bahiaeconomica.com.br\/wp\/wp-json\/wp\/v2\/tags?post=863670"}],"curies":[{"name":"wp","href":"https:\/\/api.w.org\/{rel}","templated":true}]}}