{"id":863360,"date":"2024-12-02T17:20:19","date_gmt":"2024-12-02T20:20:19","guid":{"rendered":"https:\/\/bahiaeconomica.com.br\/wp\/?p=863360"},"modified":"2024-12-02T16:56:41","modified_gmt":"2024-12-02T19:56:41","slug":"taxis-terao-bandeira-2-liberada-em-salvador-durante-o-mes-de-dezembro","status":"publish","type":"post","link":"https:\/\/bahiaeconomica.com.br\/wp\/2024\/12\/02\/taxis-terao-bandeira-2-liberada-em-salvador-durante-o-mes-de-dezembro\/","title":{"rendered":"T\u00c1XIS TER\u00c3O BANDEIRA 2 LIBERADA EM SALVADOR DURANTE O M\u00caS DE DEZEMBRO"},"content":{"rendered":"<p>Desde domingo (1\u00ba), os taxistas de Salvador poder\u00e3o cobrar corridas na Bandeira 2 durante todo o m\u00eas de dezembro. A medida est\u00e1 prevista na Lei Municipal 9.283\/2017, que regula o servi\u00e7o de t\u00e1xi na capital baiana.<\/p>\n<p>De acordo com o secret\u00e1rio de Mobilidade (Semob), Fabrizzio Muller, a libera\u00e7\u00e3o tem como objetivo garantir uma remunera\u00e7\u00e3o extra aos taxistas no per\u00edodo de festas de fim de ano. &#8220;A legisla\u00e7\u00e3o prev\u00ea a aplica\u00e7\u00e3o da Bandeira 2 em determinadas situa\u00e7\u00f5es, e dezembro \u00e9 uma oportunidade para os profissionais do setor incrementarem seus ganhos&#8221;, afirmou.<\/p>\n<p>Atualmente, o valor da Bandeira 1 \u00e9 R$ 2,95 por quil\u00f4metro, enquanto a Bandeira 2 sobe para R$ 4,12. O valor inicial da corrida, conhecido como bandeirada, \u00e9 de R$ 5,90.<\/p>\n<p>Fiscaliza\u00e7\u00e3o e seguran\u00e7a &#8211; Equipes da Semob estar\u00e3o nas ruas para fiscalizar a correta aplica\u00e7\u00e3o das tarifas, visando assegurar a seguran\u00e7a e a confian\u00e7a dos passageiros. O secret\u00e1rio tamb\u00e9m faz um alerta para que os usu\u00e1rios optem por utilizar t\u00e1xis devidamente regulamentados pelo munic\u00edpio.<\/p>\n<p>&#8220;Buscando oferecer maior seguran\u00e7a, n\u00f3s sempre orientamos aos cidad\u00e3os que utilizem os servi\u00e7os de taxistas autorizados e, caso percebam alguma irregularidade, informem nossas equipes para que possamos agir rapidamente&#8221;, refor\u00e7ou Muller.<\/p>\n<p>Foto: Ot\u00e1vio Santos \/ Secom PMS<\/p>\n","protected":false},"excerpt":{"rendered":"<p>Desde domingo (1\u00ba), os taxistas de Salvador poder\u00e3o cobrar corridas na Bandeira 2 durante todo o m\u00eas de dezembro. A medida est\u00e1 prevista na Lei Municipal 9.283\/2017, que regula o servi\u00e7o de t\u00e1xi na capital baiana. De acordo com o secret\u00e1rio de Mobilidade (Semob), Fabrizzio Muller, a libera\u00e7\u00e3o tem como objetivo garantir uma remunera\u00e7\u00e3o extra [&hellip;]<\/p>\n","protected":false},"author":15,"featured_media":863371,"comment_status":"closed","ping_status":"closed","sticky":false,"template":"","format":"standard","meta":[],"categories":[5],"tags":[11113,73,2735],"acf":[],"yoast_head":"<!-- This site is optimized with the Yoast SEO plugin v20.8 - https:\/\/yoast.com\/wordpress\/plugins\/seo\/ -->\n<title>T\u00c1XIS TER\u00c3O BANDEIRA 2 LIBERADA EM SALVADOR DURANTE O M\u00caS DE DEZEMBRO - Bahia Economica<\/title>\n<meta name=\"description\" content=\"O maior portal de Economia da Bahia MUNIC\u00cdPIOS Bahia Economica Desde domingo (1\u00ba), os taxistas de Salvador poder\u00e3o cobrar corridas\" \/>\n<meta name=\"robots\" content=\"index, follow, max-snippet:-1, max-image-preview:large, max-video-preview:-1\" \/>\n<link rel=\"canonical\" href=\"https:\/\/bahiaeconomica.com.br\/wp\/2024\/12\/02\/taxis-terao-bandeira-2-liberada-em-salvador-durante-o-mes-de-dezembro\/\" \/>\n<meta property=\"og:locale\" content=\"pt_BR\" \/>\n<meta property=\"og:type\" content=\"article\" \/>\n<meta property=\"og:title\" content=\"T\u00c1XIS TER\u00c3O BANDEIRA 2 LIBERADA EM SALVADOR DURANTE O M\u00caS DE DEZEMBRO - Bahia Economica\" \/>\n<meta property=\"og:description\" content=\"O maior portal de Economia da Bahia MUNIC\u00cdPIOS Bahia Economica Desde domingo (1\u00ba), os taxistas de Salvador poder\u00e3o cobrar corridas\" \/>\n<meta property=\"og:url\" content=\"https:\/\/bahiaeconomica.com.br\/wp\/2024\/12\/02\/taxis-terao-bandeira-2-liberada-em-salvador-durante-o-mes-de-dezembro\/\" \/>\n<meta property=\"og:site_name\" content=\"Bahia Economica\" \/>\n<meta property=\"article:publisher\" content=\"https:\/\/www.facebook.com\/bahiaeconomica\" \/>\n<meta property=\"article:published_time\" content=\"2024-12-02T20:20:19+00:00\" \/>\n<meta property=\"article:modified_time\" content=\"2024-12-02T19:56:41+00:00\" \/>\n<meta property=\"og:image\" content=\"https:\/\/bahiaeconomica.com.br\/wp\/wp-content\/uploads\/2024\/12\/Distribuio-De-Adesivo-Para-Taxistas-Fotos-Otvio-Santos-SECOM-PMS-18-scaled.jpg\" \/>\n\t<meta property=\"og:image:width\" content=\"2560\" \/>\n\t<meta property=\"og:image:height\" content=\"1575\" \/>\n\t<meta property=\"og:image:type\" content=\"image\/jpeg\" \/>\n<meta name=\"author\" content=\"VICTORIA ISABEL\" \/>\n<meta name=\"twitter:card\" content=\"summary_large_image\" \/>\n<meta name=\"twitter:label1\" content=\"Escrito por\" \/>\n\t<meta name=\"twitter:data1\" content=\"VICTORIA ISABEL\" \/>\n\t<meta name=\"twitter:label2\" content=\"Est. tempo de leitura\" \/>\n\t<meta name=\"twitter:data2\" content=\"2 minutos\" \/>\n<script type=\"application\/ld+json\" class=\"yoast-schema-graph\">{\"@context\":\"https:\/\/schema.org\",\"@graph\":[{\"@type\":\"Article\",\"@id\":\"https:\/\/bahiaeconomica.com.br\/wp\/2024\/12\/02\/taxis-terao-bandeira-2-liberada-em-salvador-durante-o-mes-de-dezembro\/#article\",\"isPartOf\":{\"@id\":\"https:\/\/bahiaeconomica.com.br\/wp\/2024\/12\/02\/taxis-terao-bandeira-2-liberada-em-salvador-durante-o-mes-de-dezembro\/\"},\"author\":{\"name\":\"VICTORIA ISABEL\",\"@id\":\"https:\/\/bahiaeconomica.com.br\/wp\/#\/schema\/person\/b719ce0fb1c09f3c7a00d9243ced4a6f\"},\"headline\":\"T\u00c1XIS TER\u00c3O BANDEIRA 2 LIBERADA EM SALVADOR DURANTE O M\u00caS DE DEZEMBRO\",\"datePublished\":\"2024-12-02T20:20:19+00:00\",\"dateModified\":\"2024-12-02T19:56:41+00:00\",\"mainEntityOfPage\":{\"@id\":\"https:\/\/bahiaeconomica.com.br\/wp\/2024\/12\/02\/taxis-terao-bandeira-2-liberada-em-salvador-durante-o-mes-de-dezembro\/\"},\"wordCount\":232,\"publisher\":{\"@id\":\"https:\/\/bahiaeconomica.com.br\/wp\/#organization\"},\"keywords\":[\"bandeira 2\",\"Salvador\",\"taxis\"],\"articleSection\":[\"MUNIC\u00cdPIOS\"],\"inLanguage\":\"pt-BR\"},{\"@type\":\"WebPage\",\"@id\":\"https:\/\/bahiaeconomica.com.br\/wp\/2024\/12\/02\/taxis-terao-bandeira-2-liberada-em-salvador-durante-o-mes-de-dezembro\/\",\"url\":\"https:\/\/bahiaeconomica.com.br\/wp\/2024\/12\/02\/taxis-terao-bandeira-2-liberada-em-salvador-durante-o-mes-de-dezembro\/\",\"name\":\"T\u00c1XIS TER\u00c3O BANDEIRA 2 LIBERADA EM SALVADOR DURANTE O M\u00caS DE DEZEMBRO - Bahia Economica\",\"isPartOf\":{\"@id\":\"https:\/\/bahiaeconomica.com.br\/wp\/#website\"},\"datePublished\":\"2024-12-02T20:20:19+00:00\",\"dateModified\":\"2024-12-02T19:56:41+00:00\",\"description\":\"O maior portal de Economia da Bahia MUNIC\u00cdPIOS Bahia Economica Desde domingo (1\u00ba), os taxistas de Salvador poder\u00e3o cobrar corridas\",\"breadcrumb\":{\"@id\":\"https:\/\/bahiaeconomica.com.br\/wp\/2024\/12\/02\/taxis-terao-bandeira-2-liberada-em-salvador-durante-o-mes-de-dezembro\/#breadcrumb\"},\"inLanguage\":\"pt-BR\",\"potentialAction\":[{\"@type\":\"ReadAction\",\"target\":[\"https:\/\/bahiaeconomica.com.br\/wp\/2024\/12\/02\/taxis-terao-bandeira-2-liberada-em-salvador-durante-o-mes-de-dezembro\/\"]}]},{\"@type\":\"BreadcrumbList\",\"@id\":\"https:\/\/bahiaeconomica.com.br\/wp\/2024\/12\/02\/taxis-terao-bandeira-2-liberada-em-salvador-durante-o-mes-de-dezembro\/#breadcrumb\",\"itemListElement\":[{\"@type\":\"ListItem\",\"position\":1,\"name\":\"In\u00edcio\",\"item\":\"https:\/\/bahiaeconomica.com.br\/wp\/\"},{\"@type\":\"ListItem\",\"position\":2,\"name\":\"T\u00c1XIS TER\u00c3O BANDEIRA 2 LIBERADA EM SALVADOR DURANTE O M\u00caS DE DEZEMBRO\"}]},{\"@type\":\"WebSite\",\"@id\":\"https:\/\/bahiaeconomica.com.br\/wp\/#website\",\"url\":\"https:\/\/bahiaeconomica.com.br\/wp\/\",\"name\":\"Bahia Economica\",\"description\":\"O maior portal de Economia da Bahia\",\"publisher\":{\"@id\":\"https:\/\/bahiaeconomica.com.br\/wp\/#organization\"},\"potentialAction\":[{\"@type\":\"SearchAction\",\"target\":{\"@type\":\"EntryPoint\",\"urlTemplate\":\"https:\/\/bahiaeconomica.com.br\/wp\/?s={search_term_string}\"},\"query-input\":\"required name=search_term_string\"}],\"inLanguage\":\"pt-BR\"},{\"@type\":\"Organization\",\"@id\":\"https:\/\/bahiaeconomica.com.br\/wp\/#organization\",\"name\":\"Bahia Econ\u00f4mica\",\"url\":\"https:\/\/bahiaeconomica.com.br\/wp\/\",\"logo\":{\"@type\":\"ImageObject\",\"inLanguage\":\"pt-BR\",\"@id\":\"https:\/\/bahiaeconomica.com.br\/wp\/#\/schema\/logo\/image\/\",\"url\":\"https:\/\/bahiaeconomica.com.br\/wp\/wp-content\/uploads\/2020\/12\/cropped-BE.png\",\"contentUrl\":\"https:\/\/bahiaeconomica.com.br\/wp\/wp-content\/uploads\/2020\/12\/cropped-BE.png\",\"width\":512,\"height\":512,\"caption\":\"Bahia Econ\u00f4mica\"},\"image\":{\"@id\":\"https:\/\/bahiaeconomica.com.br\/wp\/#\/schema\/logo\/image\/\"},\"sameAs\":[\"https:\/\/www.facebook.com\/bahiaeconomica\"]},{\"@type\":\"Person\",\"@id\":\"https:\/\/bahiaeconomica.com.br\/wp\/#\/schema\/person\/b719ce0fb1c09f3c7a00d9243ced4a6f\",\"name\":\"VICTORIA ISABEL\",\"sameAs\":[\"http:\/\/www.bahiaeconomica.com.br\"],\"url\":\"https:\/\/bahiaeconomica.com.br\/wp\/author\/victoria-isabel\/\"}]}<\/script>\n<!-- \/ Yoast SEO plugin. -->","yoast_head_json":{"title":"T\u00c1XIS TER\u00c3O BANDEIRA 2 LIBERADA EM SALVADOR DURANTE O M\u00caS DE DEZEMBRO - Bahia Economica","description":"O maior portal de Economia da Bahia MUNIC\u00cdPIOS Bahia Economica Desde domingo (1\u00ba), os taxistas de Salvador poder\u00e3o cobrar corridas","robots":{"index":"index","follow":"follow","max-snippet":"max-snippet:-1","max-image-preview":"max-image-preview:large","max-video-preview":"max-video-preview:-1"},"canonical":"https:\/\/bahiaeconomica.com.br\/wp\/2024\/12\/02\/taxis-terao-bandeira-2-liberada-em-salvador-durante-o-mes-de-dezembro\/","og_locale":"pt_BR","og_type":"article","og_title":"T\u00c1XIS TER\u00c3O BANDEIRA 2 LIBERADA EM SALVADOR DURANTE O M\u00caS DE DEZEMBRO - Bahia Economica","og_description":"O maior portal de Economia da Bahia MUNIC\u00cdPIOS Bahia Economica Desde domingo (1\u00ba), os taxistas de Salvador poder\u00e3o cobrar corridas","og_url":"https:\/\/bahiaeconomica.com.br\/wp\/2024\/12\/02\/taxis-terao-bandeira-2-liberada-em-salvador-durante-o-mes-de-dezembro\/","og_site_name":"Bahia Economica","article_publisher":"https:\/\/www.facebook.com\/bahiaeconomica","article_published_time":"2024-12-02T20:20:19+00:00","article_modified_time":"2024-12-02T19:56:41+00:00","og_image":[{"width":2560,"height":1575,"url":"https:\/\/bahiaeconomica.com.br\/wp\/wp-content\/uploads\/2024\/12\/Distribuio-De-Adesivo-Para-Taxistas-Fotos-Otvio-Santos-SECOM-PMS-18-scaled.jpg","type":"image\/jpeg"}],"author":"VICTORIA ISABEL","twitter_card":"summary_large_image","twitter_misc":{"Escrito por":"VICTORIA ISABEL","Est. tempo de leitura":"2 minutos"},"schema":{"@context":"https:\/\/schema.org","@graph":[{"@type":"Article","@id":"https:\/\/bahiaeconomica.com.br\/wp\/2024\/12\/02\/taxis-terao-bandeira-2-liberada-em-salvador-durante-o-mes-de-dezembro\/#article","isPartOf":{"@id":"https:\/\/bahiaeconomica.com.br\/wp\/2024\/12\/02\/taxis-terao-bandeira-2-liberada-em-salvador-durante-o-mes-de-dezembro\/"},"author":{"name":"VICTORIA ISABEL","@id":"https:\/\/bahiaeconomica.com.br\/wp\/#\/schema\/person\/b719ce0fb1c09f3c7a00d9243ced4a6f"},"headline":"T\u00c1XIS TER\u00c3O BANDEIRA 2 LIBERADA EM SALVADOR DURANTE O M\u00caS DE DEZEMBRO","datePublished":"2024-12-02T20:20:19+00:00","dateModified":"2024-12-02T19:56:41+00:00","mainEntityOfPage":{"@id":"https:\/\/bahiaeconomica.com.br\/wp\/2024\/12\/02\/taxis-terao-bandeira-2-liberada-em-salvador-durante-o-mes-de-dezembro\/"},"wordCount":232,"publisher":{"@id":"https:\/\/bahiaeconomica.com.br\/wp\/#organization"},"keywords":["bandeira 2","Salvador","taxis"],"articleSection":["MUNIC\u00cdPIOS"],"inLanguage":"pt-BR"},{"@type":"WebPage","@id":"https:\/\/bahiaeconomica.com.br\/wp\/2024\/12\/02\/taxis-terao-bandeira-2-liberada-em-salvador-durante-o-mes-de-dezembro\/","url":"https:\/\/bahiaeconomica.com.br\/wp\/2024\/12\/02\/taxis-terao-bandeira-2-liberada-em-salvador-durante-o-mes-de-dezembro\/","name":"T\u00c1XIS TER\u00c3O BANDEIRA 2 LIBERADA EM SALVADOR DURANTE O M\u00caS DE DEZEMBRO - Bahia Economica","isPartOf":{"@id":"https:\/\/bahiaeconomica.com.br\/wp\/#website"},"datePublished":"2024-12-02T20:20:19+00:00","dateModified":"2024-12-02T19:56:41+00:00","description":"O maior portal de Economia da Bahia MUNIC\u00cdPIOS Bahia Economica Desde domingo (1\u00ba), os taxistas de Salvador poder\u00e3o cobrar corridas","breadcrumb":{"@id":"https:\/\/bahiaeconomica.com.br\/wp\/2024\/12\/02\/taxis-terao-bandeira-2-liberada-em-salvador-durante-o-mes-de-dezembro\/#breadcrumb"},"inLanguage":"pt-BR","potentialAction":[{"@type":"ReadAction","target":["https:\/\/bahiaeconomica.com.br\/wp\/2024\/12\/02\/taxis-terao-bandeira-2-liberada-em-salvador-durante-o-mes-de-dezembro\/"]}]},{"@type":"BreadcrumbList","@id":"https:\/\/bahiaeconomica.com.br\/wp\/2024\/12\/02\/taxis-terao-bandeira-2-liberada-em-salvador-durante-o-mes-de-dezembro\/#breadcrumb","itemListElement":[{"@type":"ListItem","position":1,"name":"In\u00edcio","item":"https:\/\/bahiaeconomica.com.br\/wp\/"},{"@type":"ListItem","position":2,"name":"T\u00c1XIS TER\u00c3O BANDEIRA 2 LIBERADA EM SALVADOR DURANTE O M\u00caS DE DEZEMBRO"}]},{"@type":"WebSite","@id":"https:\/\/bahiaeconomica.com.br\/wp\/#website","url":"https:\/\/bahiaeconomica.com.br\/wp\/","name":"Bahia Economica","description":"O maior portal de Economia da Bahia","publisher":{"@id":"https:\/\/bahiaeconomica.com.br\/wp\/#organization"},"potentialAction":[{"@type":"SearchAction","target":{"@type":"EntryPoint","urlTemplate":"https:\/\/bahiaeconomica.com.br\/wp\/?s={search_term_string}"},"query-input":"required name=search_term_string"}],"inLanguage":"pt-BR"},{"@type":"Organization","@id":"https:\/\/bahiaeconomica.com.br\/wp\/#organization","name":"Bahia Econ\u00f4mica","url":"https:\/\/bahiaeconomica.com.br\/wp\/","logo":{"@type":"ImageObject","inLanguage":"pt-BR","@id":"https:\/\/bahiaeconomica.com.br\/wp\/#\/schema\/logo\/image\/","url":"https:\/\/bahiaeconomica.com.br\/wp\/wp-content\/uploads\/2020\/12\/cropped-BE.png","contentUrl":"https:\/\/bahiaeconomica.com.br\/wp\/wp-content\/uploads\/2020\/12\/cropped-BE.png","width":512,"height":512,"caption":"Bahia Econ\u00f4mica"},"image":{"@id":"https:\/\/bahiaeconomica.com.br\/wp\/#\/schema\/logo\/image\/"},"sameAs":["https:\/\/www.facebook.com\/bahiaeconomica"]},{"@type":"Person","@id":"https:\/\/bahiaeconomica.com.br\/wp\/#\/schema\/person\/b719ce0fb1c09f3c7a00d9243ced4a6f","name":"VICTORIA ISABEL","sameAs":["http:\/\/www.bahiaeconomica.com.br"],"url":"https:\/\/bahiaeconomica.com.br\/wp\/author\/victoria-isabel\/"}]}},"views":4,"_links":{"self":[{"href":"https:\/\/bahiaeconomica.com.br\/wp\/wp-json\/wp\/v2\/posts\/863360"}],"collection":[{"href":"https:\/\/bahiaeconomica.com.br\/wp\/wp-json\/wp\/v2\/posts"}],"about":[{"href":"https:\/\/bahiaeconomica.com.br\/wp\/wp-json\/wp\/v2\/types\/post"}],"author":[{"embeddable":true,"href":"https:\/\/bahiaeconomica.com.br\/wp\/wp-json\/wp\/v2\/users\/15"}],"replies":[{"embeddable":true,"href":"https:\/\/bahiaeconomica.com.br\/wp\/wp-json\/wp\/v2\/comments?post=863360"}],"version-history":[{"count":1,"href":"https:\/\/bahiaeconomica.com.br\/wp\/wp-json\/wp\/v2\/posts\/863360\/revisions"}],"predecessor-version":[{"id":863375,"href":"https:\/\/bahiaeconomica.com.br\/wp\/wp-json\/wp\/v2\/posts\/863360\/revisions\/863375"}],"wp:featuredmedia":[{"embeddable":true,"href":"https:\/\/bahiaeconomica.com.br\/wp\/wp-json\/wp\/v2\/media\/863371"}],"wp:attachment":[{"href":"https:\/\/bahiaeconomica.com.br\/wp\/wp-json\/wp\/v2\/media?parent=863360"}],"wp:term":[{"taxonomy":"category","embeddable":true,"href":"https:\/\/bahiaeconomica.com.br\/wp\/wp-json\/wp\/v2\/categories?post=863360"},{"taxonomy":"post_tag","embeddable":true,"href":"https:\/\/bahiaeconomica.com.br\/wp\/wp-json\/wp\/v2\/tags?post=863360"}],"curies":[{"name":"wp","href":"https:\/\/api.w.org\/{rel}","templated":true}]}}