{"id":861659,"date":"2024-11-25T19:50:04","date_gmt":"2024-11-25T22:50:04","guid":{"rendered":"https:\/\/bahiaeconomica.com.br\/wp\/?p=861659"},"modified":"2024-11-25T19:02:53","modified_gmt":"2024-11-25T22:02:53","slug":"cnu-notas-de-candidatos-reintegrados-estao-disponiveis","status":"publish","type":"post","link":"https:\/\/bahiaeconomica.com.br\/wp\/2024\/11\/25\/cnu-notas-de-candidatos-reintegrados-estao-disponiveis\/","title":{"rendered":"CNU: NOTAS DE CANDIDATOS REINTEGRADOS EST\u00c3O DISPON\u00cdVEIS"},"content":{"rendered":"<p>Os 32.260 candidatos reintegrados ao Concurso P\u00fablico Nacional Unificado (CPNU) j\u00e1 podem conferir os resultados finais das provas objetivas a partir desta segunda-feira (25), na p\u00e1gina oficial do concurso.<\/p>\n<p>A mudan\u00e7a ocorre em raz\u00e3o do acordo judicial firmado, na \u00faltima quinta-feira (21), entre a Uni\u00e3o, o Minist\u00e9rio P\u00fablico Federal e a Funda\u00e7\u00e3o Cesgranrio, banca examinadora do certame.<\/p>\n<p>O candidato consulta sua situa\u00e7\u00e3o atualizada na \u00c1rea do Candidato, com Cadastro de Pessoa F\u00edsica (CPF) e senha cadastrados no portal do governo federal, o Gov.br. As notas finais das provas objetivas de conhecimentos gerais e espec\u00edficos na parte \u201cResultados e convoca\u00e7\u00f5es\u201d e, em seguida, o participante deve clicar em \u201cConsultar Situa\u00e7\u00e3o\u201d para acessar a nota para cada um dos cargos inscritos.<\/p>\n<p>No sistema de inscri\u00e7\u00f5es, cada candidato ter\u00e1 acesso a uma tela que explicar\u00e1 as situa\u00e7\u00f5es poss\u00edveis: sem altera\u00e7\u00e3o, com altera\u00e7\u00e3o e altera\u00e7\u00e3o com envio de t\u00edtulos.<\/p>\n<p><strong>Crit\u00e9rios de aprova\u00e7\u00e3o<\/strong><br \/>\nDe acordo com os editais dos oito blocos tem\u00e1ticos, os candidatos que n\u00e3o atingirem a nota m\u00ednima nas provas objetivas em quaisquer dos cargos indicados no ato da inscri\u00e7\u00e3o, estar\u00e3o eliminados e, consequentemente, n\u00e3o ter\u00e1 a prova discursiva ou a reda\u00e7\u00e3o corrigida.<\/p>\n<p>Nos blocos tem\u00e1ticos de 1 a 7, para cargos de n\u00edvel superior, as provas de conhecimentos gerais e espec\u00edficos exigem o m\u00ednimo de 40% de acertos.<\/p>\n<p>As provas objetivas tiveram 70 quest\u00f5es de m\u00faltipla escolha, compostas de 20 quest\u00f5es de conhecimentos gerais, de car\u00e1ter eliminat\u00f3rio e classificat\u00f3rio, com 50 quest\u00f5es de m\u00faltipla escolha de conhecimentos espec\u00edficos.<\/p>\n<p>J\u00e1 no bloco n\u00famero 8, para cargos de n\u00edvel m\u00e9dio, o candidato deve ter o aproveitamento m\u00ednimo de pelo menos 30% de acertos, ou seja, acertar seis quest\u00f5es. As provas objetivas, de car\u00e1ter eliminat\u00f3rio e classificat\u00f3rio, tiveram 60 quest\u00f5es, sendo 20 de m\u00faltipla escolha de conhecimentos gerais e outras 40 de conhecimentos espec\u00edficos.<\/p>\n<p>Fonte: Ag\u00eancia Brasil<\/p>\n<p>Foto: Rovena Rosa\/Ag\u00eancia Brasil<\/p>\n","protected":false},"excerpt":{"rendered":"<p>Os 32.260 candidatos reintegrados ao Concurso P\u00fablico Nacional Unificado (CPNU) j\u00e1 podem conferir os resultados finais das provas objetivas a partir desta segunda-feira (25), na p\u00e1gina oficial do concurso. A mudan\u00e7a ocorre em raz\u00e3o do acordo judicial firmado, na \u00faltima quinta-feira (21), entre a Uni\u00e3o, o Minist\u00e9rio P\u00fablico Federal e a Funda\u00e7\u00e3o Cesgranrio, banca examinadora [&hellip;]<\/p>\n","protected":false},"author":15,"featured_media":861660,"comment_status":"closed","ping_status":"closed","sticky":false,"template":"","format":"standard","meta":[],"categories":[8],"tags":[175,24172],"acf":[],"yoast_head":"<!-- This site is optimized with the Yoast SEO plugin v20.8 - https:\/\/yoast.com\/wordpress\/plugins\/seo\/ -->\n<title>CNU: NOTAS DE CANDIDATOS REINTEGRADOS EST\u00c3O DISPON\u00cdVEIS - Bahia Economica<\/title>\n<meta name=\"description\" content=\"O maior portal de Economia da Bahia EMPREGOS \/ CONCURSOS Bahia Economica Os 32.260 candidatos reintegrados ao Concurso P\u00fablico Nacional Unificado\" \/>\n<meta name=\"robots\" content=\"index, follow, max-snippet:-1, max-image-preview:large, max-video-preview:-1\" \/>\n<link rel=\"canonical\" href=\"https:\/\/bahiaeconomica.com.br\/wp\/2024\/11\/25\/cnu-notas-de-candidatos-reintegrados-estao-disponiveis\/\" \/>\n<meta property=\"og:locale\" content=\"pt_BR\" \/>\n<meta property=\"og:type\" content=\"article\" \/>\n<meta property=\"og:title\" content=\"CNU: NOTAS DE CANDIDATOS REINTEGRADOS EST\u00c3O DISPON\u00cdVEIS - Bahia Economica\" \/>\n<meta property=\"og:description\" content=\"O maior portal de Economia da Bahia EMPREGOS \/ CONCURSOS Bahia Economica Os 32.260 candidatos reintegrados ao Concurso P\u00fablico Nacional Unificado\" \/>\n<meta property=\"og:url\" content=\"https:\/\/bahiaeconomica.com.br\/wp\/2024\/11\/25\/cnu-notas-de-candidatos-reintegrados-estao-disponiveis\/\" \/>\n<meta property=\"og:site_name\" content=\"Bahia Economica\" \/>\n<meta property=\"article:publisher\" content=\"https:\/\/www.facebook.com\/bahiaeconomica\" \/>\n<meta property=\"article:published_time\" content=\"2024-11-25T22:50:04+00:00\" \/>\n<meta property=\"article:modified_time\" content=\"2024-11-25T22:02:53+00:00\" \/>\n<meta property=\"og:image\" content=\"https:\/\/bahiaeconomica.com.br\/wp\/wp-content\/uploads\/2024\/11\/img_5757_0-1024x613-2.webp\" \/>\n\t<meta property=\"og:image:width\" content=\"1024\" \/>\n\t<meta property=\"og:image:height\" content=\"613\" \/>\n\t<meta property=\"og:image:type\" content=\"image\/webp\" \/>\n<meta name=\"author\" content=\"VICTORIA ISABEL\" \/>\n<meta name=\"twitter:card\" content=\"summary_large_image\" \/>\n<meta name=\"twitter:label1\" content=\"Escrito por\" \/>\n\t<meta name=\"twitter:data1\" content=\"VICTORIA ISABEL\" \/>\n\t<meta name=\"twitter:label2\" content=\"Est. tempo de leitura\" \/>\n\t<meta name=\"twitter:data2\" content=\"2 minutos\" \/>\n<script type=\"application\/ld+json\" class=\"yoast-schema-graph\">{\"@context\":\"https:\/\/schema.org\",\"@graph\":[{\"@type\":\"Article\",\"@id\":\"https:\/\/bahiaeconomica.com.br\/wp\/2024\/11\/25\/cnu-notas-de-candidatos-reintegrados-estao-disponiveis\/#article\",\"isPartOf\":{\"@id\":\"https:\/\/bahiaeconomica.com.br\/wp\/2024\/11\/25\/cnu-notas-de-candidatos-reintegrados-estao-disponiveis\/\"},\"author\":{\"name\":\"VICTORIA ISABEL\",\"@id\":\"https:\/\/bahiaeconomica.com.br\/wp\/#\/schema\/person\/b719ce0fb1c09f3c7a00d9243ced4a6f\"},\"headline\":\"CNU: NOTAS DE CANDIDATOS REINTEGRADOS EST\u00c3O DISPON\u00cdVEIS\",\"datePublished\":\"2024-11-25T22:50:04+00:00\",\"dateModified\":\"2024-11-25T22:02:53+00:00\",\"mainEntityOfPage\":{\"@id\":\"https:\/\/bahiaeconomica.com.br\/wp\/2024\/11\/25\/cnu-notas-de-candidatos-reintegrados-estao-disponiveis\/\"},\"wordCount\":358,\"publisher\":{\"@id\":\"https:\/\/bahiaeconomica.com.br\/wp\/#organization\"},\"keywords\":[\"concurso\",\"Concurso P\u00fablico Nacional Unificado\"],\"articleSection\":[\"EMPREGOS \/ CONCURSOS\"],\"inLanguage\":\"pt-BR\"},{\"@type\":\"WebPage\",\"@id\":\"https:\/\/bahiaeconomica.com.br\/wp\/2024\/11\/25\/cnu-notas-de-candidatos-reintegrados-estao-disponiveis\/\",\"url\":\"https:\/\/bahiaeconomica.com.br\/wp\/2024\/11\/25\/cnu-notas-de-candidatos-reintegrados-estao-disponiveis\/\",\"name\":\"CNU: NOTAS DE CANDIDATOS REINTEGRADOS EST\u00c3O DISPON\u00cdVEIS - Bahia Economica\",\"isPartOf\":{\"@id\":\"https:\/\/bahiaeconomica.com.br\/wp\/#website\"},\"datePublished\":\"2024-11-25T22:50:04+00:00\",\"dateModified\":\"2024-11-25T22:02:53+00:00\",\"description\":\"O maior portal de Economia da Bahia EMPREGOS \/ CONCURSOS Bahia Economica Os 32.260 candidatos reintegrados ao Concurso P\u00fablico Nacional Unificado\",\"breadcrumb\":{\"@id\":\"https:\/\/bahiaeconomica.com.br\/wp\/2024\/11\/25\/cnu-notas-de-candidatos-reintegrados-estao-disponiveis\/#breadcrumb\"},\"inLanguage\":\"pt-BR\",\"potentialAction\":[{\"@type\":\"ReadAction\",\"target\":[\"https:\/\/bahiaeconomica.com.br\/wp\/2024\/11\/25\/cnu-notas-de-candidatos-reintegrados-estao-disponiveis\/\"]}]},{\"@type\":\"BreadcrumbList\",\"@id\":\"https:\/\/bahiaeconomica.com.br\/wp\/2024\/11\/25\/cnu-notas-de-candidatos-reintegrados-estao-disponiveis\/#breadcrumb\",\"itemListElement\":[{\"@type\":\"ListItem\",\"position\":1,\"name\":\"In\u00edcio\",\"item\":\"https:\/\/bahiaeconomica.com.br\/wp\/\"},{\"@type\":\"ListItem\",\"position\":2,\"name\":\"CNU: NOTAS DE CANDIDATOS REINTEGRADOS EST\u00c3O DISPON\u00cdVEIS\"}]},{\"@type\":\"WebSite\",\"@id\":\"https:\/\/bahiaeconomica.com.br\/wp\/#website\",\"url\":\"https:\/\/bahiaeconomica.com.br\/wp\/\",\"name\":\"Bahia Economica\",\"description\":\"O maior portal de Economia da Bahia\",\"publisher\":{\"@id\":\"https:\/\/bahiaeconomica.com.br\/wp\/#organization\"},\"potentialAction\":[{\"@type\":\"SearchAction\",\"target\":{\"@type\":\"EntryPoint\",\"urlTemplate\":\"https:\/\/bahiaeconomica.com.br\/wp\/?s={search_term_string}\"},\"query-input\":\"required name=search_term_string\"}],\"inLanguage\":\"pt-BR\"},{\"@type\":\"Organization\",\"@id\":\"https:\/\/bahiaeconomica.com.br\/wp\/#organization\",\"name\":\"Bahia Econ\u00f4mica\",\"url\":\"https:\/\/bahiaeconomica.com.br\/wp\/\",\"logo\":{\"@type\":\"ImageObject\",\"inLanguage\":\"pt-BR\",\"@id\":\"https:\/\/bahiaeconomica.com.br\/wp\/#\/schema\/logo\/image\/\",\"url\":\"https:\/\/bahiaeconomica.com.br\/wp\/wp-content\/uploads\/2020\/12\/cropped-BE.png\",\"contentUrl\":\"https:\/\/bahiaeconomica.com.br\/wp\/wp-content\/uploads\/2020\/12\/cropped-BE.png\",\"width\":512,\"height\":512,\"caption\":\"Bahia Econ\u00f4mica\"},\"image\":{\"@id\":\"https:\/\/bahiaeconomica.com.br\/wp\/#\/schema\/logo\/image\/\"},\"sameAs\":[\"https:\/\/www.facebook.com\/bahiaeconomica\"]},{\"@type\":\"Person\",\"@id\":\"https:\/\/bahiaeconomica.com.br\/wp\/#\/schema\/person\/b719ce0fb1c09f3c7a00d9243ced4a6f\",\"name\":\"VICTORIA ISABEL\",\"sameAs\":[\"http:\/\/www.bahiaeconomica.com.br\"],\"url\":\"https:\/\/bahiaeconomica.com.br\/wp\/author\/victoria-isabel\/\"}]}<\/script>\n<!-- \/ Yoast SEO plugin. -->","yoast_head_json":{"title":"CNU: NOTAS DE CANDIDATOS REINTEGRADOS EST\u00c3O DISPON\u00cdVEIS - Bahia Economica","description":"O maior portal de Economia da Bahia EMPREGOS \/ CONCURSOS Bahia Economica Os 32.260 candidatos reintegrados ao Concurso P\u00fablico Nacional Unificado","robots":{"index":"index","follow":"follow","max-snippet":"max-snippet:-1","max-image-preview":"max-image-preview:large","max-video-preview":"max-video-preview:-1"},"canonical":"https:\/\/bahiaeconomica.com.br\/wp\/2024\/11\/25\/cnu-notas-de-candidatos-reintegrados-estao-disponiveis\/","og_locale":"pt_BR","og_type":"article","og_title":"CNU: NOTAS DE CANDIDATOS REINTEGRADOS EST\u00c3O DISPON\u00cdVEIS - Bahia Economica","og_description":"O maior portal de Economia da Bahia EMPREGOS \/ CONCURSOS Bahia Economica Os 32.260 candidatos reintegrados ao Concurso P\u00fablico Nacional Unificado","og_url":"https:\/\/bahiaeconomica.com.br\/wp\/2024\/11\/25\/cnu-notas-de-candidatos-reintegrados-estao-disponiveis\/","og_site_name":"Bahia Economica","article_publisher":"https:\/\/www.facebook.com\/bahiaeconomica","article_published_time":"2024-11-25T22:50:04+00:00","article_modified_time":"2024-11-25T22:02:53+00:00","og_image":[{"width":1024,"height":613,"url":"https:\/\/bahiaeconomica.com.br\/wp\/wp-content\/uploads\/2024\/11\/img_5757_0-1024x613-2.webp","type":"image\/webp"}],"author":"VICTORIA ISABEL","twitter_card":"summary_large_image","twitter_misc":{"Escrito por":"VICTORIA ISABEL","Est. tempo de leitura":"2 minutos"},"schema":{"@context":"https:\/\/schema.org","@graph":[{"@type":"Article","@id":"https:\/\/bahiaeconomica.com.br\/wp\/2024\/11\/25\/cnu-notas-de-candidatos-reintegrados-estao-disponiveis\/#article","isPartOf":{"@id":"https:\/\/bahiaeconomica.com.br\/wp\/2024\/11\/25\/cnu-notas-de-candidatos-reintegrados-estao-disponiveis\/"},"author":{"name":"VICTORIA ISABEL","@id":"https:\/\/bahiaeconomica.com.br\/wp\/#\/schema\/person\/b719ce0fb1c09f3c7a00d9243ced4a6f"},"headline":"CNU: NOTAS DE CANDIDATOS REINTEGRADOS EST\u00c3O DISPON\u00cdVEIS","datePublished":"2024-11-25T22:50:04+00:00","dateModified":"2024-11-25T22:02:53+00:00","mainEntityOfPage":{"@id":"https:\/\/bahiaeconomica.com.br\/wp\/2024\/11\/25\/cnu-notas-de-candidatos-reintegrados-estao-disponiveis\/"},"wordCount":358,"publisher":{"@id":"https:\/\/bahiaeconomica.com.br\/wp\/#organization"},"keywords":["concurso","Concurso P\u00fablico Nacional Unificado"],"articleSection":["EMPREGOS \/ CONCURSOS"],"inLanguage":"pt-BR"},{"@type":"WebPage","@id":"https:\/\/bahiaeconomica.com.br\/wp\/2024\/11\/25\/cnu-notas-de-candidatos-reintegrados-estao-disponiveis\/","url":"https:\/\/bahiaeconomica.com.br\/wp\/2024\/11\/25\/cnu-notas-de-candidatos-reintegrados-estao-disponiveis\/","name":"CNU: NOTAS DE CANDIDATOS REINTEGRADOS EST\u00c3O DISPON\u00cdVEIS - Bahia Economica","isPartOf":{"@id":"https:\/\/bahiaeconomica.com.br\/wp\/#website"},"datePublished":"2024-11-25T22:50:04+00:00","dateModified":"2024-11-25T22:02:53+00:00","description":"O maior portal de Economia da Bahia EMPREGOS \/ CONCURSOS Bahia Economica Os 32.260 candidatos reintegrados ao Concurso P\u00fablico Nacional Unificado","breadcrumb":{"@id":"https:\/\/bahiaeconomica.com.br\/wp\/2024\/11\/25\/cnu-notas-de-candidatos-reintegrados-estao-disponiveis\/#breadcrumb"},"inLanguage":"pt-BR","potentialAction":[{"@type":"ReadAction","target":["https:\/\/bahiaeconomica.com.br\/wp\/2024\/11\/25\/cnu-notas-de-candidatos-reintegrados-estao-disponiveis\/"]}]},{"@type":"BreadcrumbList","@id":"https:\/\/bahiaeconomica.com.br\/wp\/2024\/11\/25\/cnu-notas-de-candidatos-reintegrados-estao-disponiveis\/#breadcrumb","itemListElement":[{"@type":"ListItem","position":1,"name":"In\u00edcio","item":"https:\/\/bahiaeconomica.com.br\/wp\/"},{"@type":"ListItem","position":2,"name":"CNU: NOTAS DE CANDIDATOS REINTEGRADOS EST\u00c3O DISPON\u00cdVEIS"}]},{"@type":"WebSite","@id":"https:\/\/bahiaeconomica.com.br\/wp\/#website","url":"https:\/\/bahiaeconomica.com.br\/wp\/","name":"Bahia Economica","description":"O maior portal de Economia da Bahia","publisher":{"@id":"https:\/\/bahiaeconomica.com.br\/wp\/#organization"},"potentialAction":[{"@type":"SearchAction","target":{"@type":"EntryPoint","urlTemplate":"https:\/\/bahiaeconomica.com.br\/wp\/?s={search_term_string}"},"query-input":"required name=search_term_string"}],"inLanguage":"pt-BR"},{"@type":"Organization","@id":"https:\/\/bahiaeconomica.com.br\/wp\/#organization","name":"Bahia Econ\u00f4mica","url":"https:\/\/bahiaeconomica.com.br\/wp\/","logo":{"@type":"ImageObject","inLanguage":"pt-BR","@id":"https:\/\/bahiaeconomica.com.br\/wp\/#\/schema\/logo\/image\/","url":"https:\/\/bahiaeconomica.com.br\/wp\/wp-content\/uploads\/2020\/12\/cropped-BE.png","contentUrl":"https:\/\/bahiaeconomica.com.br\/wp\/wp-content\/uploads\/2020\/12\/cropped-BE.png","width":512,"height":512,"caption":"Bahia Econ\u00f4mica"},"image":{"@id":"https:\/\/bahiaeconomica.com.br\/wp\/#\/schema\/logo\/image\/"},"sameAs":["https:\/\/www.facebook.com\/bahiaeconomica"]},{"@type":"Person","@id":"https:\/\/bahiaeconomica.com.br\/wp\/#\/schema\/person\/b719ce0fb1c09f3c7a00d9243ced4a6f","name":"VICTORIA ISABEL","sameAs":["http:\/\/www.bahiaeconomica.com.br"],"url":"https:\/\/bahiaeconomica.com.br\/wp\/author\/victoria-isabel\/"}]}},"views":5,"_links":{"self":[{"href":"https:\/\/bahiaeconomica.com.br\/wp\/wp-json\/wp\/v2\/posts\/861659"}],"collection":[{"href":"https:\/\/bahiaeconomica.com.br\/wp\/wp-json\/wp\/v2\/posts"}],"about":[{"href":"https:\/\/bahiaeconomica.com.br\/wp\/wp-json\/wp\/v2\/types\/post"}],"author":[{"embeddable":true,"href":"https:\/\/bahiaeconomica.com.br\/wp\/wp-json\/wp\/v2\/users\/15"}],"replies":[{"embeddable":true,"href":"https:\/\/bahiaeconomica.com.br\/wp\/wp-json\/wp\/v2\/comments?post=861659"}],"version-history":[{"count":1,"href":"https:\/\/bahiaeconomica.com.br\/wp\/wp-json\/wp\/v2\/posts\/861659\/revisions"}],"predecessor-version":[{"id":861661,"href":"https:\/\/bahiaeconomica.com.br\/wp\/wp-json\/wp\/v2\/posts\/861659\/revisions\/861661"}],"wp:featuredmedia":[{"embeddable":true,"href":"https:\/\/bahiaeconomica.com.br\/wp\/wp-json\/wp\/v2\/media\/861660"}],"wp:attachment":[{"href":"https:\/\/bahiaeconomica.com.br\/wp\/wp-json\/wp\/v2\/media?parent=861659"}],"wp:term":[{"taxonomy":"category","embeddable":true,"href":"https:\/\/bahiaeconomica.com.br\/wp\/wp-json\/wp\/v2\/categories?post=861659"},{"taxonomy":"post_tag","embeddable":true,"href":"https:\/\/bahiaeconomica.com.br\/wp\/wp-json\/wp\/v2\/tags?post=861659"}],"curies":[{"name":"wp","href":"https:\/\/api.w.org\/{rel}","templated":true}]}}