{"id":861229,"date":"2024-11-22T15:00:09","date_gmt":"2024-11-22T18:00:09","guid":{"rendered":"https:\/\/bahiaeconomica.com.br\/wp\/?p=861229"},"modified":"2024-11-22T14:15:05","modified_gmt":"2024-11-22T17:15:05","slug":"jeronimo-afirma-que-ajustou-detalhes-com-consorcio-da-ponte-salvador-itaparica-documento-sendo-redigido","status":"publish","type":"post","link":"https:\/\/bahiaeconomica.com.br\/wp\/2024\/11\/22\/jeronimo-afirma-que-ajustou-detalhes-com-consorcio-da-ponte-salvador-itaparica-documento-sendo-redigido\/","title":{"rendered":"JER\u00d4NIMO AFIRMA QUE AJUSTOU DETALHES COM CONS\u00d3RCIO DA PONTE SALVADOR-ITAPARICA: &#8220;DOCUMENTO SENDO REDIGIDO&#8221;"},"content":{"rendered":"<p>Durante encontro estadual do PSB, em Salvador, o governador Jer\u00f4nimo Rodrigues (PT), confirmou, nesta sexta-feira, 22, que j\u00e1 h\u00e1 um consenso entre o governo do Estado e o cons\u00f3rcio chin\u00eas respons\u00e1vel pela constru\u00e7\u00e3o da ponte Salvador-Itaparica. Apesar de n\u00e3o falar em valores, uma vez que os termos do acordo s\u00f3 ser\u00e3o divulgados ap\u00f3s o Tribunal de Contas do Estado (TCE), que fez a intermedia\u00e7\u00e3o, elaborar e apresentar o documento, o gestor pontuou que a atua\u00e7\u00e3o do governo chin\u00eas foi fundamental.<\/p>\n<p>&#8220;Na ida a Bras\u00edlia tive a chance de conversar com ministros chineses, agradecendo a participa\u00e7\u00e3o do governo Xi Jiping ajudando a gente a mediar o acordo entre o cons\u00f3rcio e o governo do Estado. Fiz isso, e na oportunidade, Lula me colocou na frente de Xi Jiping&#8221;, come\u00e7ou Jer\u00f4nimo, que continuou. &#8220;No campo da negocia\u00e7\u00e3o entre o cons\u00f3rcio e o governo do Estado, n\u00f3s fechamos o acordo, esse documento est\u00e1 sendo redigido, est\u00e1 agora na fase de reda\u00e7\u00e3o do documento, para que o TCE possa levar ao pleno o debate do que est\u00e1 ali. Eu tor\u00e7o para que este ano ainda a gente possa ter esse documento apresentado no pleno do TCE&#8221;, afirmou o governador.<\/p>\n<p>O contrato da ponte Salvador-Itaparica foi assinado em 2020 pelo valor R$ 6 bilh\u00f5es, mas o cons\u00f3rcio respons\u00e1vel pela obra hoje pede R$ 9,3 bilh\u00f5es.<\/p>\n<p>Foto: Gabriela Sena | GOVBA<\/p>\n<p>&nbsp;<\/p>\n","protected":false},"excerpt":{"rendered":"<p>Durante encontro estadual do PSB, em Salvador, o governador Jer\u00f4nimo Rodrigues (PT), confirmou, nesta sexta-feira, 22, que j\u00e1 h\u00e1 um consenso entre o governo do Estado e o cons\u00f3rcio chin\u00eas respons\u00e1vel pela constru\u00e7\u00e3o da ponte Salvador-Itaparica. Apesar de n\u00e3o falar em valores, uma vez que os termos do acordo s\u00f3 ser\u00e3o divulgados ap\u00f3s o Tribunal [&hellip;]<\/p>\n","protected":false},"author":8,"featured_media":861231,"comment_status":"closed","ping_status":"closed","sticky":false,"template":"","format":"standard","meta":[],"categories":[14,3],"tags":[34847],"acf":[],"yoast_head":"<!-- This site is optimized with the Yoast SEO plugin v20.8 - https:\/\/yoast.com\/wordpress\/plugins\/seo\/ -->\n<title>JER\u00d4NIMO AFIRMA QUE AJUSTOU DETALHES COM CONS\u00d3RCIO DA PONTE SALVADOR-ITAPARICA: &quot;DOCUMENTO SENDO REDIGIDO&quot; - Bahia Economica<\/title>\n<meta name=\"description\" content=\"O maior portal de Economia da Bahia DESTAQUE DO DIA, ECONOMIA \/ POL\u00cdTICA Bahia Economica O contrato da ponte Salvador-Itaparica foi assinad\" \/>\n<meta name=\"robots\" content=\"index, follow, max-snippet:-1, max-image-preview:large, max-video-preview:-1\" \/>\n<link rel=\"canonical\" href=\"https:\/\/bahiaeconomica.com.br\/wp\/2024\/11\/22\/jeronimo-afirma-que-ajustou-detalhes-com-consorcio-da-ponte-salvador-itaparica-documento-sendo-redigido\/\" \/>\n<meta property=\"og:locale\" content=\"pt_BR\" \/>\n<meta property=\"og:type\" content=\"article\" \/>\n<meta property=\"og:title\" content=\"JER\u00d4NIMO AFIRMA QUE AJUSTOU DETALHES COM CONS\u00d3RCIO DA PONTE SALVADOR-ITAPARICA: &quot;DOCUMENTO SENDO REDIGIDO&quot; - Bahia Economica\" \/>\n<meta property=\"og:description\" content=\"O maior portal de Economia da Bahia DESTAQUE DO DIA, ECONOMIA \/ POL\u00cdTICA Bahia Economica O contrato da ponte Salvador-Itaparica foi assinad\" \/>\n<meta property=\"og:url\" content=\"https:\/\/bahiaeconomica.com.br\/wp\/2024\/11\/22\/jeronimo-afirma-que-ajustou-detalhes-com-consorcio-da-ponte-salvador-itaparica-documento-sendo-redigido\/\" \/>\n<meta property=\"og:site_name\" content=\"Bahia Economica\" \/>\n<meta property=\"article:publisher\" content=\"https:\/\/www.facebook.com\/bahiaeconomica\" \/>\n<meta property=\"article:published_time\" content=\"2024-11-22T18:00:09+00:00\" \/>\n<meta property=\"article:modified_time\" content=\"2024-11-22T17:15:05+00:00\" \/>\n<meta property=\"og:image\" content=\"https:\/\/bahiaeconomica.com.br\/wp\/wp-content\/uploads\/2024\/11\/75340pedagio-da-ponte-salvador-itaparica-custara-r-45-3.jpg\" \/>\n\t<meta property=\"og:image:width\" content=\"1600\" \/>\n\t<meta property=\"og:image:height\" content=\"752\" \/>\n\t<meta property=\"og:image:type\" content=\"image\/jpeg\" \/>\n<meta name=\"author\" content=\"JP\" \/>\n<meta name=\"twitter:card\" content=\"summary_large_image\" \/>\n<meta name=\"twitter:label1\" content=\"Escrito por\" \/>\n\t<meta name=\"twitter:data1\" content=\"JP\" \/>\n\t<meta name=\"twitter:label2\" content=\"Est. tempo de leitura\" \/>\n\t<meta name=\"twitter:data2\" content=\"2 minutos\" \/>\n<script type=\"application\/ld+json\" class=\"yoast-schema-graph\">{\"@context\":\"https:\/\/schema.org\",\"@graph\":[{\"@type\":\"Article\",\"@id\":\"https:\/\/bahiaeconomica.com.br\/wp\/2024\/11\/22\/jeronimo-afirma-que-ajustou-detalhes-com-consorcio-da-ponte-salvador-itaparica-documento-sendo-redigido\/#article\",\"isPartOf\":{\"@id\":\"https:\/\/bahiaeconomica.com.br\/wp\/2024\/11\/22\/jeronimo-afirma-que-ajustou-detalhes-com-consorcio-da-ponte-salvador-itaparica-documento-sendo-redigido\/\"},\"author\":{\"name\":\"JP\",\"@id\":\"https:\/\/bahiaeconomica.com.br\/wp\/#\/schema\/person\/c86d3a3f8960425a0f9d0e5245991f4e\"},\"headline\":\"JER\u00d4NIMO AFIRMA QUE AJUSTOU DETALHES COM CONS\u00d3RCIO DA PONTE SALVADOR-ITAPARICA: &#8220;DOCUMENTO SENDO REDIGIDO&#8221;\",\"datePublished\":\"2024-11-22T18:00:09+00:00\",\"dateModified\":\"2024-11-22T17:15:05+00:00\",\"mainEntityOfPage\":{\"@id\":\"https:\/\/bahiaeconomica.com.br\/wp\/2024\/11\/22\/jeronimo-afirma-que-ajustou-detalhes-com-consorcio-da-ponte-salvador-itaparica-documento-sendo-redigido\/\"},\"wordCount\":261,\"publisher\":{\"@id\":\"https:\/\/bahiaeconomica.com.br\/wp\/#organization\"},\"keywords\":[\"Cons\u00f3rcio governador itaparica jer\u00f4nimo ponte salvador-itaparica Salvador\"],\"articleSection\":[\"DESTAQUE DO DIA\",\"ECONOMIA \/ POL\u00cdTICA\"],\"inLanguage\":\"pt-BR\"},{\"@type\":\"WebPage\",\"@id\":\"https:\/\/bahiaeconomica.com.br\/wp\/2024\/11\/22\/jeronimo-afirma-que-ajustou-detalhes-com-consorcio-da-ponte-salvador-itaparica-documento-sendo-redigido\/\",\"url\":\"https:\/\/bahiaeconomica.com.br\/wp\/2024\/11\/22\/jeronimo-afirma-que-ajustou-detalhes-com-consorcio-da-ponte-salvador-itaparica-documento-sendo-redigido\/\",\"name\":\"JER\u00d4NIMO AFIRMA QUE AJUSTOU DETALHES COM CONS\u00d3RCIO DA PONTE SALVADOR-ITAPARICA: \\\"DOCUMENTO SENDO REDIGIDO\\\" - Bahia Economica\",\"isPartOf\":{\"@id\":\"https:\/\/bahiaeconomica.com.br\/wp\/#website\"},\"datePublished\":\"2024-11-22T18:00:09+00:00\",\"dateModified\":\"2024-11-22T17:15:05+00:00\",\"description\":\"O maior portal de Economia da Bahia DESTAQUE DO DIA, ECONOMIA \/ POL\u00cdTICA Bahia Economica O contrato da ponte Salvador-Itaparica foi assinad\",\"breadcrumb\":{\"@id\":\"https:\/\/bahiaeconomica.com.br\/wp\/2024\/11\/22\/jeronimo-afirma-que-ajustou-detalhes-com-consorcio-da-ponte-salvador-itaparica-documento-sendo-redigido\/#breadcrumb\"},\"inLanguage\":\"pt-BR\",\"potentialAction\":[{\"@type\":\"ReadAction\",\"target\":[\"https:\/\/bahiaeconomica.com.br\/wp\/2024\/11\/22\/jeronimo-afirma-que-ajustou-detalhes-com-consorcio-da-ponte-salvador-itaparica-documento-sendo-redigido\/\"]}]},{\"@type\":\"BreadcrumbList\",\"@id\":\"https:\/\/bahiaeconomica.com.br\/wp\/2024\/11\/22\/jeronimo-afirma-que-ajustou-detalhes-com-consorcio-da-ponte-salvador-itaparica-documento-sendo-redigido\/#breadcrumb\",\"itemListElement\":[{\"@type\":\"ListItem\",\"position\":1,\"name\":\"In\u00edcio\",\"item\":\"https:\/\/bahiaeconomica.com.br\/wp\/\"},{\"@type\":\"ListItem\",\"position\":2,\"name\":\"JER\u00d4NIMO AFIRMA QUE AJUSTOU DETALHES COM CONS\u00d3RCIO DA PONTE SALVADOR-ITAPARICA: &#8220;DOCUMENTO SENDO REDIGIDO&#8221;\"}]},{\"@type\":\"WebSite\",\"@id\":\"https:\/\/bahiaeconomica.com.br\/wp\/#website\",\"url\":\"https:\/\/bahiaeconomica.com.br\/wp\/\",\"name\":\"Bahia Economica\",\"description\":\"O maior portal de Economia da Bahia\",\"publisher\":{\"@id\":\"https:\/\/bahiaeconomica.com.br\/wp\/#organization\"},\"potentialAction\":[{\"@type\":\"SearchAction\",\"target\":{\"@type\":\"EntryPoint\",\"urlTemplate\":\"https:\/\/bahiaeconomica.com.br\/wp\/?s={search_term_string}\"},\"query-input\":\"required name=search_term_string\"}],\"inLanguage\":\"pt-BR\"},{\"@type\":\"Organization\",\"@id\":\"https:\/\/bahiaeconomica.com.br\/wp\/#organization\",\"name\":\"Bahia Econ\u00f4mica\",\"url\":\"https:\/\/bahiaeconomica.com.br\/wp\/\",\"logo\":{\"@type\":\"ImageObject\",\"inLanguage\":\"pt-BR\",\"@id\":\"https:\/\/bahiaeconomica.com.br\/wp\/#\/schema\/logo\/image\/\",\"url\":\"https:\/\/bahiaeconomica.com.br\/wp\/wp-content\/uploads\/2020\/12\/cropped-BE.png\",\"contentUrl\":\"https:\/\/bahiaeconomica.com.br\/wp\/wp-content\/uploads\/2020\/12\/cropped-BE.png\",\"width\":512,\"height\":512,\"caption\":\"Bahia Econ\u00f4mica\"},\"image\":{\"@id\":\"https:\/\/bahiaeconomica.com.br\/wp\/#\/schema\/logo\/image\/\"},\"sameAs\":[\"https:\/\/www.facebook.com\/bahiaeconomica\"]},{\"@type\":\"Person\",\"@id\":\"https:\/\/bahiaeconomica.com.br\/wp\/#\/schema\/person\/c86d3a3f8960425a0f9d0e5245991f4e\",\"name\":\"JP\",\"sameAs\":[\"https:\/\/bahiaeconomica.com.br\/wp\/beta\/\"],\"url\":\"https:\/\/bahiaeconomica.com.br\/wp\/author\/jp\/\"}]}<\/script>\n<!-- \/ Yoast SEO plugin. -->","yoast_head_json":{"title":"JER\u00d4NIMO AFIRMA QUE AJUSTOU DETALHES COM CONS\u00d3RCIO DA PONTE SALVADOR-ITAPARICA: \"DOCUMENTO SENDO REDIGIDO\" - Bahia Economica","description":"O maior portal de Economia da Bahia DESTAQUE DO DIA, ECONOMIA \/ POL\u00cdTICA Bahia Economica O contrato da ponte Salvador-Itaparica foi assinad","robots":{"index":"index","follow":"follow","max-snippet":"max-snippet:-1","max-image-preview":"max-image-preview:large","max-video-preview":"max-video-preview:-1"},"canonical":"https:\/\/bahiaeconomica.com.br\/wp\/2024\/11\/22\/jeronimo-afirma-que-ajustou-detalhes-com-consorcio-da-ponte-salvador-itaparica-documento-sendo-redigido\/","og_locale":"pt_BR","og_type":"article","og_title":"JER\u00d4NIMO AFIRMA QUE AJUSTOU DETALHES COM CONS\u00d3RCIO DA PONTE SALVADOR-ITAPARICA: \"DOCUMENTO SENDO REDIGIDO\" - Bahia Economica","og_description":"O maior portal de Economia da Bahia DESTAQUE DO DIA, ECONOMIA \/ POL\u00cdTICA Bahia Economica O contrato da ponte Salvador-Itaparica foi assinad","og_url":"https:\/\/bahiaeconomica.com.br\/wp\/2024\/11\/22\/jeronimo-afirma-que-ajustou-detalhes-com-consorcio-da-ponte-salvador-itaparica-documento-sendo-redigido\/","og_site_name":"Bahia Economica","article_publisher":"https:\/\/www.facebook.com\/bahiaeconomica","article_published_time":"2024-11-22T18:00:09+00:00","article_modified_time":"2024-11-22T17:15:05+00:00","og_image":[{"width":1600,"height":752,"url":"https:\/\/bahiaeconomica.com.br\/wp\/wp-content\/uploads\/2024\/11\/75340pedagio-da-ponte-salvador-itaparica-custara-r-45-3.jpg","type":"image\/jpeg"}],"author":"JP","twitter_card":"summary_large_image","twitter_misc":{"Escrito por":"JP","Est. tempo de leitura":"2 minutos"},"schema":{"@context":"https:\/\/schema.org","@graph":[{"@type":"Article","@id":"https:\/\/bahiaeconomica.com.br\/wp\/2024\/11\/22\/jeronimo-afirma-que-ajustou-detalhes-com-consorcio-da-ponte-salvador-itaparica-documento-sendo-redigido\/#article","isPartOf":{"@id":"https:\/\/bahiaeconomica.com.br\/wp\/2024\/11\/22\/jeronimo-afirma-que-ajustou-detalhes-com-consorcio-da-ponte-salvador-itaparica-documento-sendo-redigido\/"},"author":{"name":"JP","@id":"https:\/\/bahiaeconomica.com.br\/wp\/#\/schema\/person\/c86d3a3f8960425a0f9d0e5245991f4e"},"headline":"JER\u00d4NIMO AFIRMA QUE AJUSTOU DETALHES COM CONS\u00d3RCIO DA PONTE SALVADOR-ITAPARICA: &#8220;DOCUMENTO SENDO REDIGIDO&#8221;","datePublished":"2024-11-22T18:00:09+00:00","dateModified":"2024-11-22T17:15:05+00:00","mainEntityOfPage":{"@id":"https:\/\/bahiaeconomica.com.br\/wp\/2024\/11\/22\/jeronimo-afirma-que-ajustou-detalhes-com-consorcio-da-ponte-salvador-itaparica-documento-sendo-redigido\/"},"wordCount":261,"publisher":{"@id":"https:\/\/bahiaeconomica.com.br\/wp\/#organization"},"keywords":["Cons\u00f3rcio governador itaparica jer\u00f4nimo ponte salvador-itaparica Salvador"],"articleSection":["DESTAQUE DO DIA","ECONOMIA \/ POL\u00cdTICA"],"inLanguage":"pt-BR"},{"@type":"WebPage","@id":"https:\/\/bahiaeconomica.com.br\/wp\/2024\/11\/22\/jeronimo-afirma-que-ajustou-detalhes-com-consorcio-da-ponte-salvador-itaparica-documento-sendo-redigido\/","url":"https:\/\/bahiaeconomica.com.br\/wp\/2024\/11\/22\/jeronimo-afirma-que-ajustou-detalhes-com-consorcio-da-ponte-salvador-itaparica-documento-sendo-redigido\/","name":"JER\u00d4NIMO AFIRMA QUE AJUSTOU DETALHES COM CONS\u00d3RCIO DA PONTE SALVADOR-ITAPARICA: \"DOCUMENTO SENDO REDIGIDO\" - Bahia Economica","isPartOf":{"@id":"https:\/\/bahiaeconomica.com.br\/wp\/#website"},"datePublished":"2024-11-22T18:00:09+00:00","dateModified":"2024-11-22T17:15:05+00:00","description":"O maior portal de Economia da Bahia DESTAQUE DO DIA, ECONOMIA \/ POL\u00cdTICA Bahia Economica O contrato da ponte Salvador-Itaparica foi assinad","breadcrumb":{"@id":"https:\/\/bahiaeconomica.com.br\/wp\/2024\/11\/22\/jeronimo-afirma-que-ajustou-detalhes-com-consorcio-da-ponte-salvador-itaparica-documento-sendo-redigido\/#breadcrumb"},"inLanguage":"pt-BR","potentialAction":[{"@type":"ReadAction","target":["https:\/\/bahiaeconomica.com.br\/wp\/2024\/11\/22\/jeronimo-afirma-que-ajustou-detalhes-com-consorcio-da-ponte-salvador-itaparica-documento-sendo-redigido\/"]}]},{"@type":"BreadcrumbList","@id":"https:\/\/bahiaeconomica.com.br\/wp\/2024\/11\/22\/jeronimo-afirma-que-ajustou-detalhes-com-consorcio-da-ponte-salvador-itaparica-documento-sendo-redigido\/#breadcrumb","itemListElement":[{"@type":"ListItem","position":1,"name":"In\u00edcio","item":"https:\/\/bahiaeconomica.com.br\/wp\/"},{"@type":"ListItem","position":2,"name":"JER\u00d4NIMO AFIRMA QUE AJUSTOU DETALHES COM CONS\u00d3RCIO DA PONTE SALVADOR-ITAPARICA: &#8220;DOCUMENTO SENDO REDIGIDO&#8221;"}]},{"@type":"WebSite","@id":"https:\/\/bahiaeconomica.com.br\/wp\/#website","url":"https:\/\/bahiaeconomica.com.br\/wp\/","name":"Bahia Economica","description":"O maior portal de Economia da Bahia","publisher":{"@id":"https:\/\/bahiaeconomica.com.br\/wp\/#organization"},"potentialAction":[{"@type":"SearchAction","target":{"@type":"EntryPoint","urlTemplate":"https:\/\/bahiaeconomica.com.br\/wp\/?s={search_term_string}"},"query-input":"required name=search_term_string"}],"inLanguage":"pt-BR"},{"@type":"Organization","@id":"https:\/\/bahiaeconomica.com.br\/wp\/#organization","name":"Bahia Econ\u00f4mica","url":"https:\/\/bahiaeconomica.com.br\/wp\/","logo":{"@type":"ImageObject","inLanguage":"pt-BR","@id":"https:\/\/bahiaeconomica.com.br\/wp\/#\/schema\/logo\/image\/","url":"https:\/\/bahiaeconomica.com.br\/wp\/wp-content\/uploads\/2020\/12\/cropped-BE.png","contentUrl":"https:\/\/bahiaeconomica.com.br\/wp\/wp-content\/uploads\/2020\/12\/cropped-BE.png","width":512,"height":512,"caption":"Bahia Econ\u00f4mica"},"image":{"@id":"https:\/\/bahiaeconomica.com.br\/wp\/#\/schema\/logo\/image\/"},"sameAs":["https:\/\/www.facebook.com\/bahiaeconomica"]},{"@type":"Person","@id":"https:\/\/bahiaeconomica.com.br\/wp\/#\/schema\/person\/c86d3a3f8960425a0f9d0e5245991f4e","name":"JP","sameAs":["https:\/\/bahiaeconomica.com.br\/wp\/beta\/"],"url":"https:\/\/bahiaeconomica.com.br\/wp\/author\/jp\/"}]}},"views":61,"_links":{"self":[{"href":"https:\/\/bahiaeconomica.com.br\/wp\/wp-json\/wp\/v2\/posts\/861229"}],"collection":[{"href":"https:\/\/bahiaeconomica.com.br\/wp\/wp-json\/wp\/v2\/posts"}],"about":[{"href":"https:\/\/bahiaeconomica.com.br\/wp\/wp-json\/wp\/v2\/types\/post"}],"author":[{"embeddable":true,"href":"https:\/\/bahiaeconomica.com.br\/wp\/wp-json\/wp\/v2\/users\/8"}],"replies":[{"embeddable":true,"href":"https:\/\/bahiaeconomica.com.br\/wp\/wp-json\/wp\/v2\/comments?post=861229"}],"version-history":[{"count":1,"href":"https:\/\/bahiaeconomica.com.br\/wp\/wp-json\/wp\/v2\/posts\/861229\/revisions"}],"predecessor-version":[{"id":861233,"href":"https:\/\/bahiaeconomica.com.br\/wp\/wp-json\/wp\/v2\/posts\/861229\/revisions\/861233"}],"wp:featuredmedia":[{"embeddable":true,"href":"https:\/\/bahiaeconomica.com.br\/wp\/wp-json\/wp\/v2\/media\/861231"}],"wp:attachment":[{"href":"https:\/\/bahiaeconomica.com.br\/wp\/wp-json\/wp\/v2\/media?parent=861229"}],"wp:term":[{"taxonomy":"category","embeddable":true,"href":"https:\/\/bahiaeconomica.com.br\/wp\/wp-json\/wp\/v2\/categories?post=861229"},{"taxonomy":"post_tag","embeddable":true,"href":"https:\/\/bahiaeconomica.com.br\/wp\/wp-json\/wp\/v2\/tags?post=861229"}],"curies":[{"name":"wp","href":"https:\/\/api.w.org\/{rel}","templated":true}]}}