{"id":860745,"date":"2024-11-20T05:00:00","date_gmt":"2024-11-20T08:00:00","guid":{"rendered":"https:\/\/bahiaeconomica.com.br\/wp\/?p=860745"},"modified":"2024-11-20T15:03:59","modified_gmt":"2024-11-20T18:03:59","slug":"abs-capacita-250-instaladores-e-gera-116-empregos-no-setor-solar-em-parceria-com-a-semdec","status":"publish","type":"post","link":"https:\/\/bahiaeconomica.com.br\/wp\/2024\/11\/20\/abs-capacita-250-instaladores-e-gera-116-empregos-no-setor-solar-em-parceria-com-a-semdec\/","title":{"rendered":"ABS CAPACITA 250 INSTALADORES E GERA 116 EMPREGOS NO SETOR SOLAR EM PARCERIA COM A SEMDEC"},"content":{"rendered":"<p>Em parceria com a Secretaria de Desenvolvimento Econ\u00f4mico, Emprego e Renda (SEMDEC), a Associa\u00e7\u00e3o Baiana de Energia Solar (ABS) tem se destacado na capacita\u00e7\u00e3o de instaladores de sistemas fotovoltaicos, em um projeto de forma\u00e7\u00e3o gratuita iniciado em 2023 e intensificado em 2024, contribuindo amplamente para o fortalecimento do setor de energia solar no estado da Bahia. Nos n\u00fameros acumulados de 2023 e 2024, a ABS formou 250 instaladores, com 116 profissionais inseridos no mercado de trabalho.<\/p>\n<p>Em 2023, a entidade formou 114 alunos, dos quais 98 est\u00e3o empregados no setor de energia solar. J\u00e1 em 2024, a expectativa inicial era formar 100 profissionais em cinco turmas ao longo do ano, mas o sucesso do projeto superou as metas, resultando na forma\u00e7\u00e3o de 112 alunos at\u00e9 o momento, com mais de 18 profissionais j\u00e1 atuando no mercado de trabalho, e uma sexta turma em processo de conclus\u00e3o, composta por 22 alunos. A previs\u00e3o \u00e9 que, at\u00e9 o final do m\u00eas de novembro, 136 alunos tenham conclu\u00eddo o curso, com um total de seis turmas formadas, totalizando 250 concluintes nos dois anos do projeto, que inclui aulas te\u00f3ricas e pr\u00e1ticas.<\/p>\n<p>\u201cA expectativa \u00e9 que a forma\u00e7\u00e3o de novos profissionais ajude a atender \u00e0 crescente demanda por m\u00e3o de obra qualificada, especialmente com a expans\u00e3o das usinas de energia solar na Bahia, que se posiciona como o segundo maior estado do pa\u00eds em termos de pot\u00eancia outorgada para gera\u00e7\u00e3o centralizada de energia solar\u201d, destaca Umaraci Nascimento, diretor de Desenvolvimento e Forma\u00e7\u00e3o T\u00e9cnica da ABS e coordenador da Trecon, empresa respons\u00e1vel pelo treinamento.<\/p>\n<p>Jonny, aluno da turma de sistemas fotovoltaicos em Pojuca, \u00e9 um exemplo do sucesso da iniciativa. Ap\u00f3s concluir o curso, ele conseguiu um emprego na \u00e1rea e compartilhou sua experi\u00eancia: \u201cGra\u00e7as ao curso, consegui um emprego e sou muito grato pelo conhecimento adquirido. Agora, sigo atento \u00e0s novidades do setor solar, que est\u00e1 sempre em evolu\u00e7\u00e3o\u201d, afirmou.<\/p>\n<p>A forma\u00e7\u00e3o no curso de Montador de Sistema Fotovoltaico pelo Programa Treinar para Empregar, \u00e9 um marco para o desenvolvimento econ\u00f4mico de Salvador, salienta Maria Eduarda Gordilho Lomanto, Diretora do Trabalho e Empreendedorismo da Secretaria Municipal de Desenvolvimento Econ\u00f4mico, Emprego e Renda (SEMDEC).<\/p>\n<p>\u201cCom alta incid\u00eancia solar e o aumento da busca por energia sustent\u00e1vel, a cidade se destaca como um polo de oportunidades. Por meio dessa iniciativa, apoiada pela Prefeitura e pela Semdec &#8211; secretaria de desenvolvimento, econ\u00f4mico, emprego e renda, estamos n\u00e3o apenas capacitando profissionais para um setor em plena expans\u00e3o, mas tamb\u00e9m promovendo gera\u00e7\u00e3o de renda e fortalecendo a economia local, com foco na sustentabilidade e no futuro da nossa cidade\u201d, pontua Maria Eduarda.<\/p>\n<p>Import\u00e2ncia do projeto para a economia baiana<\/p>\n<p>O principal objetivo do projeto \u00e9 fomentar a gera\u00e7\u00e3o de empregos no setor de energia solar, contribuindo diretamente para a redu\u00e7\u00e3o do desemprego no estado, que em 2023 atingiu 12% da popula\u00e7\u00e3o economicamente ativa. &#8220;Al\u00e9m de gerar mais empregos, vamos oferecer m\u00e3o de obra qualificada para as empresas de energia solar associadas \u00e0 ABS&#8221;, afirma Marcos R\u00eago, presidente da associa\u00e7\u00e3o.<\/p>\n<p>Segundo ele, a necessidade de pol\u00edticas p\u00fablicas que apoiem iniciativas como essa \u00e9 fundamental para atender ao crescimento acelerado do mercado, com um n\u00famero significativo de mega usinas em constru\u00e7\u00e3o, que exige uma oferta de m\u00e3o de obra especializada. \u201cA parceria da ABS com a SEMDEC e o sucesso do projeto representam uma importante a\u00e7\u00e3o para a sustentabilidade econ\u00f4mica da Bahia, gerando mais oportunidades e qualificando os trabalhadores locais\u201d, finaliza Marcos.<\/p>\n<p>Ivan Euler, secret\u00e1rio de Sustentabilidade, Resili\u00eancia, Bem-estar e Prote\u00e7\u00e3o Animal (Secis), celebrou a realiza\u00e7\u00e3o do curso e destacou a import\u00e2ncia do projeto para o crescimento do mercado de energia solar em Salvador. \u201cA promo\u00e7\u00e3o de fontes de energia renov\u00e1veis n\u00e3o s\u00f3 fortalece a sustentabilidade da nossa cidade, como tamb\u00e9m gera novas oportunidades de desenvolvimento econ\u00f4mico. Investir em energia solar \u00e9 investir no futuro, e estamos comprometidos em apoiar cada vez mais esse setor que traz benef\u00edcios tanto para a economia local quanto para o meio ambiente\u201d, pontua Ivan.<\/p>\n<p>Sobre a ABS<\/p>\n<p>Fundada em 2018, a Associa\u00e7\u00e3o Baiana de Energia Solar Fotovoltaica (ABS) representa as empresas de energia solar do estado e tem como objetivos principais a capacita\u00e7\u00e3o t\u00e9cnica, a atua\u00e7\u00e3o regulat\u00f3ria, a assessoria jur\u00eddica e o fortalecimento do associativismo. Com mais de 85 associados, a ABS continua a contribuir para o desenvolvimento e fortalecimento do setor de energia solar na Bahia.<\/p>\n<p>Cr\u00e9dito da foto: Jo\u00e3o Valadares<\/p>\n","protected":false},"excerpt":{"rendered":"<p>Em parceria com a Secretaria de Desenvolvimento Econ\u00f4mico, Emprego e Renda (SEMDEC), a Associa\u00e7\u00e3o Baiana de Energia Solar (ABS) tem se destacado na capacita\u00e7\u00e3o de instaladores de sistemas fotovoltaicos, em um projeto de forma\u00e7\u00e3o gratuita iniciado em 2023 e intensificado em 2024, contribuindo amplamente para o fortalecimento do setor de energia solar no estado da [&hellip;]<\/p>\n","protected":false},"author":8,"featured_media":860748,"comment_status":"closed","ping_status":"closed","sticky":false,"template":"","format":"standard","meta":[],"categories":[3,8,5],"tags":[85,1012,1046,100],"acf":[],"yoast_head":"<!-- This site is optimized with the Yoast SEO plugin v20.8 - https:\/\/yoast.com\/wordpress\/plugins\/seo\/ -->\n<title>ABS CAPACITA 250 INSTALADORES E GERA 116 EMPREGOS NO SETOR SOLAR EM PARCERIA COM A SEMDEC - Bahia Economica<\/title>\n<meta name=\"description\" content=\"O maior portal de Economia da Bahia ECONOMIA \/ POL\u00cdTICA, EMPREGOS \/ CONCURSOS, MUNIC\u00cdPIOS Bahia Economica Fundada em 2018, a Associa\u00e7\u00e3o Baiana de Energia Solar F\" \/>\n<meta name=\"robots\" content=\"index, follow, max-snippet:-1, max-image-preview:large, max-video-preview:-1\" \/>\n<link rel=\"canonical\" href=\"https:\/\/bahiaeconomica.com.br\/wp\/2024\/11\/20\/abs-capacita-250-instaladores-e-gera-116-empregos-no-setor-solar-em-parceria-com-a-semdec\/\" \/>\n<meta property=\"og:locale\" content=\"pt_BR\" \/>\n<meta property=\"og:type\" content=\"article\" \/>\n<meta property=\"og:title\" content=\"ABS CAPACITA 250 INSTALADORES E GERA 116 EMPREGOS NO SETOR SOLAR EM PARCERIA COM A SEMDEC - Bahia Economica\" \/>\n<meta property=\"og:description\" content=\"O maior portal de Economia da Bahia ECONOMIA \/ POL\u00cdTICA, EMPREGOS \/ CONCURSOS, MUNIC\u00cdPIOS Bahia Economica Fundada em 2018, a Associa\u00e7\u00e3o Baiana de Energia Solar F\" \/>\n<meta property=\"og:url\" content=\"https:\/\/bahiaeconomica.com.br\/wp\/2024\/11\/20\/abs-capacita-250-instaladores-e-gera-116-empregos-no-setor-solar-em-parceria-com-a-semdec\/\" \/>\n<meta property=\"og:site_name\" content=\"Bahia Economica\" \/>\n<meta property=\"article:publisher\" content=\"https:\/\/www.facebook.com\/bahiaeconomica\" \/>\n<meta property=\"article:published_time\" content=\"2024-11-20T08:00:00+00:00\" \/>\n<meta property=\"article:modified_time\" content=\"2024-11-20T18:03:59+00:00\" \/>\n<meta property=\"og:image\" content=\"https:\/\/bahiaeconomica.com.br\/wp\/wp-content\/uploads\/2024\/11\/WhatsApp-Image-2024-11-19-at-18.04.20.jpeg\" \/>\n\t<meta property=\"og:image:width\" content=\"1280\" \/>\n\t<meta property=\"og:image:height\" content=\"960\" \/>\n\t<meta property=\"og:image:type\" content=\"image\/jpeg\" \/>\n<meta name=\"author\" content=\"JP\" \/>\n<meta name=\"twitter:card\" content=\"summary_large_image\" \/>\n<meta name=\"twitter:label1\" content=\"Escrito por\" \/>\n\t<meta name=\"twitter:data1\" content=\"JP\" \/>\n\t<meta name=\"twitter:label2\" content=\"Est. tempo de leitura\" \/>\n\t<meta name=\"twitter:data2\" content=\"5 minutos\" \/>\n<script type=\"application\/ld+json\" class=\"yoast-schema-graph\">{\"@context\":\"https:\/\/schema.org\",\"@graph\":[{\"@type\":\"Article\",\"@id\":\"https:\/\/bahiaeconomica.com.br\/wp\/2024\/11\/20\/abs-capacita-250-instaladores-e-gera-116-empregos-no-setor-solar-em-parceria-com-a-semdec\/#article\",\"isPartOf\":{\"@id\":\"https:\/\/bahiaeconomica.com.br\/wp\/2024\/11\/20\/abs-capacita-250-instaladores-e-gera-116-empregos-no-setor-solar-em-parceria-com-a-semdec\/\"},\"author\":{\"name\":\"JP\",\"@id\":\"https:\/\/bahiaeconomica.com.br\/wp\/#\/schema\/person\/c86d3a3f8960425a0f9d0e5245991f4e\"},\"headline\":\"ABS CAPACITA 250 INSTALADORES E GERA 116 EMPREGOS NO SETOR SOLAR EM PARCERIA COM A SEMDEC\",\"datePublished\":\"2024-11-20T08:00:00+00:00\",\"dateModified\":\"2024-11-20T18:03:59+00:00\",\"mainEntityOfPage\":{\"@id\":\"https:\/\/bahiaeconomica.com.br\/wp\/2024\/11\/20\/abs-capacita-250-instaladores-e-gera-116-empregos-no-setor-solar-em-parceria-com-a-semdec\/\"},\"wordCount\":782,\"publisher\":{\"@id\":\"https:\/\/bahiaeconomica.com.br\/wp\/#organization\"},\"keywords\":[\"Bahia\",\"empregos\",\"energia\",\"Pol\u00edtica\"],\"articleSection\":[\"ECONOMIA \/ POL\u00cdTICA\",\"EMPREGOS \/ CONCURSOS\",\"MUNIC\u00cdPIOS\"],\"inLanguage\":\"pt-BR\"},{\"@type\":\"WebPage\",\"@id\":\"https:\/\/bahiaeconomica.com.br\/wp\/2024\/11\/20\/abs-capacita-250-instaladores-e-gera-116-empregos-no-setor-solar-em-parceria-com-a-semdec\/\",\"url\":\"https:\/\/bahiaeconomica.com.br\/wp\/2024\/11\/20\/abs-capacita-250-instaladores-e-gera-116-empregos-no-setor-solar-em-parceria-com-a-semdec\/\",\"name\":\"ABS CAPACITA 250 INSTALADORES E GERA 116 EMPREGOS NO SETOR SOLAR EM PARCERIA COM A SEMDEC - Bahia Economica\",\"isPartOf\":{\"@id\":\"https:\/\/bahiaeconomica.com.br\/wp\/#website\"},\"datePublished\":\"2024-11-20T08:00:00+00:00\",\"dateModified\":\"2024-11-20T18:03:59+00:00\",\"description\":\"O maior portal de Economia da Bahia ECONOMIA \/ POL\u00cdTICA, EMPREGOS \/ CONCURSOS, MUNIC\u00cdPIOS Bahia Economica Fundada em 2018, a Associa\u00e7\u00e3o Baiana de Energia Solar F\",\"breadcrumb\":{\"@id\":\"https:\/\/bahiaeconomica.com.br\/wp\/2024\/11\/20\/abs-capacita-250-instaladores-e-gera-116-empregos-no-setor-solar-em-parceria-com-a-semdec\/#breadcrumb\"},\"inLanguage\":\"pt-BR\",\"potentialAction\":[{\"@type\":\"ReadAction\",\"target\":[\"https:\/\/bahiaeconomica.com.br\/wp\/2024\/11\/20\/abs-capacita-250-instaladores-e-gera-116-empregos-no-setor-solar-em-parceria-com-a-semdec\/\"]}]},{\"@type\":\"BreadcrumbList\",\"@id\":\"https:\/\/bahiaeconomica.com.br\/wp\/2024\/11\/20\/abs-capacita-250-instaladores-e-gera-116-empregos-no-setor-solar-em-parceria-com-a-semdec\/#breadcrumb\",\"itemListElement\":[{\"@type\":\"ListItem\",\"position\":1,\"name\":\"In\u00edcio\",\"item\":\"https:\/\/bahiaeconomica.com.br\/wp\/\"},{\"@type\":\"ListItem\",\"position\":2,\"name\":\"ABS CAPACITA 250 INSTALADORES E GERA 116 EMPREGOS NO SETOR SOLAR EM PARCERIA COM A SEMDEC\"}]},{\"@type\":\"WebSite\",\"@id\":\"https:\/\/bahiaeconomica.com.br\/wp\/#website\",\"url\":\"https:\/\/bahiaeconomica.com.br\/wp\/\",\"name\":\"Bahia Economica\",\"description\":\"O maior portal de Economia da Bahia\",\"publisher\":{\"@id\":\"https:\/\/bahiaeconomica.com.br\/wp\/#organization\"},\"potentialAction\":[{\"@type\":\"SearchAction\",\"target\":{\"@type\":\"EntryPoint\",\"urlTemplate\":\"https:\/\/bahiaeconomica.com.br\/wp\/?s={search_term_string}\"},\"query-input\":\"required name=search_term_string\"}],\"inLanguage\":\"pt-BR\"},{\"@type\":\"Organization\",\"@id\":\"https:\/\/bahiaeconomica.com.br\/wp\/#organization\",\"name\":\"Bahia Econ\u00f4mica\",\"url\":\"https:\/\/bahiaeconomica.com.br\/wp\/\",\"logo\":{\"@type\":\"ImageObject\",\"inLanguage\":\"pt-BR\",\"@id\":\"https:\/\/bahiaeconomica.com.br\/wp\/#\/schema\/logo\/image\/\",\"url\":\"https:\/\/bahiaeconomica.com.br\/wp\/wp-content\/uploads\/2020\/12\/cropped-BE.png\",\"contentUrl\":\"https:\/\/bahiaeconomica.com.br\/wp\/wp-content\/uploads\/2020\/12\/cropped-BE.png\",\"width\":512,\"height\":512,\"caption\":\"Bahia Econ\u00f4mica\"},\"image\":{\"@id\":\"https:\/\/bahiaeconomica.com.br\/wp\/#\/schema\/logo\/image\/\"},\"sameAs\":[\"https:\/\/www.facebook.com\/bahiaeconomica\"]},{\"@type\":\"Person\",\"@id\":\"https:\/\/bahiaeconomica.com.br\/wp\/#\/schema\/person\/c86d3a3f8960425a0f9d0e5245991f4e\",\"name\":\"JP\",\"sameAs\":[\"https:\/\/bahiaeconomica.com.br\/wp\/beta\/\"],\"url\":\"https:\/\/bahiaeconomica.com.br\/wp\/author\/jp\/\"}]}<\/script>\n<!-- \/ Yoast SEO plugin. -->","yoast_head_json":{"title":"ABS CAPACITA 250 INSTALADORES E GERA 116 EMPREGOS NO SETOR SOLAR EM PARCERIA COM A SEMDEC - Bahia Economica","description":"O maior portal de Economia da Bahia ECONOMIA \/ POL\u00cdTICA, EMPREGOS \/ CONCURSOS, MUNIC\u00cdPIOS Bahia Economica Fundada em 2018, a Associa\u00e7\u00e3o Baiana de Energia Solar F","robots":{"index":"index","follow":"follow","max-snippet":"max-snippet:-1","max-image-preview":"max-image-preview:large","max-video-preview":"max-video-preview:-1"},"canonical":"https:\/\/bahiaeconomica.com.br\/wp\/2024\/11\/20\/abs-capacita-250-instaladores-e-gera-116-empregos-no-setor-solar-em-parceria-com-a-semdec\/","og_locale":"pt_BR","og_type":"article","og_title":"ABS CAPACITA 250 INSTALADORES E GERA 116 EMPREGOS NO SETOR SOLAR EM PARCERIA COM A SEMDEC - Bahia Economica","og_description":"O maior portal de Economia da Bahia ECONOMIA \/ POL\u00cdTICA, EMPREGOS \/ CONCURSOS, MUNIC\u00cdPIOS Bahia Economica Fundada em 2018, a Associa\u00e7\u00e3o Baiana de Energia Solar F","og_url":"https:\/\/bahiaeconomica.com.br\/wp\/2024\/11\/20\/abs-capacita-250-instaladores-e-gera-116-empregos-no-setor-solar-em-parceria-com-a-semdec\/","og_site_name":"Bahia Economica","article_publisher":"https:\/\/www.facebook.com\/bahiaeconomica","article_published_time":"2024-11-20T08:00:00+00:00","article_modified_time":"2024-11-20T18:03:59+00:00","og_image":[{"width":1280,"height":960,"url":"https:\/\/bahiaeconomica.com.br\/wp\/wp-content\/uploads\/2024\/11\/WhatsApp-Image-2024-11-19-at-18.04.20.jpeg","type":"image\/jpeg"}],"author":"JP","twitter_card":"summary_large_image","twitter_misc":{"Escrito por":"JP","Est. tempo de leitura":"5 minutos"},"schema":{"@context":"https:\/\/schema.org","@graph":[{"@type":"Article","@id":"https:\/\/bahiaeconomica.com.br\/wp\/2024\/11\/20\/abs-capacita-250-instaladores-e-gera-116-empregos-no-setor-solar-em-parceria-com-a-semdec\/#article","isPartOf":{"@id":"https:\/\/bahiaeconomica.com.br\/wp\/2024\/11\/20\/abs-capacita-250-instaladores-e-gera-116-empregos-no-setor-solar-em-parceria-com-a-semdec\/"},"author":{"name":"JP","@id":"https:\/\/bahiaeconomica.com.br\/wp\/#\/schema\/person\/c86d3a3f8960425a0f9d0e5245991f4e"},"headline":"ABS CAPACITA 250 INSTALADORES E GERA 116 EMPREGOS NO SETOR SOLAR EM PARCERIA COM A SEMDEC","datePublished":"2024-11-20T08:00:00+00:00","dateModified":"2024-11-20T18:03:59+00:00","mainEntityOfPage":{"@id":"https:\/\/bahiaeconomica.com.br\/wp\/2024\/11\/20\/abs-capacita-250-instaladores-e-gera-116-empregos-no-setor-solar-em-parceria-com-a-semdec\/"},"wordCount":782,"publisher":{"@id":"https:\/\/bahiaeconomica.com.br\/wp\/#organization"},"keywords":["Bahia","empregos","energia","Pol\u00edtica"],"articleSection":["ECONOMIA \/ POL\u00cdTICA","EMPREGOS \/ CONCURSOS","MUNIC\u00cdPIOS"],"inLanguage":"pt-BR"},{"@type":"WebPage","@id":"https:\/\/bahiaeconomica.com.br\/wp\/2024\/11\/20\/abs-capacita-250-instaladores-e-gera-116-empregos-no-setor-solar-em-parceria-com-a-semdec\/","url":"https:\/\/bahiaeconomica.com.br\/wp\/2024\/11\/20\/abs-capacita-250-instaladores-e-gera-116-empregos-no-setor-solar-em-parceria-com-a-semdec\/","name":"ABS CAPACITA 250 INSTALADORES E GERA 116 EMPREGOS NO SETOR SOLAR EM PARCERIA COM A SEMDEC - Bahia Economica","isPartOf":{"@id":"https:\/\/bahiaeconomica.com.br\/wp\/#website"},"datePublished":"2024-11-20T08:00:00+00:00","dateModified":"2024-11-20T18:03:59+00:00","description":"O maior portal de Economia da Bahia ECONOMIA \/ POL\u00cdTICA, EMPREGOS \/ CONCURSOS, MUNIC\u00cdPIOS Bahia Economica Fundada em 2018, a Associa\u00e7\u00e3o Baiana de Energia Solar F","breadcrumb":{"@id":"https:\/\/bahiaeconomica.com.br\/wp\/2024\/11\/20\/abs-capacita-250-instaladores-e-gera-116-empregos-no-setor-solar-em-parceria-com-a-semdec\/#breadcrumb"},"inLanguage":"pt-BR","potentialAction":[{"@type":"ReadAction","target":["https:\/\/bahiaeconomica.com.br\/wp\/2024\/11\/20\/abs-capacita-250-instaladores-e-gera-116-empregos-no-setor-solar-em-parceria-com-a-semdec\/"]}]},{"@type":"BreadcrumbList","@id":"https:\/\/bahiaeconomica.com.br\/wp\/2024\/11\/20\/abs-capacita-250-instaladores-e-gera-116-empregos-no-setor-solar-em-parceria-com-a-semdec\/#breadcrumb","itemListElement":[{"@type":"ListItem","position":1,"name":"In\u00edcio","item":"https:\/\/bahiaeconomica.com.br\/wp\/"},{"@type":"ListItem","position":2,"name":"ABS CAPACITA 250 INSTALADORES E GERA 116 EMPREGOS NO SETOR SOLAR EM PARCERIA COM A SEMDEC"}]},{"@type":"WebSite","@id":"https:\/\/bahiaeconomica.com.br\/wp\/#website","url":"https:\/\/bahiaeconomica.com.br\/wp\/","name":"Bahia Economica","description":"O maior portal de Economia da Bahia","publisher":{"@id":"https:\/\/bahiaeconomica.com.br\/wp\/#organization"},"potentialAction":[{"@type":"SearchAction","target":{"@type":"EntryPoint","urlTemplate":"https:\/\/bahiaeconomica.com.br\/wp\/?s={search_term_string}"},"query-input":"required name=search_term_string"}],"inLanguage":"pt-BR"},{"@type":"Organization","@id":"https:\/\/bahiaeconomica.com.br\/wp\/#organization","name":"Bahia Econ\u00f4mica","url":"https:\/\/bahiaeconomica.com.br\/wp\/","logo":{"@type":"ImageObject","inLanguage":"pt-BR","@id":"https:\/\/bahiaeconomica.com.br\/wp\/#\/schema\/logo\/image\/","url":"https:\/\/bahiaeconomica.com.br\/wp\/wp-content\/uploads\/2020\/12\/cropped-BE.png","contentUrl":"https:\/\/bahiaeconomica.com.br\/wp\/wp-content\/uploads\/2020\/12\/cropped-BE.png","width":512,"height":512,"caption":"Bahia Econ\u00f4mica"},"image":{"@id":"https:\/\/bahiaeconomica.com.br\/wp\/#\/schema\/logo\/image\/"},"sameAs":["https:\/\/www.facebook.com\/bahiaeconomica"]},{"@type":"Person","@id":"https:\/\/bahiaeconomica.com.br\/wp\/#\/schema\/person\/c86d3a3f8960425a0f9d0e5245991f4e","name":"JP","sameAs":["https:\/\/bahiaeconomica.com.br\/wp\/beta\/"],"url":"https:\/\/bahiaeconomica.com.br\/wp\/author\/jp\/"}]}},"views":118,"_links":{"self":[{"href":"https:\/\/bahiaeconomica.com.br\/wp\/wp-json\/wp\/v2\/posts\/860745"}],"collection":[{"href":"https:\/\/bahiaeconomica.com.br\/wp\/wp-json\/wp\/v2\/posts"}],"about":[{"href":"https:\/\/bahiaeconomica.com.br\/wp\/wp-json\/wp\/v2\/types\/post"}],"author":[{"embeddable":true,"href":"https:\/\/bahiaeconomica.com.br\/wp\/wp-json\/wp\/v2\/users\/8"}],"replies":[{"embeddable":true,"href":"https:\/\/bahiaeconomica.com.br\/wp\/wp-json\/wp\/v2\/comments?post=860745"}],"version-history":[{"count":1,"href":"https:\/\/bahiaeconomica.com.br\/wp\/wp-json\/wp\/v2\/posts\/860745\/revisions"}],"predecessor-version":[{"id":860747,"href":"https:\/\/bahiaeconomica.com.br\/wp\/wp-json\/wp\/v2\/posts\/860745\/revisions\/860747"}],"wp:featuredmedia":[{"embeddable":true,"href":"https:\/\/bahiaeconomica.com.br\/wp\/wp-json\/wp\/v2\/media\/860748"}],"wp:attachment":[{"href":"https:\/\/bahiaeconomica.com.br\/wp\/wp-json\/wp\/v2\/media?parent=860745"}],"wp:term":[{"taxonomy":"category","embeddable":true,"href":"https:\/\/bahiaeconomica.com.br\/wp\/wp-json\/wp\/v2\/categories?post=860745"},{"taxonomy":"post_tag","embeddable":true,"href":"https:\/\/bahiaeconomica.com.br\/wp\/wp-json\/wp\/v2\/tags?post=860745"}],"curies":[{"name":"wp","href":"https:\/\/api.w.org\/{rel}","templated":true}]}}