{"id":860054,"date":"2024-11-18T09:40:55","date_gmt":"2024-11-18T12:40:55","guid":{"rendered":"https:\/\/bahiaeconomica.com.br\/wp\/?p=860054"},"modified":"2024-11-18T09:14:51","modified_gmt":"2024-11-18T12:14:51","slug":"jornalistas-especializados-indicam-hassan-entre-os-dez-deputados-mais-atuantes","status":"publish","type":"post","link":"https:\/\/bahiaeconomica.com.br\/wp\/2024\/11\/18\/jornalistas-especializados-indicam-hassan-entre-os-dez-deputados-mais-atuantes\/","title":{"rendered":"JORNALISTAS ESPECIALIZADOS INDICAM HASSAN ENTRE OS DEZ DEPUTADOS MAIS ATUANTES"},"content":{"rendered":"<p>Eleito com os votos de 60.718 baianos e baianas de 284 munic\u00edpios, o deputado estadual Hassan (PP), firma-se a cada dia como um dos parlamentares mais atuantes e influentes do legislativo baiano. No ano passado, seu primeiro ano na Assembleia Legislativa da Bahia (Alba), Hassan teve seu trabalho ressaltado por ve\u00edculo especializado em cobertura pol\u00edtica, que o destacou como o quinto mais atuante (Top 5) entre os 63 deputados que mais apresentaram proposi\u00e7\u00f5es. Agora, chegando ao final do segundo ano do mandato, jornalistas credenciados no Comit\u00ea de Imprensa Edson Alves, colocaram Hassan no Top 10, entre os deputados que mais se destacaram na atua\u00e7\u00e3o parlamentar, participa\u00e7\u00e3o nas comiss\u00f5es, no plen\u00e1rio, bastidores e trabalho por suas bases.<\/p>\n<p>Pautando seu mandato na defesa do municipalismo, defendendo pautas que visam o desenvolvimento da Bahia como um todo, Hassan tem sido reconhecido e aplaudido por sua postura tranquila, sensibilidade e sua capacidade como articulador pol\u00edtico. A atua\u00e7\u00e3o de Hassan nas elei\u00e7\u00f5es municipais deste ano foi motivo de muitos elogios no legislativo baiano, pelo fato do deputado, articulado com o prefeito de Jequi\u00e9, Z\u00e9 Coc\u00e1, ter apoiado e eleito 17 prefeitos, ampliando sua base pol\u00edtica.<\/p>\n<p>O deputado Hassan, ao ser informado de sua escolha no Top 10 disse que \u201c\u00e9 com alegria que recebemos a not\u00edcia de que fomos escolhidos entre os 10 parlamentares destaques da Alba em 2024, em vota\u00e7\u00e3o secreta dos jornalistas credenciados que fazem cobertura regularmente das atividades da Casa Legislativa\u201d. Ele destacou que \u201ca indica\u00e7\u00e3o do nosso nome, \u00e9 um reconhecimento muito especial ao trabalho que desempenhamos e uma importante sinaliza\u00e7\u00e3o de que estamos no caminho certo, na busca por avan\u00e7os e melhorias em prol de todos os baianos\u201d, e agradeceu aos jornalistas pela elei\u00e7\u00e3o.<\/p>\n<p>Para o deputado, o reconhecimento de sua atua\u00e7\u00e3o no parlamento baiano por ve\u00edculos e jornalistas especializados representa forte est\u00edmulo para continuar a luta em prol do desenvolvimento dos munic\u00edpios do M\u00e9dio Rio de Contas e Vale do Jiquiri\u00e7\u00e1, e em suma, por toda Bahia. \u201cNosso trabalho parlamentar est\u00e1 sendo pautado com a\u00e7\u00f5es para contribuir para o desenvolvimento da nossa Bahia, com um olhar especial para promover o fortalecimento das nossas cidades e bem-estar social do nosso povo\u201d, finalizou Hassan.<\/p>\n<p>&nbsp;<\/p>\n<p>Foto \u2013 Euro Am\u00e2ncio<\/p>\n","protected":false},"excerpt":{"rendered":"<p>Eleito com os votos de 60.718 baianos e baianas de 284 munic\u00edpios, o deputado estadual Hassan (PP), firma-se a cada dia como um dos parlamentares mais atuantes e influentes do legislativo baiano. No ano passado, seu primeiro ano na Assembleia Legislativa da Bahia (Alba), Hassan teve seu trabalho ressaltado por ve\u00edculo especializado em cobertura pol\u00edtica, [&hellip;]<\/p>\n","protected":false},"author":8,"featured_media":860055,"comment_status":"closed","ping_status":"closed","sticky":false,"template":"","format":"standard","meta":[],"categories":[5,14601],"tags":[16492,284,100],"acf":[],"yoast_head":"<!-- This site is optimized with the Yoast SEO plugin v20.8 - https:\/\/yoast.com\/wordpress\/plugins\/seo\/ -->\n<title>JORNALISTAS ESPECIALIZADOS INDICAM HASSAN ENTRE OS DEZ DEPUTADOS MAIS ATUANTES - Bahia Economica<\/title>\n<meta name=\"description\" content=\"O maior portal de Economia da Bahia MUNIC\u00cdPIOS, Pol\u00edtica Bahia Economica O deputado Hassan, ao ser informado de sua escolha no Top 10 disse\" \/>\n<meta name=\"robots\" content=\"index, follow, max-snippet:-1, max-image-preview:large, max-video-preview:-1\" \/>\n<link rel=\"canonical\" href=\"https:\/\/bahiaeconomica.com.br\/wp\/2024\/11\/18\/jornalistas-especializados-indicam-hassan-entre-os-dez-deputados-mais-atuantes\/\" \/>\n<meta property=\"og:locale\" content=\"pt_BR\" \/>\n<meta property=\"og:type\" content=\"article\" \/>\n<meta property=\"og:title\" content=\"JORNALISTAS ESPECIALIZADOS INDICAM HASSAN ENTRE OS DEZ DEPUTADOS MAIS ATUANTES - Bahia Economica\" \/>\n<meta property=\"og:description\" content=\"O maior portal de Economia da Bahia MUNIC\u00cdPIOS, Pol\u00edtica Bahia Economica O deputado Hassan, ao ser informado de sua escolha no Top 10 disse\" \/>\n<meta property=\"og:url\" content=\"https:\/\/bahiaeconomica.com.br\/wp\/2024\/11\/18\/jornalistas-especializados-indicam-hassan-entre-os-dez-deputados-mais-atuantes\/\" \/>\n<meta property=\"og:site_name\" content=\"Bahia Economica\" \/>\n<meta property=\"article:publisher\" content=\"https:\/\/www.facebook.com\/bahiaeconomica\" \/>\n<meta property=\"article:published_time\" content=\"2024-11-18T12:40:55+00:00\" \/>\n<meta property=\"article:modified_time\" content=\"2024-11-18T12:14:51+00:00\" \/>\n<meta property=\"og:image\" content=\"https:\/\/bahiaeconomica.com.br\/wp\/wp-content\/uploads\/2024\/11\/WhatsApp-Image-2024-11-18-at-08.22.29.jpeg\" \/>\n\t<meta property=\"og:image:width\" content=\"852\" \/>\n\t<meta property=\"og:image:height\" content=\"848\" \/>\n\t<meta property=\"og:image:type\" content=\"image\/jpeg\" \/>\n<meta name=\"author\" content=\"JP\" \/>\n<meta name=\"twitter:card\" content=\"summary_large_image\" \/>\n<meta name=\"twitter:label1\" content=\"Escrito por\" \/>\n\t<meta name=\"twitter:data1\" content=\"JP\" \/>\n\t<meta name=\"twitter:label2\" content=\"Est. tempo de leitura\" \/>\n\t<meta name=\"twitter:data2\" content=\"3 minutos\" \/>\n<script type=\"application\/ld+json\" class=\"yoast-schema-graph\">{\"@context\":\"https:\/\/schema.org\",\"@graph\":[{\"@type\":\"Article\",\"@id\":\"https:\/\/bahiaeconomica.com.br\/wp\/2024\/11\/18\/jornalistas-especializados-indicam-hassan-entre-os-dez-deputados-mais-atuantes\/#article\",\"isPartOf\":{\"@id\":\"https:\/\/bahiaeconomica.com.br\/wp\/2024\/11\/18\/jornalistas-especializados-indicam-hassan-entre-os-dez-deputados-mais-atuantes\/\"},\"author\":{\"name\":\"JP\",\"@id\":\"https:\/\/bahiaeconomica.com.br\/wp\/#\/schema\/person\/c86d3a3f8960425a0f9d0e5245991f4e\"},\"headline\":\"JORNALISTAS ESPECIALIZADOS INDICAM HASSAN ENTRE OS DEZ DEPUTADOS MAIS ATUANTES\",\"datePublished\":\"2024-11-18T12:40:55+00:00\",\"dateModified\":\"2024-11-18T12:14:51+00:00\",\"mainEntityOfPage\":{\"@id\":\"https:\/\/bahiaeconomica.com.br\/wp\/2024\/11\/18\/jornalistas-especializados-indicam-hassan-entre-os-dez-deputados-mais-atuantes\/\"},\"wordCount\":391,\"publisher\":{\"@id\":\"https:\/\/bahiaeconomica.com.br\/wp\/#organization\"},\"keywords\":[\"hassam\",\"jornalistas\",\"Pol\u00edtica\"],\"articleSection\":[\"MUNIC\u00cdPIOS\",\"Pol\u00edtica\"],\"inLanguage\":\"pt-BR\"},{\"@type\":\"WebPage\",\"@id\":\"https:\/\/bahiaeconomica.com.br\/wp\/2024\/11\/18\/jornalistas-especializados-indicam-hassan-entre-os-dez-deputados-mais-atuantes\/\",\"url\":\"https:\/\/bahiaeconomica.com.br\/wp\/2024\/11\/18\/jornalistas-especializados-indicam-hassan-entre-os-dez-deputados-mais-atuantes\/\",\"name\":\"JORNALISTAS ESPECIALIZADOS INDICAM HASSAN ENTRE OS DEZ DEPUTADOS MAIS ATUANTES - Bahia Economica\",\"isPartOf\":{\"@id\":\"https:\/\/bahiaeconomica.com.br\/wp\/#website\"},\"datePublished\":\"2024-11-18T12:40:55+00:00\",\"dateModified\":\"2024-11-18T12:14:51+00:00\",\"description\":\"O maior portal de Economia da Bahia MUNIC\u00cdPIOS, Pol\u00edtica Bahia Economica O deputado Hassan, ao ser informado de sua escolha no Top 10 disse\",\"breadcrumb\":{\"@id\":\"https:\/\/bahiaeconomica.com.br\/wp\/2024\/11\/18\/jornalistas-especializados-indicam-hassan-entre-os-dez-deputados-mais-atuantes\/#breadcrumb\"},\"inLanguage\":\"pt-BR\",\"potentialAction\":[{\"@type\":\"ReadAction\",\"target\":[\"https:\/\/bahiaeconomica.com.br\/wp\/2024\/11\/18\/jornalistas-especializados-indicam-hassan-entre-os-dez-deputados-mais-atuantes\/\"]}]},{\"@type\":\"BreadcrumbList\",\"@id\":\"https:\/\/bahiaeconomica.com.br\/wp\/2024\/11\/18\/jornalistas-especializados-indicam-hassan-entre-os-dez-deputados-mais-atuantes\/#breadcrumb\",\"itemListElement\":[{\"@type\":\"ListItem\",\"position\":1,\"name\":\"In\u00edcio\",\"item\":\"https:\/\/bahiaeconomica.com.br\/wp\/\"},{\"@type\":\"ListItem\",\"position\":2,\"name\":\"JORNALISTAS ESPECIALIZADOS INDICAM HASSAN ENTRE OS DEZ DEPUTADOS MAIS ATUANTES\"}]},{\"@type\":\"WebSite\",\"@id\":\"https:\/\/bahiaeconomica.com.br\/wp\/#website\",\"url\":\"https:\/\/bahiaeconomica.com.br\/wp\/\",\"name\":\"Bahia Economica\",\"description\":\"O maior portal de Economia da Bahia\",\"publisher\":{\"@id\":\"https:\/\/bahiaeconomica.com.br\/wp\/#organization\"},\"potentialAction\":[{\"@type\":\"SearchAction\",\"target\":{\"@type\":\"EntryPoint\",\"urlTemplate\":\"https:\/\/bahiaeconomica.com.br\/wp\/?s={search_term_string}\"},\"query-input\":\"required name=search_term_string\"}],\"inLanguage\":\"pt-BR\"},{\"@type\":\"Organization\",\"@id\":\"https:\/\/bahiaeconomica.com.br\/wp\/#organization\",\"name\":\"Bahia Econ\u00f4mica\",\"url\":\"https:\/\/bahiaeconomica.com.br\/wp\/\",\"logo\":{\"@type\":\"ImageObject\",\"inLanguage\":\"pt-BR\",\"@id\":\"https:\/\/bahiaeconomica.com.br\/wp\/#\/schema\/logo\/image\/\",\"url\":\"https:\/\/bahiaeconomica.com.br\/wp\/wp-content\/uploads\/2020\/12\/cropped-BE.png\",\"contentUrl\":\"https:\/\/bahiaeconomica.com.br\/wp\/wp-content\/uploads\/2020\/12\/cropped-BE.png\",\"width\":512,\"height\":512,\"caption\":\"Bahia Econ\u00f4mica\"},\"image\":{\"@id\":\"https:\/\/bahiaeconomica.com.br\/wp\/#\/schema\/logo\/image\/\"},\"sameAs\":[\"https:\/\/www.facebook.com\/bahiaeconomica\"]},{\"@type\":\"Person\",\"@id\":\"https:\/\/bahiaeconomica.com.br\/wp\/#\/schema\/person\/c86d3a3f8960425a0f9d0e5245991f4e\",\"name\":\"JP\",\"sameAs\":[\"https:\/\/bahiaeconomica.com.br\/wp\/beta\/\"],\"url\":\"https:\/\/bahiaeconomica.com.br\/wp\/author\/jp\/\"}]}<\/script>\n<!-- \/ Yoast SEO plugin. -->","yoast_head_json":{"title":"JORNALISTAS ESPECIALIZADOS INDICAM HASSAN ENTRE OS DEZ DEPUTADOS MAIS ATUANTES - Bahia Economica","description":"O maior portal de Economia da Bahia MUNIC\u00cdPIOS, Pol\u00edtica Bahia Economica O deputado Hassan, ao ser informado de sua escolha no Top 10 disse","robots":{"index":"index","follow":"follow","max-snippet":"max-snippet:-1","max-image-preview":"max-image-preview:large","max-video-preview":"max-video-preview:-1"},"canonical":"https:\/\/bahiaeconomica.com.br\/wp\/2024\/11\/18\/jornalistas-especializados-indicam-hassan-entre-os-dez-deputados-mais-atuantes\/","og_locale":"pt_BR","og_type":"article","og_title":"JORNALISTAS ESPECIALIZADOS INDICAM HASSAN ENTRE OS DEZ DEPUTADOS MAIS ATUANTES - Bahia Economica","og_description":"O maior portal de Economia da Bahia MUNIC\u00cdPIOS, Pol\u00edtica Bahia Economica O deputado Hassan, ao ser informado de sua escolha no Top 10 disse","og_url":"https:\/\/bahiaeconomica.com.br\/wp\/2024\/11\/18\/jornalistas-especializados-indicam-hassan-entre-os-dez-deputados-mais-atuantes\/","og_site_name":"Bahia Economica","article_publisher":"https:\/\/www.facebook.com\/bahiaeconomica","article_published_time":"2024-11-18T12:40:55+00:00","article_modified_time":"2024-11-18T12:14:51+00:00","og_image":[{"width":852,"height":848,"url":"https:\/\/bahiaeconomica.com.br\/wp\/wp-content\/uploads\/2024\/11\/WhatsApp-Image-2024-11-18-at-08.22.29.jpeg","type":"image\/jpeg"}],"author":"JP","twitter_card":"summary_large_image","twitter_misc":{"Escrito por":"JP","Est. tempo de leitura":"3 minutos"},"schema":{"@context":"https:\/\/schema.org","@graph":[{"@type":"Article","@id":"https:\/\/bahiaeconomica.com.br\/wp\/2024\/11\/18\/jornalistas-especializados-indicam-hassan-entre-os-dez-deputados-mais-atuantes\/#article","isPartOf":{"@id":"https:\/\/bahiaeconomica.com.br\/wp\/2024\/11\/18\/jornalistas-especializados-indicam-hassan-entre-os-dez-deputados-mais-atuantes\/"},"author":{"name":"JP","@id":"https:\/\/bahiaeconomica.com.br\/wp\/#\/schema\/person\/c86d3a3f8960425a0f9d0e5245991f4e"},"headline":"JORNALISTAS ESPECIALIZADOS INDICAM HASSAN ENTRE OS DEZ DEPUTADOS MAIS ATUANTES","datePublished":"2024-11-18T12:40:55+00:00","dateModified":"2024-11-18T12:14:51+00:00","mainEntityOfPage":{"@id":"https:\/\/bahiaeconomica.com.br\/wp\/2024\/11\/18\/jornalistas-especializados-indicam-hassan-entre-os-dez-deputados-mais-atuantes\/"},"wordCount":391,"publisher":{"@id":"https:\/\/bahiaeconomica.com.br\/wp\/#organization"},"keywords":["hassam","jornalistas","Pol\u00edtica"],"articleSection":["MUNIC\u00cdPIOS","Pol\u00edtica"],"inLanguage":"pt-BR"},{"@type":"WebPage","@id":"https:\/\/bahiaeconomica.com.br\/wp\/2024\/11\/18\/jornalistas-especializados-indicam-hassan-entre-os-dez-deputados-mais-atuantes\/","url":"https:\/\/bahiaeconomica.com.br\/wp\/2024\/11\/18\/jornalistas-especializados-indicam-hassan-entre-os-dez-deputados-mais-atuantes\/","name":"JORNALISTAS ESPECIALIZADOS INDICAM HASSAN ENTRE OS DEZ DEPUTADOS MAIS ATUANTES - Bahia Economica","isPartOf":{"@id":"https:\/\/bahiaeconomica.com.br\/wp\/#website"},"datePublished":"2024-11-18T12:40:55+00:00","dateModified":"2024-11-18T12:14:51+00:00","description":"O maior portal de Economia da Bahia MUNIC\u00cdPIOS, Pol\u00edtica Bahia Economica O deputado Hassan, ao ser informado de sua escolha no Top 10 disse","breadcrumb":{"@id":"https:\/\/bahiaeconomica.com.br\/wp\/2024\/11\/18\/jornalistas-especializados-indicam-hassan-entre-os-dez-deputados-mais-atuantes\/#breadcrumb"},"inLanguage":"pt-BR","potentialAction":[{"@type":"ReadAction","target":["https:\/\/bahiaeconomica.com.br\/wp\/2024\/11\/18\/jornalistas-especializados-indicam-hassan-entre-os-dez-deputados-mais-atuantes\/"]}]},{"@type":"BreadcrumbList","@id":"https:\/\/bahiaeconomica.com.br\/wp\/2024\/11\/18\/jornalistas-especializados-indicam-hassan-entre-os-dez-deputados-mais-atuantes\/#breadcrumb","itemListElement":[{"@type":"ListItem","position":1,"name":"In\u00edcio","item":"https:\/\/bahiaeconomica.com.br\/wp\/"},{"@type":"ListItem","position":2,"name":"JORNALISTAS ESPECIALIZADOS INDICAM HASSAN ENTRE OS DEZ DEPUTADOS MAIS ATUANTES"}]},{"@type":"WebSite","@id":"https:\/\/bahiaeconomica.com.br\/wp\/#website","url":"https:\/\/bahiaeconomica.com.br\/wp\/","name":"Bahia Economica","description":"O maior portal de Economia da Bahia","publisher":{"@id":"https:\/\/bahiaeconomica.com.br\/wp\/#organization"},"potentialAction":[{"@type":"SearchAction","target":{"@type":"EntryPoint","urlTemplate":"https:\/\/bahiaeconomica.com.br\/wp\/?s={search_term_string}"},"query-input":"required name=search_term_string"}],"inLanguage":"pt-BR"},{"@type":"Organization","@id":"https:\/\/bahiaeconomica.com.br\/wp\/#organization","name":"Bahia Econ\u00f4mica","url":"https:\/\/bahiaeconomica.com.br\/wp\/","logo":{"@type":"ImageObject","inLanguage":"pt-BR","@id":"https:\/\/bahiaeconomica.com.br\/wp\/#\/schema\/logo\/image\/","url":"https:\/\/bahiaeconomica.com.br\/wp\/wp-content\/uploads\/2020\/12\/cropped-BE.png","contentUrl":"https:\/\/bahiaeconomica.com.br\/wp\/wp-content\/uploads\/2020\/12\/cropped-BE.png","width":512,"height":512,"caption":"Bahia Econ\u00f4mica"},"image":{"@id":"https:\/\/bahiaeconomica.com.br\/wp\/#\/schema\/logo\/image\/"},"sameAs":["https:\/\/www.facebook.com\/bahiaeconomica"]},{"@type":"Person","@id":"https:\/\/bahiaeconomica.com.br\/wp\/#\/schema\/person\/c86d3a3f8960425a0f9d0e5245991f4e","name":"JP","sameAs":["https:\/\/bahiaeconomica.com.br\/wp\/beta\/"],"url":"https:\/\/bahiaeconomica.com.br\/wp\/author\/jp\/"}]}},"views":21,"_links":{"self":[{"href":"https:\/\/bahiaeconomica.com.br\/wp\/wp-json\/wp\/v2\/posts\/860054"}],"collection":[{"href":"https:\/\/bahiaeconomica.com.br\/wp\/wp-json\/wp\/v2\/posts"}],"about":[{"href":"https:\/\/bahiaeconomica.com.br\/wp\/wp-json\/wp\/v2\/types\/post"}],"author":[{"embeddable":true,"href":"https:\/\/bahiaeconomica.com.br\/wp\/wp-json\/wp\/v2\/users\/8"}],"replies":[{"embeddable":true,"href":"https:\/\/bahiaeconomica.com.br\/wp\/wp-json\/wp\/v2\/comments?post=860054"}],"version-history":[{"count":1,"href":"https:\/\/bahiaeconomica.com.br\/wp\/wp-json\/wp\/v2\/posts\/860054\/revisions"}],"predecessor-version":[{"id":860056,"href":"https:\/\/bahiaeconomica.com.br\/wp\/wp-json\/wp\/v2\/posts\/860054\/revisions\/860056"}],"wp:featuredmedia":[{"embeddable":true,"href":"https:\/\/bahiaeconomica.com.br\/wp\/wp-json\/wp\/v2\/media\/860055"}],"wp:attachment":[{"href":"https:\/\/bahiaeconomica.com.br\/wp\/wp-json\/wp\/v2\/media?parent=860054"}],"wp:term":[{"taxonomy":"category","embeddable":true,"href":"https:\/\/bahiaeconomica.com.br\/wp\/wp-json\/wp\/v2\/categories?post=860054"},{"taxonomy":"post_tag","embeddable":true,"href":"https:\/\/bahiaeconomica.com.br\/wp\/wp-json\/wp\/v2\/tags?post=860054"}],"curies":[{"name":"wp","href":"https:\/\/api.w.org\/{rel}","templated":true}]}}