{"id":859478,"date":"2024-11-13T05:00:52","date_gmt":"2024-11-13T08:00:52","guid":{"rendered":"https:\/\/bahiaeconomica.com.br\/wp\/?p=859478"},"modified":"2024-11-13T20:50:57","modified_gmt":"2024-11-13T23:50:57","slug":"ac-comunicacao-e-a-nova-agencia-de-assessoria-de-comunicacao-da-byd-auto-do-brasil-na-bahia","status":"publish","type":"post","link":"https:\/\/bahiaeconomica.com.br\/wp\/2024\/11\/13\/ac-comunicacao-e-a-nova-agencia-de-assessoria-de-comunicacao-da-byd-auto-do-brasil-na-bahia\/","title":{"rendered":"AC COMUNICA\u00c7\u00c3O \u00c9 A NOVA AG\u00caNCIA DE ASSESSORIA DE COMUNICA\u00c7\u00c3O DA BYD AUTO DO BRASIL NA BAHIA"},"content":{"rendered":"<p>A BYD Auto do Brasil \u00e9 a mais nova empresa assessorada pela AC Comunica\u00e7\u00e3o, ag\u00eancia soteropolitana, especializada em comunica\u00e7\u00e3o corporativa, com quase tr\u00eas d\u00e9cadas de experi\u00eancia no mercado. Durante a parceria com a BYD Auto do Brasil, o atendimento ser\u00e1 focado em divulgar para todo o estado informa\u00e7\u00f5es e novidades sobre a marca, a f\u00e1brica de Cama\u00e7ari e outras a\u00e7\u00f5es da greentech na Bahia. A equipe da AC tamb\u00e9m ficar\u00e1 respons\u00e1vel por atender \u00e0s demandas de jornalistas, influenciadores e formadores de opini\u00e3o de Salvador, regi\u00e3o metropolitana e interior do estado.<\/p>\n<p>\u201cEstamos muito felizes com a parceria da AC Comunica\u00e7\u00e3o, uma das ag\u00eancias mais tradicionais de Salvador. Temos a certeza de que o conhecimento e a experi\u00eancia dos seus profissionais est\u00e3o alinhados com o prop\u00f3sito da BYD no Brasil. Temos muitas a\u00e7\u00f5es para refor\u00e7ar ainda mais o crescimento da nossa companhia no estado da Bahia e no Brasil como um todo.\u201d, comemora Alexandre Baldy, vice-presidente s\u00eanior da BYD no Brasil e Head Comercial e Marketing da BYD Auto.<\/p>\n<p>Sediada em Salvador, a AC atua desde 1995 no segmento de assessoria de comunica\u00e7\u00e3o empresarial nos mercados baiano e nacional. Com uma equipe formada por profissionais capacitados, em constante processo de atualiza\u00e7\u00e3o, a AC ocupa importante espa\u00e7o no mercado de ag\u00eancias de comunica\u00e7\u00e3o, resultado da qualidade e da credibilidade dos servi\u00e7os, que se refletem ainda na conquista de admira\u00e7\u00e3o e reconhecimento de clientes e outros players do setor.<\/p>\n<p>\u201cNossa miss\u00e3o ser\u00e1 fortalecer a presen\u00e7a da BYD Auto do Brasil na imprensa local, aproximando a empresa de tecnologia com os ve\u00edculos e jornalistas locais. Tenho convic\u00e7\u00e3o que ser\u00e1 uma parceria que vai render muitos frutos\u201d, celebra o diretor da AC Comunica\u00e7\u00e3o, Andr\u00e9 Filho. Al\u00e9m da AC Comunica\u00e7\u00e3o na Bahia, a BYD conta com o apoio da FSB como ag\u00eancia de rela\u00e7\u00f5es p\u00fablicas nacional da companhia.<\/p>\n<p>Sobre a BYD<\/p>\n<p>L\u00edder na comercializa\u00e7\u00e3o de ve\u00edculos el\u00e9tricos no Brasil e consolidada na fabrica\u00e7\u00e3o de tecnologia de energia solar, a BYD vem expandindo sua atua\u00e7\u00e3o no pa\u00eds, desde sua chegada em 2013. Compromissada em cuidar do planeta e investir na transi\u00e7\u00e3o energ\u00e9tica sem emiss\u00e3o de poluentes, a empresa possui em solo nacional f\u00e1bricas de montagem de chassis de \u00f4nibus 100% el\u00e9tricos e de produ\u00e7\u00e3o de m\u00f3dulos fotovoltaicos, ambas em Campinas (SP). Tem tamb\u00e9m no Polo Industrial de Manaus (AM), uma unidade dedicada \u00e0 produ\u00e7\u00e3o de baterias de fosfato de ferro-l\u00edtio. Al\u00e9m disso, importa empilhadeiras, paleteiras, rebocadores e caminh\u00f5es para o Brasil, todos 100% el\u00e9tricos. Em novembro de 2021, come\u00e7ou a comercializa\u00e7\u00e3o de autom\u00f3veis de passeio no pa\u00eds e j\u00e1 conta com diversos modelos e uma rede consolidada de concession\u00e1rias em opera\u00e7\u00e3o. No ano passado deu in\u00edcio ao projeto para a constru\u00e7\u00e3o do Complexo de Cama\u00e7ari, na Bahia, onde vai instalar a primeira f\u00e1brica de carros fora da \u00c1sia. A companhia ainda \u00e9 respons\u00e1vel por um projeto de SkyRail (monotrilho) na cidade de S\u00e3o Paulo (SP) (Linha 17 \u2013 Ouro do metr\u00f4). Em mar\u00e7o de 2024, lan\u00e7ou uma solu\u00e7\u00e3o completa de carregadores que trar\u00e3o ainda mais conveni\u00eancia aos usu\u00e1rios de autom\u00f3veis eletrificados. Eleita pela revista americana Times como uma das 100 empresas mais influentes do mundo, a BYD integra o Pacto Global das Na\u00e7\u00f5es Unidas (ONU), uma iniciativa que fornece diretrizes para a promo\u00e7\u00e3o do crescimento sustent\u00e1vel e da cidadania, por meio de lideran\u00e7as corporativas comprometidas e inovadoras.<\/p>\n","protected":false},"excerpt":{"rendered":"<p>A BYD Auto do Brasil \u00e9 a mais nova empresa assessorada pela AC Comunica\u00e7\u00e3o, ag\u00eancia soteropolitana, especializada em comunica\u00e7\u00e3o corporativa, com quase tr\u00eas d\u00e9cadas de experi\u00eancia no mercado. Durante a parceria com a BYD Auto do Brasil, o atendimento ser\u00e1 focado em divulgar para todo o estado informa\u00e7\u00f5es e novidades sobre a marca, a f\u00e1brica [&hellip;]<\/p>\n","protected":false},"author":8,"featured_media":859479,"comment_status":"closed","ping_status":"closed","sticky":false,"template":"","format":"standard","meta":[],"categories":[3],"tags":[],"acf":[],"yoast_head":"<!-- This site is optimized with the Yoast SEO plugin v20.8 - https:\/\/yoast.com\/wordpress\/plugins\/seo\/ -->\n<title>AC COMUNICA\u00c7\u00c3O \u00c9 A NOVA AG\u00caNCIA DE ASSESSORIA DE COMUNICA\u00c7\u00c3O DA BYD AUTO DO BRASIL NA BAHIA - Bahia Economica<\/title>\n<meta name=\"description\" content=\"O maior portal de Economia da Bahia ECONOMIA \/ POL\u00cdTICA Bahia Economica diretrizes para a promo\u00e7\u00e3o do crescimento sustent\u00e1vel\" \/>\n<meta name=\"robots\" content=\"index, follow, max-snippet:-1, max-image-preview:large, max-video-preview:-1\" \/>\n<link rel=\"canonical\" href=\"https:\/\/bahiaeconomica.com.br\/wp\/2024\/11\/13\/ac-comunicacao-e-a-nova-agencia-de-assessoria-de-comunicacao-da-byd-auto-do-brasil-na-bahia\/\" \/>\n<meta property=\"og:locale\" content=\"pt_BR\" \/>\n<meta property=\"og:type\" content=\"article\" \/>\n<meta property=\"og:title\" content=\"AC COMUNICA\u00c7\u00c3O \u00c9 A NOVA AG\u00caNCIA DE ASSESSORIA DE COMUNICA\u00c7\u00c3O DA BYD AUTO DO BRASIL NA BAHIA - Bahia Economica\" \/>\n<meta property=\"og:description\" content=\"O maior portal de Economia da Bahia ECONOMIA \/ POL\u00cdTICA Bahia Economica diretrizes para a promo\u00e7\u00e3o do crescimento sustent\u00e1vel\" \/>\n<meta property=\"og:url\" content=\"https:\/\/bahiaeconomica.com.br\/wp\/2024\/11\/13\/ac-comunicacao-e-a-nova-agencia-de-assessoria-de-comunicacao-da-byd-auto-do-brasil-na-bahia\/\" \/>\n<meta property=\"og:site_name\" content=\"Bahia Economica\" \/>\n<meta property=\"article:publisher\" content=\"https:\/\/www.facebook.com\/bahiaeconomica\" \/>\n<meta property=\"article:published_time\" content=\"2024-11-13T08:00:52+00:00\" \/>\n<meta property=\"article:modified_time\" content=\"2024-11-13T23:50:57+00:00\" \/>\n<meta property=\"og:image\" content=\"https:\/\/bahiaeconomica.com.br\/wp\/wp-content\/uploads\/2024\/11\/WhatsApp-Image-2024-11-13-at-10.27.53.jpeg\" \/>\n\t<meta property=\"og:image:width\" content=\"1600\" \/>\n\t<meta property=\"og:image:height\" content=\"1065\" \/>\n\t<meta property=\"og:image:type\" content=\"image\/jpeg\" \/>\n<meta name=\"author\" content=\"JP\" \/>\n<meta name=\"twitter:card\" content=\"summary_large_image\" \/>\n<meta name=\"twitter:label1\" content=\"Escrito por\" \/>\n\t<meta name=\"twitter:data1\" content=\"JP\" \/>\n\t<meta name=\"twitter:label2\" content=\"Est. tempo de leitura\" \/>\n\t<meta name=\"twitter:data2\" content=\"4 minutos\" \/>\n<script type=\"application\/ld+json\" class=\"yoast-schema-graph\">{\"@context\":\"https:\/\/schema.org\",\"@graph\":[{\"@type\":\"Article\",\"@id\":\"https:\/\/bahiaeconomica.com.br\/wp\/2024\/11\/13\/ac-comunicacao-e-a-nova-agencia-de-assessoria-de-comunicacao-da-byd-auto-do-brasil-na-bahia\/#article\",\"isPartOf\":{\"@id\":\"https:\/\/bahiaeconomica.com.br\/wp\/2024\/11\/13\/ac-comunicacao-e-a-nova-agencia-de-assessoria-de-comunicacao-da-byd-auto-do-brasil-na-bahia\/\"},\"author\":{\"name\":\"JP\",\"@id\":\"https:\/\/bahiaeconomica.com.br\/wp\/#\/schema\/person\/c86d3a3f8960425a0f9d0e5245991f4e\"},\"headline\":\"AC COMUNICA\u00c7\u00c3O \u00c9 A NOVA AG\u00caNCIA DE ASSESSORIA DE COMUNICA\u00c7\u00c3O DA BYD AUTO DO BRASIL NA BAHIA\",\"datePublished\":\"2024-11-13T08:00:52+00:00\",\"dateModified\":\"2024-11-13T23:50:57+00:00\",\"mainEntityOfPage\":{\"@id\":\"https:\/\/bahiaeconomica.com.br\/wp\/2024\/11\/13\/ac-comunicacao-e-a-nova-agencia-de-assessoria-de-comunicacao-da-byd-auto-do-brasil-na-bahia\/\"},\"wordCount\":638,\"publisher\":{\"@id\":\"https:\/\/bahiaeconomica.com.br\/wp\/#organization\"},\"articleSection\":[\"ECONOMIA \/ POL\u00cdTICA\"],\"inLanguage\":\"pt-BR\"},{\"@type\":\"WebPage\",\"@id\":\"https:\/\/bahiaeconomica.com.br\/wp\/2024\/11\/13\/ac-comunicacao-e-a-nova-agencia-de-assessoria-de-comunicacao-da-byd-auto-do-brasil-na-bahia\/\",\"url\":\"https:\/\/bahiaeconomica.com.br\/wp\/2024\/11\/13\/ac-comunicacao-e-a-nova-agencia-de-assessoria-de-comunicacao-da-byd-auto-do-brasil-na-bahia\/\",\"name\":\"AC COMUNICA\u00c7\u00c3O \u00c9 A NOVA AG\u00caNCIA DE ASSESSORIA DE COMUNICA\u00c7\u00c3O DA BYD AUTO DO BRASIL NA BAHIA - Bahia Economica\",\"isPartOf\":{\"@id\":\"https:\/\/bahiaeconomica.com.br\/wp\/#website\"},\"datePublished\":\"2024-11-13T08:00:52+00:00\",\"dateModified\":\"2024-11-13T23:50:57+00:00\",\"description\":\"O maior portal de Economia da Bahia ECONOMIA \/ POL\u00cdTICA Bahia Economica diretrizes para a promo\u00e7\u00e3o do crescimento sustent\u00e1vel\",\"breadcrumb\":{\"@id\":\"https:\/\/bahiaeconomica.com.br\/wp\/2024\/11\/13\/ac-comunicacao-e-a-nova-agencia-de-assessoria-de-comunicacao-da-byd-auto-do-brasil-na-bahia\/#breadcrumb\"},\"inLanguage\":\"pt-BR\",\"potentialAction\":[{\"@type\":\"ReadAction\",\"target\":[\"https:\/\/bahiaeconomica.com.br\/wp\/2024\/11\/13\/ac-comunicacao-e-a-nova-agencia-de-assessoria-de-comunicacao-da-byd-auto-do-brasil-na-bahia\/\"]}]},{\"@type\":\"BreadcrumbList\",\"@id\":\"https:\/\/bahiaeconomica.com.br\/wp\/2024\/11\/13\/ac-comunicacao-e-a-nova-agencia-de-assessoria-de-comunicacao-da-byd-auto-do-brasil-na-bahia\/#breadcrumb\",\"itemListElement\":[{\"@type\":\"ListItem\",\"position\":1,\"name\":\"In\u00edcio\",\"item\":\"https:\/\/bahiaeconomica.com.br\/wp\/\"},{\"@type\":\"ListItem\",\"position\":2,\"name\":\"AC COMUNICA\u00c7\u00c3O \u00c9 A NOVA AG\u00caNCIA DE ASSESSORIA DE COMUNICA\u00c7\u00c3O DA BYD AUTO DO BRASIL NA BAHIA\"}]},{\"@type\":\"WebSite\",\"@id\":\"https:\/\/bahiaeconomica.com.br\/wp\/#website\",\"url\":\"https:\/\/bahiaeconomica.com.br\/wp\/\",\"name\":\"Bahia Economica\",\"description\":\"O maior portal de Economia da Bahia\",\"publisher\":{\"@id\":\"https:\/\/bahiaeconomica.com.br\/wp\/#organization\"},\"potentialAction\":[{\"@type\":\"SearchAction\",\"target\":{\"@type\":\"EntryPoint\",\"urlTemplate\":\"https:\/\/bahiaeconomica.com.br\/wp\/?s={search_term_string}\"},\"query-input\":\"required name=search_term_string\"}],\"inLanguage\":\"pt-BR\"},{\"@type\":\"Organization\",\"@id\":\"https:\/\/bahiaeconomica.com.br\/wp\/#organization\",\"name\":\"Bahia Econ\u00f4mica\",\"url\":\"https:\/\/bahiaeconomica.com.br\/wp\/\",\"logo\":{\"@type\":\"ImageObject\",\"inLanguage\":\"pt-BR\",\"@id\":\"https:\/\/bahiaeconomica.com.br\/wp\/#\/schema\/logo\/image\/\",\"url\":\"https:\/\/bahiaeconomica.com.br\/wp\/wp-content\/uploads\/2020\/12\/cropped-BE.png\",\"contentUrl\":\"https:\/\/bahiaeconomica.com.br\/wp\/wp-content\/uploads\/2020\/12\/cropped-BE.png\",\"width\":512,\"height\":512,\"caption\":\"Bahia Econ\u00f4mica\"},\"image\":{\"@id\":\"https:\/\/bahiaeconomica.com.br\/wp\/#\/schema\/logo\/image\/\"},\"sameAs\":[\"https:\/\/www.facebook.com\/bahiaeconomica\"]},{\"@type\":\"Person\",\"@id\":\"https:\/\/bahiaeconomica.com.br\/wp\/#\/schema\/person\/c86d3a3f8960425a0f9d0e5245991f4e\",\"name\":\"JP\",\"sameAs\":[\"https:\/\/bahiaeconomica.com.br\/wp\/beta\/\"],\"url\":\"https:\/\/bahiaeconomica.com.br\/wp\/author\/jp\/\"}]}<\/script>\n<!-- \/ Yoast SEO plugin. -->","yoast_head_json":{"title":"AC COMUNICA\u00c7\u00c3O \u00c9 A NOVA AG\u00caNCIA DE ASSESSORIA DE COMUNICA\u00c7\u00c3O DA BYD AUTO DO BRASIL NA BAHIA - Bahia Economica","description":"O maior portal de Economia da Bahia ECONOMIA \/ POL\u00cdTICA Bahia Economica diretrizes para a promo\u00e7\u00e3o do crescimento sustent\u00e1vel","robots":{"index":"index","follow":"follow","max-snippet":"max-snippet:-1","max-image-preview":"max-image-preview:large","max-video-preview":"max-video-preview:-1"},"canonical":"https:\/\/bahiaeconomica.com.br\/wp\/2024\/11\/13\/ac-comunicacao-e-a-nova-agencia-de-assessoria-de-comunicacao-da-byd-auto-do-brasil-na-bahia\/","og_locale":"pt_BR","og_type":"article","og_title":"AC COMUNICA\u00c7\u00c3O \u00c9 A NOVA AG\u00caNCIA DE ASSESSORIA DE COMUNICA\u00c7\u00c3O DA BYD AUTO DO BRASIL NA BAHIA - Bahia Economica","og_description":"O maior portal de Economia da Bahia ECONOMIA \/ POL\u00cdTICA Bahia Economica diretrizes para a promo\u00e7\u00e3o do crescimento sustent\u00e1vel","og_url":"https:\/\/bahiaeconomica.com.br\/wp\/2024\/11\/13\/ac-comunicacao-e-a-nova-agencia-de-assessoria-de-comunicacao-da-byd-auto-do-brasil-na-bahia\/","og_site_name":"Bahia Economica","article_publisher":"https:\/\/www.facebook.com\/bahiaeconomica","article_published_time":"2024-11-13T08:00:52+00:00","article_modified_time":"2024-11-13T23:50:57+00:00","og_image":[{"width":1600,"height":1065,"url":"https:\/\/bahiaeconomica.com.br\/wp\/wp-content\/uploads\/2024\/11\/WhatsApp-Image-2024-11-13-at-10.27.53.jpeg","type":"image\/jpeg"}],"author":"JP","twitter_card":"summary_large_image","twitter_misc":{"Escrito por":"JP","Est. tempo de leitura":"4 minutos"},"schema":{"@context":"https:\/\/schema.org","@graph":[{"@type":"Article","@id":"https:\/\/bahiaeconomica.com.br\/wp\/2024\/11\/13\/ac-comunicacao-e-a-nova-agencia-de-assessoria-de-comunicacao-da-byd-auto-do-brasil-na-bahia\/#article","isPartOf":{"@id":"https:\/\/bahiaeconomica.com.br\/wp\/2024\/11\/13\/ac-comunicacao-e-a-nova-agencia-de-assessoria-de-comunicacao-da-byd-auto-do-brasil-na-bahia\/"},"author":{"name":"JP","@id":"https:\/\/bahiaeconomica.com.br\/wp\/#\/schema\/person\/c86d3a3f8960425a0f9d0e5245991f4e"},"headline":"AC COMUNICA\u00c7\u00c3O \u00c9 A NOVA AG\u00caNCIA DE ASSESSORIA DE COMUNICA\u00c7\u00c3O DA BYD AUTO DO BRASIL NA BAHIA","datePublished":"2024-11-13T08:00:52+00:00","dateModified":"2024-11-13T23:50:57+00:00","mainEntityOfPage":{"@id":"https:\/\/bahiaeconomica.com.br\/wp\/2024\/11\/13\/ac-comunicacao-e-a-nova-agencia-de-assessoria-de-comunicacao-da-byd-auto-do-brasil-na-bahia\/"},"wordCount":638,"publisher":{"@id":"https:\/\/bahiaeconomica.com.br\/wp\/#organization"},"articleSection":["ECONOMIA \/ POL\u00cdTICA"],"inLanguage":"pt-BR"},{"@type":"WebPage","@id":"https:\/\/bahiaeconomica.com.br\/wp\/2024\/11\/13\/ac-comunicacao-e-a-nova-agencia-de-assessoria-de-comunicacao-da-byd-auto-do-brasil-na-bahia\/","url":"https:\/\/bahiaeconomica.com.br\/wp\/2024\/11\/13\/ac-comunicacao-e-a-nova-agencia-de-assessoria-de-comunicacao-da-byd-auto-do-brasil-na-bahia\/","name":"AC COMUNICA\u00c7\u00c3O \u00c9 A NOVA AG\u00caNCIA DE ASSESSORIA DE COMUNICA\u00c7\u00c3O DA BYD AUTO DO BRASIL NA BAHIA - Bahia Economica","isPartOf":{"@id":"https:\/\/bahiaeconomica.com.br\/wp\/#website"},"datePublished":"2024-11-13T08:00:52+00:00","dateModified":"2024-11-13T23:50:57+00:00","description":"O maior portal de Economia da Bahia ECONOMIA \/ POL\u00cdTICA Bahia Economica diretrizes para a promo\u00e7\u00e3o do crescimento sustent\u00e1vel","breadcrumb":{"@id":"https:\/\/bahiaeconomica.com.br\/wp\/2024\/11\/13\/ac-comunicacao-e-a-nova-agencia-de-assessoria-de-comunicacao-da-byd-auto-do-brasil-na-bahia\/#breadcrumb"},"inLanguage":"pt-BR","potentialAction":[{"@type":"ReadAction","target":["https:\/\/bahiaeconomica.com.br\/wp\/2024\/11\/13\/ac-comunicacao-e-a-nova-agencia-de-assessoria-de-comunicacao-da-byd-auto-do-brasil-na-bahia\/"]}]},{"@type":"BreadcrumbList","@id":"https:\/\/bahiaeconomica.com.br\/wp\/2024\/11\/13\/ac-comunicacao-e-a-nova-agencia-de-assessoria-de-comunicacao-da-byd-auto-do-brasil-na-bahia\/#breadcrumb","itemListElement":[{"@type":"ListItem","position":1,"name":"In\u00edcio","item":"https:\/\/bahiaeconomica.com.br\/wp\/"},{"@type":"ListItem","position":2,"name":"AC COMUNICA\u00c7\u00c3O \u00c9 A NOVA AG\u00caNCIA DE ASSESSORIA DE COMUNICA\u00c7\u00c3O DA BYD AUTO DO BRASIL NA BAHIA"}]},{"@type":"WebSite","@id":"https:\/\/bahiaeconomica.com.br\/wp\/#website","url":"https:\/\/bahiaeconomica.com.br\/wp\/","name":"Bahia Economica","description":"O maior portal de Economia da Bahia","publisher":{"@id":"https:\/\/bahiaeconomica.com.br\/wp\/#organization"},"potentialAction":[{"@type":"SearchAction","target":{"@type":"EntryPoint","urlTemplate":"https:\/\/bahiaeconomica.com.br\/wp\/?s={search_term_string}"},"query-input":"required name=search_term_string"}],"inLanguage":"pt-BR"},{"@type":"Organization","@id":"https:\/\/bahiaeconomica.com.br\/wp\/#organization","name":"Bahia Econ\u00f4mica","url":"https:\/\/bahiaeconomica.com.br\/wp\/","logo":{"@type":"ImageObject","inLanguage":"pt-BR","@id":"https:\/\/bahiaeconomica.com.br\/wp\/#\/schema\/logo\/image\/","url":"https:\/\/bahiaeconomica.com.br\/wp\/wp-content\/uploads\/2020\/12\/cropped-BE.png","contentUrl":"https:\/\/bahiaeconomica.com.br\/wp\/wp-content\/uploads\/2020\/12\/cropped-BE.png","width":512,"height":512,"caption":"Bahia Econ\u00f4mica"},"image":{"@id":"https:\/\/bahiaeconomica.com.br\/wp\/#\/schema\/logo\/image\/"},"sameAs":["https:\/\/www.facebook.com\/bahiaeconomica"]},{"@type":"Person","@id":"https:\/\/bahiaeconomica.com.br\/wp\/#\/schema\/person\/c86d3a3f8960425a0f9d0e5245991f4e","name":"JP","sameAs":["https:\/\/bahiaeconomica.com.br\/wp\/beta\/"],"url":"https:\/\/bahiaeconomica.com.br\/wp\/author\/jp\/"}]}},"views":10,"_links":{"self":[{"href":"https:\/\/bahiaeconomica.com.br\/wp\/wp-json\/wp\/v2\/posts\/859478"}],"collection":[{"href":"https:\/\/bahiaeconomica.com.br\/wp\/wp-json\/wp\/v2\/posts"}],"about":[{"href":"https:\/\/bahiaeconomica.com.br\/wp\/wp-json\/wp\/v2\/types\/post"}],"author":[{"embeddable":true,"href":"https:\/\/bahiaeconomica.com.br\/wp\/wp-json\/wp\/v2\/users\/8"}],"replies":[{"embeddable":true,"href":"https:\/\/bahiaeconomica.com.br\/wp\/wp-json\/wp\/v2\/comments?post=859478"}],"version-history":[{"count":1,"href":"https:\/\/bahiaeconomica.com.br\/wp\/wp-json\/wp\/v2\/posts\/859478\/revisions"}],"predecessor-version":[{"id":859480,"href":"https:\/\/bahiaeconomica.com.br\/wp\/wp-json\/wp\/v2\/posts\/859478\/revisions\/859480"}],"wp:featuredmedia":[{"embeddable":true,"href":"https:\/\/bahiaeconomica.com.br\/wp\/wp-json\/wp\/v2\/media\/859479"}],"wp:attachment":[{"href":"https:\/\/bahiaeconomica.com.br\/wp\/wp-json\/wp\/v2\/media?parent=859478"}],"wp:term":[{"taxonomy":"category","embeddable":true,"href":"https:\/\/bahiaeconomica.com.br\/wp\/wp-json\/wp\/v2\/categories?post=859478"},{"taxonomy":"post_tag","embeddable":true,"href":"https:\/\/bahiaeconomica.com.br\/wp\/wp-json\/wp\/v2\/tags?post=859478"}],"curies":[{"name":"wp","href":"https:\/\/api.w.org\/{rel}","templated":true}]}}