{"id":859215,"date":"2024-11-12T19:17:06","date_gmt":"2024-11-12T22:17:06","guid":{"rendered":"https:\/\/bahiaeconomica.com.br\/wp\/?p=859215"},"modified":"2024-11-13T22:04:15","modified_gmt":"2024-11-14T01:04:15","slug":"abre-e-fecha-veja-o-que-funciona-no-feriado-da-proclamacao-da-republica-nesta-sexta-15","status":"publish","type":"post","link":"https:\/\/bahiaeconomica.com.br\/wp\/2024\/11\/12\/abre-e-fecha-veja-o-que-funciona-no-feriado-da-proclamacao-da-republica-nesta-sexta-15\/","title":{"rendered":"ABRE E FECHA: VEJA O QUE FUNCIONA NO FERIADO DA PROCLAMA\u00c7\u00c3O DA REP\u00daBLICA, NESTA SEXTA (15)"},"content":{"rendered":"<p>Na pr\u00f3xima sexta-feira, 15, \u00e9 comemorado o feriado nacional da Proclama\u00e7\u00e3o da Rep\u00fablica. Neste ano, \u00e9 celebrado os 133 anos desde a \u00e9poca em que militares do ex\u00e9rcito retiraram Dom Pedro II do trono para p\u00f4r fim \u00e0 monarquia do pa\u00eds.<\/p>\n<p>Na data alguns estabelecimentos ficam fechados ou funcionam em hor\u00e1rio reduzido, por isso reunimos alguns lugares e as altera\u00e7\u00f5es.<\/p>\n<p><strong>Confira:<\/strong><\/p>\n<p>Salvador Shopping e Salvador Norte: n\u00e3o ter\u00e3o altera\u00e7\u00e3o nos hor\u00e1rios. Os shoppings permanecem abertos das 9h at\u00e9 \u00e0s 22h.<\/p>\n<p>Shopping Barra: com hor\u00e1rio de funcionamento normal, o shopping funciona das 9h \u00e0s 22h. J\u00e1 os restaurantes, Barra Gourmet, Madero e Mamma Jamma, estar\u00e3o abertos a partir das 12h.<\/p>\n<p>Shopping Paseo: o shopping funcionar\u00e1 das 9h \u00e0s 21h, enquanto o cinema e a Academia Alpha Fitness dependem da programa\u00e7\u00e3o estabelecida pelos locais.<\/p>\n<p>Shopping Center Lapa: o shopping ter\u00e1 funcionamento especial. As \u00e2ncoras funcionar\u00e3o das 9h \u00e0s 19h. As lojas e quiosques das 11h \u00e0s 17h. A pra\u00e7a de alimenta\u00e7\u00e3o das 11h \u00e0s 19h e o Papai Noel estar\u00e1 no local para receber visitas das 12h \u00e0s 18h. J\u00e1 o cinema seguir\u00e1 a programa\u00e7\u00e3o do Cine Imperial.<\/p>\n<p>Parque Shopping Bahia: em Lauro de Freitas, o shopping abre normalmente das 10h \u00e0s 22h. J\u00e1 a Alameda Gourmet funciona das 11h \u00e0s 23h. O cinema abre conforme programa\u00e7\u00e3o da Cin\u00e9polis.<\/p>\n<p>Shopping da Bahia: funcionamento normalizado das 9h \u00e0s 22h e academia das 9h \u00e0s 13h. Os bancos e a cl\u00ednica n\u00e3o estar\u00e3o abertos.<\/p>\n<p>Shopping Piedade tem hor\u00e1rio de funcionamento diferenciado no feriado da Proclama\u00e7\u00e3o da Rep\u00fablica<\/p>\n<p>Neste sexta-feira, 15\/11, no feriado da Proclama\u00e7\u00e3o da Rep\u00fablica, as lojas e pra\u00e7a de alimenta\u00e7\u00e3o do Shopping Piedade funcionam em hor\u00e1rio diferenciado, das 10h \u00e0s 18h. J\u00e1 a Smart Fit abre das 8h \u00e0s 17h e a Cl\u00ednica Seta das 7h \u00e0s 12h. A Caixa Econ\u00f4mica estar\u00e1 fechada.<\/p>\n<p>CONFIRA<br \/>\nO que: Hor\u00e1rio de Funcionamento | Shopping Piedade | Proclama\u00e7\u00e3o da Rep\u00fablica<br \/>\nQuando: Nesta sexta-feira, 15\/11<br \/>\nComo ser\u00e1:<br \/>\n&#8211; Lojas e Pra\u00e7a de Alimenta\u00e7\u00e3o: 10h \u00e0s 18h.<br \/>\n&#8211; \u2060Smart Fit: 8h \u00e0s 17h<br \/>\n&#8211; \u2060Cl\u00ednica Seta: 7h \u00e0s 12h<br \/>\n&#8211; Caixa Econ\u00f4mica: Fechada<\/p>\n","protected":false},"excerpt":{"rendered":"<p>Na pr\u00f3xima sexta-feira, 15, \u00e9 comemorado o feriado nacional da Proclama\u00e7\u00e3o da Rep\u00fablica. Neste ano, \u00e9 celebrado os 133 anos desde a \u00e9poca em que militares do ex\u00e9rcito retiraram Dom Pedro II do trono para p\u00f4r fim \u00e0 monarquia do pa\u00eds. Na data alguns estabelecimentos ficam fechados ou funcionam em hor\u00e1rio reduzido, por isso reunimos [&hellip;]<\/p>\n","protected":false},"author":22,"featured_media":848376,"comment_status":"closed","ping_status":"closed","sticky":false,"template":"","format":"standard","meta":[],"categories":[5],"tags":[10169,1212,10176],"acf":[],"yoast_head":"<!-- This site is optimized with the Yoast SEO plugin v20.8 - https:\/\/yoast.com\/wordpress\/plugins\/seo\/ -->\n<title>ABRE E FECHA: VEJA O QUE FUNCIONA NO FERIADO DA PROCLAMA\u00c7\u00c3O DA REP\u00daBLICA, NESTA SEXTA (15) - Bahia Economica<\/title>\n<meta name=\"description\" content=\"O maior portal de Economia da Bahia MUNIC\u00cdPIOS Bahia Economica\" \/>\n<meta name=\"robots\" content=\"index, follow, max-snippet:-1, max-image-preview:large, max-video-preview:-1\" \/>\n<link rel=\"canonical\" href=\"https:\/\/bahiaeconomica.com.br\/wp\/2024\/11\/12\/abre-e-fecha-veja-o-que-funciona-no-feriado-da-proclamacao-da-republica-nesta-sexta-15\/\" \/>\n<meta property=\"og:locale\" content=\"pt_BR\" \/>\n<meta property=\"og:type\" content=\"article\" \/>\n<meta property=\"og:title\" content=\"ABRE E FECHA: VEJA O QUE FUNCIONA NO FERIADO DA PROCLAMA\u00c7\u00c3O DA REP\u00daBLICA, NESTA SEXTA (15) - Bahia Economica\" \/>\n<meta property=\"og:description\" content=\"O maior portal de Economia da Bahia MUNIC\u00cdPIOS Bahia Economica\" \/>\n<meta property=\"og:url\" content=\"https:\/\/bahiaeconomica.com.br\/wp\/2024\/11\/12\/abre-e-fecha-veja-o-que-funciona-no-feriado-da-proclamacao-da-republica-nesta-sexta-15\/\" \/>\n<meta property=\"og:site_name\" content=\"Bahia Economica\" \/>\n<meta property=\"article:publisher\" content=\"https:\/\/www.facebook.com\/bahiaeconomica\" \/>\n<meta property=\"article:published_time\" content=\"2024-11-12T22:17:06+00:00\" \/>\n<meta property=\"article:modified_time\" content=\"2024-11-14T01:04:15+00:00\" \/>\n<meta property=\"og:image\" content=\"https:\/\/bahiaeconomica.com.br\/wp\/wp-content\/uploads\/2024\/09\/salvador-norte-shopping-2088821-article.webp\" \/>\n\t<meta property=\"og:image:width\" content=\"600\" \/>\n\t<meta property=\"og:image:height\" content=\"400\" \/>\n\t<meta property=\"og:image:type\" content=\"image\/webp\" \/>\n<meta name=\"author\" content=\"Matheus Souza\" \/>\n<meta name=\"twitter:card\" content=\"summary_large_image\" \/>\n<meta name=\"twitter:label1\" content=\"Escrito por\" \/>\n\t<meta name=\"twitter:data1\" content=\"Matheus Souza\" \/>\n\t<meta name=\"twitter:label2\" content=\"Est. tempo de leitura\" \/>\n\t<meta name=\"twitter:data2\" content=\"2 minutos\" \/>\n<script type=\"application\/ld+json\" class=\"yoast-schema-graph\">{\"@context\":\"https:\/\/schema.org\",\"@graph\":[{\"@type\":\"Article\",\"@id\":\"https:\/\/bahiaeconomica.com.br\/wp\/2024\/11\/12\/abre-e-fecha-veja-o-que-funciona-no-feriado-da-proclamacao-da-republica-nesta-sexta-15\/#article\",\"isPartOf\":{\"@id\":\"https:\/\/bahiaeconomica.com.br\/wp\/2024\/11\/12\/abre-e-fecha-veja-o-que-funciona-no-feriado-da-proclamacao-da-republica-nesta-sexta-15\/\"},\"author\":{\"name\":\"Matheus Souza\",\"@id\":\"https:\/\/bahiaeconomica.com.br\/wp\/#\/schema\/person\/3304d50cfd32353c7d08c39066638997\"},\"headline\":\"ABRE E FECHA: VEJA O QUE FUNCIONA NO FERIADO DA PROCLAMA\u00c7\u00c3O DA REP\u00daBLICA, NESTA SEXTA (15)\",\"datePublished\":\"2024-11-12T22:17:06+00:00\",\"dateModified\":\"2024-11-14T01:04:15+00:00\",\"mainEntityOfPage\":{\"@id\":\"https:\/\/bahiaeconomica.com.br\/wp\/2024\/11\/12\/abre-e-fecha-veja-o-que-funciona-no-feriado-da-proclamacao-da-republica-nesta-sexta-15\/\"},\"wordCount\":394,\"publisher\":{\"@id\":\"https:\/\/bahiaeconomica.com.br\/wp\/#organization\"},\"keywords\":[\"Abre e Fecha\",\"Feriado\",\"Proclama\u00e7\u00e3o\"],\"articleSection\":[\"MUNIC\u00cdPIOS\"],\"inLanguage\":\"pt-BR\"},{\"@type\":\"WebPage\",\"@id\":\"https:\/\/bahiaeconomica.com.br\/wp\/2024\/11\/12\/abre-e-fecha-veja-o-que-funciona-no-feriado-da-proclamacao-da-republica-nesta-sexta-15\/\",\"url\":\"https:\/\/bahiaeconomica.com.br\/wp\/2024\/11\/12\/abre-e-fecha-veja-o-que-funciona-no-feriado-da-proclamacao-da-republica-nesta-sexta-15\/\",\"name\":\"ABRE E FECHA: VEJA O QUE FUNCIONA NO FERIADO DA PROCLAMA\u00c7\u00c3O DA REP\u00daBLICA, NESTA SEXTA (15) - Bahia Economica\",\"isPartOf\":{\"@id\":\"https:\/\/bahiaeconomica.com.br\/wp\/#website\"},\"datePublished\":\"2024-11-12T22:17:06+00:00\",\"dateModified\":\"2024-11-14T01:04:15+00:00\",\"description\":\"O maior portal de Economia da Bahia MUNIC\u00cdPIOS Bahia Economica\",\"breadcrumb\":{\"@id\":\"https:\/\/bahiaeconomica.com.br\/wp\/2024\/11\/12\/abre-e-fecha-veja-o-que-funciona-no-feriado-da-proclamacao-da-republica-nesta-sexta-15\/#breadcrumb\"},\"inLanguage\":\"pt-BR\",\"potentialAction\":[{\"@type\":\"ReadAction\",\"target\":[\"https:\/\/bahiaeconomica.com.br\/wp\/2024\/11\/12\/abre-e-fecha-veja-o-que-funciona-no-feriado-da-proclamacao-da-republica-nesta-sexta-15\/\"]}]},{\"@type\":\"BreadcrumbList\",\"@id\":\"https:\/\/bahiaeconomica.com.br\/wp\/2024\/11\/12\/abre-e-fecha-veja-o-que-funciona-no-feriado-da-proclamacao-da-republica-nesta-sexta-15\/#breadcrumb\",\"itemListElement\":[{\"@type\":\"ListItem\",\"position\":1,\"name\":\"In\u00edcio\",\"item\":\"https:\/\/bahiaeconomica.com.br\/wp\/\"},{\"@type\":\"ListItem\",\"position\":2,\"name\":\"ABRE E FECHA: VEJA O QUE FUNCIONA NO FERIADO DA PROCLAMA\u00c7\u00c3O DA REP\u00daBLICA, NESTA SEXTA (15)\"}]},{\"@type\":\"WebSite\",\"@id\":\"https:\/\/bahiaeconomica.com.br\/wp\/#website\",\"url\":\"https:\/\/bahiaeconomica.com.br\/wp\/\",\"name\":\"Bahia Economica\",\"description\":\"O maior portal de Economia da Bahia\",\"publisher\":{\"@id\":\"https:\/\/bahiaeconomica.com.br\/wp\/#organization\"},\"potentialAction\":[{\"@type\":\"SearchAction\",\"target\":{\"@type\":\"EntryPoint\",\"urlTemplate\":\"https:\/\/bahiaeconomica.com.br\/wp\/?s={search_term_string}\"},\"query-input\":\"required name=search_term_string\"}],\"inLanguage\":\"pt-BR\"},{\"@type\":\"Organization\",\"@id\":\"https:\/\/bahiaeconomica.com.br\/wp\/#organization\",\"name\":\"Bahia Econ\u00f4mica\",\"url\":\"https:\/\/bahiaeconomica.com.br\/wp\/\",\"logo\":{\"@type\":\"ImageObject\",\"inLanguage\":\"pt-BR\",\"@id\":\"https:\/\/bahiaeconomica.com.br\/wp\/#\/schema\/logo\/image\/\",\"url\":\"https:\/\/bahiaeconomica.com.br\/wp\/wp-content\/uploads\/2020\/12\/cropped-BE.png\",\"contentUrl\":\"https:\/\/bahiaeconomica.com.br\/wp\/wp-content\/uploads\/2020\/12\/cropped-BE.png\",\"width\":512,\"height\":512,\"caption\":\"Bahia Econ\u00f4mica\"},\"image\":{\"@id\":\"https:\/\/bahiaeconomica.com.br\/wp\/#\/schema\/logo\/image\/\"},\"sameAs\":[\"https:\/\/www.facebook.com\/bahiaeconomica\"]},{\"@type\":\"Person\",\"@id\":\"https:\/\/bahiaeconomica.com.br\/wp\/#\/schema\/person\/3304d50cfd32353c7d08c39066638997\",\"name\":\"Matheus Souza\",\"sameAs\":[\"http:\/\/www.bahiaeconomica.com.br\"],\"url\":\"https:\/\/bahiaeconomica.com.br\/wp\/author\/matheus-souza\/\"}]}<\/script>\n<!-- \/ Yoast SEO plugin. -->","yoast_head_json":{"title":"ABRE E FECHA: VEJA O QUE FUNCIONA NO FERIADO DA PROCLAMA\u00c7\u00c3O DA REP\u00daBLICA, NESTA SEXTA (15) - Bahia Economica","description":"O maior portal de Economia da Bahia MUNIC\u00cdPIOS Bahia Economica","robots":{"index":"index","follow":"follow","max-snippet":"max-snippet:-1","max-image-preview":"max-image-preview:large","max-video-preview":"max-video-preview:-1"},"canonical":"https:\/\/bahiaeconomica.com.br\/wp\/2024\/11\/12\/abre-e-fecha-veja-o-que-funciona-no-feriado-da-proclamacao-da-republica-nesta-sexta-15\/","og_locale":"pt_BR","og_type":"article","og_title":"ABRE E FECHA: VEJA O QUE FUNCIONA NO FERIADO DA PROCLAMA\u00c7\u00c3O DA REP\u00daBLICA, NESTA SEXTA (15) - Bahia Economica","og_description":"O maior portal de Economia da Bahia MUNIC\u00cdPIOS Bahia Economica","og_url":"https:\/\/bahiaeconomica.com.br\/wp\/2024\/11\/12\/abre-e-fecha-veja-o-que-funciona-no-feriado-da-proclamacao-da-republica-nesta-sexta-15\/","og_site_name":"Bahia Economica","article_publisher":"https:\/\/www.facebook.com\/bahiaeconomica","article_published_time":"2024-11-12T22:17:06+00:00","article_modified_time":"2024-11-14T01:04:15+00:00","og_image":[{"width":600,"height":400,"url":"https:\/\/bahiaeconomica.com.br\/wp\/wp-content\/uploads\/2024\/09\/salvador-norte-shopping-2088821-article.webp","type":"image\/webp"}],"author":"Matheus Souza","twitter_card":"summary_large_image","twitter_misc":{"Escrito por":"Matheus Souza","Est. tempo de leitura":"2 minutos"},"schema":{"@context":"https:\/\/schema.org","@graph":[{"@type":"Article","@id":"https:\/\/bahiaeconomica.com.br\/wp\/2024\/11\/12\/abre-e-fecha-veja-o-que-funciona-no-feriado-da-proclamacao-da-republica-nesta-sexta-15\/#article","isPartOf":{"@id":"https:\/\/bahiaeconomica.com.br\/wp\/2024\/11\/12\/abre-e-fecha-veja-o-que-funciona-no-feriado-da-proclamacao-da-republica-nesta-sexta-15\/"},"author":{"name":"Matheus Souza","@id":"https:\/\/bahiaeconomica.com.br\/wp\/#\/schema\/person\/3304d50cfd32353c7d08c39066638997"},"headline":"ABRE E FECHA: VEJA O QUE FUNCIONA NO FERIADO DA PROCLAMA\u00c7\u00c3O DA REP\u00daBLICA, NESTA SEXTA (15)","datePublished":"2024-11-12T22:17:06+00:00","dateModified":"2024-11-14T01:04:15+00:00","mainEntityOfPage":{"@id":"https:\/\/bahiaeconomica.com.br\/wp\/2024\/11\/12\/abre-e-fecha-veja-o-que-funciona-no-feriado-da-proclamacao-da-republica-nesta-sexta-15\/"},"wordCount":394,"publisher":{"@id":"https:\/\/bahiaeconomica.com.br\/wp\/#organization"},"keywords":["Abre e Fecha","Feriado","Proclama\u00e7\u00e3o"],"articleSection":["MUNIC\u00cdPIOS"],"inLanguage":"pt-BR"},{"@type":"WebPage","@id":"https:\/\/bahiaeconomica.com.br\/wp\/2024\/11\/12\/abre-e-fecha-veja-o-que-funciona-no-feriado-da-proclamacao-da-republica-nesta-sexta-15\/","url":"https:\/\/bahiaeconomica.com.br\/wp\/2024\/11\/12\/abre-e-fecha-veja-o-que-funciona-no-feriado-da-proclamacao-da-republica-nesta-sexta-15\/","name":"ABRE E FECHA: VEJA O QUE FUNCIONA NO FERIADO DA PROCLAMA\u00c7\u00c3O DA REP\u00daBLICA, NESTA SEXTA (15) - Bahia Economica","isPartOf":{"@id":"https:\/\/bahiaeconomica.com.br\/wp\/#website"},"datePublished":"2024-11-12T22:17:06+00:00","dateModified":"2024-11-14T01:04:15+00:00","description":"O maior portal de Economia da Bahia MUNIC\u00cdPIOS Bahia Economica","breadcrumb":{"@id":"https:\/\/bahiaeconomica.com.br\/wp\/2024\/11\/12\/abre-e-fecha-veja-o-que-funciona-no-feriado-da-proclamacao-da-republica-nesta-sexta-15\/#breadcrumb"},"inLanguage":"pt-BR","potentialAction":[{"@type":"ReadAction","target":["https:\/\/bahiaeconomica.com.br\/wp\/2024\/11\/12\/abre-e-fecha-veja-o-que-funciona-no-feriado-da-proclamacao-da-republica-nesta-sexta-15\/"]}]},{"@type":"BreadcrumbList","@id":"https:\/\/bahiaeconomica.com.br\/wp\/2024\/11\/12\/abre-e-fecha-veja-o-que-funciona-no-feriado-da-proclamacao-da-republica-nesta-sexta-15\/#breadcrumb","itemListElement":[{"@type":"ListItem","position":1,"name":"In\u00edcio","item":"https:\/\/bahiaeconomica.com.br\/wp\/"},{"@type":"ListItem","position":2,"name":"ABRE E FECHA: VEJA O QUE FUNCIONA NO FERIADO DA PROCLAMA\u00c7\u00c3O DA REP\u00daBLICA, NESTA SEXTA (15)"}]},{"@type":"WebSite","@id":"https:\/\/bahiaeconomica.com.br\/wp\/#website","url":"https:\/\/bahiaeconomica.com.br\/wp\/","name":"Bahia Economica","description":"O maior portal de Economia da Bahia","publisher":{"@id":"https:\/\/bahiaeconomica.com.br\/wp\/#organization"},"potentialAction":[{"@type":"SearchAction","target":{"@type":"EntryPoint","urlTemplate":"https:\/\/bahiaeconomica.com.br\/wp\/?s={search_term_string}"},"query-input":"required name=search_term_string"}],"inLanguage":"pt-BR"},{"@type":"Organization","@id":"https:\/\/bahiaeconomica.com.br\/wp\/#organization","name":"Bahia Econ\u00f4mica","url":"https:\/\/bahiaeconomica.com.br\/wp\/","logo":{"@type":"ImageObject","inLanguage":"pt-BR","@id":"https:\/\/bahiaeconomica.com.br\/wp\/#\/schema\/logo\/image\/","url":"https:\/\/bahiaeconomica.com.br\/wp\/wp-content\/uploads\/2020\/12\/cropped-BE.png","contentUrl":"https:\/\/bahiaeconomica.com.br\/wp\/wp-content\/uploads\/2020\/12\/cropped-BE.png","width":512,"height":512,"caption":"Bahia Econ\u00f4mica"},"image":{"@id":"https:\/\/bahiaeconomica.com.br\/wp\/#\/schema\/logo\/image\/"},"sameAs":["https:\/\/www.facebook.com\/bahiaeconomica"]},{"@type":"Person","@id":"https:\/\/bahiaeconomica.com.br\/wp\/#\/schema\/person\/3304d50cfd32353c7d08c39066638997","name":"Matheus Souza","sameAs":["http:\/\/www.bahiaeconomica.com.br"],"url":"https:\/\/bahiaeconomica.com.br\/wp\/author\/matheus-souza\/"}]}},"views":95,"_links":{"self":[{"href":"https:\/\/bahiaeconomica.com.br\/wp\/wp-json\/wp\/v2\/posts\/859215"}],"collection":[{"href":"https:\/\/bahiaeconomica.com.br\/wp\/wp-json\/wp\/v2\/posts"}],"about":[{"href":"https:\/\/bahiaeconomica.com.br\/wp\/wp-json\/wp\/v2\/types\/post"}],"author":[{"embeddable":true,"href":"https:\/\/bahiaeconomica.com.br\/wp\/wp-json\/wp\/v2\/users\/22"}],"replies":[{"embeddable":true,"href":"https:\/\/bahiaeconomica.com.br\/wp\/wp-json\/wp\/v2\/comments?post=859215"}],"version-history":[{"count":2,"href":"https:\/\/bahiaeconomica.com.br\/wp\/wp-json\/wp\/v2\/posts\/859215\/revisions"}],"predecessor-version":[{"id":859529,"href":"https:\/\/bahiaeconomica.com.br\/wp\/wp-json\/wp\/v2\/posts\/859215\/revisions\/859529"}],"wp:featuredmedia":[{"embeddable":true,"href":"https:\/\/bahiaeconomica.com.br\/wp\/wp-json\/wp\/v2\/media\/848376"}],"wp:attachment":[{"href":"https:\/\/bahiaeconomica.com.br\/wp\/wp-json\/wp\/v2\/media?parent=859215"}],"wp:term":[{"taxonomy":"category","embeddable":true,"href":"https:\/\/bahiaeconomica.com.br\/wp\/wp-json\/wp\/v2\/categories?post=859215"},{"taxonomy":"post_tag","embeddable":true,"href":"https:\/\/bahiaeconomica.com.br\/wp\/wp-json\/wp\/v2\/tags?post=859215"}],"curies":[{"name":"wp","href":"https:\/\/api.w.org\/{rel}","templated":true}]}}