{"id":859066,"date":"2024-11-12T13:03:22","date_gmt":"2024-11-12T16:03:22","guid":{"rendered":"https:\/\/bahiaeconomica.com.br\/wp\/?p=859066"},"modified":"2024-11-12T13:03:22","modified_gmt":"2024-11-12T16:03:22","slug":"capitao-alden-denuncia-comandante-geral-da-pm-ao-mp-ba-entenda-aqui","status":"publish","type":"post","link":"https:\/\/bahiaeconomica.com.br\/wp\/2024\/11\/12\/capitao-alden-denuncia-comandante-geral-da-pm-ao-mp-ba-entenda-aqui\/","title":{"rendered":"CAPIT\u00c3O ALDEN DENUNCIA COMANDANTE-GERAL DA PM AO MP-BA ; ENTENDA AQUI"},"content":{"rendered":"<p>O deputado federal Capit\u00e3o Alden (PL), membro da Comiss\u00e3o de Seguran\u00e7a P\u00fablica na C\u00e2mara dos Deputados, denunciou o comandante-geral da Pol\u00edcia Militar da Bahia, coronel PM Paulo Coutinho, ao Minist\u00e9rio P\u00fablico Estadual por improbidade administrativa e abuso de poder. A representa\u00e7\u00e3o foi protocolada no MP em 22 de outubro de 2024 e segue em tramita\u00e7\u00e3o.<\/p>\n<p>\u201cOs elementos apresentados na den\u00fancia oferecida ao Minist\u00e9rio P\u00fablico s\u00e3o muito claros. Embora o Minist\u00e9rio P\u00fablico tenha autonomia para decidir, acredito que os elementos s\u00e3o bastante contundentes\u201d, disparou o parlamentar na noite de segunda-feira (11), em entrevista ao programa Se Ligue Bahia, na r\u00e1dio Itapoan FM. &#8220;O Coronel Coutinho \u00e9 acusado em uma a\u00e7\u00e3o na qual, ao atribuir notas ao tenente-coronel Renato e a outros oficiais que seriam promovidos a um posto superior,\u00a0 com base numa avalia\u00e7\u00e3o subjetiva&#8221;, declarou.<\/p>\n<p>No documento apresentado ao \u00f3rg\u00e3o, cuja miss\u00e3o \u00e9 impedir a viola\u00e7\u00e3o da lei, s\u00e3o descritos fatos com datas e locais em que o comandante-geral da PM-BA teria utilizado efetivo, viaturas e combust\u00edvel, durante o hor\u00e1rio de servi\u00e7o, para comparecer a duas audi\u00eancias de julgamento de mandados de seguran\u00e7a de desafetos pessoais no Tribunal de Justi\u00e7a da Bahia (TJ-BA).<\/p>\n<p>A den\u00fancia ainda aponta que, no dia 16 de outubro, enquanto Coutinho e sua equipe assistiam aos julgamentos no TJBA, em ambiente climatizado e seguro, a popula\u00e7\u00e3o baiana seguia exposta \u00e0 crescente inseguran\u00e7a p\u00fablica. Nesse mesmo dia, foram registrados 14 homic\u00eddios, \u00f4nibus foram incendiados criminosamente em Salvador e v\u00e1rios bairros ficaram sem transporte coletivo devido \u00e0 viol\u00eancia que atinge o estado da Bahia.<\/p>\n<p>\u201cEntrei com essa a\u00e7\u00e3o porque, nas sess\u00f5es de julgamento, Coutinho compareceu fardado e levava cerca de 40 oficiais, que foram desviados do servi\u00e7o para acompanh\u00e1-lo. Inclusive, no dia em que um \u00f4nibus foi incendiado em Salvador, todos estavam no Tribunal de Justi\u00e7a\u201d, explicou Alden. \u201cNo ano passado, aprovamos no Congresso Nacional uma LOB [Lei de Organiza\u00e7\u00e3o] das Pol\u00edcias Militares, que estabelece crit\u00e9rios objetivos para a promo\u00e7\u00e3o de oficiais e pra\u00e7as. Aqui na Bahia, por\u00e9m, essa legisla\u00e7\u00e3o n\u00e3o \u00e9 seguida. A lei aplicada usa crit\u00e9rios subjetivos, o que permite a manipula\u00e7\u00e3o das notas conferidas aos oficiais. Para exemplificar o que digo, posso citar algo p\u00fablico e que \u00e9 alvo de judicializa\u00e7\u00e3o no TJ-BA\u201d, acrescentou.<\/p>\n<p>Segundo Alden, \u201co coronel Coutinho, por uma quest\u00e3o personal\u00edssima, que \u00e9 o fato da atual esposa ter sido namorada do tenente coronel Renato nos anos 90, ap\u00f3s assumir o Comando-Geral da corpora\u00e7\u00e3o, passou a perseguir e reduzir continua e injustificadamente a nota do tenente coronel, de forma a desabilita-lo a concorrer \u00e0 promo\u00e7\u00e3o a coronel\u201d.<\/p>\n<p>\u201cRenato, por sua vez, obteve na Justi\u00e7a uma liminar, por unanimidade, j\u00e1 que, mesmo provocado judicialmente, o comandante-geral n\u00e3o justificou a redu\u00e7\u00e3o da nota e o impedimento que ele criou, imotivadamente, para o oficial continuar concorrendo \u00e0 promo\u00e7\u00e3o. Antes do coronel Coutinho assumir o Comando da institui\u00e7\u00e3o, o tenente coronel Renato era um dos concorrentes mais fortes ao posto de coronel e foi o primeiro oficial da sua d\u00e9cada, a d\u00e9cada de 90, a se habilitar \u00e0 promo\u00e7\u00e3o ao \u00faltimo posto\u201d, concluiu.<\/p>\n<p>Foto: M\u00e1rio Agra\/C\u00e2mara dos Deputados<\/p>\n","protected":false},"excerpt":{"rendered":"<p>O deputado federal Capit\u00e3o Alden (PL), membro da Comiss\u00e3o de Seguran\u00e7a P\u00fablica na C\u00e2mara dos Deputados, denunciou o comandante-geral da Pol\u00edcia Militar da Bahia, coronel PM Paulo Coutinho, ao Minist\u00e9rio P\u00fablico Estadual por improbidade administrativa e abuso de poder. A representa\u00e7\u00e3o foi protocolada no MP em 22 de outubro de 2024 e segue em tramita\u00e7\u00e3o. [&hellip;]<\/p>\n","protected":false},"author":8,"featured_media":859068,"comment_status":"closed","ping_status":"closed","sticky":false,"template":"","format":"standard","meta":[],"categories":[5,14601],"tags":[11694,34608,1176],"acf":[],"yoast_head":"<!-- This site is optimized with the Yoast SEO plugin v20.8 - https:\/\/yoast.com\/wordpress\/plugins\/seo\/ -->\n<title>CAPIT\u00c3O ALDEN DENUNCIA COMANDANTE-GERAL DA PM AO MP-BA ; ENTENDA AQUI - Bahia Economica<\/title>\n<meta name=\"description\" content=\"O maior portal de Economia da Bahia MUNIC\u00cdPIOS, Pol\u00edtica Bahia Economica Entrei com essa a\u00e7\u00e3o porque, nas sess\u00f5es de julgamento\" \/>\n<meta name=\"robots\" content=\"index, follow, max-snippet:-1, max-image-preview:large, max-video-preview:-1\" \/>\n<link rel=\"canonical\" href=\"https:\/\/bahiaeconomica.com.br\/wp\/2024\/11\/12\/capitao-alden-denuncia-comandante-geral-da-pm-ao-mp-ba-entenda-aqui\/\" \/>\n<meta property=\"og:locale\" content=\"pt_BR\" \/>\n<meta property=\"og:type\" content=\"article\" \/>\n<meta property=\"og:title\" content=\"CAPIT\u00c3O ALDEN DENUNCIA COMANDANTE-GERAL DA PM AO MP-BA ; ENTENDA AQUI - Bahia Economica\" \/>\n<meta property=\"og:description\" content=\"O maior portal de Economia da Bahia MUNIC\u00cdPIOS, Pol\u00edtica Bahia Economica Entrei com essa a\u00e7\u00e3o porque, nas sess\u00f5es de julgamento\" \/>\n<meta property=\"og:url\" content=\"https:\/\/bahiaeconomica.com.br\/wp\/2024\/11\/12\/capitao-alden-denuncia-comandante-geral-da-pm-ao-mp-ba-entenda-aqui\/\" \/>\n<meta property=\"og:site_name\" content=\"Bahia Economica\" \/>\n<meta property=\"article:publisher\" content=\"https:\/\/www.facebook.com\/bahiaeconomica\" \/>\n<meta property=\"article:published_time\" content=\"2024-11-12T16:03:22+00:00\" \/>\n<meta property=\"og:image\" content=\"https:\/\/bahiaeconomica.com.br\/wp\/wp-content\/uploads\/2024\/11\/WhatsApp-Image-2024-11-12-at-12.57.21.jpeg\" \/>\n\t<meta property=\"og:image:width\" content=\"1600\" \/>\n\t<meta property=\"og:image:height\" content=\"986\" \/>\n\t<meta property=\"og:image:type\" content=\"image\/jpeg\" \/>\n<meta name=\"author\" content=\"JP\" \/>\n<meta name=\"twitter:card\" content=\"summary_large_image\" \/>\n<meta name=\"twitter:label1\" content=\"Escrito por\" \/>\n\t<meta name=\"twitter:data1\" content=\"JP\" \/>\n\t<meta name=\"twitter:label2\" content=\"Est. tempo de leitura\" \/>\n\t<meta name=\"twitter:data2\" content=\"3 minutos\" \/>\n<script type=\"application\/ld+json\" class=\"yoast-schema-graph\">{\"@context\":\"https:\/\/schema.org\",\"@graph\":[{\"@type\":\"Article\",\"@id\":\"https:\/\/bahiaeconomica.com.br\/wp\/2024\/11\/12\/capitao-alden-denuncia-comandante-geral-da-pm-ao-mp-ba-entenda-aqui\/#article\",\"isPartOf\":{\"@id\":\"https:\/\/bahiaeconomica.com.br\/wp\/2024\/11\/12\/capitao-alden-denuncia-comandante-geral-da-pm-ao-mp-ba-entenda-aqui\/\"},\"author\":{\"name\":\"JP\",\"@id\":\"https:\/\/bahiaeconomica.com.br\/wp\/#\/schema\/person\/c86d3a3f8960425a0f9d0e5245991f4e\"},\"headline\":\"CAPIT\u00c3O ALDEN DENUNCIA COMANDANTE-GERAL DA PM AO MP-BA ; ENTENDA AQUI\",\"datePublished\":\"2024-11-12T16:03:22+00:00\",\"dateModified\":\"2024-11-12T16:03:22+00:00\",\"mainEntityOfPage\":{\"@id\":\"https:\/\/bahiaeconomica.com.br\/wp\/2024\/11\/12\/capitao-alden-denuncia-comandante-geral-da-pm-ao-mp-ba-entenda-aqui\/\"},\"wordCount\":573,\"publisher\":{\"@id\":\"https:\/\/bahiaeconomica.com.br\/wp\/#organization\"},\"keywords\":[\"aldem\",\"CAPITAO. BRASIL\",\"mudan\u00e7a\"],\"articleSection\":[\"MUNIC\u00cdPIOS\",\"Pol\u00edtica\"],\"inLanguage\":\"pt-BR\"},{\"@type\":\"WebPage\",\"@id\":\"https:\/\/bahiaeconomica.com.br\/wp\/2024\/11\/12\/capitao-alden-denuncia-comandante-geral-da-pm-ao-mp-ba-entenda-aqui\/\",\"url\":\"https:\/\/bahiaeconomica.com.br\/wp\/2024\/11\/12\/capitao-alden-denuncia-comandante-geral-da-pm-ao-mp-ba-entenda-aqui\/\",\"name\":\"CAPIT\u00c3O ALDEN DENUNCIA COMANDANTE-GERAL DA PM AO MP-BA ; ENTENDA AQUI - Bahia Economica\",\"isPartOf\":{\"@id\":\"https:\/\/bahiaeconomica.com.br\/wp\/#website\"},\"datePublished\":\"2024-11-12T16:03:22+00:00\",\"dateModified\":\"2024-11-12T16:03:22+00:00\",\"description\":\"O maior portal de Economia da Bahia MUNIC\u00cdPIOS, Pol\u00edtica Bahia Economica Entrei com essa a\u00e7\u00e3o porque, nas sess\u00f5es de julgamento\",\"breadcrumb\":{\"@id\":\"https:\/\/bahiaeconomica.com.br\/wp\/2024\/11\/12\/capitao-alden-denuncia-comandante-geral-da-pm-ao-mp-ba-entenda-aqui\/#breadcrumb\"},\"inLanguage\":\"pt-BR\",\"potentialAction\":[{\"@type\":\"ReadAction\",\"target\":[\"https:\/\/bahiaeconomica.com.br\/wp\/2024\/11\/12\/capitao-alden-denuncia-comandante-geral-da-pm-ao-mp-ba-entenda-aqui\/\"]}]},{\"@type\":\"BreadcrumbList\",\"@id\":\"https:\/\/bahiaeconomica.com.br\/wp\/2024\/11\/12\/capitao-alden-denuncia-comandante-geral-da-pm-ao-mp-ba-entenda-aqui\/#breadcrumb\",\"itemListElement\":[{\"@type\":\"ListItem\",\"position\":1,\"name\":\"In\u00edcio\",\"item\":\"https:\/\/bahiaeconomica.com.br\/wp\/\"},{\"@type\":\"ListItem\",\"position\":2,\"name\":\"CAPIT\u00c3O ALDEN DENUNCIA COMANDANTE-GERAL DA PM AO MP-BA ; ENTENDA AQUI\"}]},{\"@type\":\"WebSite\",\"@id\":\"https:\/\/bahiaeconomica.com.br\/wp\/#website\",\"url\":\"https:\/\/bahiaeconomica.com.br\/wp\/\",\"name\":\"Bahia Economica\",\"description\":\"O maior portal de Economia da Bahia\",\"publisher\":{\"@id\":\"https:\/\/bahiaeconomica.com.br\/wp\/#organization\"},\"potentialAction\":[{\"@type\":\"SearchAction\",\"target\":{\"@type\":\"EntryPoint\",\"urlTemplate\":\"https:\/\/bahiaeconomica.com.br\/wp\/?s={search_term_string}\"},\"query-input\":\"required name=search_term_string\"}],\"inLanguage\":\"pt-BR\"},{\"@type\":\"Organization\",\"@id\":\"https:\/\/bahiaeconomica.com.br\/wp\/#organization\",\"name\":\"Bahia Econ\u00f4mica\",\"url\":\"https:\/\/bahiaeconomica.com.br\/wp\/\",\"logo\":{\"@type\":\"ImageObject\",\"inLanguage\":\"pt-BR\",\"@id\":\"https:\/\/bahiaeconomica.com.br\/wp\/#\/schema\/logo\/image\/\",\"url\":\"https:\/\/bahiaeconomica.com.br\/wp\/wp-content\/uploads\/2020\/12\/cropped-BE.png\",\"contentUrl\":\"https:\/\/bahiaeconomica.com.br\/wp\/wp-content\/uploads\/2020\/12\/cropped-BE.png\",\"width\":512,\"height\":512,\"caption\":\"Bahia Econ\u00f4mica\"},\"image\":{\"@id\":\"https:\/\/bahiaeconomica.com.br\/wp\/#\/schema\/logo\/image\/\"},\"sameAs\":[\"https:\/\/www.facebook.com\/bahiaeconomica\"]},{\"@type\":\"Person\",\"@id\":\"https:\/\/bahiaeconomica.com.br\/wp\/#\/schema\/person\/c86d3a3f8960425a0f9d0e5245991f4e\",\"name\":\"JP\",\"sameAs\":[\"https:\/\/bahiaeconomica.com.br\/wp\/beta\/\"],\"url\":\"https:\/\/bahiaeconomica.com.br\/wp\/author\/jp\/\"}]}<\/script>\n<!-- \/ Yoast SEO plugin. -->","yoast_head_json":{"title":"CAPIT\u00c3O ALDEN DENUNCIA COMANDANTE-GERAL DA PM AO MP-BA ; ENTENDA AQUI - Bahia Economica","description":"O maior portal de Economia da Bahia MUNIC\u00cdPIOS, Pol\u00edtica Bahia Economica Entrei com essa a\u00e7\u00e3o porque, nas sess\u00f5es de julgamento","robots":{"index":"index","follow":"follow","max-snippet":"max-snippet:-1","max-image-preview":"max-image-preview:large","max-video-preview":"max-video-preview:-1"},"canonical":"https:\/\/bahiaeconomica.com.br\/wp\/2024\/11\/12\/capitao-alden-denuncia-comandante-geral-da-pm-ao-mp-ba-entenda-aqui\/","og_locale":"pt_BR","og_type":"article","og_title":"CAPIT\u00c3O ALDEN DENUNCIA COMANDANTE-GERAL DA PM AO MP-BA ; ENTENDA AQUI - Bahia Economica","og_description":"O maior portal de Economia da Bahia MUNIC\u00cdPIOS, Pol\u00edtica Bahia Economica Entrei com essa a\u00e7\u00e3o porque, nas sess\u00f5es de julgamento","og_url":"https:\/\/bahiaeconomica.com.br\/wp\/2024\/11\/12\/capitao-alden-denuncia-comandante-geral-da-pm-ao-mp-ba-entenda-aqui\/","og_site_name":"Bahia Economica","article_publisher":"https:\/\/www.facebook.com\/bahiaeconomica","article_published_time":"2024-11-12T16:03:22+00:00","og_image":[{"width":1600,"height":986,"url":"https:\/\/bahiaeconomica.com.br\/wp\/wp-content\/uploads\/2024\/11\/WhatsApp-Image-2024-11-12-at-12.57.21.jpeg","type":"image\/jpeg"}],"author":"JP","twitter_card":"summary_large_image","twitter_misc":{"Escrito por":"JP","Est. tempo de leitura":"3 minutos"},"schema":{"@context":"https:\/\/schema.org","@graph":[{"@type":"Article","@id":"https:\/\/bahiaeconomica.com.br\/wp\/2024\/11\/12\/capitao-alden-denuncia-comandante-geral-da-pm-ao-mp-ba-entenda-aqui\/#article","isPartOf":{"@id":"https:\/\/bahiaeconomica.com.br\/wp\/2024\/11\/12\/capitao-alden-denuncia-comandante-geral-da-pm-ao-mp-ba-entenda-aqui\/"},"author":{"name":"JP","@id":"https:\/\/bahiaeconomica.com.br\/wp\/#\/schema\/person\/c86d3a3f8960425a0f9d0e5245991f4e"},"headline":"CAPIT\u00c3O ALDEN DENUNCIA COMANDANTE-GERAL DA PM AO MP-BA ; ENTENDA AQUI","datePublished":"2024-11-12T16:03:22+00:00","dateModified":"2024-11-12T16:03:22+00:00","mainEntityOfPage":{"@id":"https:\/\/bahiaeconomica.com.br\/wp\/2024\/11\/12\/capitao-alden-denuncia-comandante-geral-da-pm-ao-mp-ba-entenda-aqui\/"},"wordCount":573,"publisher":{"@id":"https:\/\/bahiaeconomica.com.br\/wp\/#organization"},"keywords":["aldem","CAPITAO. BRASIL","mudan\u00e7a"],"articleSection":["MUNIC\u00cdPIOS","Pol\u00edtica"],"inLanguage":"pt-BR"},{"@type":"WebPage","@id":"https:\/\/bahiaeconomica.com.br\/wp\/2024\/11\/12\/capitao-alden-denuncia-comandante-geral-da-pm-ao-mp-ba-entenda-aqui\/","url":"https:\/\/bahiaeconomica.com.br\/wp\/2024\/11\/12\/capitao-alden-denuncia-comandante-geral-da-pm-ao-mp-ba-entenda-aqui\/","name":"CAPIT\u00c3O ALDEN DENUNCIA COMANDANTE-GERAL DA PM AO MP-BA ; ENTENDA AQUI - Bahia Economica","isPartOf":{"@id":"https:\/\/bahiaeconomica.com.br\/wp\/#website"},"datePublished":"2024-11-12T16:03:22+00:00","dateModified":"2024-11-12T16:03:22+00:00","description":"O maior portal de Economia da Bahia MUNIC\u00cdPIOS, Pol\u00edtica Bahia Economica Entrei com essa a\u00e7\u00e3o porque, nas sess\u00f5es de julgamento","breadcrumb":{"@id":"https:\/\/bahiaeconomica.com.br\/wp\/2024\/11\/12\/capitao-alden-denuncia-comandante-geral-da-pm-ao-mp-ba-entenda-aqui\/#breadcrumb"},"inLanguage":"pt-BR","potentialAction":[{"@type":"ReadAction","target":["https:\/\/bahiaeconomica.com.br\/wp\/2024\/11\/12\/capitao-alden-denuncia-comandante-geral-da-pm-ao-mp-ba-entenda-aqui\/"]}]},{"@type":"BreadcrumbList","@id":"https:\/\/bahiaeconomica.com.br\/wp\/2024\/11\/12\/capitao-alden-denuncia-comandante-geral-da-pm-ao-mp-ba-entenda-aqui\/#breadcrumb","itemListElement":[{"@type":"ListItem","position":1,"name":"In\u00edcio","item":"https:\/\/bahiaeconomica.com.br\/wp\/"},{"@type":"ListItem","position":2,"name":"CAPIT\u00c3O ALDEN DENUNCIA COMANDANTE-GERAL DA PM AO MP-BA ; ENTENDA AQUI"}]},{"@type":"WebSite","@id":"https:\/\/bahiaeconomica.com.br\/wp\/#website","url":"https:\/\/bahiaeconomica.com.br\/wp\/","name":"Bahia Economica","description":"O maior portal de Economia da Bahia","publisher":{"@id":"https:\/\/bahiaeconomica.com.br\/wp\/#organization"},"potentialAction":[{"@type":"SearchAction","target":{"@type":"EntryPoint","urlTemplate":"https:\/\/bahiaeconomica.com.br\/wp\/?s={search_term_string}"},"query-input":"required name=search_term_string"}],"inLanguage":"pt-BR"},{"@type":"Organization","@id":"https:\/\/bahiaeconomica.com.br\/wp\/#organization","name":"Bahia Econ\u00f4mica","url":"https:\/\/bahiaeconomica.com.br\/wp\/","logo":{"@type":"ImageObject","inLanguage":"pt-BR","@id":"https:\/\/bahiaeconomica.com.br\/wp\/#\/schema\/logo\/image\/","url":"https:\/\/bahiaeconomica.com.br\/wp\/wp-content\/uploads\/2020\/12\/cropped-BE.png","contentUrl":"https:\/\/bahiaeconomica.com.br\/wp\/wp-content\/uploads\/2020\/12\/cropped-BE.png","width":512,"height":512,"caption":"Bahia Econ\u00f4mica"},"image":{"@id":"https:\/\/bahiaeconomica.com.br\/wp\/#\/schema\/logo\/image\/"},"sameAs":["https:\/\/www.facebook.com\/bahiaeconomica"]},{"@type":"Person","@id":"https:\/\/bahiaeconomica.com.br\/wp\/#\/schema\/person\/c86d3a3f8960425a0f9d0e5245991f4e","name":"JP","sameAs":["https:\/\/bahiaeconomica.com.br\/wp\/beta\/"],"url":"https:\/\/bahiaeconomica.com.br\/wp\/author\/jp\/"}]}},"views":88,"_links":{"self":[{"href":"https:\/\/bahiaeconomica.com.br\/wp\/wp-json\/wp\/v2\/posts\/859066"}],"collection":[{"href":"https:\/\/bahiaeconomica.com.br\/wp\/wp-json\/wp\/v2\/posts"}],"about":[{"href":"https:\/\/bahiaeconomica.com.br\/wp\/wp-json\/wp\/v2\/types\/post"}],"author":[{"embeddable":true,"href":"https:\/\/bahiaeconomica.com.br\/wp\/wp-json\/wp\/v2\/users\/8"}],"replies":[{"embeddable":true,"href":"https:\/\/bahiaeconomica.com.br\/wp\/wp-json\/wp\/v2\/comments?post=859066"}],"version-history":[{"count":1,"href":"https:\/\/bahiaeconomica.com.br\/wp\/wp-json\/wp\/v2\/posts\/859066\/revisions"}],"predecessor-version":[{"id":859070,"href":"https:\/\/bahiaeconomica.com.br\/wp\/wp-json\/wp\/v2\/posts\/859066\/revisions\/859070"}],"wp:featuredmedia":[{"embeddable":true,"href":"https:\/\/bahiaeconomica.com.br\/wp\/wp-json\/wp\/v2\/media\/859068"}],"wp:attachment":[{"href":"https:\/\/bahiaeconomica.com.br\/wp\/wp-json\/wp\/v2\/media?parent=859066"}],"wp:term":[{"taxonomy":"category","embeddable":true,"href":"https:\/\/bahiaeconomica.com.br\/wp\/wp-json\/wp\/v2\/categories?post=859066"},{"taxonomy":"post_tag","embeddable":true,"href":"https:\/\/bahiaeconomica.com.br\/wp\/wp-json\/wp\/v2\/tags?post=859066"}],"curies":[{"name":"wp","href":"https:\/\/api.w.org\/{rel}","templated":true}]}}