{"id":858325,"date":"2024-11-08T15:00:52","date_gmt":"2024-11-08T18:00:52","guid":{"rendered":"https:\/\/bahiaeconomica.com.br\/wp\/?p=858325"},"modified":"2024-11-08T14:05:14","modified_gmt":"2024-11-08T17:05:14","slug":"bruno-reis-destaca-investimentos-em-cultura-e-diz-que-encontro-do-g20-em-salvador-coroa-momento-da-cidade","status":"publish","type":"post","link":"https:\/\/bahiaeconomica.com.br\/wp\/2024\/11\/08\/bruno-reis-destaca-investimentos-em-cultura-e-diz-que-encontro-do-g20-em-salvador-coroa-momento-da-cidade\/","title":{"rendered":"BRUNO REIS DESTACA INVESTIMENTOS EM CULTURA E DIZ QUE ENCONTRO DO G20 EM SALVADOR COROA MOMENTO DA CIDADE"},"content":{"rendered":"<p>O prefeito Bruno Reis foi participou nesta sexta-feira (8) do encontro de ministros de Cultura do G20, ocorrido no Centro de Conven\u00e7\u00f5es de Salvador, na Boca do Rio, e destacou que o evento \u201ccoroa\u201d o atual momento da capital baiana. Durante o f\u00f3rum, que re\u00fane autoridades das 20 maiores economias do mundo, o gestor lembrou dos investimentos feitos na cidade para a preserva\u00e7\u00e3o do patrim\u00f4nio na \u00e1rea cultural. \u201cInvestimos nos \u00faltimos anos mais de 300 milh\u00f5es de d\u00f3lares na reforma e revitaliza\u00e7\u00e3o de pr\u00e9dios hist\u00f3ricos como o Mercado Modelo, o Elevador Lacerda, al\u00e9m de criarmos mais de 10 equipamentos culturais para a cidade. Somos a capital afro das Am\u00e9ricas e, em nenhum momento da hist\u00f3ria, a cidade teve tantos investimentos nesse segmento. E isso impacta hoje no turismo, na movimenta\u00e7\u00e3o econ\u00f4mica, gera\u00e7\u00e3o de emprego e renda\u201d, ressaltou.<\/p>\n<p>Al\u00e9m de um vasto patrim\u00f4nio arquitet\u00f4nico, acrescentou Bruno Reis, a capital baiana \u00e9 reconhecida como um dos maiores centros de produ\u00e7\u00e3o cultural do pa\u00eds, saindo na vanguarda de movimentos art\u00edsticos. Para fomentar esse ecossistema, a Prefeitura tamb\u00e9m adotou a estrat\u00e9gia de empregar recursos pr\u00f3prios em complemento a verbas de editais federais, provenientes das leis Aldir Blanc e Paulo Gustavo. \u201cSomos a \u00fanica cidade do Brasil que iguala o montante dos recursos que s\u00e3o destinados por essas leis. Portanto, dobramos os investimentos p\u00fablicos na cultura em diversos editais\u201d, disse o prefeito da capital baiana.<\/p>\n<p>Al\u00e9m disso, novos equipamentos p\u00fablicos passaram a permitir que agentes culturais pudessem desenvolver ainda mais suas habilidades individuais, como \u00e9 o caso do Polo de Economia Criativa (Doca 1), que oferece qualifica\u00e7\u00e3o na \u00e1rea de moda, gastronomia, audiovisual, assim como a Cidade da M\u00fasica, que tamb\u00e9m permite que artistas possam desenvolver arranjos e can\u00e7\u00f5es em produ\u00e7\u00e3o de conte\u00fado cultural. \u201cEstou animado com o momento em que vive a cultura de Salvador e receber o G20 aqui \u00e9 para coroar todo esse trabalho que n\u00f3s fazemos. A partir daqui, o objetivo \u00e9 impulsionar ainda mais as a\u00e7\u00f5es que est\u00e3o em curso e possibilitar que n\u00f3s possamos implantar novas iniciativas\u201d, completou Bruno Reis, citando as constru\u00e7\u00f5es da Escola de M\u00fasica e Artes e a Sala de Espet\u00e1culos Letieres Leite, que ser\u00e3o inauguradas at\u00e9 meados do pr\u00f3ximo ano.<\/p>\n<p>Al\u00e9m do prefeito, representaram a capital baiana na reuni\u00e3o com ministros a vice-prefeita Ana Paula Matos e o secret\u00e1rio de Cultura e Turismo (Secult), Pedro Tourinho. \u201cUma das pautas do G20 \u00e9 entender a cultura como elemento tamb\u00e9m de sustentabilidade. E sustentabilidade \u00e9 ambiental, mas \u00e9, sobretudo, social. Por isso, seguimos trabalhando para que a nossa cultura, que \u00e9 \u00fanica, continue sendo reverenciada e fortalecida, respeitando a nossa ancestralidade, e que o nosso povo talentoso tenha a oportunidade de aprender elementos culturais profissionalizantes, para que eles possam, n\u00e3o s\u00f3 na frente dos palcos, mas em todas as esferas e em todas as linguagens, terem condi\u00e7\u00f5es de sustentar dignamente a sua fam\u00edlia, al\u00e9m de brilhar no mundo\u201d, afirmou Ana Paula.<\/p>\n<p>Fotos: Betto Jr.\/ Secom<\/p>\n","protected":false},"excerpt":{"rendered":"<p>O prefeito Bruno Reis foi participou nesta sexta-feira (8) do encontro de ministros de Cultura do G20, ocorrido no Centro de Conven\u00e7\u00f5es de Salvador, na Boca do Rio, e destacou que o evento \u201ccoroa\u201d o atual momento da capital baiana. Durante o f\u00f3rum, que re\u00fane autoridades das 20 maiores economias do mundo, o gestor lembrou [&hellip;]<\/p>\n","protected":false},"author":8,"featured_media":858327,"comment_status":"closed","ping_status":"closed","sticky":false,"template":"","format":"standard","meta":[],"categories":[14,3],"tags":[1208,10157,931,73],"acf":[],"yoast_head":"<!-- This site is optimized with the Yoast SEO plugin v20.8 - https:\/\/yoast.com\/wordpress\/plugins\/seo\/ -->\n<title>BRUNO REIS DESTACA INVESTIMENTOS EM CULTURA E DIZ QUE ENCONTRO DO G20 EM SALVADOR COROA MOMENTO DA CIDADE - Bahia Economica<\/title>\n<meta name=\"description\" content=\"O maior portal de Economia da Bahia DESTAQUE DO DIA, ECONOMIA \/ POL\u00cdTICA Bahia Economica buscamos tratar de a\u00e7\u00f5es importantes para, juntos\" \/>\n<meta name=\"robots\" content=\"index, follow, max-snippet:-1, max-image-preview:large, max-video-preview:-1\" \/>\n<link rel=\"canonical\" href=\"https:\/\/bahiaeconomica.com.br\/wp\/2024\/11\/08\/bruno-reis-destaca-investimentos-em-cultura-e-diz-que-encontro-do-g20-em-salvador-coroa-momento-da-cidade\/\" \/>\n<meta property=\"og:locale\" content=\"pt_BR\" \/>\n<meta property=\"og:type\" content=\"article\" \/>\n<meta property=\"og:title\" content=\"BRUNO REIS DESTACA INVESTIMENTOS EM CULTURA E DIZ QUE ENCONTRO DO G20 EM SALVADOR COROA MOMENTO DA CIDADE - Bahia Economica\" \/>\n<meta property=\"og:description\" content=\"O maior portal de Economia da Bahia DESTAQUE DO DIA, ECONOMIA \/ POL\u00cdTICA Bahia Economica buscamos tratar de a\u00e7\u00f5es importantes para, juntos\" \/>\n<meta property=\"og:url\" content=\"https:\/\/bahiaeconomica.com.br\/wp\/2024\/11\/08\/bruno-reis-destaca-investimentos-em-cultura-e-diz-que-encontro-do-g20-em-salvador-coroa-momento-da-cidade\/\" \/>\n<meta property=\"og:site_name\" content=\"Bahia Economica\" \/>\n<meta property=\"article:publisher\" content=\"https:\/\/www.facebook.com\/bahiaeconomica\" \/>\n<meta property=\"article:published_time\" content=\"2024-11-08T18:00:52+00:00\" \/>\n<meta property=\"article:modified_time\" content=\"2024-11-08T17:05:14+00:00\" \/>\n<meta property=\"og:image\" content=\"https:\/\/bahiaeconomica.com.br\/wp\/wp-content\/uploads\/2024\/11\/WhatsApp-Image-2024-11-08-at-13.01.58.jpeg\" \/>\n\t<meta property=\"og:image:width\" content=\"1600\" \/>\n\t<meta property=\"og:image:height\" content=\"1067\" \/>\n\t<meta property=\"og:image:type\" content=\"image\/jpeg\" \/>\n<meta name=\"author\" content=\"JP\" \/>\n<meta name=\"twitter:card\" content=\"summary_large_image\" \/>\n<meta name=\"twitter:label1\" content=\"Escrito por\" \/>\n\t<meta name=\"twitter:data1\" content=\"JP\" \/>\n\t<meta name=\"twitter:label2\" content=\"Est. tempo de leitura\" \/>\n\t<meta name=\"twitter:data2\" content=\"3 minutos\" \/>\n<script type=\"application\/ld+json\" class=\"yoast-schema-graph\">{\"@context\":\"https:\/\/schema.org\",\"@graph\":[{\"@type\":\"Article\",\"@id\":\"https:\/\/bahiaeconomica.com.br\/wp\/2024\/11\/08\/bruno-reis-destaca-investimentos-em-cultura-e-diz-que-encontro-do-g20-em-salvador-coroa-momento-da-cidade\/#article\",\"isPartOf\":{\"@id\":\"https:\/\/bahiaeconomica.com.br\/wp\/2024\/11\/08\/bruno-reis-destaca-investimentos-em-cultura-e-diz-que-encontro-do-g20-em-salvador-coroa-momento-da-cidade\/\"},\"author\":{\"name\":\"JP\",\"@id\":\"https:\/\/bahiaeconomica.com.br\/wp\/#\/schema\/person\/c86d3a3f8960425a0f9d0e5245991f4e\"},\"headline\":\"BRUNO REIS DESTACA INVESTIMENTOS EM CULTURA E DIZ QUE ENCONTRO DO G20 EM SALVADOR COROA MOMENTO DA CIDADE\",\"datePublished\":\"2024-11-08T18:00:52+00:00\",\"dateModified\":\"2024-11-08T17:05:14+00:00\",\"mainEntityOfPage\":{\"@id\":\"https:\/\/bahiaeconomica.com.br\/wp\/2024\/11\/08\/bruno-reis-destaca-investimentos-em-cultura-e-diz-que-encontro-do-g20-em-salvador-coroa-momento-da-cidade\/\"},\"wordCount\":545,\"publisher\":{\"@id\":\"https:\/\/bahiaeconomica.com.br\/wp\/#organization\"},\"keywords\":[\"bruno\",\"G20\",\"reis\",\"Salvador\"],\"articleSection\":[\"DESTAQUE DO DIA\",\"ECONOMIA \/ POL\u00cdTICA\"],\"inLanguage\":\"pt-BR\"},{\"@type\":\"WebPage\",\"@id\":\"https:\/\/bahiaeconomica.com.br\/wp\/2024\/11\/08\/bruno-reis-destaca-investimentos-em-cultura-e-diz-que-encontro-do-g20-em-salvador-coroa-momento-da-cidade\/\",\"url\":\"https:\/\/bahiaeconomica.com.br\/wp\/2024\/11\/08\/bruno-reis-destaca-investimentos-em-cultura-e-diz-que-encontro-do-g20-em-salvador-coroa-momento-da-cidade\/\",\"name\":\"BRUNO REIS DESTACA INVESTIMENTOS EM CULTURA E DIZ QUE ENCONTRO DO G20 EM SALVADOR COROA MOMENTO DA CIDADE - Bahia Economica\",\"isPartOf\":{\"@id\":\"https:\/\/bahiaeconomica.com.br\/wp\/#website\"},\"datePublished\":\"2024-11-08T18:00:52+00:00\",\"dateModified\":\"2024-11-08T17:05:14+00:00\",\"description\":\"O maior portal de Economia da Bahia DESTAQUE DO DIA, ECONOMIA \/ POL\u00cdTICA Bahia Economica buscamos tratar de a\u00e7\u00f5es importantes para, juntos\",\"breadcrumb\":{\"@id\":\"https:\/\/bahiaeconomica.com.br\/wp\/2024\/11\/08\/bruno-reis-destaca-investimentos-em-cultura-e-diz-que-encontro-do-g20-em-salvador-coroa-momento-da-cidade\/#breadcrumb\"},\"inLanguage\":\"pt-BR\",\"potentialAction\":[{\"@type\":\"ReadAction\",\"target\":[\"https:\/\/bahiaeconomica.com.br\/wp\/2024\/11\/08\/bruno-reis-destaca-investimentos-em-cultura-e-diz-que-encontro-do-g20-em-salvador-coroa-momento-da-cidade\/\"]}]},{\"@type\":\"BreadcrumbList\",\"@id\":\"https:\/\/bahiaeconomica.com.br\/wp\/2024\/11\/08\/bruno-reis-destaca-investimentos-em-cultura-e-diz-que-encontro-do-g20-em-salvador-coroa-momento-da-cidade\/#breadcrumb\",\"itemListElement\":[{\"@type\":\"ListItem\",\"position\":1,\"name\":\"In\u00edcio\",\"item\":\"https:\/\/bahiaeconomica.com.br\/wp\/\"},{\"@type\":\"ListItem\",\"position\":2,\"name\":\"BRUNO REIS DESTACA INVESTIMENTOS EM CULTURA E DIZ QUE ENCONTRO DO G20 EM SALVADOR COROA MOMENTO DA CIDADE\"}]},{\"@type\":\"WebSite\",\"@id\":\"https:\/\/bahiaeconomica.com.br\/wp\/#website\",\"url\":\"https:\/\/bahiaeconomica.com.br\/wp\/\",\"name\":\"Bahia Economica\",\"description\":\"O maior portal de Economia da Bahia\",\"publisher\":{\"@id\":\"https:\/\/bahiaeconomica.com.br\/wp\/#organization\"},\"potentialAction\":[{\"@type\":\"SearchAction\",\"target\":{\"@type\":\"EntryPoint\",\"urlTemplate\":\"https:\/\/bahiaeconomica.com.br\/wp\/?s={search_term_string}\"},\"query-input\":\"required name=search_term_string\"}],\"inLanguage\":\"pt-BR\"},{\"@type\":\"Organization\",\"@id\":\"https:\/\/bahiaeconomica.com.br\/wp\/#organization\",\"name\":\"Bahia Econ\u00f4mica\",\"url\":\"https:\/\/bahiaeconomica.com.br\/wp\/\",\"logo\":{\"@type\":\"ImageObject\",\"inLanguage\":\"pt-BR\",\"@id\":\"https:\/\/bahiaeconomica.com.br\/wp\/#\/schema\/logo\/image\/\",\"url\":\"https:\/\/bahiaeconomica.com.br\/wp\/wp-content\/uploads\/2020\/12\/cropped-BE.png\",\"contentUrl\":\"https:\/\/bahiaeconomica.com.br\/wp\/wp-content\/uploads\/2020\/12\/cropped-BE.png\",\"width\":512,\"height\":512,\"caption\":\"Bahia Econ\u00f4mica\"},\"image\":{\"@id\":\"https:\/\/bahiaeconomica.com.br\/wp\/#\/schema\/logo\/image\/\"},\"sameAs\":[\"https:\/\/www.facebook.com\/bahiaeconomica\"]},{\"@type\":\"Person\",\"@id\":\"https:\/\/bahiaeconomica.com.br\/wp\/#\/schema\/person\/c86d3a3f8960425a0f9d0e5245991f4e\",\"name\":\"JP\",\"sameAs\":[\"https:\/\/bahiaeconomica.com.br\/wp\/beta\/\"],\"url\":\"https:\/\/bahiaeconomica.com.br\/wp\/author\/jp\/\"}]}<\/script>\n<!-- \/ Yoast SEO plugin. -->","yoast_head_json":{"title":"BRUNO REIS DESTACA INVESTIMENTOS EM CULTURA E DIZ QUE ENCONTRO DO G20 EM SALVADOR COROA MOMENTO DA CIDADE - Bahia Economica","description":"O maior portal de Economia da Bahia DESTAQUE DO DIA, ECONOMIA \/ POL\u00cdTICA Bahia Economica buscamos tratar de a\u00e7\u00f5es importantes para, juntos","robots":{"index":"index","follow":"follow","max-snippet":"max-snippet:-1","max-image-preview":"max-image-preview:large","max-video-preview":"max-video-preview:-1"},"canonical":"https:\/\/bahiaeconomica.com.br\/wp\/2024\/11\/08\/bruno-reis-destaca-investimentos-em-cultura-e-diz-que-encontro-do-g20-em-salvador-coroa-momento-da-cidade\/","og_locale":"pt_BR","og_type":"article","og_title":"BRUNO REIS DESTACA INVESTIMENTOS EM CULTURA E DIZ QUE ENCONTRO DO G20 EM SALVADOR COROA MOMENTO DA CIDADE - Bahia Economica","og_description":"O maior portal de Economia da Bahia DESTAQUE DO DIA, ECONOMIA \/ POL\u00cdTICA Bahia Economica buscamos tratar de a\u00e7\u00f5es importantes para, juntos","og_url":"https:\/\/bahiaeconomica.com.br\/wp\/2024\/11\/08\/bruno-reis-destaca-investimentos-em-cultura-e-diz-que-encontro-do-g20-em-salvador-coroa-momento-da-cidade\/","og_site_name":"Bahia Economica","article_publisher":"https:\/\/www.facebook.com\/bahiaeconomica","article_published_time":"2024-11-08T18:00:52+00:00","article_modified_time":"2024-11-08T17:05:14+00:00","og_image":[{"width":1600,"height":1067,"url":"https:\/\/bahiaeconomica.com.br\/wp\/wp-content\/uploads\/2024\/11\/WhatsApp-Image-2024-11-08-at-13.01.58.jpeg","type":"image\/jpeg"}],"author":"JP","twitter_card":"summary_large_image","twitter_misc":{"Escrito por":"JP","Est. tempo de leitura":"3 minutos"},"schema":{"@context":"https:\/\/schema.org","@graph":[{"@type":"Article","@id":"https:\/\/bahiaeconomica.com.br\/wp\/2024\/11\/08\/bruno-reis-destaca-investimentos-em-cultura-e-diz-que-encontro-do-g20-em-salvador-coroa-momento-da-cidade\/#article","isPartOf":{"@id":"https:\/\/bahiaeconomica.com.br\/wp\/2024\/11\/08\/bruno-reis-destaca-investimentos-em-cultura-e-diz-que-encontro-do-g20-em-salvador-coroa-momento-da-cidade\/"},"author":{"name":"JP","@id":"https:\/\/bahiaeconomica.com.br\/wp\/#\/schema\/person\/c86d3a3f8960425a0f9d0e5245991f4e"},"headline":"BRUNO REIS DESTACA INVESTIMENTOS EM CULTURA E DIZ QUE ENCONTRO DO G20 EM SALVADOR COROA MOMENTO DA CIDADE","datePublished":"2024-11-08T18:00:52+00:00","dateModified":"2024-11-08T17:05:14+00:00","mainEntityOfPage":{"@id":"https:\/\/bahiaeconomica.com.br\/wp\/2024\/11\/08\/bruno-reis-destaca-investimentos-em-cultura-e-diz-que-encontro-do-g20-em-salvador-coroa-momento-da-cidade\/"},"wordCount":545,"publisher":{"@id":"https:\/\/bahiaeconomica.com.br\/wp\/#organization"},"keywords":["bruno","G20","reis","Salvador"],"articleSection":["DESTAQUE DO DIA","ECONOMIA \/ POL\u00cdTICA"],"inLanguage":"pt-BR"},{"@type":"WebPage","@id":"https:\/\/bahiaeconomica.com.br\/wp\/2024\/11\/08\/bruno-reis-destaca-investimentos-em-cultura-e-diz-que-encontro-do-g20-em-salvador-coroa-momento-da-cidade\/","url":"https:\/\/bahiaeconomica.com.br\/wp\/2024\/11\/08\/bruno-reis-destaca-investimentos-em-cultura-e-diz-que-encontro-do-g20-em-salvador-coroa-momento-da-cidade\/","name":"BRUNO REIS DESTACA INVESTIMENTOS EM CULTURA E DIZ QUE ENCONTRO DO G20 EM SALVADOR COROA MOMENTO DA CIDADE - Bahia Economica","isPartOf":{"@id":"https:\/\/bahiaeconomica.com.br\/wp\/#website"},"datePublished":"2024-11-08T18:00:52+00:00","dateModified":"2024-11-08T17:05:14+00:00","description":"O maior portal de Economia da Bahia DESTAQUE DO DIA, ECONOMIA \/ POL\u00cdTICA Bahia Economica buscamos tratar de a\u00e7\u00f5es importantes para, juntos","breadcrumb":{"@id":"https:\/\/bahiaeconomica.com.br\/wp\/2024\/11\/08\/bruno-reis-destaca-investimentos-em-cultura-e-diz-que-encontro-do-g20-em-salvador-coroa-momento-da-cidade\/#breadcrumb"},"inLanguage":"pt-BR","potentialAction":[{"@type":"ReadAction","target":["https:\/\/bahiaeconomica.com.br\/wp\/2024\/11\/08\/bruno-reis-destaca-investimentos-em-cultura-e-diz-que-encontro-do-g20-em-salvador-coroa-momento-da-cidade\/"]}]},{"@type":"BreadcrumbList","@id":"https:\/\/bahiaeconomica.com.br\/wp\/2024\/11\/08\/bruno-reis-destaca-investimentos-em-cultura-e-diz-que-encontro-do-g20-em-salvador-coroa-momento-da-cidade\/#breadcrumb","itemListElement":[{"@type":"ListItem","position":1,"name":"In\u00edcio","item":"https:\/\/bahiaeconomica.com.br\/wp\/"},{"@type":"ListItem","position":2,"name":"BRUNO REIS DESTACA INVESTIMENTOS EM CULTURA E DIZ QUE ENCONTRO DO G20 EM SALVADOR COROA MOMENTO DA CIDADE"}]},{"@type":"WebSite","@id":"https:\/\/bahiaeconomica.com.br\/wp\/#website","url":"https:\/\/bahiaeconomica.com.br\/wp\/","name":"Bahia Economica","description":"O maior portal de Economia da Bahia","publisher":{"@id":"https:\/\/bahiaeconomica.com.br\/wp\/#organization"},"potentialAction":[{"@type":"SearchAction","target":{"@type":"EntryPoint","urlTemplate":"https:\/\/bahiaeconomica.com.br\/wp\/?s={search_term_string}"},"query-input":"required name=search_term_string"}],"inLanguage":"pt-BR"},{"@type":"Organization","@id":"https:\/\/bahiaeconomica.com.br\/wp\/#organization","name":"Bahia Econ\u00f4mica","url":"https:\/\/bahiaeconomica.com.br\/wp\/","logo":{"@type":"ImageObject","inLanguage":"pt-BR","@id":"https:\/\/bahiaeconomica.com.br\/wp\/#\/schema\/logo\/image\/","url":"https:\/\/bahiaeconomica.com.br\/wp\/wp-content\/uploads\/2020\/12\/cropped-BE.png","contentUrl":"https:\/\/bahiaeconomica.com.br\/wp\/wp-content\/uploads\/2020\/12\/cropped-BE.png","width":512,"height":512,"caption":"Bahia Econ\u00f4mica"},"image":{"@id":"https:\/\/bahiaeconomica.com.br\/wp\/#\/schema\/logo\/image\/"},"sameAs":["https:\/\/www.facebook.com\/bahiaeconomica"]},{"@type":"Person","@id":"https:\/\/bahiaeconomica.com.br\/wp\/#\/schema\/person\/c86d3a3f8960425a0f9d0e5245991f4e","name":"JP","sameAs":["https:\/\/bahiaeconomica.com.br\/wp\/beta\/"],"url":"https:\/\/bahiaeconomica.com.br\/wp\/author\/jp\/"}]}},"views":19,"_links":{"self":[{"href":"https:\/\/bahiaeconomica.com.br\/wp\/wp-json\/wp\/v2\/posts\/858325"}],"collection":[{"href":"https:\/\/bahiaeconomica.com.br\/wp\/wp-json\/wp\/v2\/posts"}],"about":[{"href":"https:\/\/bahiaeconomica.com.br\/wp\/wp-json\/wp\/v2\/types\/post"}],"author":[{"embeddable":true,"href":"https:\/\/bahiaeconomica.com.br\/wp\/wp-json\/wp\/v2\/users\/8"}],"replies":[{"embeddable":true,"href":"https:\/\/bahiaeconomica.com.br\/wp\/wp-json\/wp\/v2\/comments?post=858325"}],"version-history":[{"count":1,"href":"https:\/\/bahiaeconomica.com.br\/wp\/wp-json\/wp\/v2\/posts\/858325\/revisions"}],"predecessor-version":[{"id":858329,"href":"https:\/\/bahiaeconomica.com.br\/wp\/wp-json\/wp\/v2\/posts\/858325\/revisions\/858329"}],"wp:featuredmedia":[{"embeddable":true,"href":"https:\/\/bahiaeconomica.com.br\/wp\/wp-json\/wp\/v2\/media\/858327"}],"wp:attachment":[{"href":"https:\/\/bahiaeconomica.com.br\/wp\/wp-json\/wp\/v2\/media?parent=858325"}],"wp:term":[{"taxonomy":"category","embeddable":true,"href":"https:\/\/bahiaeconomica.com.br\/wp\/wp-json\/wp\/v2\/categories?post=858325"},{"taxonomy":"post_tag","embeddable":true,"href":"https:\/\/bahiaeconomica.com.br\/wp\/wp-json\/wp\/v2\/tags?post=858325"}],"curies":[{"name":"wp","href":"https:\/\/api.w.org\/{rel}","templated":true}]}}