{"id":857971,"date":"2024-11-07T15:33:13","date_gmt":"2024-11-07T18:33:13","guid":{"rendered":"https:\/\/bahiaeconomica.com.br\/wp\/?p=857971"},"modified":"2024-11-07T15:34:37","modified_gmt":"2024-11-07T18:34:37","slug":"bahia-avanca-em-politicas-publicas-para-povos-indigenas-com-entregas-e-autorizacoes-de-obras","status":"publish","type":"post","link":"https:\/\/bahiaeconomica.com.br\/wp\/2024\/11\/07\/bahia-avanca-em-politicas-publicas-para-povos-indigenas-com-entregas-e-autorizacoes-de-obras\/","title":{"rendered":"BAHIA AVAN\u00c7A EM POL\u00cdTICAS P\u00daBLICAS PARA POVOS IND\u00cdGENAS COM ENTREGAS E AUTORIZA\u00c7\u00d5ES DE OBRAS"},"content":{"rendered":"<p>Cerca de 1.500 pessoas ind\u00edgenas de 33 etnias discutem, at\u00e9 hoje (7), a retomada das negocia\u00e7\u00f5es em torno do marco temporal no Congresso Nacional, na \u00e1rea externa da Assembleia Legislativa da Bahia (Alba). Em mais uma visita a 6\u00aa edi\u00e7\u00e3o do Acampamento Terra Livre, promovido pelo Movimento Unido dos Povos e Organiza\u00e7\u00f5es Ind\u00edgenas (Mupoiba), o governador Jer\u00f4nimo Rodrigues acompanhado do superintendente de Aten\u00e7\u00e3o Integral \u00e0 Sa\u00fade, Karlos Almeida, entregou 10 ambul\u00e2ncias para atender 143 comunidades ind\u00edgenas dos munic\u00edpios de Juazeiro, Euclides da Cunha, Ribeira do Pombal, Itamaraju, Ibotirama, Ilh\u00e9us, Pau Brasil, Paulo Afonso e Porto Seguro, um investimento de R$ 2.4 milh\u00f5es. Al\u00e9m disso, entregou equipamentos destinados ao posto de sa\u00fade ind\u00edgena da Aldeia Tupinamb\u00e1 Encanto da Patioba, no munic\u00edpio de Itapebi.<\/p>\n<p>Para a melhoria da sa\u00fade nas comunidades ind\u00edgenas, Jer\u00f4nimo Rodrigues tamb\u00e9m autorizou a Secretaria de Sa\u00fade do Estado da Bahia (Sesab) a elaborar o projeto para a constru\u00e7\u00e3o de 38 Unidades B\u00e1sicas de Sa\u00fade Ind\u00edgena (UBSI) em comunidades de 17 munic\u00edpios baianos: Abar\u00e9, Banza\u00ea, Buerarema, Camacan, Euclides da Cunha, Gl\u00f3ria, Ilh\u00e9us, Itaju do Col\u00f4nia, Muqu\u00e9m de S\u00e3o Francisco, Pau Brasil, Paulo Afonso, Porto Seguro, Prado, Rodelas, Santa Cruz Cabr\u00e1lia, Serra do Ramalho e Una. Atrav\u00e9s do Programa SUS II (PROSUS II), a Sesab ir\u00e1 construir e equipar essas unidades em 38 aldeias, beneficiando 25.550 ind\u00edgenas de 12 etnias diferentes. O valor unit\u00e1rio de cada UBSI, incluindo os equipamentos, ser\u00e1 de R$ 3 milh\u00f5es, totalizando um investimento de cerca de R$ 117 milh\u00f5es.<\/p>\n<p>Durante fala do seu discurso, o governador Jer\u00f4nimo Rodrigues, destacou: &#8220;esse \u00e9 um passo importante para que, a partir de agora, cada aldeia, cada etnia, tenha moradias dignas, acesso a \u00e1gua tratada, apoio cultural e melhores condi\u00e7\u00f5es de sa\u00fade. Queremos garantir que nenhum parente nosso sofra ou perca a vida sem ter ao menos acesso a uma ambul\u00e2ncia ou ao atendimento de que precisa&#8221;, disse.<\/p>\n<p>&#8220;Hoje, estamos dando passos significativos em v\u00e1rias frentes para garantir que os direitos dos povos ind\u00edgenas sejam efetivamente reconhecidos e respeitados. N\u00f3s somos mais de 33 povos na Bahia. Estamos presentes em 52 munic\u00edpios na Bahia. E eu chego aqui com o cora\u00e7\u00e3o cheio de gratid\u00e3o, imensamente feliz. E quero agradecer a todos que estiveram aqui nessa luta para a constru\u00e7\u00e3o. Todos os compromissos do ATL foram cumpridos, principalmente pelo nosso governador&#8221;, ressaltou a superintendente de Pol\u00edticas para os Povos Ind\u00edgenas, Patr\u00edcia Patax\u00f3.<\/p>\n<p>Os investimentos marcam o comprometimento do Estado com os povos ind\u00edgenas de toda a Bahia. &#8220;\u00c9 o compromisso do nosso governador com a popula\u00e7\u00e3o ind\u00edgena, dando mais dignidade, dando uma sa\u00fade cada vez mais humanizada para o povo da Bahia&#8221;, pontuou o superintendente Karlos Almeida.<\/p>\n<p><strong>Educa\u00e7\u00e3o<\/strong><\/p>\n<p>Visando fortalecer a educa\u00e7\u00e3o ind\u00edgena no estado, proporcionando espa\u00e7os de ensino de qualidade, com infraestrutura moderna e adequada \u00e0s necessidades das comunidades, o governador autorizou, por meio da Secretaria da Educa\u00e7\u00e3o (SEC), a emiss\u00e3o da ordem de servi\u00e7o para a constru\u00e7\u00e3o de tr\u00eas unidades escolares de Tempo Integral Ind\u00edgena e a amplia\u00e7\u00e3o com moderniza\u00e7\u00e3o de uma escola no munic\u00edpio de Prado. Al\u00e9m disso, foi autorizado o in\u00edcio do processo licitat\u00f3rio para a constru\u00e7\u00e3o de duas novas unidades escolares de Tempo Integral Ind\u00edgena no munic\u00edpio de Ilh\u00e9us.<\/p>\n<p>&#8220;Aqui, hoje, estamos entregando mais do que uma estrutura f\u00edsica. Este \u00e9 um marco para a transforma\u00e7\u00e3o da educa\u00e7\u00e3o do nosso povo ind\u00edgena. N\u00e3o se trata apenas de infraestrutura; estamos tamb\u00e9m investindo na forma\u00e7\u00e3o dos professores ind\u00edgenas e dos gestores escolares, al\u00e9m de valorizar os profissionais do magist\u00e9rio&#8221; pontuou a secret\u00e1ria da educa\u00e7\u00e3o durante discurso, Rowenna Brito.<\/p>\n<p><strong>Cultura e Desenvolvimento Rural<\/strong><\/p>\n<p>Na ocasi\u00e3o, foi autorizado por Jer\u00f4nimo Rodrigues a celebra\u00e7\u00e3o de um Termo de Coopera\u00e7\u00e3o entre a Secretaria de Cultura do Estado da Bahia (Secult) e a Secretaria de Desenvolvimento Rural (SDR) para a constru\u00e7\u00e3o de oito Centros de Cultura Ind\u00edgena, al\u00e9m da aquisi\u00e7\u00e3o de equipamentos destinados ao atendimento de aldeias ind\u00edgenas. Esses centros ser\u00e3o espa\u00e7os fundamentais para a preserva\u00e7\u00e3o e promo\u00e7\u00e3o das culturas tradicionais, oferecendo suporte \u00e0 educa\u00e7\u00e3o, \u00e0 arte e \u00e0 mem\u00f3ria das comunidades ind\u00edgenas.<br \/>\nE para garantir o acesso \u00e0 habita\u00e7\u00e3o e melhorar as condi\u00e7\u00f5es de moradia para as fam\u00edlias rurais, foi autorizado o lan\u00e7amento de um edital para a contrata\u00e7\u00e3o de entidades da sociedade civil para a constru\u00e7\u00e3o de 206 unidades habitacionais no \u00e2mbito do Programa Minha Casa, Minha Vida \u2013 Rural (MCMVR).<\/p>\n<p><strong>Saneamento B\u00e1sico<\/strong><\/p>\n<p>Atrav\u00e9s da Secretaria de Infraestrutura H\u00eddrica e Saneamento (SIHS), o acesso a \u00e1gua pot\u00e1vel est\u00e1 garantido, j\u00e1 que Jer\u00f4nimo autorizou a elabora\u00e7\u00e3o de um projeto para a implanta\u00e7\u00e3o de 27 Sistemas Simplificados de Abastecimento de \u00c1gua em comunidades ind\u00edgenas dos munic\u00edpios de Alcoba\u00e7a, Banza\u00ea, Belmonte, Euclides da Cunha, Gl\u00f3ria, Ilh\u00e9us, Porto Seguro e Prado. A medida, que visa tamb\u00e9m melhorar as condi\u00e7\u00f5es de saneamento b\u00e1sico nas aldeias, representa um investimento de R$ 13,5 milh\u00f5es. Com a implanta\u00e7\u00e3o desses sistemas, o governo estadual busca promover a sa\u00fade, o bem-estar e a qualidade de vida das comunidades ind\u00edgenas, al\u00e9m de contribuir para a preserva\u00e7\u00e3o ambiental e o desenvolvimento sustent\u00e1vel dessas regi\u00f5es.<\/p>\n<p>Para o presidente da Federa\u00e7\u00e3o Ind\u00edgena dos Povos Patax\u00f3 e Tupinamb\u00e1 no Sul e extremo Sul da Bahia (Finpat), K\u00e2hu Patax\u00f3, &#8220;\u00e9 um momento de celebra\u00e7\u00e3o. \u00c9 de agradecer e dizer que a luta que fizemos, que sempre fizemos, agora n\u00f3s estamos vendo os resultados chegarem. Quando os nossos mais velhos disseram, olha, quando um dos nossos estiver l\u00e1 dentro, \u00e9 quando a gente vai conseguir vencer. E \u00e9 por isso que ter Jer\u00f4nimo, o nosso parente, governador, \u00e9 o sonho realizado&#8221;, celebrou.<\/p>\n<p><strong>Outros atos<\/strong><\/p>\n<p>Durante a segunda visita ao acampamento, Jer\u00f4nimo entregou 250 Carteiras Nacionais do Artes\u00e3o (CNA) em uma a\u00e7\u00e3o da Secretaria do Trabalho, Emprego, Renda e Esporte (Setre), reconhecendo o trabalho e a import\u00e2ncia das artes\u00e3s e artes\u00e3os ind\u00edgenas.<\/p>\n<p><strong>Acampamento Terra Livre<\/strong><\/p>\n<p>Com apoio dos poderes Legislativo e Executivo da Bahia, a edi\u00e7\u00e3o 2024 tem como foco o tema &#8220;O Nosso Marco \u00e9 Ancestral&#8221;, e conta com servi\u00e7os de cidadania oferecidos pelo Governo do Estado. Os participantes t\u00eam acesso \u00e0 emiss\u00e3o do Cart\u00e3o de Identidade do Ind\u00edgena (CIN), Carteira Nacional do Artes\u00e3o e de antecedentes criminais, atrav\u00e9s do SAC M\u00f3vel; e atendimentos psicossociais e jur\u00eddicos, com a equipe multiprofissional da Secretaria de Pol\u00edticas para as Mulheres (SPM). Tamb\u00e9m contam com apoio da Secretaria do Trabalho, Emprego, Renda e Esporte (Setre) e da Secretaria de Promo\u00e7\u00e3o da Igualdade Racial (Sepromi), com a estrutura para a Feira de Economia Solid\u00e1ria; e da Coordena\u00e7\u00e3o-geral de Pol\u00edticas de Juventudes (Cojuve), que realiza a emiss\u00e3o do ID Jovem.<\/p>\n<p>Atrav\u00e9s da Secretaria da Sa\u00fade (Sesab), nos dias 4 e 5\/11 tamb\u00e9m foram realizados 44 exames de mamografia e 3.263 procedimentos odontol\u00f3gicos no acampamento. A ocupa\u00e7\u00e3o tamb\u00e9m promove atividades culturais, palestras e a\u00e7\u00f5es comunit\u00e1rias, que ressaltam a valoriza\u00e7\u00e3o dos direitos e da mem\u00f3ria ind\u00edgenas.<\/p>\n<p>&nbsp;<\/p>\n<p>Rep\u00f3rter: Joci Santana\/GOVBA<\/p>\n<p>Foto: Thuane Maria\/GOVBA<\/p>\n","protected":false},"excerpt":{"rendered":"<p>Cerca de 1.500 pessoas ind\u00edgenas de 33 etnias discutem, at\u00e9 hoje (7), a retomada das negocia\u00e7\u00f5es em torno do marco temporal no Congresso Nacional, na \u00e1rea externa da Assembleia Legislativa da Bahia (Alba). Em mais uma visita a 6\u00aa edi\u00e7\u00e3o do Acampamento Terra Livre, promovido pelo Movimento Unido dos Povos e Organiza\u00e7\u00f5es Ind\u00edgenas (Mupoiba), o [&hellip;]<\/p>\n","protected":false},"author":22,"featured_media":857976,"comment_status":"closed","ping_status":"closed","sticky":false,"template":"","format":"standard","meta":[],"categories":[14601],"tags":[85,3547,22281],"acf":[],"yoast_head":"<!-- This site is optimized with the Yoast SEO plugin v20.8 - https:\/\/yoast.com\/wordpress\/plugins\/seo\/ -->\n<title>BAHIA AVAN\u00c7A EM POL\u00cdTICAS P\u00daBLICAS PARA POVOS IND\u00cdGENAS COM ENTREGAS E AUTORIZA\u00c7\u00d5ES DE OBRAS - Bahia Economica<\/title>\n<meta name=\"description\" content=\"O maior portal de Economia da Bahia Pol\u00edtica Bahia Economica\" \/>\n<meta name=\"robots\" content=\"index, follow, max-snippet:-1, max-image-preview:large, max-video-preview:-1\" \/>\n<link rel=\"canonical\" href=\"https:\/\/bahiaeconomica.com.br\/wp\/2024\/11\/07\/bahia-avanca-em-politicas-publicas-para-povos-indigenas-com-entregas-e-autorizacoes-de-obras\/\" \/>\n<meta property=\"og:locale\" content=\"pt_BR\" \/>\n<meta property=\"og:type\" content=\"article\" \/>\n<meta property=\"og:title\" content=\"BAHIA AVAN\u00c7A EM POL\u00cdTICAS P\u00daBLICAS PARA POVOS IND\u00cdGENAS COM ENTREGAS E AUTORIZA\u00c7\u00d5ES DE OBRAS - Bahia Economica\" \/>\n<meta property=\"og:description\" content=\"O maior portal de Economia da Bahia Pol\u00edtica Bahia Economica\" \/>\n<meta property=\"og:url\" content=\"https:\/\/bahiaeconomica.com.br\/wp\/2024\/11\/07\/bahia-avanca-em-politicas-publicas-para-povos-indigenas-com-entregas-e-autorizacoes-de-obras\/\" \/>\n<meta property=\"og:site_name\" content=\"Bahia Economica\" \/>\n<meta property=\"article:publisher\" content=\"https:\/\/www.facebook.com\/bahiaeconomica\" \/>\n<meta property=\"article:published_time\" content=\"2024-11-07T18:33:13+00:00\" \/>\n<meta property=\"article:modified_time\" content=\"2024-11-07T18:34:37+00:00\" \/>\n<meta property=\"og:image\" content=\"https:\/\/bahiaeconomica.com.br\/wp\/wp-content\/uploads\/2024\/11\/Thuane-MariaGOVBA-3.jpeg\" \/>\n\t<meta property=\"og:image:width\" content=\"1600\" \/>\n\t<meta property=\"og:image:height\" content=\"1066\" \/>\n\t<meta property=\"og:image:type\" content=\"image\/jpeg\" \/>\n<meta name=\"author\" content=\"Matheus Souza\" \/>\n<meta name=\"twitter:card\" content=\"summary_large_image\" \/>\n<meta name=\"twitter:label1\" content=\"Escrito por\" \/>\n\t<meta name=\"twitter:data1\" content=\"Matheus Souza\" \/>\n\t<meta name=\"twitter:label2\" content=\"Est. tempo de leitura\" \/>\n\t<meta name=\"twitter:data2\" content=\"7 minutos\" \/>\n<script type=\"application\/ld+json\" class=\"yoast-schema-graph\">{\"@context\":\"https:\/\/schema.org\",\"@graph\":[{\"@type\":\"Article\",\"@id\":\"https:\/\/bahiaeconomica.com.br\/wp\/2024\/11\/07\/bahia-avanca-em-politicas-publicas-para-povos-indigenas-com-entregas-e-autorizacoes-de-obras\/#article\",\"isPartOf\":{\"@id\":\"https:\/\/bahiaeconomica.com.br\/wp\/2024\/11\/07\/bahia-avanca-em-politicas-publicas-para-povos-indigenas-com-entregas-e-autorizacoes-de-obras\/\"},\"author\":{\"name\":\"Matheus Souza\",\"@id\":\"https:\/\/bahiaeconomica.com.br\/wp\/#\/schema\/person\/3304d50cfd32353c7d08c39066638997\"},\"headline\":\"BAHIA AVAN\u00c7A EM POL\u00cdTICAS P\u00daBLICAS PARA POVOS IND\u00cdGENAS COM ENTREGAS E AUTORIZA\u00c7\u00d5ES DE OBRAS\",\"datePublished\":\"2024-11-07T18:33:13+00:00\",\"dateModified\":\"2024-11-07T18:34:37+00:00\",\"mainEntityOfPage\":{\"@id\":\"https:\/\/bahiaeconomica.com.br\/wp\/2024\/11\/07\/bahia-avanca-em-politicas-publicas-para-povos-indigenas-com-entregas-e-autorizacoes-de-obras\/\"},\"wordCount\":1274,\"publisher\":{\"@id\":\"https:\/\/bahiaeconomica.com.br\/wp\/#organization\"},\"keywords\":[\"Bahia\",\"ind\u00edgenas\",\"pol\u00edticas publicas\"],\"articleSection\":[\"Pol\u00edtica\"],\"inLanguage\":\"pt-BR\"},{\"@type\":\"WebPage\",\"@id\":\"https:\/\/bahiaeconomica.com.br\/wp\/2024\/11\/07\/bahia-avanca-em-politicas-publicas-para-povos-indigenas-com-entregas-e-autorizacoes-de-obras\/\",\"url\":\"https:\/\/bahiaeconomica.com.br\/wp\/2024\/11\/07\/bahia-avanca-em-politicas-publicas-para-povos-indigenas-com-entregas-e-autorizacoes-de-obras\/\",\"name\":\"BAHIA AVAN\u00c7A EM POL\u00cdTICAS P\u00daBLICAS PARA POVOS IND\u00cdGENAS COM ENTREGAS E AUTORIZA\u00c7\u00d5ES DE OBRAS - Bahia Economica\",\"isPartOf\":{\"@id\":\"https:\/\/bahiaeconomica.com.br\/wp\/#website\"},\"datePublished\":\"2024-11-07T18:33:13+00:00\",\"dateModified\":\"2024-11-07T18:34:37+00:00\",\"description\":\"O maior portal de Economia da Bahia Pol\u00edtica Bahia Economica\",\"breadcrumb\":{\"@id\":\"https:\/\/bahiaeconomica.com.br\/wp\/2024\/11\/07\/bahia-avanca-em-politicas-publicas-para-povos-indigenas-com-entregas-e-autorizacoes-de-obras\/#breadcrumb\"},\"inLanguage\":\"pt-BR\",\"potentialAction\":[{\"@type\":\"ReadAction\",\"target\":[\"https:\/\/bahiaeconomica.com.br\/wp\/2024\/11\/07\/bahia-avanca-em-politicas-publicas-para-povos-indigenas-com-entregas-e-autorizacoes-de-obras\/\"]}]},{\"@type\":\"BreadcrumbList\",\"@id\":\"https:\/\/bahiaeconomica.com.br\/wp\/2024\/11\/07\/bahia-avanca-em-politicas-publicas-para-povos-indigenas-com-entregas-e-autorizacoes-de-obras\/#breadcrumb\",\"itemListElement\":[{\"@type\":\"ListItem\",\"position\":1,\"name\":\"In\u00edcio\",\"item\":\"https:\/\/bahiaeconomica.com.br\/wp\/\"},{\"@type\":\"ListItem\",\"position\":2,\"name\":\"BAHIA AVAN\u00c7A EM POL\u00cdTICAS P\u00daBLICAS PARA POVOS IND\u00cdGENAS COM ENTREGAS E AUTORIZA\u00c7\u00d5ES DE OBRAS\"}]},{\"@type\":\"WebSite\",\"@id\":\"https:\/\/bahiaeconomica.com.br\/wp\/#website\",\"url\":\"https:\/\/bahiaeconomica.com.br\/wp\/\",\"name\":\"Bahia Economica\",\"description\":\"O maior portal de Economia da Bahia\",\"publisher\":{\"@id\":\"https:\/\/bahiaeconomica.com.br\/wp\/#organization\"},\"potentialAction\":[{\"@type\":\"SearchAction\",\"target\":{\"@type\":\"EntryPoint\",\"urlTemplate\":\"https:\/\/bahiaeconomica.com.br\/wp\/?s={search_term_string}\"},\"query-input\":\"required name=search_term_string\"}],\"inLanguage\":\"pt-BR\"},{\"@type\":\"Organization\",\"@id\":\"https:\/\/bahiaeconomica.com.br\/wp\/#organization\",\"name\":\"Bahia Econ\u00f4mica\",\"url\":\"https:\/\/bahiaeconomica.com.br\/wp\/\",\"logo\":{\"@type\":\"ImageObject\",\"inLanguage\":\"pt-BR\",\"@id\":\"https:\/\/bahiaeconomica.com.br\/wp\/#\/schema\/logo\/image\/\",\"url\":\"https:\/\/bahiaeconomica.com.br\/wp\/wp-content\/uploads\/2020\/12\/cropped-BE.png\",\"contentUrl\":\"https:\/\/bahiaeconomica.com.br\/wp\/wp-content\/uploads\/2020\/12\/cropped-BE.png\",\"width\":512,\"height\":512,\"caption\":\"Bahia Econ\u00f4mica\"},\"image\":{\"@id\":\"https:\/\/bahiaeconomica.com.br\/wp\/#\/schema\/logo\/image\/\"},\"sameAs\":[\"https:\/\/www.facebook.com\/bahiaeconomica\"]},{\"@type\":\"Person\",\"@id\":\"https:\/\/bahiaeconomica.com.br\/wp\/#\/schema\/person\/3304d50cfd32353c7d08c39066638997\",\"name\":\"Matheus Souza\",\"sameAs\":[\"http:\/\/www.bahiaeconomica.com.br\"],\"url\":\"https:\/\/bahiaeconomica.com.br\/wp\/author\/matheus-souza\/\"}]}<\/script>\n<!-- \/ Yoast SEO plugin. -->","yoast_head_json":{"title":"BAHIA AVAN\u00c7A EM POL\u00cdTICAS P\u00daBLICAS PARA POVOS IND\u00cdGENAS COM ENTREGAS E AUTORIZA\u00c7\u00d5ES DE OBRAS - Bahia Economica","description":"O maior portal de Economia da Bahia Pol\u00edtica Bahia Economica","robots":{"index":"index","follow":"follow","max-snippet":"max-snippet:-1","max-image-preview":"max-image-preview:large","max-video-preview":"max-video-preview:-1"},"canonical":"https:\/\/bahiaeconomica.com.br\/wp\/2024\/11\/07\/bahia-avanca-em-politicas-publicas-para-povos-indigenas-com-entregas-e-autorizacoes-de-obras\/","og_locale":"pt_BR","og_type":"article","og_title":"BAHIA AVAN\u00c7A EM POL\u00cdTICAS P\u00daBLICAS PARA POVOS IND\u00cdGENAS COM ENTREGAS E AUTORIZA\u00c7\u00d5ES DE OBRAS - Bahia Economica","og_description":"O maior portal de Economia da Bahia Pol\u00edtica Bahia Economica","og_url":"https:\/\/bahiaeconomica.com.br\/wp\/2024\/11\/07\/bahia-avanca-em-politicas-publicas-para-povos-indigenas-com-entregas-e-autorizacoes-de-obras\/","og_site_name":"Bahia Economica","article_publisher":"https:\/\/www.facebook.com\/bahiaeconomica","article_published_time":"2024-11-07T18:33:13+00:00","article_modified_time":"2024-11-07T18:34:37+00:00","og_image":[{"width":1600,"height":1066,"url":"https:\/\/bahiaeconomica.com.br\/wp\/wp-content\/uploads\/2024\/11\/Thuane-MariaGOVBA-3.jpeg","type":"image\/jpeg"}],"author":"Matheus Souza","twitter_card":"summary_large_image","twitter_misc":{"Escrito por":"Matheus Souza","Est. tempo de leitura":"7 minutos"},"schema":{"@context":"https:\/\/schema.org","@graph":[{"@type":"Article","@id":"https:\/\/bahiaeconomica.com.br\/wp\/2024\/11\/07\/bahia-avanca-em-politicas-publicas-para-povos-indigenas-com-entregas-e-autorizacoes-de-obras\/#article","isPartOf":{"@id":"https:\/\/bahiaeconomica.com.br\/wp\/2024\/11\/07\/bahia-avanca-em-politicas-publicas-para-povos-indigenas-com-entregas-e-autorizacoes-de-obras\/"},"author":{"name":"Matheus Souza","@id":"https:\/\/bahiaeconomica.com.br\/wp\/#\/schema\/person\/3304d50cfd32353c7d08c39066638997"},"headline":"BAHIA AVAN\u00c7A EM POL\u00cdTICAS P\u00daBLICAS PARA POVOS IND\u00cdGENAS COM ENTREGAS E AUTORIZA\u00c7\u00d5ES DE OBRAS","datePublished":"2024-11-07T18:33:13+00:00","dateModified":"2024-11-07T18:34:37+00:00","mainEntityOfPage":{"@id":"https:\/\/bahiaeconomica.com.br\/wp\/2024\/11\/07\/bahia-avanca-em-politicas-publicas-para-povos-indigenas-com-entregas-e-autorizacoes-de-obras\/"},"wordCount":1274,"publisher":{"@id":"https:\/\/bahiaeconomica.com.br\/wp\/#organization"},"keywords":["Bahia","ind\u00edgenas","pol\u00edticas publicas"],"articleSection":["Pol\u00edtica"],"inLanguage":"pt-BR"},{"@type":"WebPage","@id":"https:\/\/bahiaeconomica.com.br\/wp\/2024\/11\/07\/bahia-avanca-em-politicas-publicas-para-povos-indigenas-com-entregas-e-autorizacoes-de-obras\/","url":"https:\/\/bahiaeconomica.com.br\/wp\/2024\/11\/07\/bahia-avanca-em-politicas-publicas-para-povos-indigenas-com-entregas-e-autorizacoes-de-obras\/","name":"BAHIA AVAN\u00c7A EM POL\u00cdTICAS P\u00daBLICAS PARA POVOS IND\u00cdGENAS COM ENTREGAS E AUTORIZA\u00c7\u00d5ES DE OBRAS - Bahia Economica","isPartOf":{"@id":"https:\/\/bahiaeconomica.com.br\/wp\/#website"},"datePublished":"2024-11-07T18:33:13+00:00","dateModified":"2024-11-07T18:34:37+00:00","description":"O maior portal de Economia da Bahia Pol\u00edtica Bahia Economica","breadcrumb":{"@id":"https:\/\/bahiaeconomica.com.br\/wp\/2024\/11\/07\/bahia-avanca-em-politicas-publicas-para-povos-indigenas-com-entregas-e-autorizacoes-de-obras\/#breadcrumb"},"inLanguage":"pt-BR","potentialAction":[{"@type":"ReadAction","target":["https:\/\/bahiaeconomica.com.br\/wp\/2024\/11\/07\/bahia-avanca-em-politicas-publicas-para-povos-indigenas-com-entregas-e-autorizacoes-de-obras\/"]}]},{"@type":"BreadcrumbList","@id":"https:\/\/bahiaeconomica.com.br\/wp\/2024\/11\/07\/bahia-avanca-em-politicas-publicas-para-povos-indigenas-com-entregas-e-autorizacoes-de-obras\/#breadcrumb","itemListElement":[{"@type":"ListItem","position":1,"name":"In\u00edcio","item":"https:\/\/bahiaeconomica.com.br\/wp\/"},{"@type":"ListItem","position":2,"name":"BAHIA AVAN\u00c7A EM POL\u00cdTICAS P\u00daBLICAS PARA POVOS IND\u00cdGENAS COM ENTREGAS E AUTORIZA\u00c7\u00d5ES DE OBRAS"}]},{"@type":"WebSite","@id":"https:\/\/bahiaeconomica.com.br\/wp\/#website","url":"https:\/\/bahiaeconomica.com.br\/wp\/","name":"Bahia Economica","description":"O maior portal de Economia da Bahia","publisher":{"@id":"https:\/\/bahiaeconomica.com.br\/wp\/#organization"},"potentialAction":[{"@type":"SearchAction","target":{"@type":"EntryPoint","urlTemplate":"https:\/\/bahiaeconomica.com.br\/wp\/?s={search_term_string}"},"query-input":"required name=search_term_string"}],"inLanguage":"pt-BR"},{"@type":"Organization","@id":"https:\/\/bahiaeconomica.com.br\/wp\/#organization","name":"Bahia Econ\u00f4mica","url":"https:\/\/bahiaeconomica.com.br\/wp\/","logo":{"@type":"ImageObject","inLanguage":"pt-BR","@id":"https:\/\/bahiaeconomica.com.br\/wp\/#\/schema\/logo\/image\/","url":"https:\/\/bahiaeconomica.com.br\/wp\/wp-content\/uploads\/2020\/12\/cropped-BE.png","contentUrl":"https:\/\/bahiaeconomica.com.br\/wp\/wp-content\/uploads\/2020\/12\/cropped-BE.png","width":512,"height":512,"caption":"Bahia Econ\u00f4mica"},"image":{"@id":"https:\/\/bahiaeconomica.com.br\/wp\/#\/schema\/logo\/image\/"},"sameAs":["https:\/\/www.facebook.com\/bahiaeconomica"]},{"@type":"Person","@id":"https:\/\/bahiaeconomica.com.br\/wp\/#\/schema\/person\/3304d50cfd32353c7d08c39066638997","name":"Matheus Souza","sameAs":["http:\/\/www.bahiaeconomica.com.br"],"url":"https:\/\/bahiaeconomica.com.br\/wp\/author\/matheus-souza\/"}]}},"views":4,"_links":{"self":[{"href":"https:\/\/bahiaeconomica.com.br\/wp\/wp-json\/wp\/v2\/posts\/857971"}],"collection":[{"href":"https:\/\/bahiaeconomica.com.br\/wp\/wp-json\/wp\/v2\/posts"}],"about":[{"href":"https:\/\/bahiaeconomica.com.br\/wp\/wp-json\/wp\/v2\/types\/post"}],"author":[{"embeddable":true,"href":"https:\/\/bahiaeconomica.com.br\/wp\/wp-json\/wp\/v2\/users\/22"}],"replies":[{"embeddable":true,"href":"https:\/\/bahiaeconomica.com.br\/wp\/wp-json\/wp\/v2\/comments?post=857971"}],"version-history":[{"count":2,"href":"https:\/\/bahiaeconomica.com.br\/wp\/wp-json\/wp\/v2\/posts\/857971\/revisions"}],"predecessor-version":[{"id":857981,"href":"https:\/\/bahiaeconomica.com.br\/wp\/wp-json\/wp\/v2\/posts\/857971\/revisions\/857981"}],"wp:featuredmedia":[{"embeddable":true,"href":"https:\/\/bahiaeconomica.com.br\/wp\/wp-json\/wp\/v2\/media\/857976"}],"wp:attachment":[{"href":"https:\/\/bahiaeconomica.com.br\/wp\/wp-json\/wp\/v2\/media?parent=857971"}],"wp:term":[{"taxonomy":"category","embeddable":true,"href":"https:\/\/bahiaeconomica.com.br\/wp\/wp-json\/wp\/v2\/categories?post=857971"},{"taxonomy":"post_tag","embeddable":true,"href":"https:\/\/bahiaeconomica.com.br\/wp\/wp-json\/wp\/v2\/tags?post=857971"}],"curies":[{"name":"wp","href":"https:\/\/api.w.org\/{rel}","templated":true}]}}