{"id":857662,"date":"2024-11-06T16:00:50","date_gmt":"2024-11-06T19:00:50","guid":{"rendered":"https:\/\/bahiaeconomica.com.br\/wp\/?p=857662"},"modified":"2024-11-06T16:00:50","modified_gmt":"2024-11-06T19:00:50","slug":"brasil-ampliara-producao-de-pescados-em-reservatorio-de-hidreletricas","status":"publish","type":"post","link":"https:\/\/bahiaeconomica.com.br\/wp\/2024\/11\/06\/brasil-ampliara-producao-de-pescados-em-reservatorio-de-hidreletricas\/","title":{"rendered":"BRASIL AMPLIAR\u00c1 PRODU\u00c7\u00c3O DE PESCADOS EM RESERVAT\u00d3RIO DE HIDREL\u00c9TRICAS"},"content":{"rendered":"<p>Os reservat\u00f3rios das usinas hidrel\u00e9tricas t\u00eam potenciais que v\u00e3o al\u00e9m da gera\u00e7\u00e3o de energia. Suas barragens podem ser usadas para a produ\u00e7\u00e3o de pescados e, com isso, gerar empregos e garantir mais prote\u00edna na mesa dos brasileiros.<\/p>\n<p>Partindo dessa premissa, e com o objetivo de discutir o aproveitamento estrat\u00e9gico desses reservat\u00f3rios, iniciou nesta quarta-feira (6) o workshop Desenvolvimento da Aquicultura em Sinergia com o Setor El\u00e9trico, evento que \u00e9 fruto da parceria de dois minist\u00e9rios: Minas e Energia e Pesca e Aquicultura.<\/p>\n<p>A ideia \u00e9 conciliar produ\u00e7\u00e3o de energia e desenvolvimento da aquicultura sustent\u00e1vel, com foco em tr\u00eas pilares: seguran\u00e7a energ\u00e9tica, aumento da produ\u00e7\u00e3o de pescado e gera\u00e7\u00e3o de empregos. Segundo o ministro de Minas e Energia, Alexandre Silveira, a expectativa \u00e9 a de utilizar 74 reservat\u00f3rios.<\/p>\n<p>Combate \u00e0 fome<br \/>\n\u201cVamos aumentar a produ\u00e7\u00e3o de alimento nos reservat\u00f3rios das nossas hidrel\u00e9tricas. Trata-se de uma verdadeira transi\u00e7\u00e3o energ\u00e9tica feita de forma justa e inclusiva. \u00c9 mais um resultado da alian\u00e7a global de combate \u00e0 fome que tanto fortalecemos no G-20 [grupo formado pelas 20 maiores economias do planeta]\u201d, disse Silveira, durante a abertura do workshop que reunir\u00e1 especialistas de institui\u00e7\u00f5es p\u00fablicas, do setor aqu\u00edcola e do setor energ\u00e9tico.<\/p>\n<p>Na avalia\u00e7\u00e3o do ministro da Pesca e Aquicultura, Andr\u00e9 de Paula, a iniciativa \u2013 que tem por base as diretrizes da Pol\u00edtica Nacional de Desenvolvimento Sustent\u00e1vel da Aquicultura e Pesca, da Pol\u00edtica Nacional de Energia El\u00e9trica e do Plano de Recupera\u00e7\u00e3o de Reservat\u00f3rios de Regulariza\u00e7\u00e3o do Pa\u00eds \u2013 atende uma das prioridades do governo Lula, que \u00e9 o combate \u00e0 fome.<\/p>\n<p>\u201cSe h\u00e1 um setor da prote\u00edna animal que n\u00e3o para de crescer com resultados impressionantes \u00e9 o da aquicultura. E, de forma especial, a piscicultura. Nesse conjunto, a estrela central; a joia da coroa \u00e9 a til\u00e1pia brasileira\u201d, disse Andr\u00e9 de Paula ao lembrar que h\u00e1, tamb\u00e9m, grande potencial para a produ\u00e7\u00e3o de pescados na costa brasileira, com mais de 8 mil quil\u00f4metros.<\/p>\n<p>O acordo t\u00e9cnico assinado pelos dois minist\u00e9rios resultar\u00e1 em \u201cpeixinho frito, moqueca, caldeirada e peixe assado na mesa da nossa gente\u201d, ressaltou Alexandre Silveira.<\/p>\n<p>Entre os temas abordados durante o workshop est\u00e3o: aquicultura em \u00e1guas da Uni\u00e3o; licenciamento ambiental da aquicultura e utiliza\u00e7\u00e3o das \u00e1reas de preserva\u00e7\u00e3o permanente em reservat\u00f3rios; e a intera\u00e7\u00e3o entre a opera\u00e7\u00e3o dos reservat\u00f3rios e a atividade pesqueira.<\/p>\n<p>Foto: Ag\u00eancia Par\u00e1<br \/>\nFonte: Ag\u00eancia Brasil<\/p>\n","protected":false},"excerpt":{"rendered":"<p>Os reservat\u00f3rios das usinas hidrel\u00e9tricas t\u00eam potenciais que v\u00e3o al\u00e9m da gera\u00e7\u00e3o de energia. Suas barragens podem ser usadas para a produ\u00e7\u00e3o de pescados e, com isso, gerar empregos e garantir mais prote\u00edna na mesa dos brasileiros. Partindo dessa premissa, e com o objetivo de discutir o aproveitamento estrat\u00e9gico desses reservat\u00f3rios, iniciou nesta quarta-feira (6) [&hellip;]<\/p>\n","protected":false},"author":16,"featured_media":857675,"comment_status":"closed","ping_status":"closed","sticky":false,"template":"","format":"standard","meta":[],"categories":[3],"tags":[52,1608,12261],"acf":[],"yoast_head":"<!-- This site is optimized with the Yoast SEO plugin v20.8 - https:\/\/yoast.com\/wordpress\/plugins\/seo\/ -->\n<title>BRASIL AMPLIAR\u00c1 PRODU\u00c7\u00c3O DE PESCADOS EM RESERVAT\u00d3RIO DE HIDREL\u00c9TRICAS - Bahia Economica<\/title>\n<meta name=\"description\" content=\"O maior portal de Economia da Bahia ECONOMIA \/ POL\u00cdTICA Bahia Economica\" \/>\n<meta name=\"robots\" content=\"index, follow, max-snippet:-1, max-image-preview:large, max-video-preview:-1\" \/>\n<link rel=\"canonical\" href=\"https:\/\/bahiaeconomica.com.br\/wp\/2024\/11\/06\/brasil-ampliara-producao-de-pescados-em-reservatorio-de-hidreletricas\/\" \/>\n<meta property=\"og:locale\" content=\"pt_BR\" \/>\n<meta property=\"og:type\" content=\"article\" \/>\n<meta property=\"og:title\" content=\"BRASIL AMPLIAR\u00c1 PRODU\u00c7\u00c3O DE PESCADOS EM RESERVAT\u00d3RIO DE HIDREL\u00c9TRICAS - Bahia Economica\" \/>\n<meta property=\"og:description\" content=\"O maior portal de Economia da Bahia ECONOMIA \/ POL\u00cdTICA Bahia Economica\" \/>\n<meta property=\"og:url\" content=\"https:\/\/bahiaeconomica.com.br\/wp\/2024\/11\/06\/brasil-ampliara-producao-de-pescados-em-reservatorio-de-hidreletricas\/\" \/>\n<meta property=\"og:site_name\" content=\"Bahia Economica\" \/>\n<meta property=\"article:publisher\" content=\"https:\/\/www.facebook.com\/bahiaeconomica\" \/>\n<meta property=\"article:published_time\" content=\"2024-11-06T19:00:50+00:00\" \/>\n<meta property=\"og:image\" content=\"https:\/\/bahiaeconomica.com.br\/wp\/wp-content\/uploads\/2024\/11\/5702_04fe54f8-a19f-e4d5-82b4-7420b3b6d299.webp\" \/>\n\t<meta property=\"og:image:width\" content=\"1170\" \/>\n\t<meta property=\"og:image:height\" content=\"700\" \/>\n\t<meta property=\"og:image:type\" content=\"image\/webp\" \/>\n<meta name=\"author\" content=\"LUIZA NASCIMENTO\" \/>\n<meta name=\"twitter:card\" content=\"summary_large_image\" \/>\n<meta name=\"twitter:label1\" content=\"Escrito por\" \/>\n\t<meta name=\"twitter:data1\" content=\"LUIZA NASCIMENTO\" \/>\n\t<meta name=\"twitter:label2\" content=\"Est. tempo de leitura\" \/>\n\t<meta name=\"twitter:data2\" content=\"3 minutos\" \/>\n<script type=\"application\/ld+json\" class=\"yoast-schema-graph\">{\"@context\":\"https:\/\/schema.org\",\"@graph\":[{\"@type\":\"Article\",\"@id\":\"https:\/\/bahiaeconomica.com.br\/wp\/2024\/11\/06\/brasil-ampliara-producao-de-pescados-em-reservatorio-de-hidreletricas\/#article\",\"isPartOf\":{\"@id\":\"https:\/\/bahiaeconomica.com.br\/wp\/2024\/11\/06\/brasil-ampliara-producao-de-pescados-em-reservatorio-de-hidreletricas\/\"},\"author\":{\"name\":\"LUIZA NASCIMENTO\",\"@id\":\"https:\/\/bahiaeconomica.com.br\/wp\/#\/schema\/person\/18273ac0fe04bfd4e7b101bf17d40152\"},\"headline\":\"BRASIL AMPLIAR\u00c1 PRODU\u00c7\u00c3O DE PESCADOS EM RESERVAT\u00d3RIO DE HIDREL\u00c9TRICAS\",\"datePublished\":\"2024-11-06T19:00:50+00:00\",\"dateModified\":\"2024-11-06T19:00:50+00:00\",\"mainEntityOfPage\":{\"@id\":\"https:\/\/bahiaeconomica.com.br\/wp\/2024\/11\/06\/brasil-ampliara-producao-de-pescados-em-reservatorio-de-hidreletricas\/\"},\"wordCount\":442,\"publisher\":{\"@id\":\"https:\/\/bahiaeconomica.com.br\/wp\/#organization\"},\"keywords\":[\"Brasil\",\"hidreletrica\",\"reserva\"],\"articleSection\":[\"ECONOMIA \/ POL\u00cdTICA\"],\"inLanguage\":\"pt-BR\"},{\"@type\":\"WebPage\",\"@id\":\"https:\/\/bahiaeconomica.com.br\/wp\/2024\/11\/06\/brasil-ampliara-producao-de-pescados-em-reservatorio-de-hidreletricas\/\",\"url\":\"https:\/\/bahiaeconomica.com.br\/wp\/2024\/11\/06\/brasil-ampliara-producao-de-pescados-em-reservatorio-de-hidreletricas\/\",\"name\":\"BRASIL AMPLIAR\u00c1 PRODU\u00c7\u00c3O DE PESCADOS EM RESERVAT\u00d3RIO DE HIDREL\u00c9TRICAS - Bahia Economica\",\"isPartOf\":{\"@id\":\"https:\/\/bahiaeconomica.com.br\/wp\/#website\"},\"datePublished\":\"2024-11-06T19:00:50+00:00\",\"dateModified\":\"2024-11-06T19:00:50+00:00\",\"description\":\"O maior portal de Economia da Bahia ECONOMIA \/ POL\u00cdTICA Bahia Economica\",\"breadcrumb\":{\"@id\":\"https:\/\/bahiaeconomica.com.br\/wp\/2024\/11\/06\/brasil-ampliara-producao-de-pescados-em-reservatorio-de-hidreletricas\/#breadcrumb\"},\"inLanguage\":\"pt-BR\",\"potentialAction\":[{\"@type\":\"ReadAction\",\"target\":[\"https:\/\/bahiaeconomica.com.br\/wp\/2024\/11\/06\/brasil-ampliara-producao-de-pescados-em-reservatorio-de-hidreletricas\/\"]}]},{\"@type\":\"BreadcrumbList\",\"@id\":\"https:\/\/bahiaeconomica.com.br\/wp\/2024\/11\/06\/brasil-ampliara-producao-de-pescados-em-reservatorio-de-hidreletricas\/#breadcrumb\",\"itemListElement\":[{\"@type\":\"ListItem\",\"position\":1,\"name\":\"In\u00edcio\",\"item\":\"https:\/\/bahiaeconomica.com.br\/wp\/\"},{\"@type\":\"ListItem\",\"position\":2,\"name\":\"BRASIL AMPLIAR\u00c1 PRODU\u00c7\u00c3O DE PESCADOS EM RESERVAT\u00d3RIO DE HIDREL\u00c9TRICAS\"}]},{\"@type\":\"WebSite\",\"@id\":\"https:\/\/bahiaeconomica.com.br\/wp\/#website\",\"url\":\"https:\/\/bahiaeconomica.com.br\/wp\/\",\"name\":\"Bahia Economica\",\"description\":\"O maior portal de Economia da Bahia\",\"publisher\":{\"@id\":\"https:\/\/bahiaeconomica.com.br\/wp\/#organization\"},\"potentialAction\":[{\"@type\":\"SearchAction\",\"target\":{\"@type\":\"EntryPoint\",\"urlTemplate\":\"https:\/\/bahiaeconomica.com.br\/wp\/?s={search_term_string}\"},\"query-input\":\"required name=search_term_string\"}],\"inLanguage\":\"pt-BR\"},{\"@type\":\"Organization\",\"@id\":\"https:\/\/bahiaeconomica.com.br\/wp\/#organization\",\"name\":\"Bahia Econ\u00f4mica\",\"url\":\"https:\/\/bahiaeconomica.com.br\/wp\/\",\"logo\":{\"@type\":\"ImageObject\",\"inLanguage\":\"pt-BR\",\"@id\":\"https:\/\/bahiaeconomica.com.br\/wp\/#\/schema\/logo\/image\/\",\"url\":\"https:\/\/bahiaeconomica.com.br\/wp\/wp-content\/uploads\/2020\/12\/cropped-BE.png\",\"contentUrl\":\"https:\/\/bahiaeconomica.com.br\/wp\/wp-content\/uploads\/2020\/12\/cropped-BE.png\",\"width\":512,\"height\":512,\"caption\":\"Bahia Econ\u00f4mica\"},\"image\":{\"@id\":\"https:\/\/bahiaeconomica.com.br\/wp\/#\/schema\/logo\/image\/\"},\"sameAs\":[\"https:\/\/www.facebook.com\/bahiaeconomica\"]},{\"@type\":\"Person\",\"@id\":\"https:\/\/bahiaeconomica.com.br\/wp\/#\/schema\/person\/18273ac0fe04bfd4e7b101bf17d40152\",\"name\":\"LUIZA NASCIMENTO\",\"sameAs\":[\"http:\/\/www.bahiaeconomica.com.br\"],\"url\":\"https:\/\/bahiaeconomica.com.br\/wp\/author\/luiza-nascimento\/\"}]}<\/script>\n<!-- \/ Yoast SEO plugin. -->","yoast_head_json":{"title":"BRASIL AMPLIAR\u00c1 PRODU\u00c7\u00c3O DE PESCADOS EM RESERVAT\u00d3RIO DE HIDREL\u00c9TRICAS - Bahia Economica","description":"O maior portal de Economia da Bahia ECONOMIA \/ POL\u00cdTICA Bahia Economica","robots":{"index":"index","follow":"follow","max-snippet":"max-snippet:-1","max-image-preview":"max-image-preview:large","max-video-preview":"max-video-preview:-1"},"canonical":"https:\/\/bahiaeconomica.com.br\/wp\/2024\/11\/06\/brasil-ampliara-producao-de-pescados-em-reservatorio-de-hidreletricas\/","og_locale":"pt_BR","og_type":"article","og_title":"BRASIL AMPLIAR\u00c1 PRODU\u00c7\u00c3O DE PESCADOS EM RESERVAT\u00d3RIO DE HIDREL\u00c9TRICAS - Bahia Economica","og_description":"O maior portal de Economia da Bahia ECONOMIA \/ POL\u00cdTICA Bahia Economica","og_url":"https:\/\/bahiaeconomica.com.br\/wp\/2024\/11\/06\/brasil-ampliara-producao-de-pescados-em-reservatorio-de-hidreletricas\/","og_site_name":"Bahia Economica","article_publisher":"https:\/\/www.facebook.com\/bahiaeconomica","article_published_time":"2024-11-06T19:00:50+00:00","og_image":[{"width":1170,"height":700,"url":"https:\/\/bahiaeconomica.com.br\/wp\/wp-content\/uploads\/2024\/11\/5702_04fe54f8-a19f-e4d5-82b4-7420b3b6d299.webp","type":"image\/webp"}],"author":"LUIZA NASCIMENTO","twitter_card":"summary_large_image","twitter_misc":{"Escrito por":"LUIZA NASCIMENTO","Est. tempo de leitura":"3 minutos"},"schema":{"@context":"https:\/\/schema.org","@graph":[{"@type":"Article","@id":"https:\/\/bahiaeconomica.com.br\/wp\/2024\/11\/06\/brasil-ampliara-producao-de-pescados-em-reservatorio-de-hidreletricas\/#article","isPartOf":{"@id":"https:\/\/bahiaeconomica.com.br\/wp\/2024\/11\/06\/brasil-ampliara-producao-de-pescados-em-reservatorio-de-hidreletricas\/"},"author":{"name":"LUIZA NASCIMENTO","@id":"https:\/\/bahiaeconomica.com.br\/wp\/#\/schema\/person\/18273ac0fe04bfd4e7b101bf17d40152"},"headline":"BRASIL AMPLIAR\u00c1 PRODU\u00c7\u00c3O DE PESCADOS EM RESERVAT\u00d3RIO DE HIDREL\u00c9TRICAS","datePublished":"2024-11-06T19:00:50+00:00","dateModified":"2024-11-06T19:00:50+00:00","mainEntityOfPage":{"@id":"https:\/\/bahiaeconomica.com.br\/wp\/2024\/11\/06\/brasil-ampliara-producao-de-pescados-em-reservatorio-de-hidreletricas\/"},"wordCount":442,"publisher":{"@id":"https:\/\/bahiaeconomica.com.br\/wp\/#organization"},"keywords":["Brasil","hidreletrica","reserva"],"articleSection":["ECONOMIA \/ POL\u00cdTICA"],"inLanguage":"pt-BR"},{"@type":"WebPage","@id":"https:\/\/bahiaeconomica.com.br\/wp\/2024\/11\/06\/brasil-ampliara-producao-de-pescados-em-reservatorio-de-hidreletricas\/","url":"https:\/\/bahiaeconomica.com.br\/wp\/2024\/11\/06\/brasil-ampliara-producao-de-pescados-em-reservatorio-de-hidreletricas\/","name":"BRASIL AMPLIAR\u00c1 PRODU\u00c7\u00c3O DE PESCADOS EM RESERVAT\u00d3RIO DE HIDREL\u00c9TRICAS - Bahia Economica","isPartOf":{"@id":"https:\/\/bahiaeconomica.com.br\/wp\/#website"},"datePublished":"2024-11-06T19:00:50+00:00","dateModified":"2024-11-06T19:00:50+00:00","description":"O maior portal de Economia da Bahia ECONOMIA \/ POL\u00cdTICA Bahia Economica","breadcrumb":{"@id":"https:\/\/bahiaeconomica.com.br\/wp\/2024\/11\/06\/brasil-ampliara-producao-de-pescados-em-reservatorio-de-hidreletricas\/#breadcrumb"},"inLanguage":"pt-BR","potentialAction":[{"@type":"ReadAction","target":["https:\/\/bahiaeconomica.com.br\/wp\/2024\/11\/06\/brasil-ampliara-producao-de-pescados-em-reservatorio-de-hidreletricas\/"]}]},{"@type":"BreadcrumbList","@id":"https:\/\/bahiaeconomica.com.br\/wp\/2024\/11\/06\/brasil-ampliara-producao-de-pescados-em-reservatorio-de-hidreletricas\/#breadcrumb","itemListElement":[{"@type":"ListItem","position":1,"name":"In\u00edcio","item":"https:\/\/bahiaeconomica.com.br\/wp\/"},{"@type":"ListItem","position":2,"name":"BRASIL AMPLIAR\u00c1 PRODU\u00c7\u00c3O DE PESCADOS EM RESERVAT\u00d3RIO DE HIDREL\u00c9TRICAS"}]},{"@type":"WebSite","@id":"https:\/\/bahiaeconomica.com.br\/wp\/#website","url":"https:\/\/bahiaeconomica.com.br\/wp\/","name":"Bahia Economica","description":"O maior portal de Economia da Bahia","publisher":{"@id":"https:\/\/bahiaeconomica.com.br\/wp\/#organization"},"potentialAction":[{"@type":"SearchAction","target":{"@type":"EntryPoint","urlTemplate":"https:\/\/bahiaeconomica.com.br\/wp\/?s={search_term_string}"},"query-input":"required name=search_term_string"}],"inLanguage":"pt-BR"},{"@type":"Organization","@id":"https:\/\/bahiaeconomica.com.br\/wp\/#organization","name":"Bahia Econ\u00f4mica","url":"https:\/\/bahiaeconomica.com.br\/wp\/","logo":{"@type":"ImageObject","inLanguage":"pt-BR","@id":"https:\/\/bahiaeconomica.com.br\/wp\/#\/schema\/logo\/image\/","url":"https:\/\/bahiaeconomica.com.br\/wp\/wp-content\/uploads\/2020\/12\/cropped-BE.png","contentUrl":"https:\/\/bahiaeconomica.com.br\/wp\/wp-content\/uploads\/2020\/12\/cropped-BE.png","width":512,"height":512,"caption":"Bahia Econ\u00f4mica"},"image":{"@id":"https:\/\/bahiaeconomica.com.br\/wp\/#\/schema\/logo\/image\/"},"sameAs":["https:\/\/www.facebook.com\/bahiaeconomica"]},{"@type":"Person","@id":"https:\/\/bahiaeconomica.com.br\/wp\/#\/schema\/person\/18273ac0fe04bfd4e7b101bf17d40152","name":"LUIZA NASCIMENTO","sameAs":["http:\/\/www.bahiaeconomica.com.br"],"url":"https:\/\/bahiaeconomica.com.br\/wp\/author\/luiza-nascimento\/"}]}},"views":6,"_links":{"self":[{"href":"https:\/\/bahiaeconomica.com.br\/wp\/wp-json\/wp\/v2\/posts\/857662"}],"collection":[{"href":"https:\/\/bahiaeconomica.com.br\/wp\/wp-json\/wp\/v2\/posts"}],"about":[{"href":"https:\/\/bahiaeconomica.com.br\/wp\/wp-json\/wp\/v2\/types\/post"}],"author":[{"embeddable":true,"href":"https:\/\/bahiaeconomica.com.br\/wp\/wp-json\/wp\/v2\/users\/16"}],"replies":[{"embeddable":true,"href":"https:\/\/bahiaeconomica.com.br\/wp\/wp-json\/wp\/v2\/comments?post=857662"}],"version-history":[{"count":1,"href":"https:\/\/bahiaeconomica.com.br\/wp\/wp-json\/wp\/v2\/posts\/857662\/revisions"}],"predecessor-version":[{"id":857676,"href":"https:\/\/bahiaeconomica.com.br\/wp\/wp-json\/wp\/v2\/posts\/857662\/revisions\/857676"}],"wp:featuredmedia":[{"embeddable":true,"href":"https:\/\/bahiaeconomica.com.br\/wp\/wp-json\/wp\/v2\/media\/857675"}],"wp:attachment":[{"href":"https:\/\/bahiaeconomica.com.br\/wp\/wp-json\/wp\/v2\/media?parent=857662"}],"wp:term":[{"taxonomy":"category","embeddable":true,"href":"https:\/\/bahiaeconomica.com.br\/wp\/wp-json\/wp\/v2\/categories?post=857662"},{"taxonomy":"post_tag","embeddable":true,"href":"https:\/\/bahiaeconomica.com.br\/wp\/wp-json\/wp\/v2\/tags?post=857662"}],"curies":[{"name":"wp","href":"https:\/\/api.w.org\/{rel}","templated":true}]}}