{"id":857378,"date":"2024-11-05T17:23:11","date_gmt":"2024-11-05T20:23:11","guid":{"rendered":"https:\/\/bahiaeconomica.com.br\/wp\/?p=857378"},"modified":"2024-11-05T17:23:11","modified_gmt":"2024-11-05T20:23:11","slug":"lider-do-avante-na-bahia-diz-que-partido-foi-o-que-mais-cresceu-em-2024","status":"publish","type":"post","link":"https:\/\/bahiaeconomica.com.br\/wp\/2024\/11\/05\/lider-do-avante-na-bahia-diz-que-partido-foi-o-que-mais-cresceu-em-2024\/","title":{"rendered":"L\u00cdDER DO AVANTE NA BAHIA DIZ QUE PARTIDO FOI O QUE MAIS CRESCEU EM 2024"},"content":{"rendered":"<p>\u201cO Avante ocupa a primeira posi\u00e7\u00e3o entre os partidos que mais cresceram no \u00faltimo ano em todo o estado\u201d, declarou Marcus Sarmento, prefeito de Itanagra e uma das principais lideran\u00e7as da sigla no Litoral Norte e Agreste Baiano.<\/p>\n<p>Segundo Sarmento, sob a presid\u00eancia de Ronaldo Carletto, o partido teve um crescimento impressionante de mais de 1.400% em um ano, elegendo 60 prefeitos, 36 vice-prefeitos e mais de 470 vereadores.<\/p>\n<p>\u201cO partido tem conquistado mais espa\u00e7o na Bahia, promovendo avan\u00e7os e benef\u00edcios ao apoiar pol\u00edticas p\u00fablicas que t\u00eam transformado a realidade de diversas cidades, como as localizadas no Litoral Norte e Agreste Baiano\u201d, destacou Sarmento.<\/p>\n<p>\u201cIsso \u00e9 resultado do comprometimento com uma pol\u00edtica s\u00e9ria e transformadora, que visa melhorar a vida das pessoas. O Avante atingiu a segunda posi\u00e7\u00e3o entre os partidos com o maior n\u00famero de filiados, com um crescimento significativo em todo o estado e uma representa\u00e7\u00e3o relevante em n\u00edvel nacional. Na regi\u00e3o do Litoral Norte e Agreste Baiano, batemos recordes de filia\u00e7\u00e3o e candidaturas nesta elei\u00e7\u00e3o. Levamos a bandeira e o ideal do partido, formando uma verdadeira for\u00e7a pol\u00edtica, e como o nome j\u00e1 sugere: Avante\u201d, completou o prefeito Marcus Sarmento.<\/p>\n<p>\u201cO Avante tem atra\u00eddo grandes l\u00edderes pol\u00edticos, al\u00e9m de novos nomes com grande potencial, fortalecendo sua presen\u00e7a e provando que \u00e9 com trabalho no presente e compromisso com o futuro que se constr\u00f3i a pol\u00edtica que a popula\u00e7\u00e3o merece\u201d, concluiu o gestor.<\/p>\n<p>Foto: Divulga\u00e7\u00e3o<\/p>\n","protected":false},"excerpt":{"rendered":"<p>\u201cO Avante ocupa a primeira posi\u00e7\u00e3o entre os partidos que mais cresceram no \u00faltimo ano em todo o estado\u201d, declarou Marcus Sarmento, prefeito de Itanagra e uma das principais lideran\u00e7as da sigla no Litoral Norte e Agreste Baiano. Segundo Sarmento, sob a presid\u00eancia de Ronaldo Carletto, o partido teve um crescimento impressionante de mais de [&hellip;]<\/p>\n","protected":false},"author":16,"featured_media":857401,"comment_status":"closed","ping_status":"closed","sticky":false,"template":"","format":"standard","meta":[],"categories":[14601],"tags":[5920,85,100],"acf":[],"yoast_head":"<!-- This site is optimized with the Yoast SEO plugin v20.8 - https:\/\/yoast.com\/wordpress\/plugins\/seo\/ -->\n<title>L\u00cdDER DO AVANTE NA BAHIA DIZ QUE PARTIDO FOI O QUE MAIS CRESCEU EM 2024 - Bahia Economica<\/title>\n<meta name=\"description\" content=\"O maior portal de Economia da Bahia Pol\u00edtica Bahia Economica\" \/>\n<meta name=\"robots\" content=\"index, follow, max-snippet:-1, max-image-preview:large, max-video-preview:-1\" \/>\n<link rel=\"canonical\" href=\"https:\/\/bahiaeconomica.com.br\/wp\/2024\/11\/05\/lider-do-avante-na-bahia-diz-que-partido-foi-o-que-mais-cresceu-em-2024\/\" \/>\n<meta property=\"og:locale\" content=\"pt_BR\" \/>\n<meta property=\"og:type\" content=\"article\" \/>\n<meta property=\"og:title\" content=\"L\u00cdDER DO AVANTE NA BAHIA DIZ QUE PARTIDO FOI O QUE MAIS CRESCEU EM 2024 - Bahia Economica\" \/>\n<meta property=\"og:description\" content=\"O maior portal de Economia da Bahia Pol\u00edtica Bahia Economica\" \/>\n<meta property=\"og:url\" content=\"https:\/\/bahiaeconomica.com.br\/wp\/2024\/11\/05\/lider-do-avante-na-bahia-diz-que-partido-foi-o-que-mais-cresceu-em-2024\/\" \/>\n<meta property=\"og:site_name\" content=\"Bahia Economica\" \/>\n<meta property=\"article:publisher\" content=\"https:\/\/www.facebook.com\/bahiaeconomica\" \/>\n<meta property=\"article:published_time\" content=\"2024-11-05T20:23:11+00:00\" \/>\n<meta property=\"og:image\" content=\"https:\/\/bahiaeconomica.com.br\/wp\/wp-content\/uploads\/2024\/11\/f14b35f6-2a15-457d-8d1d-b3cc539e979e-696x414-1.jpeg\" \/>\n\t<meta property=\"og:image:width\" content=\"696\" \/>\n\t<meta property=\"og:image:height\" content=\"414\" \/>\n\t<meta property=\"og:image:type\" content=\"image\/jpeg\" \/>\n<meta name=\"author\" content=\"LUIZA NASCIMENTO\" \/>\n<meta name=\"twitter:card\" content=\"summary_large_image\" \/>\n<meta name=\"twitter:label1\" content=\"Escrito por\" \/>\n\t<meta name=\"twitter:data1\" content=\"LUIZA NASCIMENTO\" \/>\n\t<meta name=\"twitter:label2\" content=\"Est. tempo de leitura\" \/>\n\t<meta name=\"twitter:data2\" content=\"2 minutos\" \/>\n<script type=\"application\/ld+json\" class=\"yoast-schema-graph\">{\"@context\":\"https:\/\/schema.org\",\"@graph\":[{\"@type\":\"Article\",\"@id\":\"https:\/\/bahiaeconomica.com.br\/wp\/2024\/11\/05\/lider-do-avante-na-bahia-diz-que-partido-foi-o-que-mais-cresceu-em-2024\/#article\",\"isPartOf\":{\"@id\":\"https:\/\/bahiaeconomica.com.br\/wp\/2024\/11\/05\/lider-do-avante-na-bahia-diz-que-partido-foi-o-que-mais-cresceu-em-2024\/\"},\"author\":{\"name\":\"LUIZA NASCIMENTO\",\"@id\":\"https:\/\/bahiaeconomica.com.br\/wp\/#\/schema\/person\/18273ac0fe04bfd4e7b101bf17d40152\"},\"headline\":\"L\u00cdDER DO AVANTE NA BAHIA DIZ QUE PARTIDO FOI O QUE MAIS CRESCEU EM 2024\",\"datePublished\":\"2024-11-05T20:23:11+00:00\",\"dateModified\":\"2024-11-05T20:23:11+00:00\",\"mainEntityOfPage\":{\"@id\":\"https:\/\/bahiaeconomica.com.br\/wp\/2024\/11\/05\/lider-do-avante-na-bahia-diz-que-partido-foi-o-que-mais-cresceu-em-2024\/\"},\"wordCount\":275,\"publisher\":{\"@id\":\"https:\/\/bahiaeconomica.com.br\/wp\/#organization\"},\"keywords\":[\"Avante\",\"Bahia\",\"Pol\u00edtica\"],\"articleSection\":[\"Pol\u00edtica\"],\"inLanguage\":\"pt-BR\"},{\"@type\":\"WebPage\",\"@id\":\"https:\/\/bahiaeconomica.com.br\/wp\/2024\/11\/05\/lider-do-avante-na-bahia-diz-que-partido-foi-o-que-mais-cresceu-em-2024\/\",\"url\":\"https:\/\/bahiaeconomica.com.br\/wp\/2024\/11\/05\/lider-do-avante-na-bahia-diz-que-partido-foi-o-que-mais-cresceu-em-2024\/\",\"name\":\"L\u00cdDER DO AVANTE NA BAHIA DIZ QUE PARTIDO FOI O QUE MAIS CRESCEU EM 2024 - Bahia Economica\",\"isPartOf\":{\"@id\":\"https:\/\/bahiaeconomica.com.br\/wp\/#website\"},\"datePublished\":\"2024-11-05T20:23:11+00:00\",\"dateModified\":\"2024-11-05T20:23:11+00:00\",\"description\":\"O maior portal de Economia da Bahia Pol\u00edtica Bahia Economica\",\"breadcrumb\":{\"@id\":\"https:\/\/bahiaeconomica.com.br\/wp\/2024\/11\/05\/lider-do-avante-na-bahia-diz-que-partido-foi-o-que-mais-cresceu-em-2024\/#breadcrumb\"},\"inLanguage\":\"pt-BR\",\"potentialAction\":[{\"@type\":\"ReadAction\",\"target\":[\"https:\/\/bahiaeconomica.com.br\/wp\/2024\/11\/05\/lider-do-avante-na-bahia-diz-que-partido-foi-o-que-mais-cresceu-em-2024\/\"]}]},{\"@type\":\"BreadcrumbList\",\"@id\":\"https:\/\/bahiaeconomica.com.br\/wp\/2024\/11\/05\/lider-do-avante-na-bahia-diz-que-partido-foi-o-que-mais-cresceu-em-2024\/#breadcrumb\",\"itemListElement\":[{\"@type\":\"ListItem\",\"position\":1,\"name\":\"In\u00edcio\",\"item\":\"https:\/\/bahiaeconomica.com.br\/wp\/\"},{\"@type\":\"ListItem\",\"position\":2,\"name\":\"L\u00cdDER DO AVANTE NA BAHIA DIZ QUE PARTIDO FOI O QUE MAIS CRESCEU EM 2024\"}]},{\"@type\":\"WebSite\",\"@id\":\"https:\/\/bahiaeconomica.com.br\/wp\/#website\",\"url\":\"https:\/\/bahiaeconomica.com.br\/wp\/\",\"name\":\"Bahia Economica\",\"description\":\"O maior portal de Economia da Bahia\",\"publisher\":{\"@id\":\"https:\/\/bahiaeconomica.com.br\/wp\/#organization\"},\"potentialAction\":[{\"@type\":\"SearchAction\",\"target\":{\"@type\":\"EntryPoint\",\"urlTemplate\":\"https:\/\/bahiaeconomica.com.br\/wp\/?s={search_term_string}\"},\"query-input\":\"required name=search_term_string\"}],\"inLanguage\":\"pt-BR\"},{\"@type\":\"Organization\",\"@id\":\"https:\/\/bahiaeconomica.com.br\/wp\/#organization\",\"name\":\"Bahia Econ\u00f4mica\",\"url\":\"https:\/\/bahiaeconomica.com.br\/wp\/\",\"logo\":{\"@type\":\"ImageObject\",\"inLanguage\":\"pt-BR\",\"@id\":\"https:\/\/bahiaeconomica.com.br\/wp\/#\/schema\/logo\/image\/\",\"url\":\"https:\/\/bahiaeconomica.com.br\/wp\/wp-content\/uploads\/2020\/12\/cropped-BE.png\",\"contentUrl\":\"https:\/\/bahiaeconomica.com.br\/wp\/wp-content\/uploads\/2020\/12\/cropped-BE.png\",\"width\":512,\"height\":512,\"caption\":\"Bahia Econ\u00f4mica\"},\"image\":{\"@id\":\"https:\/\/bahiaeconomica.com.br\/wp\/#\/schema\/logo\/image\/\"},\"sameAs\":[\"https:\/\/www.facebook.com\/bahiaeconomica\"]},{\"@type\":\"Person\",\"@id\":\"https:\/\/bahiaeconomica.com.br\/wp\/#\/schema\/person\/18273ac0fe04bfd4e7b101bf17d40152\",\"name\":\"LUIZA NASCIMENTO\",\"sameAs\":[\"http:\/\/www.bahiaeconomica.com.br\"],\"url\":\"https:\/\/bahiaeconomica.com.br\/wp\/author\/luiza-nascimento\/\"}]}<\/script>\n<!-- \/ Yoast SEO plugin. -->","yoast_head_json":{"title":"L\u00cdDER DO AVANTE NA BAHIA DIZ QUE PARTIDO FOI O QUE MAIS CRESCEU EM 2024 - Bahia Economica","description":"O maior portal de Economia da Bahia Pol\u00edtica Bahia Economica","robots":{"index":"index","follow":"follow","max-snippet":"max-snippet:-1","max-image-preview":"max-image-preview:large","max-video-preview":"max-video-preview:-1"},"canonical":"https:\/\/bahiaeconomica.com.br\/wp\/2024\/11\/05\/lider-do-avante-na-bahia-diz-que-partido-foi-o-que-mais-cresceu-em-2024\/","og_locale":"pt_BR","og_type":"article","og_title":"L\u00cdDER DO AVANTE NA BAHIA DIZ QUE PARTIDO FOI O QUE MAIS CRESCEU EM 2024 - Bahia Economica","og_description":"O maior portal de Economia da Bahia Pol\u00edtica Bahia Economica","og_url":"https:\/\/bahiaeconomica.com.br\/wp\/2024\/11\/05\/lider-do-avante-na-bahia-diz-que-partido-foi-o-que-mais-cresceu-em-2024\/","og_site_name":"Bahia Economica","article_publisher":"https:\/\/www.facebook.com\/bahiaeconomica","article_published_time":"2024-11-05T20:23:11+00:00","og_image":[{"width":696,"height":414,"url":"https:\/\/bahiaeconomica.com.br\/wp\/wp-content\/uploads\/2024\/11\/f14b35f6-2a15-457d-8d1d-b3cc539e979e-696x414-1.jpeg","type":"image\/jpeg"}],"author":"LUIZA NASCIMENTO","twitter_card":"summary_large_image","twitter_misc":{"Escrito por":"LUIZA NASCIMENTO","Est. tempo de leitura":"2 minutos"},"schema":{"@context":"https:\/\/schema.org","@graph":[{"@type":"Article","@id":"https:\/\/bahiaeconomica.com.br\/wp\/2024\/11\/05\/lider-do-avante-na-bahia-diz-que-partido-foi-o-que-mais-cresceu-em-2024\/#article","isPartOf":{"@id":"https:\/\/bahiaeconomica.com.br\/wp\/2024\/11\/05\/lider-do-avante-na-bahia-diz-que-partido-foi-o-que-mais-cresceu-em-2024\/"},"author":{"name":"LUIZA NASCIMENTO","@id":"https:\/\/bahiaeconomica.com.br\/wp\/#\/schema\/person\/18273ac0fe04bfd4e7b101bf17d40152"},"headline":"L\u00cdDER DO AVANTE NA BAHIA DIZ QUE PARTIDO FOI O QUE MAIS CRESCEU EM 2024","datePublished":"2024-11-05T20:23:11+00:00","dateModified":"2024-11-05T20:23:11+00:00","mainEntityOfPage":{"@id":"https:\/\/bahiaeconomica.com.br\/wp\/2024\/11\/05\/lider-do-avante-na-bahia-diz-que-partido-foi-o-que-mais-cresceu-em-2024\/"},"wordCount":275,"publisher":{"@id":"https:\/\/bahiaeconomica.com.br\/wp\/#organization"},"keywords":["Avante","Bahia","Pol\u00edtica"],"articleSection":["Pol\u00edtica"],"inLanguage":"pt-BR"},{"@type":"WebPage","@id":"https:\/\/bahiaeconomica.com.br\/wp\/2024\/11\/05\/lider-do-avante-na-bahia-diz-que-partido-foi-o-que-mais-cresceu-em-2024\/","url":"https:\/\/bahiaeconomica.com.br\/wp\/2024\/11\/05\/lider-do-avante-na-bahia-diz-que-partido-foi-o-que-mais-cresceu-em-2024\/","name":"L\u00cdDER DO AVANTE NA BAHIA DIZ QUE PARTIDO FOI O QUE MAIS CRESCEU EM 2024 - Bahia Economica","isPartOf":{"@id":"https:\/\/bahiaeconomica.com.br\/wp\/#website"},"datePublished":"2024-11-05T20:23:11+00:00","dateModified":"2024-11-05T20:23:11+00:00","description":"O maior portal de Economia da Bahia Pol\u00edtica Bahia Economica","breadcrumb":{"@id":"https:\/\/bahiaeconomica.com.br\/wp\/2024\/11\/05\/lider-do-avante-na-bahia-diz-que-partido-foi-o-que-mais-cresceu-em-2024\/#breadcrumb"},"inLanguage":"pt-BR","potentialAction":[{"@type":"ReadAction","target":["https:\/\/bahiaeconomica.com.br\/wp\/2024\/11\/05\/lider-do-avante-na-bahia-diz-que-partido-foi-o-que-mais-cresceu-em-2024\/"]}]},{"@type":"BreadcrumbList","@id":"https:\/\/bahiaeconomica.com.br\/wp\/2024\/11\/05\/lider-do-avante-na-bahia-diz-que-partido-foi-o-que-mais-cresceu-em-2024\/#breadcrumb","itemListElement":[{"@type":"ListItem","position":1,"name":"In\u00edcio","item":"https:\/\/bahiaeconomica.com.br\/wp\/"},{"@type":"ListItem","position":2,"name":"L\u00cdDER DO AVANTE NA BAHIA DIZ QUE PARTIDO FOI O QUE MAIS CRESCEU EM 2024"}]},{"@type":"WebSite","@id":"https:\/\/bahiaeconomica.com.br\/wp\/#website","url":"https:\/\/bahiaeconomica.com.br\/wp\/","name":"Bahia Economica","description":"O maior portal de Economia da Bahia","publisher":{"@id":"https:\/\/bahiaeconomica.com.br\/wp\/#organization"},"potentialAction":[{"@type":"SearchAction","target":{"@type":"EntryPoint","urlTemplate":"https:\/\/bahiaeconomica.com.br\/wp\/?s={search_term_string}"},"query-input":"required name=search_term_string"}],"inLanguage":"pt-BR"},{"@type":"Organization","@id":"https:\/\/bahiaeconomica.com.br\/wp\/#organization","name":"Bahia Econ\u00f4mica","url":"https:\/\/bahiaeconomica.com.br\/wp\/","logo":{"@type":"ImageObject","inLanguage":"pt-BR","@id":"https:\/\/bahiaeconomica.com.br\/wp\/#\/schema\/logo\/image\/","url":"https:\/\/bahiaeconomica.com.br\/wp\/wp-content\/uploads\/2020\/12\/cropped-BE.png","contentUrl":"https:\/\/bahiaeconomica.com.br\/wp\/wp-content\/uploads\/2020\/12\/cropped-BE.png","width":512,"height":512,"caption":"Bahia Econ\u00f4mica"},"image":{"@id":"https:\/\/bahiaeconomica.com.br\/wp\/#\/schema\/logo\/image\/"},"sameAs":["https:\/\/www.facebook.com\/bahiaeconomica"]},{"@type":"Person","@id":"https:\/\/bahiaeconomica.com.br\/wp\/#\/schema\/person\/18273ac0fe04bfd4e7b101bf17d40152","name":"LUIZA NASCIMENTO","sameAs":["http:\/\/www.bahiaeconomica.com.br"],"url":"https:\/\/bahiaeconomica.com.br\/wp\/author\/luiza-nascimento\/"}]}},"views":70,"_links":{"self":[{"href":"https:\/\/bahiaeconomica.com.br\/wp\/wp-json\/wp\/v2\/posts\/857378"}],"collection":[{"href":"https:\/\/bahiaeconomica.com.br\/wp\/wp-json\/wp\/v2\/posts"}],"about":[{"href":"https:\/\/bahiaeconomica.com.br\/wp\/wp-json\/wp\/v2\/types\/post"}],"author":[{"embeddable":true,"href":"https:\/\/bahiaeconomica.com.br\/wp\/wp-json\/wp\/v2\/users\/16"}],"replies":[{"embeddable":true,"href":"https:\/\/bahiaeconomica.com.br\/wp\/wp-json\/wp\/v2\/comments?post=857378"}],"version-history":[{"count":1,"href":"https:\/\/bahiaeconomica.com.br\/wp\/wp-json\/wp\/v2\/posts\/857378\/revisions"}],"predecessor-version":[{"id":857404,"href":"https:\/\/bahiaeconomica.com.br\/wp\/wp-json\/wp\/v2\/posts\/857378\/revisions\/857404"}],"wp:featuredmedia":[{"embeddable":true,"href":"https:\/\/bahiaeconomica.com.br\/wp\/wp-json\/wp\/v2\/media\/857401"}],"wp:attachment":[{"href":"https:\/\/bahiaeconomica.com.br\/wp\/wp-json\/wp\/v2\/media?parent=857378"}],"wp:term":[{"taxonomy":"category","embeddable":true,"href":"https:\/\/bahiaeconomica.com.br\/wp\/wp-json\/wp\/v2\/categories?post=857378"},{"taxonomy":"post_tag","embeddable":true,"href":"https:\/\/bahiaeconomica.com.br\/wp\/wp-json\/wp\/v2\/tags?post=857378"}],"curies":[{"name":"wp","href":"https:\/\/api.w.org\/{rel}","templated":true}]}}