{"id":857246,"date":"2024-11-05T10:40:34","date_gmt":"2024-11-05T13:40:34","guid":{"rendered":"https:\/\/bahiaeconomica.com.br\/wp\/?p=857246"},"modified":"2024-11-05T10:59:54","modified_gmt":"2024-11-05T13:59:54","slug":"metro-vai-ampliar-horario-para-jogo-entre-bahia-e-sao-paulo","status":"publish","type":"post","link":"https:\/\/bahiaeconomica.com.br\/wp\/2024\/11\/05\/metro-vai-ampliar-horario-para-jogo-entre-bahia-e-sao-paulo\/","title":{"rendered":"METR\u00d4 VAI AMPLIAR HOR\u00c1RIO PARA JOGO ENTRE BAHIA E S\u00c3O PAULO"},"content":{"rendered":"<p>A CCR Metr\u00f4 Bahia realizar\u00e1 uma opera\u00e7\u00e3o especial para torcedores que ir\u00e3o ao jogo Bahia x S\u00e3o Paulo, nesta ter\u00e7a-feira, 5, \u00e0s 21h30, na Arena Fonte Nova. Com isso, as esta\u00e7\u00f5es Campo da P\u00f3lvora e Brotas ter\u00e3o hor\u00e1rio de funcionamento estendido at\u00e9 a 0h45 para embarque, enquanto as demais esta\u00e7\u00f5es do sistema estar\u00e3o abertas exclusivamente para desembarque.<\/p>\n<p>Al\u00e9m do hor\u00e1rio estendido, tamb\u00e9m haver\u00e1 um aumento na oferta de trens, de acordo com a demanda, e refor\u00e7ar\u00e1 o quadro de agentes de atendimento e seguran\u00e7a para auxiliar os passageiros. A seguran\u00e7a contar\u00e1 com um sistema de monitoramento eletr\u00f4nico com mais de 2 mil c\u00e2meras, al\u00e9m da presen\u00e7a dos Agentes de Atendimento e Seguran\u00e7a nas esta\u00e7\u00f5es e trens.<\/p>\n<p>Foto: Divulga\u00e7\u00e3o \/ CCR Metr\u00f4 Bahia<\/p>\n","protected":false},"excerpt":{"rendered":"<p>A CCR Metr\u00f4 Bahia realizar\u00e1 uma opera\u00e7\u00e3o especial para torcedores que ir\u00e3o ao jogo Bahia x S\u00e3o Paulo, nesta ter\u00e7a-feira, 5, \u00e0s 21h30, na Arena Fonte Nova. Com isso, as esta\u00e7\u00f5es Campo da P\u00f3lvora e Brotas ter\u00e3o hor\u00e1rio de funcionamento estendido at\u00e9 a 0h45 para embarque, enquanto as demais esta\u00e7\u00f5es do sistema estar\u00e3o abertas exclusivamente [&hellip;]<\/p>\n","protected":false},"author":8,"featured_media":857247,"comment_status":"closed","ping_status":"closed","sticky":false,"template":"","format":"standard","meta":[],"categories":[4486],"tags":[52,1459,1053],"acf":[],"yoast_head":"<!-- This site is optimized with the Yoast SEO plugin v20.8 - https:\/\/yoast.com\/wordpress\/plugins\/seo\/ -->\n<title>METR\u00d4 VAI AMPLIAR HOR\u00c1RIO PARA JOGO ENTRE BAHIA E S\u00c3O PAULO - Bahia Economica<\/title>\n<meta name=\"description\" content=\"O maior portal de Economia da Bahia Esporte Bahia Economica Metr\u00f4 Bahia realizar\u00e1 uma opera\u00e7\u00e3o especial para torcedores que ir\u00e3o ao jogo Bahia\" \/>\n<meta name=\"robots\" content=\"index, follow, max-snippet:-1, max-image-preview:large, max-video-preview:-1\" \/>\n<link rel=\"canonical\" href=\"https:\/\/bahiaeconomica.com.br\/wp\/2024\/11\/05\/metro-vai-ampliar-horario-para-jogo-entre-bahia-e-sao-paulo\/\" \/>\n<meta property=\"og:locale\" content=\"pt_BR\" \/>\n<meta property=\"og:type\" content=\"article\" \/>\n<meta property=\"og:title\" content=\"METR\u00d4 VAI AMPLIAR HOR\u00c1RIO PARA JOGO ENTRE BAHIA E S\u00c3O PAULO - Bahia Economica\" \/>\n<meta property=\"og:description\" content=\"O maior portal de Economia da Bahia Esporte Bahia Economica Metr\u00f4 Bahia realizar\u00e1 uma opera\u00e7\u00e3o especial para torcedores que ir\u00e3o ao jogo Bahia\" \/>\n<meta property=\"og:url\" content=\"https:\/\/bahiaeconomica.com.br\/wp\/2024\/11\/05\/metro-vai-ampliar-horario-para-jogo-entre-bahia-e-sao-paulo\/\" \/>\n<meta property=\"og:site_name\" content=\"Bahia Economica\" \/>\n<meta property=\"article:publisher\" content=\"https:\/\/www.facebook.com\/bahiaeconomica\" \/>\n<meta property=\"article:published_time\" content=\"2024-11-05T13:40:34+00:00\" \/>\n<meta property=\"article:modified_time\" content=\"2024-11-05T13:59:54+00:00\" \/>\n<meta property=\"og:image\" content=\"https:\/\/bahiaeconomica.com.br\/wp\/wp-content\/uploads\/2024\/11\/Metro-funcionara-ate-0h30-para-atender-publico-de-0128438900202408271219-ScaleDownProportional.webp\" \/>\n\t<meta property=\"og:image:width\" content=\"1080\" \/>\n\t<meta property=\"og:image:height\" content=\"720\" \/>\n\t<meta property=\"og:image:type\" content=\"image\/webp\" \/>\n<meta name=\"author\" content=\"JP\" \/>\n<meta name=\"twitter:card\" content=\"summary_large_image\" \/>\n<meta name=\"twitter:label1\" content=\"Escrito por\" \/>\n\t<meta name=\"twitter:data1\" content=\"JP\" \/>\n\t<meta name=\"twitter:label2\" content=\"Est. tempo de leitura\" \/>\n\t<meta name=\"twitter:data2\" content=\"1 minuto\" \/>\n<script type=\"application\/ld+json\" class=\"yoast-schema-graph\">{\"@context\":\"https:\/\/schema.org\",\"@graph\":[{\"@type\":\"Article\",\"@id\":\"https:\/\/bahiaeconomica.com.br\/wp\/2024\/11\/05\/metro-vai-ampliar-horario-para-jogo-entre-bahia-e-sao-paulo\/#article\",\"isPartOf\":{\"@id\":\"https:\/\/bahiaeconomica.com.br\/wp\/2024\/11\/05\/metro-vai-ampliar-horario-para-jogo-entre-bahia-e-sao-paulo\/\"},\"author\":{\"name\":\"JP\",\"@id\":\"https:\/\/bahiaeconomica.com.br\/wp\/#\/schema\/person\/c86d3a3f8960425a0f9d0e5245991f4e\"},\"headline\":\"METR\u00d4 VAI AMPLIAR HOR\u00c1RIO PARA JOGO ENTRE BAHIA E S\u00c3O PAULO\",\"datePublished\":\"2024-11-05T13:40:34+00:00\",\"dateModified\":\"2024-11-05T13:59:54+00:00\",\"mainEntityOfPage\":{\"@id\":\"https:\/\/bahiaeconomica.com.br\/wp\/2024\/11\/05\/metro-vai-ampliar-horario-para-jogo-entre-bahia-e-sao-paulo\/\"},\"wordCount\":155,\"publisher\":{\"@id\":\"https:\/\/bahiaeconomica.com.br\/wp\/#organization\"},\"keywords\":[\"Brasil\",\"CCR\",\"Metr\u00f4\"],\"articleSection\":[\"Esporte\"],\"inLanguage\":\"pt-BR\"},{\"@type\":\"WebPage\",\"@id\":\"https:\/\/bahiaeconomica.com.br\/wp\/2024\/11\/05\/metro-vai-ampliar-horario-para-jogo-entre-bahia-e-sao-paulo\/\",\"url\":\"https:\/\/bahiaeconomica.com.br\/wp\/2024\/11\/05\/metro-vai-ampliar-horario-para-jogo-entre-bahia-e-sao-paulo\/\",\"name\":\"METR\u00d4 VAI AMPLIAR HOR\u00c1RIO PARA JOGO ENTRE BAHIA E S\u00c3O PAULO - Bahia Economica\",\"isPartOf\":{\"@id\":\"https:\/\/bahiaeconomica.com.br\/wp\/#website\"},\"datePublished\":\"2024-11-05T13:40:34+00:00\",\"dateModified\":\"2024-11-05T13:59:54+00:00\",\"description\":\"O maior portal de Economia da Bahia Esporte Bahia Economica Metr\u00f4 Bahia realizar\u00e1 uma opera\u00e7\u00e3o especial para torcedores que ir\u00e3o ao jogo Bahia\",\"breadcrumb\":{\"@id\":\"https:\/\/bahiaeconomica.com.br\/wp\/2024\/11\/05\/metro-vai-ampliar-horario-para-jogo-entre-bahia-e-sao-paulo\/#breadcrumb\"},\"inLanguage\":\"pt-BR\",\"potentialAction\":[{\"@type\":\"ReadAction\",\"target\":[\"https:\/\/bahiaeconomica.com.br\/wp\/2024\/11\/05\/metro-vai-ampliar-horario-para-jogo-entre-bahia-e-sao-paulo\/\"]}]},{\"@type\":\"BreadcrumbList\",\"@id\":\"https:\/\/bahiaeconomica.com.br\/wp\/2024\/11\/05\/metro-vai-ampliar-horario-para-jogo-entre-bahia-e-sao-paulo\/#breadcrumb\",\"itemListElement\":[{\"@type\":\"ListItem\",\"position\":1,\"name\":\"In\u00edcio\",\"item\":\"https:\/\/bahiaeconomica.com.br\/wp\/\"},{\"@type\":\"ListItem\",\"position\":2,\"name\":\"METR\u00d4 VAI AMPLIAR HOR\u00c1RIO PARA JOGO ENTRE BAHIA E S\u00c3O PAULO\"}]},{\"@type\":\"WebSite\",\"@id\":\"https:\/\/bahiaeconomica.com.br\/wp\/#website\",\"url\":\"https:\/\/bahiaeconomica.com.br\/wp\/\",\"name\":\"Bahia Economica\",\"description\":\"O maior portal de Economia da Bahia\",\"publisher\":{\"@id\":\"https:\/\/bahiaeconomica.com.br\/wp\/#organization\"},\"potentialAction\":[{\"@type\":\"SearchAction\",\"target\":{\"@type\":\"EntryPoint\",\"urlTemplate\":\"https:\/\/bahiaeconomica.com.br\/wp\/?s={search_term_string}\"},\"query-input\":\"required name=search_term_string\"}],\"inLanguage\":\"pt-BR\"},{\"@type\":\"Organization\",\"@id\":\"https:\/\/bahiaeconomica.com.br\/wp\/#organization\",\"name\":\"Bahia Econ\u00f4mica\",\"url\":\"https:\/\/bahiaeconomica.com.br\/wp\/\",\"logo\":{\"@type\":\"ImageObject\",\"inLanguage\":\"pt-BR\",\"@id\":\"https:\/\/bahiaeconomica.com.br\/wp\/#\/schema\/logo\/image\/\",\"url\":\"https:\/\/bahiaeconomica.com.br\/wp\/wp-content\/uploads\/2020\/12\/cropped-BE.png\",\"contentUrl\":\"https:\/\/bahiaeconomica.com.br\/wp\/wp-content\/uploads\/2020\/12\/cropped-BE.png\",\"width\":512,\"height\":512,\"caption\":\"Bahia Econ\u00f4mica\"},\"image\":{\"@id\":\"https:\/\/bahiaeconomica.com.br\/wp\/#\/schema\/logo\/image\/\"},\"sameAs\":[\"https:\/\/www.facebook.com\/bahiaeconomica\"]},{\"@type\":\"Person\",\"@id\":\"https:\/\/bahiaeconomica.com.br\/wp\/#\/schema\/person\/c86d3a3f8960425a0f9d0e5245991f4e\",\"name\":\"JP\",\"sameAs\":[\"https:\/\/bahiaeconomica.com.br\/wp\/beta\/\"],\"url\":\"https:\/\/bahiaeconomica.com.br\/wp\/author\/jp\/\"}]}<\/script>\n<!-- \/ Yoast SEO plugin. -->","yoast_head_json":{"title":"METR\u00d4 VAI AMPLIAR HOR\u00c1RIO PARA JOGO ENTRE BAHIA E S\u00c3O PAULO - Bahia Economica","description":"O maior portal de Economia da Bahia Esporte Bahia Economica Metr\u00f4 Bahia realizar\u00e1 uma opera\u00e7\u00e3o especial para torcedores que ir\u00e3o ao jogo Bahia","robots":{"index":"index","follow":"follow","max-snippet":"max-snippet:-1","max-image-preview":"max-image-preview:large","max-video-preview":"max-video-preview:-1"},"canonical":"https:\/\/bahiaeconomica.com.br\/wp\/2024\/11\/05\/metro-vai-ampliar-horario-para-jogo-entre-bahia-e-sao-paulo\/","og_locale":"pt_BR","og_type":"article","og_title":"METR\u00d4 VAI AMPLIAR HOR\u00c1RIO PARA JOGO ENTRE BAHIA E S\u00c3O PAULO - Bahia Economica","og_description":"O maior portal de Economia da Bahia Esporte Bahia Economica Metr\u00f4 Bahia realizar\u00e1 uma opera\u00e7\u00e3o especial para torcedores que ir\u00e3o ao jogo Bahia","og_url":"https:\/\/bahiaeconomica.com.br\/wp\/2024\/11\/05\/metro-vai-ampliar-horario-para-jogo-entre-bahia-e-sao-paulo\/","og_site_name":"Bahia Economica","article_publisher":"https:\/\/www.facebook.com\/bahiaeconomica","article_published_time":"2024-11-05T13:40:34+00:00","article_modified_time":"2024-11-05T13:59:54+00:00","og_image":[{"width":1080,"height":720,"url":"https:\/\/bahiaeconomica.com.br\/wp\/wp-content\/uploads\/2024\/11\/Metro-funcionara-ate-0h30-para-atender-publico-de-0128438900202408271219-ScaleDownProportional.webp","type":"image\/webp"}],"author":"JP","twitter_card":"summary_large_image","twitter_misc":{"Escrito por":"JP","Est. tempo de leitura":"1 minuto"},"schema":{"@context":"https:\/\/schema.org","@graph":[{"@type":"Article","@id":"https:\/\/bahiaeconomica.com.br\/wp\/2024\/11\/05\/metro-vai-ampliar-horario-para-jogo-entre-bahia-e-sao-paulo\/#article","isPartOf":{"@id":"https:\/\/bahiaeconomica.com.br\/wp\/2024\/11\/05\/metro-vai-ampliar-horario-para-jogo-entre-bahia-e-sao-paulo\/"},"author":{"name":"JP","@id":"https:\/\/bahiaeconomica.com.br\/wp\/#\/schema\/person\/c86d3a3f8960425a0f9d0e5245991f4e"},"headline":"METR\u00d4 VAI AMPLIAR HOR\u00c1RIO PARA JOGO ENTRE BAHIA E S\u00c3O PAULO","datePublished":"2024-11-05T13:40:34+00:00","dateModified":"2024-11-05T13:59:54+00:00","mainEntityOfPage":{"@id":"https:\/\/bahiaeconomica.com.br\/wp\/2024\/11\/05\/metro-vai-ampliar-horario-para-jogo-entre-bahia-e-sao-paulo\/"},"wordCount":155,"publisher":{"@id":"https:\/\/bahiaeconomica.com.br\/wp\/#organization"},"keywords":["Brasil","CCR","Metr\u00f4"],"articleSection":["Esporte"],"inLanguage":"pt-BR"},{"@type":"WebPage","@id":"https:\/\/bahiaeconomica.com.br\/wp\/2024\/11\/05\/metro-vai-ampliar-horario-para-jogo-entre-bahia-e-sao-paulo\/","url":"https:\/\/bahiaeconomica.com.br\/wp\/2024\/11\/05\/metro-vai-ampliar-horario-para-jogo-entre-bahia-e-sao-paulo\/","name":"METR\u00d4 VAI AMPLIAR HOR\u00c1RIO PARA JOGO ENTRE BAHIA E S\u00c3O PAULO - Bahia Economica","isPartOf":{"@id":"https:\/\/bahiaeconomica.com.br\/wp\/#website"},"datePublished":"2024-11-05T13:40:34+00:00","dateModified":"2024-11-05T13:59:54+00:00","description":"O maior portal de Economia da Bahia Esporte Bahia Economica Metr\u00f4 Bahia realizar\u00e1 uma opera\u00e7\u00e3o especial para torcedores que ir\u00e3o ao jogo Bahia","breadcrumb":{"@id":"https:\/\/bahiaeconomica.com.br\/wp\/2024\/11\/05\/metro-vai-ampliar-horario-para-jogo-entre-bahia-e-sao-paulo\/#breadcrumb"},"inLanguage":"pt-BR","potentialAction":[{"@type":"ReadAction","target":["https:\/\/bahiaeconomica.com.br\/wp\/2024\/11\/05\/metro-vai-ampliar-horario-para-jogo-entre-bahia-e-sao-paulo\/"]}]},{"@type":"BreadcrumbList","@id":"https:\/\/bahiaeconomica.com.br\/wp\/2024\/11\/05\/metro-vai-ampliar-horario-para-jogo-entre-bahia-e-sao-paulo\/#breadcrumb","itemListElement":[{"@type":"ListItem","position":1,"name":"In\u00edcio","item":"https:\/\/bahiaeconomica.com.br\/wp\/"},{"@type":"ListItem","position":2,"name":"METR\u00d4 VAI AMPLIAR HOR\u00c1RIO PARA JOGO ENTRE BAHIA E S\u00c3O PAULO"}]},{"@type":"WebSite","@id":"https:\/\/bahiaeconomica.com.br\/wp\/#website","url":"https:\/\/bahiaeconomica.com.br\/wp\/","name":"Bahia Economica","description":"O maior portal de Economia da Bahia","publisher":{"@id":"https:\/\/bahiaeconomica.com.br\/wp\/#organization"},"potentialAction":[{"@type":"SearchAction","target":{"@type":"EntryPoint","urlTemplate":"https:\/\/bahiaeconomica.com.br\/wp\/?s={search_term_string}"},"query-input":"required name=search_term_string"}],"inLanguage":"pt-BR"},{"@type":"Organization","@id":"https:\/\/bahiaeconomica.com.br\/wp\/#organization","name":"Bahia Econ\u00f4mica","url":"https:\/\/bahiaeconomica.com.br\/wp\/","logo":{"@type":"ImageObject","inLanguage":"pt-BR","@id":"https:\/\/bahiaeconomica.com.br\/wp\/#\/schema\/logo\/image\/","url":"https:\/\/bahiaeconomica.com.br\/wp\/wp-content\/uploads\/2020\/12\/cropped-BE.png","contentUrl":"https:\/\/bahiaeconomica.com.br\/wp\/wp-content\/uploads\/2020\/12\/cropped-BE.png","width":512,"height":512,"caption":"Bahia Econ\u00f4mica"},"image":{"@id":"https:\/\/bahiaeconomica.com.br\/wp\/#\/schema\/logo\/image\/"},"sameAs":["https:\/\/www.facebook.com\/bahiaeconomica"]},{"@type":"Person","@id":"https:\/\/bahiaeconomica.com.br\/wp\/#\/schema\/person\/c86d3a3f8960425a0f9d0e5245991f4e","name":"JP","sameAs":["https:\/\/bahiaeconomica.com.br\/wp\/beta\/"],"url":"https:\/\/bahiaeconomica.com.br\/wp\/author\/jp\/"}]}},"views":15,"_links":{"self":[{"href":"https:\/\/bahiaeconomica.com.br\/wp\/wp-json\/wp\/v2\/posts\/857246"}],"collection":[{"href":"https:\/\/bahiaeconomica.com.br\/wp\/wp-json\/wp\/v2\/posts"}],"about":[{"href":"https:\/\/bahiaeconomica.com.br\/wp\/wp-json\/wp\/v2\/types\/post"}],"author":[{"embeddable":true,"href":"https:\/\/bahiaeconomica.com.br\/wp\/wp-json\/wp\/v2\/users\/8"}],"replies":[{"embeddable":true,"href":"https:\/\/bahiaeconomica.com.br\/wp\/wp-json\/wp\/v2\/comments?post=857246"}],"version-history":[{"count":1,"href":"https:\/\/bahiaeconomica.com.br\/wp\/wp-json\/wp\/v2\/posts\/857246\/revisions"}],"predecessor-version":[{"id":857248,"href":"https:\/\/bahiaeconomica.com.br\/wp\/wp-json\/wp\/v2\/posts\/857246\/revisions\/857248"}],"wp:featuredmedia":[{"embeddable":true,"href":"https:\/\/bahiaeconomica.com.br\/wp\/wp-json\/wp\/v2\/media\/857247"}],"wp:attachment":[{"href":"https:\/\/bahiaeconomica.com.br\/wp\/wp-json\/wp\/v2\/media?parent=857246"}],"wp:term":[{"taxonomy":"category","embeddable":true,"href":"https:\/\/bahiaeconomica.com.br\/wp\/wp-json\/wp\/v2\/categories?post=857246"},{"taxonomy":"post_tag","embeddable":true,"href":"https:\/\/bahiaeconomica.com.br\/wp\/wp-json\/wp\/v2\/tags?post=857246"}],"curies":[{"name":"wp","href":"https:\/\/api.w.org\/{rel}","templated":true}]}}