{"id":857233,"date":"2024-11-05T10:20:53","date_gmt":"2024-11-05T13:20:53","guid":{"rendered":"https:\/\/bahiaeconomica.com.br\/wp\/?p=857233"},"modified":"2024-11-05T16:42:46","modified_gmt":"2024-11-05T19:42:46","slug":"acelen-e-vice-lider-entre-empresas-do-setor-de-energia","status":"publish","type":"post","link":"https:\/\/bahiaeconomica.com.br\/wp\/2024\/11\/05\/acelen-e-vice-lider-entre-empresas-do-setor-de-energia\/","title":{"rendered":"ACELEN \u00c9 VICE-L\u00cdDER EM ESG GOVERNAN\u00c7A NO SETOR DE \u2018ENERGIA\u2019"},"content":{"rendered":"<p>A Acelen conquista a vice-lideran\u00e7a em ESG Governan\u00e7a no setor \u201cEnergia\u201d do Anu\u00e1rio \u00c9poca Neg\u00f3cios 360\u00ba deste ano, promovido em parceria com a Funda\u00e7\u00e3o Dom Cabral. A empresa tamb\u00e9m ocupa o 26\u00ba lugar geral entre 420 empresas com receita l\u00edquida anual superior ou igual a R$ 250 milh\u00f5es. O reconhecimento \u00e9 fruto da gest\u00e3o estrat\u00e9gica \u00e0 frente da Refinaria de Mataripe que, aos 74 anos, passou pelo maior programa de revitaliza\u00e7\u00e3o e moderniza\u00e7\u00e3o com foco em tecnologia, inova\u00e7\u00e3o, excel\u00eancia operacional, transpar\u00eancia e sustentabilidade.<\/p>\n<p>A empresa investiu mais de R$ 2 bilh\u00f5es na moderniza\u00e7\u00e3o da refinaria, a segunda maior do Brasil, tendo as a\u00e7\u00f5es de ESG como valores-chave, alinhados a uma estrutura robusta de governan\u00e7a corporativa. Foram incorporados pr\u00e1ticas e princ\u00edpios da \u00e9tica e da transpar\u00eancia na condu\u00e7\u00e3o dos neg\u00f3cios e no relacionamento com todos os p\u00fablicos para alcan\u00e7ar os objetivos de desenvolvimento sustent\u00e1vel e acelerar a transi\u00e7\u00e3o energ\u00e9tica.<\/p>\n<p>A Acelen, al\u00e9m de ser vice-l\u00edder no setor de energia, colocou a Refinaria de Mataripe entre as tr\u00eas melhores refinarias da Am\u00e9rica Latina, na avalia\u00e7\u00e3o Pr\u00eamio Excel\u00eancia LARTC; ocupa a 2\u00aa posi\u00e7\u00e3o entre as 50 maiores empresas do Nordeste, a 7\u00aa coloca\u00e7\u00e3o no setor de \u00d3leo e G\u00e1s, e o 28\u00ba lugar entre as 1.000 maiores companhias do Brasil, segundo o Pr\u00eamio Valor 1000, realizado pelo jornal Valor Econ\u00f4mico e a FGV.<\/p>\n","protected":false},"excerpt":{"rendered":"<p>A Acelen conquista a vice-lideran\u00e7a em ESG Governan\u00e7a no setor \u201cEnergia\u201d do Anu\u00e1rio \u00c9poca Neg\u00f3cios 360\u00ba deste ano, promovido em parceria com a Funda\u00e7\u00e3o Dom Cabral. A empresa tamb\u00e9m ocupa o 26\u00ba lugar geral entre 420 empresas com receita l\u00edquida anual superior ou igual a R$ 250 milh\u00f5es. O reconhecimento \u00e9 fruto da gest\u00e3o estrat\u00e9gica [&hellip;]<\/p>\n","protected":false},"author":8,"featured_media":857234,"comment_status":"closed","ping_status":"closed","sticky":false,"template":"","format":"standard","meta":[],"categories":[5],"tags":[1693,52,100],"acf":[],"yoast_head":"<!-- This site is optimized with the Yoast SEO plugin v20.8 - https:\/\/yoast.com\/wordpress\/plugins\/seo\/ -->\n<title>ACELEN \u00c9 VICE-L\u00cdDER EM ESG GOVERNAN\u00c7A NO SETOR DE \u2018ENERGIA\u2019 - Bahia Economica<\/title>\n<meta name=\"description\" content=\"O maior portal de Economia da Bahia MUNIC\u00cdPIOS Bahia Economica conquista a vice-lideran\u00e7a no setor \u201cEnergia\" \/>\n<meta name=\"robots\" content=\"index, follow, max-snippet:-1, max-image-preview:large, max-video-preview:-1\" \/>\n<link rel=\"canonical\" href=\"https:\/\/bahiaeconomica.com.br\/wp\/2024\/11\/05\/acelen-e-vice-lider-entre-empresas-do-setor-de-energia\/\" \/>\n<meta property=\"og:locale\" content=\"pt_BR\" \/>\n<meta property=\"og:type\" content=\"article\" \/>\n<meta property=\"og:title\" content=\"ACELEN \u00c9 VICE-L\u00cdDER EM ESG GOVERNAN\u00c7A NO SETOR DE \u2018ENERGIA\u2019 - Bahia Economica\" \/>\n<meta property=\"og:description\" content=\"O maior portal de Economia da Bahia MUNIC\u00cdPIOS Bahia Economica conquista a vice-lideran\u00e7a no setor \u201cEnergia\" \/>\n<meta property=\"og:url\" content=\"https:\/\/bahiaeconomica.com.br\/wp\/2024\/11\/05\/acelen-e-vice-lider-entre-empresas-do-setor-de-energia\/\" \/>\n<meta property=\"og:site_name\" content=\"Bahia Economica\" \/>\n<meta property=\"article:publisher\" content=\"https:\/\/www.facebook.com\/bahiaeconomica\" \/>\n<meta property=\"article:published_time\" content=\"2024-11-05T13:20:53+00:00\" \/>\n<meta property=\"article:modified_time\" content=\"2024-11-05T19:42:46+00:00\" \/>\n<meta property=\"og:image\" content=\"https:\/\/bahiaeconomica.com.br\/wp\/wp-content\/uploads\/2024\/11\/WhatsApp-Image-2024-11-05-at-09.56.26.jpeg\" \/>\n\t<meta property=\"og:image:width\" content=\"1280\" \/>\n\t<meta property=\"og:image:height\" content=\"720\" \/>\n\t<meta property=\"og:image:type\" content=\"image\/jpeg\" \/>\n<meta name=\"author\" content=\"JP\" \/>\n<meta name=\"twitter:card\" content=\"summary_large_image\" \/>\n<meta name=\"twitter:label1\" content=\"Escrito por\" \/>\n\t<meta name=\"twitter:data1\" content=\"JP\" \/>\n\t<meta name=\"twitter:label2\" content=\"Est. tempo de leitura\" \/>\n\t<meta name=\"twitter:data2\" content=\"2 minutos\" \/>\n<script type=\"application\/ld+json\" class=\"yoast-schema-graph\">{\"@context\":\"https:\/\/schema.org\",\"@graph\":[{\"@type\":\"Article\",\"@id\":\"https:\/\/bahiaeconomica.com.br\/wp\/2024\/11\/05\/acelen-e-vice-lider-entre-empresas-do-setor-de-energia\/#article\",\"isPartOf\":{\"@id\":\"https:\/\/bahiaeconomica.com.br\/wp\/2024\/11\/05\/acelen-e-vice-lider-entre-empresas-do-setor-de-energia\/\"},\"author\":{\"name\":\"JP\",\"@id\":\"https:\/\/bahiaeconomica.com.br\/wp\/#\/schema\/person\/c86d3a3f8960425a0f9d0e5245991f4e\"},\"headline\":\"ACELEN \u00c9 VICE-L\u00cdDER EM ESG GOVERNAN\u00c7A NO SETOR DE \u2018ENERGIA\u2019\",\"datePublished\":\"2024-11-05T13:20:53+00:00\",\"dateModified\":\"2024-11-05T19:42:46+00:00\",\"mainEntityOfPage\":{\"@id\":\"https:\/\/bahiaeconomica.com.br\/wp\/2024\/11\/05\/acelen-e-vice-lider-entre-empresas-do-setor-de-energia\/\"},\"wordCount\":258,\"publisher\":{\"@id\":\"https:\/\/bahiaeconomica.com.br\/wp\/#organization\"},\"keywords\":[\"acelen\",\"Brasil\",\"Pol\u00edtica\"],\"articleSection\":[\"MUNIC\u00cdPIOS\"],\"inLanguage\":\"pt-BR\"},{\"@type\":\"WebPage\",\"@id\":\"https:\/\/bahiaeconomica.com.br\/wp\/2024\/11\/05\/acelen-e-vice-lider-entre-empresas-do-setor-de-energia\/\",\"url\":\"https:\/\/bahiaeconomica.com.br\/wp\/2024\/11\/05\/acelen-e-vice-lider-entre-empresas-do-setor-de-energia\/\",\"name\":\"ACELEN \u00c9 VICE-L\u00cdDER EM ESG GOVERNAN\u00c7A NO SETOR DE \u2018ENERGIA\u2019 - Bahia Economica\",\"isPartOf\":{\"@id\":\"https:\/\/bahiaeconomica.com.br\/wp\/#website\"},\"datePublished\":\"2024-11-05T13:20:53+00:00\",\"dateModified\":\"2024-11-05T19:42:46+00:00\",\"description\":\"O maior portal de Economia da Bahia MUNIC\u00cdPIOS Bahia Economica conquista a vice-lideran\u00e7a no setor \u201cEnergia\",\"breadcrumb\":{\"@id\":\"https:\/\/bahiaeconomica.com.br\/wp\/2024\/11\/05\/acelen-e-vice-lider-entre-empresas-do-setor-de-energia\/#breadcrumb\"},\"inLanguage\":\"pt-BR\",\"potentialAction\":[{\"@type\":\"ReadAction\",\"target\":[\"https:\/\/bahiaeconomica.com.br\/wp\/2024\/11\/05\/acelen-e-vice-lider-entre-empresas-do-setor-de-energia\/\"]}]},{\"@type\":\"BreadcrumbList\",\"@id\":\"https:\/\/bahiaeconomica.com.br\/wp\/2024\/11\/05\/acelen-e-vice-lider-entre-empresas-do-setor-de-energia\/#breadcrumb\",\"itemListElement\":[{\"@type\":\"ListItem\",\"position\":1,\"name\":\"In\u00edcio\",\"item\":\"https:\/\/bahiaeconomica.com.br\/wp\/\"},{\"@type\":\"ListItem\",\"position\":2,\"name\":\"ACELEN \u00c9 VICE-L\u00cdDER EM ESG GOVERNAN\u00c7A NO SETOR DE \u2018ENERGIA\u2019\"}]},{\"@type\":\"WebSite\",\"@id\":\"https:\/\/bahiaeconomica.com.br\/wp\/#website\",\"url\":\"https:\/\/bahiaeconomica.com.br\/wp\/\",\"name\":\"Bahia Economica\",\"description\":\"O maior portal de Economia da Bahia\",\"publisher\":{\"@id\":\"https:\/\/bahiaeconomica.com.br\/wp\/#organization\"},\"potentialAction\":[{\"@type\":\"SearchAction\",\"target\":{\"@type\":\"EntryPoint\",\"urlTemplate\":\"https:\/\/bahiaeconomica.com.br\/wp\/?s={search_term_string}\"},\"query-input\":\"required name=search_term_string\"}],\"inLanguage\":\"pt-BR\"},{\"@type\":\"Organization\",\"@id\":\"https:\/\/bahiaeconomica.com.br\/wp\/#organization\",\"name\":\"Bahia Econ\u00f4mica\",\"url\":\"https:\/\/bahiaeconomica.com.br\/wp\/\",\"logo\":{\"@type\":\"ImageObject\",\"inLanguage\":\"pt-BR\",\"@id\":\"https:\/\/bahiaeconomica.com.br\/wp\/#\/schema\/logo\/image\/\",\"url\":\"https:\/\/bahiaeconomica.com.br\/wp\/wp-content\/uploads\/2020\/12\/cropped-BE.png\",\"contentUrl\":\"https:\/\/bahiaeconomica.com.br\/wp\/wp-content\/uploads\/2020\/12\/cropped-BE.png\",\"width\":512,\"height\":512,\"caption\":\"Bahia Econ\u00f4mica\"},\"image\":{\"@id\":\"https:\/\/bahiaeconomica.com.br\/wp\/#\/schema\/logo\/image\/\"},\"sameAs\":[\"https:\/\/www.facebook.com\/bahiaeconomica\"]},{\"@type\":\"Person\",\"@id\":\"https:\/\/bahiaeconomica.com.br\/wp\/#\/schema\/person\/c86d3a3f8960425a0f9d0e5245991f4e\",\"name\":\"JP\",\"sameAs\":[\"https:\/\/bahiaeconomica.com.br\/wp\/beta\/\"],\"url\":\"https:\/\/bahiaeconomica.com.br\/wp\/author\/jp\/\"}]}<\/script>\n<!-- \/ Yoast SEO plugin. -->","yoast_head_json":{"title":"ACELEN \u00c9 VICE-L\u00cdDER EM ESG GOVERNAN\u00c7A NO SETOR DE \u2018ENERGIA\u2019 - Bahia Economica","description":"O maior portal de Economia da Bahia MUNIC\u00cdPIOS Bahia Economica conquista a vice-lideran\u00e7a no setor \u201cEnergia","robots":{"index":"index","follow":"follow","max-snippet":"max-snippet:-1","max-image-preview":"max-image-preview:large","max-video-preview":"max-video-preview:-1"},"canonical":"https:\/\/bahiaeconomica.com.br\/wp\/2024\/11\/05\/acelen-e-vice-lider-entre-empresas-do-setor-de-energia\/","og_locale":"pt_BR","og_type":"article","og_title":"ACELEN \u00c9 VICE-L\u00cdDER EM ESG GOVERNAN\u00c7A NO SETOR DE \u2018ENERGIA\u2019 - Bahia Economica","og_description":"O maior portal de Economia da Bahia MUNIC\u00cdPIOS Bahia Economica conquista a vice-lideran\u00e7a no setor \u201cEnergia","og_url":"https:\/\/bahiaeconomica.com.br\/wp\/2024\/11\/05\/acelen-e-vice-lider-entre-empresas-do-setor-de-energia\/","og_site_name":"Bahia Economica","article_publisher":"https:\/\/www.facebook.com\/bahiaeconomica","article_published_time":"2024-11-05T13:20:53+00:00","article_modified_time":"2024-11-05T19:42:46+00:00","og_image":[{"width":1280,"height":720,"url":"https:\/\/bahiaeconomica.com.br\/wp\/wp-content\/uploads\/2024\/11\/WhatsApp-Image-2024-11-05-at-09.56.26.jpeg","type":"image\/jpeg"}],"author":"JP","twitter_card":"summary_large_image","twitter_misc":{"Escrito por":"JP","Est. tempo de leitura":"2 minutos"},"schema":{"@context":"https:\/\/schema.org","@graph":[{"@type":"Article","@id":"https:\/\/bahiaeconomica.com.br\/wp\/2024\/11\/05\/acelen-e-vice-lider-entre-empresas-do-setor-de-energia\/#article","isPartOf":{"@id":"https:\/\/bahiaeconomica.com.br\/wp\/2024\/11\/05\/acelen-e-vice-lider-entre-empresas-do-setor-de-energia\/"},"author":{"name":"JP","@id":"https:\/\/bahiaeconomica.com.br\/wp\/#\/schema\/person\/c86d3a3f8960425a0f9d0e5245991f4e"},"headline":"ACELEN \u00c9 VICE-L\u00cdDER EM ESG GOVERNAN\u00c7A NO SETOR DE \u2018ENERGIA\u2019","datePublished":"2024-11-05T13:20:53+00:00","dateModified":"2024-11-05T19:42:46+00:00","mainEntityOfPage":{"@id":"https:\/\/bahiaeconomica.com.br\/wp\/2024\/11\/05\/acelen-e-vice-lider-entre-empresas-do-setor-de-energia\/"},"wordCount":258,"publisher":{"@id":"https:\/\/bahiaeconomica.com.br\/wp\/#organization"},"keywords":["acelen","Brasil","Pol\u00edtica"],"articleSection":["MUNIC\u00cdPIOS"],"inLanguage":"pt-BR"},{"@type":"WebPage","@id":"https:\/\/bahiaeconomica.com.br\/wp\/2024\/11\/05\/acelen-e-vice-lider-entre-empresas-do-setor-de-energia\/","url":"https:\/\/bahiaeconomica.com.br\/wp\/2024\/11\/05\/acelen-e-vice-lider-entre-empresas-do-setor-de-energia\/","name":"ACELEN \u00c9 VICE-L\u00cdDER EM ESG GOVERNAN\u00c7A NO SETOR DE \u2018ENERGIA\u2019 - Bahia Economica","isPartOf":{"@id":"https:\/\/bahiaeconomica.com.br\/wp\/#website"},"datePublished":"2024-11-05T13:20:53+00:00","dateModified":"2024-11-05T19:42:46+00:00","description":"O maior portal de Economia da Bahia MUNIC\u00cdPIOS Bahia Economica conquista a vice-lideran\u00e7a no setor \u201cEnergia","breadcrumb":{"@id":"https:\/\/bahiaeconomica.com.br\/wp\/2024\/11\/05\/acelen-e-vice-lider-entre-empresas-do-setor-de-energia\/#breadcrumb"},"inLanguage":"pt-BR","potentialAction":[{"@type":"ReadAction","target":["https:\/\/bahiaeconomica.com.br\/wp\/2024\/11\/05\/acelen-e-vice-lider-entre-empresas-do-setor-de-energia\/"]}]},{"@type":"BreadcrumbList","@id":"https:\/\/bahiaeconomica.com.br\/wp\/2024\/11\/05\/acelen-e-vice-lider-entre-empresas-do-setor-de-energia\/#breadcrumb","itemListElement":[{"@type":"ListItem","position":1,"name":"In\u00edcio","item":"https:\/\/bahiaeconomica.com.br\/wp\/"},{"@type":"ListItem","position":2,"name":"ACELEN \u00c9 VICE-L\u00cdDER EM ESG GOVERNAN\u00c7A NO SETOR DE \u2018ENERGIA\u2019"}]},{"@type":"WebSite","@id":"https:\/\/bahiaeconomica.com.br\/wp\/#website","url":"https:\/\/bahiaeconomica.com.br\/wp\/","name":"Bahia Economica","description":"O maior portal de Economia da Bahia","publisher":{"@id":"https:\/\/bahiaeconomica.com.br\/wp\/#organization"},"potentialAction":[{"@type":"SearchAction","target":{"@type":"EntryPoint","urlTemplate":"https:\/\/bahiaeconomica.com.br\/wp\/?s={search_term_string}"},"query-input":"required name=search_term_string"}],"inLanguage":"pt-BR"},{"@type":"Organization","@id":"https:\/\/bahiaeconomica.com.br\/wp\/#organization","name":"Bahia Econ\u00f4mica","url":"https:\/\/bahiaeconomica.com.br\/wp\/","logo":{"@type":"ImageObject","inLanguage":"pt-BR","@id":"https:\/\/bahiaeconomica.com.br\/wp\/#\/schema\/logo\/image\/","url":"https:\/\/bahiaeconomica.com.br\/wp\/wp-content\/uploads\/2020\/12\/cropped-BE.png","contentUrl":"https:\/\/bahiaeconomica.com.br\/wp\/wp-content\/uploads\/2020\/12\/cropped-BE.png","width":512,"height":512,"caption":"Bahia Econ\u00f4mica"},"image":{"@id":"https:\/\/bahiaeconomica.com.br\/wp\/#\/schema\/logo\/image\/"},"sameAs":["https:\/\/www.facebook.com\/bahiaeconomica"]},{"@type":"Person","@id":"https:\/\/bahiaeconomica.com.br\/wp\/#\/schema\/person\/c86d3a3f8960425a0f9d0e5245991f4e","name":"JP","sameAs":["https:\/\/bahiaeconomica.com.br\/wp\/beta\/"],"url":"https:\/\/bahiaeconomica.com.br\/wp\/author\/jp\/"}]}},"views":20,"_links":{"self":[{"href":"https:\/\/bahiaeconomica.com.br\/wp\/wp-json\/wp\/v2\/posts\/857233"}],"collection":[{"href":"https:\/\/bahiaeconomica.com.br\/wp\/wp-json\/wp\/v2\/posts"}],"about":[{"href":"https:\/\/bahiaeconomica.com.br\/wp\/wp-json\/wp\/v2\/types\/post"}],"author":[{"embeddable":true,"href":"https:\/\/bahiaeconomica.com.br\/wp\/wp-json\/wp\/v2\/users\/8"}],"replies":[{"embeddable":true,"href":"https:\/\/bahiaeconomica.com.br\/wp\/wp-json\/wp\/v2\/comments?post=857233"}],"version-history":[{"count":3,"href":"https:\/\/bahiaeconomica.com.br\/wp\/wp-json\/wp\/v2\/posts\/857233\/revisions"}],"predecessor-version":[{"id":857393,"href":"https:\/\/bahiaeconomica.com.br\/wp\/wp-json\/wp\/v2\/posts\/857233\/revisions\/857393"}],"wp:featuredmedia":[{"embeddable":true,"href":"https:\/\/bahiaeconomica.com.br\/wp\/wp-json\/wp\/v2\/media\/857234"}],"wp:attachment":[{"href":"https:\/\/bahiaeconomica.com.br\/wp\/wp-json\/wp\/v2\/media?parent=857233"}],"wp:term":[{"taxonomy":"category","embeddable":true,"href":"https:\/\/bahiaeconomica.com.br\/wp\/wp-json\/wp\/v2\/categories?post=857233"},{"taxonomy":"post_tag","embeddable":true,"href":"https:\/\/bahiaeconomica.com.br\/wp\/wp-json\/wp\/v2\/tags?post=857233"}],"curies":[{"name":"wp","href":"https:\/\/api.w.org\/{rel}","templated":true}]}}