{"id":856958,"date":"2024-11-04T05:00:08","date_gmt":"2024-11-04T08:00:08","guid":{"rendered":"https:\/\/bahiaeconomica.com.br\/wp\/?p=856958"},"modified":"2024-11-04T12:41:11","modified_gmt":"2024-11-04T15:41:11","slug":"no-novembro-negro-a-atriz-e-modelo-mirim-lis-dorea-fala-do-amor-pelo-seu-cabelo-e-fortalece-a-importancia-da-visibilidade-e-empoderamento-da-crianca-negra-2","status":"publish","type":"post","link":"https:\/\/bahiaeconomica.com.br\/wp\/2024\/11\/04\/no-novembro-negro-a-atriz-e-modelo-mirim-lis-dorea-fala-do-amor-pelo-seu-cabelo-e-fortalece-a-importancia-da-visibilidade-e-empoderamento-da-crianca-negra-2\/","title":{"rendered":"NO NOVEMBRO NEGRO, A ATRIZ E MODELO MIRIM LIS D\u00d3REA FALA DO AMOR PELO SEU CABELO E FORTALECE A IMPORT\u00c2NCIA DA VISIBILIDADE E EMPODERAMENTO DA CRIAN\u00c7A NEGRA"},"content":{"rendered":"<p>O m\u00eas de novembro \u00e9 um m\u00eas dedicado a consci\u00eancia negra, que nada mais \u00e9 que a luta contra o racismo e a inser\u00e7\u00e3o do negro na sociedade brasileira. No dia 20 de novembro, o dia institu\u00eddo a celebra\u00e7\u00e3o nacional da consci\u00eancia negra, foi criado em 2003 como efem\u00e9ride inclu\u00edda no calend\u00e1rio escolar, at\u00e9 ser oficialmente institu\u00eddo em \u00e2mbito nacional mediante a lei n\u00ba 12.519, de 10 de novembro de 2011.<\/p>\n<p>O dia 20 de novembro, foi a data escolhida para celebrar o dia da consci\u00eancia negra, por coincidir com o dia atribu\u00eddo \u00e0 morte de Zumbi dos Palmares, em 1695, um dos maiores l\u00edderes negros do Brasil que lutou pela liberta\u00e7\u00e3o do povo contra o sistema escravista. A atriz e modelo mirim Lis D\u00f3rea vem demostrando empoderamento quando se refere ao tom da sua pele, e ao seu cabelo. \u201cSou linda, meu cabelo \u00e9 lindo, afirma a modelo. \u201d<\/p>\n<p>No m\u00eas de novembro, o m\u00eas importante para o empoderamento e visibilidade da crian\u00e7a negra, a artista segue com sua agenda, se prepara para a estreia no projeto florescer em dezembro, e est\u00e1 participando do festival de Cinema atrav\u00e9s da exibi\u00e7\u00e3o do curta: O C\u00e9u n\u00e3o sabe Meu Nome, exibido em Bras\u00edlia, Nova York e \u00c1frica, al\u00e9m disso a pequena not\u00e1vel Lis D\u00f3rea, tem um futuro cheio de sonhos.<\/p>\n<p>SOBRE LIS D\u00d3REA<\/p>\n<p>Com apenas 8 anos, a modelo mirim iniciou a carreira em 2019 e j\u00e1 participou de campanhas publicit\u00e1rias no Hospital Santo Amaro, grupo @ism, marcas @bebayulo e Goob.\u00a0 A artista mirim, al\u00e9m de ser co-protagonista do filme &#8220;O C\u00e9u N\u00e3o Sabe Meu Nome&#8221;, atuou na Webs\u00e9rie &#8220;A Dona da Pens\u00e3o&#8221;.<\/p>\n","protected":false},"excerpt":{"rendered":"<p>O m\u00eas de novembro \u00e9 um m\u00eas dedicado a consci\u00eancia negra, que nada mais \u00e9 que a luta contra o racismo e a inser\u00e7\u00e3o do negro na sociedade brasileira. No dia 20 de novembro, o dia institu\u00eddo a celebra\u00e7\u00e3o nacional da consci\u00eancia negra, foi criado em 2003 como efem\u00e9ride inclu\u00edda no calend\u00e1rio escolar, at\u00e9 ser [&hellip;]<\/p>\n","protected":false},"author":8,"featured_media":856959,"comment_status":"closed","ping_status":"closed","sticky":false,"template":"","format":"standard","meta":[],"categories":[689],"tags":[],"acf":[],"yoast_head":"<!-- This site is optimized with the Yoast SEO plugin v20.8 - https:\/\/yoast.com\/wordpress\/plugins\/seo\/ -->\n<title>NO NOVEMBRO NEGRO, A ATRIZ E MODELO MIRIM LIS D\u00d3REA FALA DO AMOR PELO SEU CABELO E FORTALECE A IMPORT\u00c2NCIA DA VISIBILIDADE E EMPODERAMENTO DA CRIAN\u00c7A NEGRA - Bahia Economica<\/title>\n<meta name=\"description\" content=\"O maior portal de Economia da Bahia CULTURA E ARTE Bahia Economica o m\u00eas importante para o empoderamento e visibilidade da crian\u00e7a negra\" \/>\n<meta name=\"robots\" content=\"index, follow, max-snippet:-1, max-image-preview:large, max-video-preview:-1\" \/>\n<link rel=\"canonical\" href=\"https:\/\/bahiaeconomica.com.br\/wp\/2024\/11\/04\/no-novembro-negro-a-atriz-e-modelo-mirim-lis-dorea-fala-do-amor-pelo-seu-cabelo-e-fortalece-a-importancia-da-visibilidade-e-empoderamento-da-crianca-negra-2\/\" \/>\n<meta property=\"og:locale\" content=\"pt_BR\" \/>\n<meta property=\"og:type\" content=\"article\" \/>\n<meta property=\"og:title\" content=\"NO NOVEMBRO NEGRO, A ATRIZ E MODELO MIRIM LIS D\u00d3REA FALA DO AMOR PELO SEU CABELO E FORTALECE A IMPORT\u00c2NCIA DA VISIBILIDADE E EMPODERAMENTO DA CRIAN\u00c7A NEGRA - Bahia Economica\" \/>\n<meta property=\"og:description\" content=\"O maior portal de Economia da Bahia CULTURA E ARTE Bahia Economica o m\u00eas importante para o empoderamento e visibilidade da crian\u00e7a negra\" \/>\n<meta property=\"og:url\" content=\"https:\/\/bahiaeconomica.com.br\/wp\/2024\/11\/04\/no-novembro-negro-a-atriz-e-modelo-mirim-lis-dorea-fala-do-amor-pelo-seu-cabelo-e-fortalece-a-importancia-da-visibilidade-e-empoderamento-da-crianca-negra-2\/\" \/>\n<meta property=\"og:site_name\" content=\"Bahia Economica\" \/>\n<meta property=\"article:publisher\" content=\"https:\/\/www.facebook.com\/bahiaeconomica\" \/>\n<meta property=\"article:published_time\" content=\"2024-11-04T08:00:08+00:00\" \/>\n<meta property=\"article:modified_time\" content=\"2024-11-04T15:41:11+00:00\" \/>\n<meta property=\"og:image\" content=\"https:\/\/bahiaeconomica.com.br\/wp\/wp-content\/uploads\/2024\/11\/WhatsApp-Image-2024-11-04-at-07.39.35.jpeg\" \/>\n\t<meta property=\"og:image:width\" content=\"720\" \/>\n\t<meta property=\"og:image:height\" content=\"825\" \/>\n\t<meta property=\"og:image:type\" content=\"image\/jpeg\" \/>\n<meta name=\"author\" content=\"JP\" \/>\n<meta name=\"twitter:card\" content=\"summary_large_image\" \/>\n<meta name=\"twitter:label1\" content=\"Escrito por\" \/>\n\t<meta name=\"twitter:data1\" content=\"JP\" \/>\n\t<meta name=\"twitter:label2\" content=\"Est. tempo de leitura\" \/>\n\t<meta name=\"twitter:data2\" content=\"2 minutos\" \/>\n<script type=\"application\/ld+json\" class=\"yoast-schema-graph\">{\"@context\":\"https:\/\/schema.org\",\"@graph\":[{\"@type\":\"Article\",\"@id\":\"https:\/\/bahiaeconomica.com.br\/wp\/2024\/11\/04\/no-novembro-negro-a-atriz-e-modelo-mirim-lis-dorea-fala-do-amor-pelo-seu-cabelo-e-fortalece-a-importancia-da-visibilidade-e-empoderamento-da-crianca-negra-2\/#article\",\"isPartOf\":{\"@id\":\"https:\/\/bahiaeconomica.com.br\/wp\/2024\/11\/04\/no-novembro-negro-a-atriz-e-modelo-mirim-lis-dorea-fala-do-amor-pelo-seu-cabelo-e-fortalece-a-importancia-da-visibilidade-e-empoderamento-da-crianca-negra-2\/\"},\"author\":{\"name\":\"JP\",\"@id\":\"https:\/\/bahiaeconomica.com.br\/wp\/#\/schema\/person\/c86d3a3f8960425a0f9d0e5245991f4e\"},\"headline\":\"NO NOVEMBRO NEGRO, A ATRIZ E MODELO MIRIM LIS D\u00d3REA FALA DO AMOR PELO SEU CABELO E FORTALECE A IMPORT\u00c2NCIA DA VISIBILIDADE E EMPODERAMENTO DA CRIAN\u00c7A NEGRA\",\"datePublished\":\"2024-11-04T08:00:08+00:00\",\"dateModified\":\"2024-11-04T15:41:11+00:00\",\"mainEntityOfPage\":{\"@id\":\"https:\/\/bahiaeconomica.com.br\/wp\/2024\/11\/04\/no-novembro-negro-a-atriz-e-modelo-mirim-lis-dorea-fala-do-amor-pelo-seu-cabelo-e-fortalece-a-importancia-da-visibilidade-e-empoderamento-da-crianca-negra-2\/\"},\"wordCount\":322,\"publisher\":{\"@id\":\"https:\/\/bahiaeconomica.com.br\/wp\/#organization\"},\"articleSection\":[\"CULTURA E ARTE\"],\"inLanguage\":\"pt-BR\"},{\"@type\":\"WebPage\",\"@id\":\"https:\/\/bahiaeconomica.com.br\/wp\/2024\/11\/04\/no-novembro-negro-a-atriz-e-modelo-mirim-lis-dorea-fala-do-amor-pelo-seu-cabelo-e-fortalece-a-importancia-da-visibilidade-e-empoderamento-da-crianca-negra-2\/\",\"url\":\"https:\/\/bahiaeconomica.com.br\/wp\/2024\/11\/04\/no-novembro-negro-a-atriz-e-modelo-mirim-lis-dorea-fala-do-amor-pelo-seu-cabelo-e-fortalece-a-importancia-da-visibilidade-e-empoderamento-da-crianca-negra-2\/\",\"name\":\"NO NOVEMBRO NEGRO, A ATRIZ E MODELO MIRIM LIS D\u00d3REA FALA DO AMOR PELO SEU CABELO E FORTALECE A IMPORT\u00c2NCIA DA VISIBILIDADE E EMPODERAMENTO DA CRIAN\u00c7A NEGRA - Bahia Economica\",\"isPartOf\":{\"@id\":\"https:\/\/bahiaeconomica.com.br\/wp\/#website\"},\"datePublished\":\"2024-11-04T08:00:08+00:00\",\"dateModified\":\"2024-11-04T15:41:11+00:00\",\"description\":\"O maior portal de Economia da Bahia CULTURA E ARTE Bahia Economica o m\u00eas importante para o empoderamento e visibilidade da crian\u00e7a negra\",\"breadcrumb\":{\"@id\":\"https:\/\/bahiaeconomica.com.br\/wp\/2024\/11\/04\/no-novembro-negro-a-atriz-e-modelo-mirim-lis-dorea-fala-do-amor-pelo-seu-cabelo-e-fortalece-a-importancia-da-visibilidade-e-empoderamento-da-crianca-negra-2\/#breadcrumb\"},\"inLanguage\":\"pt-BR\",\"potentialAction\":[{\"@type\":\"ReadAction\",\"target\":[\"https:\/\/bahiaeconomica.com.br\/wp\/2024\/11\/04\/no-novembro-negro-a-atriz-e-modelo-mirim-lis-dorea-fala-do-amor-pelo-seu-cabelo-e-fortalece-a-importancia-da-visibilidade-e-empoderamento-da-crianca-negra-2\/\"]}]},{\"@type\":\"BreadcrumbList\",\"@id\":\"https:\/\/bahiaeconomica.com.br\/wp\/2024\/11\/04\/no-novembro-negro-a-atriz-e-modelo-mirim-lis-dorea-fala-do-amor-pelo-seu-cabelo-e-fortalece-a-importancia-da-visibilidade-e-empoderamento-da-crianca-negra-2\/#breadcrumb\",\"itemListElement\":[{\"@type\":\"ListItem\",\"position\":1,\"name\":\"In\u00edcio\",\"item\":\"https:\/\/bahiaeconomica.com.br\/wp\/\"},{\"@type\":\"ListItem\",\"position\":2,\"name\":\"NO NOVEMBRO NEGRO, A ATRIZ E MODELO MIRIM LIS D\u00d3REA FALA DO AMOR PELO SEU CABELO E FORTALECE A IMPORT\u00c2NCIA DA VISIBILIDADE E EMPODERAMENTO DA CRIAN\u00c7A NEGRA\"}]},{\"@type\":\"WebSite\",\"@id\":\"https:\/\/bahiaeconomica.com.br\/wp\/#website\",\"url\":\"https:\/\/bahiaeconomica.com.br\/wp\/\",\"name\":\"Bahia Economica\",\"description\":\"O maior portal de Economia da Bahia\",\"publisher\":{\"@id\":\"https:\/\/bahiaeconomica.com.br\/wp\/#organization\"},\"potentialAction\":[{\"@type\":\"SearchAction\",\"target\":{\"@type\":\"EntryPoint\",\"urlTemplate\":\"https:\/\/bahiaeconomica.com.br\/wp\/?s={search_term_string}\"},\"query-input\":\"required name=search_term_string\"}],\"inLanguage\":\"pt-BR\"},{\"@type\":\"Organization\",\"@id\":\"https:\/\/bahiaeconomica.com.br\/wp\/#organization\",\"name\":\"Bahia Econ\u00f4mica\",\"url\":\"https:\/\/bahiaeconomica.com.br\/wp\/\",\"logo\":{\"@type\":\"ImageObject\",\"inLanguage\":\"pt-BR\",\"@id\":\"https:\/\/bahiaeconomica.com.br\/wp\/#\/schema\/logo\/image\/\",\"url\":\"https:\/\/bahiaeconomica.com.br\/wp\/wp-content\/uploads\/2020\/12\/cropped-BE.png\",\"contentUrl\":\"https:\/\/bahiaeconomica.com.br\/wp\/wp-content\/uploads\/2020\/12\/cropped-BE.png\",\"width\":512,\"height\":512,\"caption\":\"Bahia Econ\u00f4mica\"},\"image\":{\"@id\":\"https:\/\/bahiaeconomica.com.br\/wp\/#\/schema\/logo\/image\/\"},\"sameAs\":[\"https:\/\/www.facebook.com\/bahiaeconomica\"]},{\"@type\":\"Person\",\"@id\":\"https:\/\/bahiaeconomica.com.br\/wp\/#\/schema\/person\/c86d3a3f8960425a0f9d0e5245991f4e\",\"name\":\"JP\",\"sameAs\":[\"https:\/\/bahiaeconomica.com.br\/wp\/beta\/\"],\"url\":\"https:\/\/bahiaeconomica.com.br\/wp\/author\/jp\/\"}]}<\/script>\n<!-- \/ Yoast SEO plugin. -->","yoast_head_json":{"title":"NO NOVEMBRO NEGRO, A ATRIZ E MODELO MIRIM LIS D\u00d3REA FALA DO AMOR PELO SEU CABELO E FORTALECE A IMPORT\u00c2NCIA DA VISIBILIDADE E EMPODERAMENTO DA CRIAN\u00c7A NEGRA - Bahia Economica","description":"O maior portal de Economia da Bahia CULTURA E ARTE Bahia Economica o m\u00eas importante para o empoderamento e visibilidade da crian\u00e7a negra","robots":{"index":"index","follow":"follow","max-snippet":"max-snippet:-1","max-image-preview":"max-image-preview:large","max-video-preview":"max-video-preview:-1"},"canonical":"https:\/\/bahiaeconomica.com.br\/wp\/2024\/11\/04\/no-novembro-negro-a-atriz-e-modelo-mirim-lis-dorea-fala-do-amor-pelo-seu-cabelo-e-fortalece-a-importancia-da-visibilidade-e-empoderamento-da-crianca-negra-2\/","og_locale":"pt_BR","og_type":"article","og_title":"NO NOVEMBRO NEGRO, A ATRIZ E MODELO MIRIM LIS D\u00d3REA FALA DO AMOR PELO SEU CABELO E FORTALECE A IMPORT\u00c2NCIA DA VISIBILIDADE E EMPODERAMENTO DA CRIAN\u00c7A NEGRA - Bahia Economica","og_description":"O maior portal de Economia da Bahia CULTURA E ARTE Bahia Economica o m\u00eas importante para o empoderamento e visibilidade da crian\u00e7a negra","og_url":"https:\/\/bahiaeconomica.com.br\/wp\/2024\/11\/04\/no-novembro-negro-a-atriz-e-modelo-mirim-lis-dorea-fala-do-amor-pelo-seu-cabelo-e-fortalece-a-importancia-da-visibilidade-e-empoderamento-da-crianca-negra-2\/","og_site_name":"Bahia Economica","article_publisher":"https:\/\/www.facebook.com\/bahiaeconomica","article_published_time":"2024-11-04T08:00:08+00:00","article_modified_time":"2024-11-04T15:41:11+00:00","og_image":[{"width":720,"height":825,"url":"https:\/\/bahiaeconomica.com.br\/wp\/wp-content\/uploads\/2024\/11\/WhatsApp-Image-2024-11-04-at-07.39.35.jpeg","type":"image\/jpeg"}],"author":"JP","twitter_card":"summary_large_image","twitter_misc":{"Escrito por":"JP","Est. tempo de leitura":"2 minutos"},"schema":{"@context":"https:\/\/schema.org","@graph":[{"@type":"Article","@id":"https:\/\/bahiaeconomica.com.br\/wp\/2024\/11\/04\/no-novembro-negro-a-atriz-e-modelo-mirim-lis-dorea-fala-do-amor-pelo-seu-cabelo-e-fortalece-a-importancia-da-visibilidade-e-empoderamento-da-crianca-negra-2\/#article","isPartOf":{"@id":"https:\/\/bahiaeconomica.com.br\/wp\/2024\/11\/04\/no-novembro-negro-a-atriz-e-modelo-mirim-lis-dorea-fala-do-amor-pelo-seu-cabelo-e-fortalece-a-importancia-da-visibilidade-e-empoderamento-da-crianca-negra-2\/"},"author":{"name":"JP","@id":"https:\/\/bahiaeconomica.com.br\/wp\/#\/schema\/person\/c86d3a3f8960425a0f9d0e5245991f4e"},"headline":"NO NOVEMBRO NEGRO, A ATRIZ E MODELO MIRIM LIS D\u00d3REA FALA DO AMOR PELO SEU CABELO E FORTALECE A IMPORT\u00c2NCIA DA VISIBILIDADE E EMPODERAMENTO DA CRIAN\u00c7A NEGRA","datePublished":"2024-11-04T08:00:08+00:00","dateModified":"2024-11-04T15:41:11+00:00","mainEntityOfPage":{"@id":"https:\/\/bahiaeconomica.com.br\/wp\/2024\/11\/04\/no-novembro-negro-a-atriz-e-modelo-mirim-lis-dorea-fala-do-amor-pelo-seu-cabelo-e-fortalece-a-importancia-da-visibilidade-e-empoderamento-da-crianca-negra-2\/"},"wordCount":322,"publisher":{"@id":"https:\/\/bahiaeconomica.com.br\/wp\/#organization"},"articleSection":["CULTURA E ARTE"],"inLanguage":"pt-BR"},{"@type":"WebPage","@id":"https:\/\/bahiaeconomica.com.br\/wp\/2024\/11\/04\/no-novembro-negro-a-atriz-e-modelo-mirim-lis-dorea-fala-do-amor-pelo-seu-cabelo-e-fortalece-a-importancia-da-visibilidade-e-empoderamento-da-crianca-negra-2\/","url":"https:\/\/bahiaeconomica.com.br\/wp\/2024\/11\/04\/no-novembro-negro-a-atriz-e-modelo-mirim-lis-dorea-fala-do-amor-pelo-seu-cabelo-e-fortalece-a-importancia-da-visibilidade-e-empoderamento-da-crianca-negra-2\/","name":"NO NOVEMBRO NEGRO, A ATRIZ E MODELO MIRIM LIS D\u00d3REA FALA DO AMOR PELO SEU CABELO E FORTALECE A IMPORT\u00c2NCIA DA VISIBILIDADE E EMPODERAMENTO DA CRIAN\u00c7A NEGRA - Bahia Economica","isPartOf":{"@id":"https:\/\/bahiaeconomica.com.br\/wp\/#website"},"datePublished":"2024-11-04T08:00:08+00:00","dateModified":"2024-11-04T15:41:11+00:00","description":"O maior portal de Economia da Bahia CULTURA E ARTE Bahia Economica o m\u00eas importante para o empoderamento e visibilidade da crian\u00e7a negra","breadcrumb":{"@id":"https:\/\/bahiaeconomica.com.br\/wp\/2024\/11\/04\/no-novembro-negro-a-atriz-e-modelo-mirim-lis-dorea-fala-do-amor-pelo-seu-cabelo-e-fortalece-a-importancia-da-visibilidade-e-empoderamento-da-crianca-negra-2\/#breadcrumb"},"inLanguage":"pt-BR","potentialAction":[{"@type":"ReadAction","target":["https:\/\/bahiaeconomica.com.br\/wp\/2024\/11\/04\/no-novembro-negro-a-atriz-e-modelo-mirim-lis-dorea-fala-do-amor-pelo-seu-cabelo-e-fortalece-a-importancia-da-visibilidade-e-empoderamento-da-crianca-negra-2\/"]}]},{"@type":"BreadcrumbList","@id":"https:\/\/bahiaeconomica.com.br\/wp\/2024\/11\/04\/no-novembro-negro-a-atriz-e-modelo-mirim-lis-dorea-fala-do-amor-pelo-seu-cabelo-e-fortalece-a-importancia-da-visibilidade-e-empoderamento-da-crianca-negra-2\/#breadcrumb","itemListElement":[{"@type":"ListItem","position":1,"name":"In\u00edcio","item":"https:\/\/bahiaeconomica.com.br\/wp\/"},{"@type":"ListItem","position":2,"name":"NO NOVEMBRO NEGRO, A ATRIZ E MODELO MIRIM LIS D\u00d3REA FALA DO AMOR PELO SEU CABELO E FORTALECE A IMPORT\u00c2NCIA DA VISIBILIDADE E EMPODERAMENTO DA CRIAN\u00c7A NEGRA"}]},{"@type":"WebSite","@id":"https:\/\/bahiaeconomica.com.br\/wp\/#website","url":"https:\/\/bahiaeconomica.com.br\/wp\/","name":"Bahia Economica","description":"O maior portal de Economia da Bahia","publisher":{"@id":"https:\/\/bahiaeconomica.com.br\/wp\/#organization"},"potentialAction":[{"@type":"SearchAction","target":{"@type":"EntryPoint","urlTemplate":"https:\/\/bahiaeconomica.com.br\/wp\/?s={search_term_string}"},"query-input":"required name=search_term_string"}],"inLanguage":"pt-BR"},{"@type":"Organization","@id":"https:\/\/bahiaeconomica.com.br\/wp\/#organization","name":"Bahia Econ\u00f4mica","url":"https:\/\/bahiaeconomica.com.br\/wp\/","logo":{"@type":"ImageObject","inLanguage":"pt-BR","@id":"https:\/\/bahiaeconomica.com.br\/wp\/#\/schema\/logo\/image\/","url":"https:\/\/bahiaeconomica.com.br\/wp\/wp-content\/uploads\/2020\/12\/cropped-BE.png","contentUrl":"https:\/\/bahiaeconomica.com.br\/wp\/wp-content\/uploads\/2020\/12\/cropped-BE.png","width":512,"height":512,"caption":"Bahia Econ\u00f4mica"},"image":{"@id":"https:\/\/bahiaeconomica.com.br\/wp\/#\/schema\/logo\/image\/"},"sameAs":["https:\/\/www.facebook.com\/bahiaeconomica"]},{"@type":"Person","@id":"https:\/\/bahiaeconomica.com.br\/wp\/#\/schema\/person\/c86d3a3f8960425a0f9d0e5245991f4e","name":"JP","sameAs":["https:\/\/bahiaeconomica.com.br\/wp\/beta\/"],"url":"https:\/\/bahiaeconomica.com.br\/wp\/author\/jp\/"}]}},"views":17,"_links":{"self":[{"href":"https:\/\/bahiaeconomica.com.br\/wp\/wp-json\/wp\/v2\/posts\/856958"}],"collection":[{"href":"https:\/\/bahiaeconomica.com.br\/wp\/wp-json\/wp\/v2\/posts"}],"about":[{"href":"https:\/\/bahiaeconomica.com.br\/wp\/wp-json\/wp\/v2\/types\/post"}],"author":[{"embeddable":true,"href":"https:\/\/bahiaeconomica.com.br\/wp\/wp-json\/wp\/v2\/users\/8"}],"replies":[{"embeddable":true,"href":"https:\/\/bahiaeconomica.com.br\/wp\/wp-json\/wp\/v2\/comments?post=856958"}],"version-history":[{"count":1,"href":"https:\/\/bahiaeconomica.com.br\/wp\/wp-json\/wp\/v2\/posts\/856958\/revisions"}],"predecessor-version":[{"id":856960,"href":"https:\/\/bahiaeconomica.com.br\/wp\/wp-json\/wp\/v2\/posts\/856958\/revisions\/856960"}],"wp:featuredmedia":[{"embeddable":true,"href":"https:\/\/bahiaeconomica.com.br\/wp\/wp-json\/wp\/v2\/media\/856959"}],"wp:attachment":[{"href":"https:\/\/bahiaeconomica.com.br\/wp\/wp-json\/wp\/v2\/media?parent=856958"}],"wp:term":[{"taxonomy":"category","embeddable":true,"href":"https:\/\/bahiaeconomica.com.br\/wp\/wp-json\/wp\/v2\/categories?post=856958"},{"taxonomy":"post_tag","embeddable":true,"href":"https:\/\/bahiaeconomica.com.br\/wp\/wp-json\/wp\/v2\/tags?post=856958"}],"curies":[{"name":"wp","href":"https:\/\/api.w.org\/{rel}","templated":true}]}}