{"id":855807,"date":"2024-10-30T08:00:07","date_gmt":"2024-10-30T11:00:07","guid":{"rendered":"https:\/\/bahiaeconomica.com.br\/wp\/?p=855807"},"modified":"2024-10-30T08:29:03","modified_gmt":"2024-10-30T11:29:03","slug":"atraves-do-empreendedorismo-e-inovacao-senai-prepara-estudantes-para-o-mercado-de-trabalho","status":"publish","type":"post","link":"https:\/\/bahiaeconomica.com.br\/wp\/2024\/10\/30\/atraves-do-empreendedorismo-e-inovacao-senai-prepara-estudantes-para-o-mercado-de-trabalho\/","title":{"rendered":"ATRAV\u00c9S DO EMPREENDEDORISMO E INOVA\u00c7\u00c3O, SENAI PREPARA ESTUDANTES PARA O MERCADO DE TRABALHO"},"content":{"rendered":"<p>Em um mercado de trabalho cada vez mais competitivo, empresas t\u00eam buscado profissionais munidos de habilidades socioemocionais, que permitam desenvolver, al\u00e9m de uma postura de lideran\u00e7a, a capacidade de administrar problemas e trazer solu\u00e7\u00f5es de impacto nos processos da companhia. Com o objetivo de preparar jovens em forma\u00e7\u00e3o para os desafios da vida profissional, o SENAI Bahia tem investido em educa\u00e7\u00e3o empreendedora e estimulado os alunos \u00e0 inova\u00e7\u00e3o por meio de projetos de pesquisas e competi\u00e7\u00f5es.<\/p>\n<p>De acordo com a coordenadora da \u00e1rea de Biotecnologia do SENAI, Roseane Oliveira, os alunos da institui\u00e7\u00e3o s\u00e3o estimulados a inovar e empreender desde os primeiros m\u00f3dulos dos cursos. \u201c\u00c9 uma forma de apresentarmos as ferramentas que o mercado demanda. Hoje, as empresas buscam profissionais vers\u00e1teis e proativos\u201d, explica. &#8220;A possibilidade de desenvolver uma ideia ao longo do curso, que ser\u00e1 trabalhada e apresentada como trabalho de conclus\u00e3o, al\u00e9m do est\u00edmulo \u00e0 pesquisa e participa\u00e7\u00e3o de editais e competi\u00e7\u00f5es, agrega n\u00e3o s\u00f3 ao curr\u00edculo como ajuda a formar um profissional mais completo e conectado&#8221;<\/p>\n<p>A estudante do curso t\u00e9cnico em Biotecnologia, Sabrina Rocha, tamb\u00e9m teve seu primeiro contato com o empreendedorismo atrav\u00e9s do SENAI, por meio de disciplinas focadas em inova\u00e7\u00e3o e gest\u00e3o. Elas a ajudaram a desenvolver um olhar mais apurado para o potencial de transformar ideias em neg\u00f3cios reais. \u201cEssas mat\u00e9rias me mostraram que projetos cient\u00edficos e tecnol\u00f3gicos n\u00e3o s\u00f3 podem gerar impacto, como tamb\u00e9m t\u00eam viabilidade de se tornarem produtos ou servi\u00e7os no mercado\u201d, comenta. &#8220;No SENAI, somos preparados desde a fase inicial de idea\u00e7\u00e3o at\u00e9 os est\u00e1gios mais avan\u00e7ados, como o financiamento e a implementa\u00e7\u00e3o da ideia. Em sala de aula, temos contato com diversas ferramentas essenciais para o empreendedorismo, como ferramentas da qualidade, de gest\u00e3o e para a descri\u00e7\u00e3o e estrutura\u00e7\u00e3o de ideias&#8221;. ( Correio)<\/p>\n<p>Cr\u00e9dito: Divulga\u00e7\u00e3o<\/p>\n","protected":false},"excerpt":{"rendered":"<p>Em um mercado de trabalho cada vez mais competitivo, empresas t\u00eam buscado profissionais munidos de habilidades socioemocionais, que permitam desenvolver, al\u00e9m de uma postura de lideran\u00e7a, a capacidade de administrar problemas e trazer solu\u00e7\u00f5es de impacto nos processos da companhia. Com o objetivo de preparar jovens em forma\u00e7\u00e3o para os desafios da vida profissional, o [&hellip;]<\/p>\n","protected":false},"author":8,"featured_media":855809,"comment_status":"closed","ping_status":"closed","sticky":false,"template":"","format":"standard","meta":[],"categories":[3],"tags":[52,1176,100,906],"acf":[],"yoast_head":"<!-- This site is optimized with the Yoast SEO plugin v20.8 - https:\/\/yoast.com\/wordpress\/plugins\/seo\/ -->\n<title>ATRAV\u00c9S DO EMPREENDEDORISMO E INOVA\u00c7\u00c3O, SENAI PREPARA ESTUDANTES PARA O MERCADO DE TRABALHO - Bahia Economica<\/title>\n<meta name=\"description\" content=\"O maior portal de Economia da Bahia ECONOMIA \/ POL\u00cdTICA Bahia Economica A estudante do curso t\u00e9cnico em Biotecnologia, Sabrina Rocha,\" \/>\n<meta name=\"robots\" content=\"index, follow, max-snippet:-1, max-image-preview:large, max-video-preview:-1\" \/>\n<link rel=\"canonical\" href=\"https:\/\/bahiaeconomica.com.br\/wp\/2024\/10\/30\/atraves-do-empreendedorismo-e-inovacao-senai-prepara-estudantes-para-o-mercado-de-trabalho\/\" \/>\n<meta property=\"og:locale\" content=\"pt_BR\" \/>\n<meta property=\"og:type\" content=\"article\" \/>\n<meta property=\"og:title\" content=\"ATRAV\u00c9S DO EMPREENDEDORISMO E INOVA\u00c7\u00c3O, SENAI PREPARA ESTUDANTES PARA O MERCADO DE TRABALHO - Bahia Economica\" \/>\n<meta property=\"og:description\" content=\"O maior portal de Economia da Bahia ECONOMIA \/ POL\u00cdTICA Bahia Economica A estudante do curso t\u00e9cnico em Biotecnologia, Sabrina Rocha,\" \/>\n<meta property=\"og:url\" content=\"https:\/\/bahiaeconomica.com.br\/wp\/2024\/10\/30\/atraves-do-empreendedorismo-e-inovacao-senai-prepara-estudantes-para-o-mercado-de-trabalho\/\" \/>\n<meta property=\"og:site_name\" content=\"Bahia Economica\" \/>\n<meta property=\"article:publisher\" content=\"https:\/\/www.facebook.com\/bahiaeconomica\" \/>\n<meta property=\"article:published_time\" content=\"2024-10-30T11:00:07+00:00\" \/>\n<meta property=\"article:modified_time\" content=\"2024-10-30T11:29:03+00:00\" \/>\n<meta property=\"og:image\" content=\"https:\/\/bahiaeconomica.com.br\/wp\/wp-content\/uploads\/2024\/10\/sabrina-rocha-bruno-cunha-e-a-coordenadora-senai-roseane-oliveira-2477690-article.webp\" \/>\n\t<meta property=\"og:image:width\" content=\"600\" \/>\n\t<meta property=\"og:image:height\" content=\"400\" \/>\n\t<meta property=\"og:image:type\" content=\"image\/webp\" \/>\n<meta name=\"author\" content=\"JP\" \/>\n<meta name=\"twitter:card\" content=\"summary_large_image\" \/>\n<meta name=\"twitter:label1\" content=\"Escrito por\" \/>\n\t<meta name=\"twitter:data1\" content=\"JP\" \/>\n\t<meta name=\"twitter:label2\" content=\"Est. tempo de leitura\" \/>\n\t<meta name=\"twitter:data2\" content=\"2 minutos\" \/>\n<script type=\"application\/ld+json\" class=\"yoast-schema-graph\">{\"@context\":\"https:\/\/schema.org\",\"@graph\":[{\"@type\":\"Article\",\"@id\":\"https:\/\/bahiaeconomica.com.br\/wp\/2024\/10\/30\/atraves-do-empreendedorismo-e-inovacao-senai-prepara-estudantes-para-o-mercado-de-trabalho\/#article\",\"isPartOf\":{\"@id\":\"https:\/\/bahiaeconomica.com.br\/wp\/2024\/10\/30\/atraves-do-empreendedorismo-e-inovacao-senai-prepara-estudantes-para-o-mercado-de-trabalho\/\"},\"author\":{\"name\":\"JP\",\"@id\":\"https:\/\/bahiaeconomica.com.br\/wp\/#\/schema\/person\/c86d3a3f8960425a0f9d0e5245991f4e\"},\"headline\":\"ATRAV\u00c9S DO EMPREENDEDORISMO E INOVA\u00c7\u00c3O, SENAI PREPARA ESTUDANTES PARA O MERCADO DE TRABALHO\",\"datePublished\":\"2024-10-30T11:00:07+00:00\",\"dateModified\":\"2024-10-30T11:29:03+00:00\",\"mainEntityOfPage\":{\"@id\":\"https:\/\/bahiaeconomica.com.br\/wp\/2024\/10\/30\/atraves-do-empreendedorismo-e-inovacao-senai-prepara-estudantes-para-o-mercado-de-trabalho\/\"},\"wordCount\":350,\"publisher\":{\"@id\":\"https:\/\/bahiaeconomica.com.br\/wp\/#organization\"},\"keywords\":[\"Brasil\",\"mudan\u00e7a\",\"Pol\u00edtica\",\"Senai\"],\"articleSection\":[\"ECONOMIA \/ POL\u00cdTICA\"],\"inLanguage\":\"pt-BR\"},{\"@type\":\"WebPage\",\"@id\":\"https:\/\/bahiaeconomica.com.br\/wp\/2024\/10\/30\/atraves-do-empreendedorismo-e-inovacao-senai-prepara-estudantes-para-o-mercado-de-trabalho\/\",\"url\":\"https:\/\/bahiaeconomica.com.br\/wp\/2024\/10\/30\/atraves-do-empreendedorismo-e-inovacao-senai-prepara-estudantes-para-o-mercado-de-trabalho\/\",\"name\":\"ATRAV\u00c9S DO EMPREENDEDORISMO E INOVA\u00c7\u00c3O, SENAI PREPARA ESTUDANTES PARA O MERCADO DE TRABALHO - Bahia Economica\",\"isPartOf\":{\"@id\":\"https:\/\/bahiaeconomica.com.br\/wp\/#website\"},\"datePublished\":\"2024-10-30T11:00:07+00:00\",\"dateModified\":\"2024-10-30T11:29:03+00:00\",\"description\":\"O maior portal de Economia da Bahia ECONOMIA \/ POL\u00cdTICA Bahia Economica A estudante do curso t\u00e9cnico em Biotecnologia, Sabrina Rocha,\",\"breadcrumb\":{\"@id\":\"https:\/\/bahiaeconomica.com.br\/wp\/2024\/10\/30\/atraves-do-empreendedorismo-e-inovacao-senai-prepara-estudantes-para-o-mercado-de-trabalho\/#breadcrumb\"},\"inLanguage\":\"pt-BR\",\"potentialAction\":[{\"@type\":\"ReadAction\",\"target\":[\"https:\/\/bahiaeconomica.com.br\/wp\/2024\/10\/30\/atraves-do-empreendedorismo-e-inovacao-senai-prepara-estudantes-para-o-mercado-de-trabalho\/\"]}]},{\"@type\":\"BreadcrumbList\",\"@id\":\"https:\/\/bahiaeconomica.com.br\/wp\/2024\/10\/30\/atraves-do-empreendedorismo-e-inovacao-senai-prepara-estudantes-para-o-mercado-de-trabalho\/#breadcrumb\",\"itemListElement\":[{\"@type\":\"ListItem\",\"position\":1,\"name\":\"In\u00edcio\",\"item\":\"https:\/\/bahiaeconomica.com.br\/wp\/\"},{\"@type\":\"ListItem\",\"position\":2,\"name\":\"ATRAV\u00c9S DO EMPREENDEDORISMO E INOVA\u00c7\u00c3O, SENAI PREPARA ESTUDANTES PARA O MERCADO DE TRABALHO\"}]},{\"@type\":\"WebSite\",\"@id\":\"https:\/\/bahiaeconomica.com.br\/wp\/#website\",\"url\":\"https:\/\/bahiaeconomica.com.br\/wp\/\",\"name\":\"Bahia Economica\",\"description\":\"O maior portal de Economia da Bahia\",\"publisher\":{\"@id\":\"https:\/\/bahiaeconomica.com.br\/wp\/#organization\"},\"potentialAction\":[{\"@type\":\"SearchAction\",\"target\":{\"@type\":\"EntryPoint\",\"urlTemplate\":\"https:\/\/bahiaeconomica.com.br\/wp\/?s={search_term_string}\"},\"query-input\":\"required name=search_term_string\"}],\"inLanguage\":\"pt-BR\"},{\"@type\":\"Organization\",\"@id\":\"https:\/\/bahiaeconomica.com.br\/wp\/#organization\",\"name\":\"Bahia Econ\u00f4mica\",\"url\":\"https:\/\/bahiaeconomica.com.br\/wp\/\",\"logo\":{\"@type\":\"ImageObject\",\"inLanguage\":\"pt-BR\",\"@id\":\"https:\/\/bahiaeconomica.com.br\/wp\/#\/schema\/logo\/image\/\",\"url\":\"https:\/\/bahiaeconomica.com.br\/wp\/wp-content\/uploads\/2020\/12\/cropped-BE.png\",\"contentUrl\":\"https:\/\/bahiaeconomica.com.br\/wp\/wp-content\/uploads\/2020\/12\/cropped-BE.png\",\"width\":512,\"height\":512,\"caption\":\"Bahia Econ\u00f4mica\"},\"image\":{\"@id\":\"https:\/\/bahiaeconomica.com.br\/wp\/#\/schema\/logo\/image\/\"},\"sameAs\":[\"https:\/\/www.facebook.com\/bahiaeconomica\"]},{\"@type\":\"Person\",\"@id\":\"https:\/\/bahiaeconomica.com.br\/wp\/#\/schema\/person\/c86d3a3f8960425a0f9d0e5245991f4e\",\"name\":\"JP\",\"sameAs\":[\"https:\/\/bahiaeconomica.com.br\/wp\/beta\/\"],\"url\":\"https:\/\/bahiaeconomica.com.br\/wp\/author\/jp\/\"}]}<\/script>\n<!-- \/ Yoast SEO plugin. -->","yoast_head_json":{"title":"ATRAV\u00c9S DO EMPREENDEDORISMO E INOVA\u00c7\u00c3O, SENAI PREPARA ESTUDANTES PARA O MERCADO DE TRABALHO - Bahia Economica","description":"O maior portal de Economia da Bahia ECONOMIA \/ POL\u00cdTICA Bahia Economica A estudante do curso t\u00e9cnico em Biotecnologia, Sabrina Rocha,","robots":{"index":"index","follow":"follow","max-snippet":"max-snippet:-1","max-image-preview":"max-image-preview:large","max-video-preview":"max-video-preview:-1"},"canonical":"https:\/\/bahiaeconomica.com.br\/wp\/2024\/10\/30\/atraves-do-empreendedorismo-e-inovacao-senai-prepara-estudantes-para-o-mercado-de-trabalho\/","og_locale":"pt_BR","og_type":"article","og_title":"ATRAV\u00c9S DO EMPREENDEDORISMO E INOVA\u00c7\u00c3O, SENAI PREPARA ESTUDANTES PARA O MERCADO DE TRABALHO - Bahia Economica","og_description":"O maior portal de Economia da Bahia ECONOMIA \/ POL\u00cdTICA Bahia Economica A estudante do curso t\u00e9cnico em Biotecnologia, Sabrina Rocha,","og_url":"https:\/\/bahiaeconomica.com.br\/wp\/2024\/10\/30\/atraves-do-empreendedorismo-e-inovacao-senai-prepara-estudantes-para-o-mercado-de-trabalho\/","og_site_name":"Bahia Economica","article_publisher":"https:\/\/www.facebook.com\/bahiaeconomica","article_published_time":"2024-10-30T11:00:07+00:00","article_modified_time":"2024-10-30T11:29:03+00:00","og_image":[{"width":600,"height":400,"url":"https:\/\/bahiaeconomica.com.br\/wp\/wp-content\/uploads\/2024\/10\/sabrina-rocha-bruno-cunha-e-a-coordenadora-senai-roseane-oliveira-2477690-article.webp","type":"image\/webp"}],"author":"JP","twitter_card":"summary_large_image","twitter_misc":{"Escrito por":"JP","Est. tempo de leitura":"2 minutos"},"schema":{"@context":"https:\/\/schema.org","@graph":[{"@type":"Article","@id":"https:\/\/bahiaeconomica.com.br\/wp\/2024\/10\/30\/atraves-do-empreendedorismo-e-inovacao-senai-prepara-estudantes-para-o-mercado-de-trabalho\/#article","isPartOf":{"@id":"https:\/\/bahiaeconomica.com.br\/wp\/2024\/10\/30\/atraves-do-empreendedorismo-e-inovacao-senai-prepara-estudantes-para-o-mercado-de-trabalho\/"},"author":{"name":"JP","@id":"https:\/\/bahiaeconomica.com.br\/wp\/#\/schema\/person\/c86d3a3f8960425a0f9d0e5245991f4e"},"headline":"ATRAV\u00c9S DO EMPREENDEDORISMO E INOVA\u00c7\u00c3O, SENAI PREPARA ESTUDANTES PARA O MERCADO DE TRABALHO","datePublished":"2024-10-30T11:00:07+00:00","dateModified":"2024-10-30T11:29:03+00:00","mainEntityOfPage":{"@id":"https:\/\/bahiaeconomica.com.br\/wp\/2024\/10\/30\/atraves-do-empreendedorismo-e-inovacao-senai-prepara-estudantes-para-o-mercado-de-trabalho\/"},"wordCount":350,"publisher":{"@id":"https:\/\/bahiaeconomica.com.br\/wp\/#organization"},"keywords":["Brasil","mudan\u00e7a","Pol\u00edtica","Senai"],"articleSection":["ECONOMIA \/ POL\u00cdTICA"],"inLanguage":"pt-BR"},{"@type":"WebPage","@id":"https:\/\/bahiaeconomica.com.br\/wp\/2024\/10\/30\/atraves-do-empreendedorismo-e-inovacao-senai-prepara-estudantes-para-o-mercado-de-trabalho\/","url":"https:\/\/bahiaeconomica.com.br\/wp\/2024\/10\/30\/atraves-do-empreendedorismo-e-inovacao-senai-prepara-estudantes-para-o-mercado-de-trabalho\/","name":"ATRAV\u00c9S DO EMPREENDEDORISMO E INOVA\u00c7\u00c3O, SENAI PREPARA ESTUDANTES PARA O MERCADO DE TRABALHO - Bahia Economica","isPartOf":{"@id":"https:\/\/bahiaeconomica.com.br\/wp\/#website"},"datePublished":"2024-10-30T11:00:07+00:00","dateModified":"2024-10-30T11:29:03+00:00","description":"O maior portal de Economia da Bahia ECONOMIA \/ POL\u00cdTICA Bahia Economica A estudante do curso t\u00e9cnico em Biotecnologia, Sabrina Rocha,","breadcrumb":{"@id":"https:\/\/bahiaeconomica.com.br\/wp\/2024\/10\/30\/atraves-do-empreendedorismo-e-inovacao-senai-prepara-estudantes-para-o-mercado-de-trabalho\/#breadcrumb"},"inLanguage":"pt-BR","potentialAction":[{"@type":"ReadAction","target":["https:\/\/bahiaeconomica.com.br\/wp\/2024\/10\/30\/atraves-do-empreendedorismo-e-inovacao-senai-prepara-estudantes-para-o-mercado-de-trabalho\/"]}]},{"@type":"BreadcrumbList","@id":"https:\/\/bahiaeconomica.com.br\/wp\/2024\/10\/30\/atraves-do-empreendedorismo-e-inovacao-senai-prepara-estudantes-para-o-mercado-de-trabalho\/#breadcrumb","itemListElement":[{"@type":"ListItem","position":1,"name":"In\u00edcio","item":"https:\/\/bahiaeconomica.com.br\/wp\/"},{"@type":"ListItem","position":2,"name":"ATRAV\u00c9S DO EMPREENDEDORISMO E INOVA\u00c7\u00c3O, SENAI PREPARA ESTUDANTES PARA O MERCADO DE TRABALHO"}]},{"@type":"WebSite","@id":"https:\/\/bahiaeconomica.com.br\/wp\/#website","url":"https:\/\/bahiaeconomica.com.br\/wp\/","name":"Bahia Economica","description":"O maior portal de Economia da Bahia","publisher":{"@id":"https:\/\/bahiaeconomica.com.br\/wp\/#organization"},"potentialAction":[{"@type":"SearchAction","target":{"@type":"EntryPoint","urlTemplate":"https:\/\/bahiaeconomica.com.br\/wp\/?s={search_term_string}"},"query-input":"required name=search_term_string"}],"inLanguage":"pt-BR"},{"@type":"Organization","@id":"https:\/\/bahiaeconomica.com.br\/wp\/#organization","name":"Bahia Econ\u00f4mica","url":"https:\/\/bahiaeconomica.com.br\/wp\/","logo":{"@type":"ImageObject","inLanguage":"pt-BR","@id":"https:\/\/bahiaeconomica.com.br\/wp\/#\/schema\/logo\/image\/","url":"https:\/\/bahiaeconomica.com.br\/wp\/wp-content\/uploads\/2020\/12\/cropped-BE.png","contentUrl":"https:\/\/bahiaeconomica.com.br\/wp\/wp-content\/uploads\/2020\/12\/cropped-BE.png","width":512,"height":512,"caption":"Bahia Econ\u00f4mica"},"image":{"@id":"https:\/\/bahiaeconomica.com.br\/wp\/#\/schema\/logo\/image\/"},"sameAs":["https:\/\/www.facebook.com\/bahiaeconomica"]},{"@type":"Person","@id":"https:\/\/bahiaeconomica.com.br\/wp\/#\/schema\/person\/c86d3a3f8960425a0f9d0e5245991f4e","name":"JP","sameAs":["https:\/\/bahiaeconomica.com.br\/wp\/beta\/"],"url":"https:\/\/bahiaeconomica.com.br\/wp\/author\/jp\/"}]}},"views":1,"_links":{"self":[{"href":"https:\/\/bahiaeconomica.com.br\/wp\/wp-json\/wp\/v2\/posts\/855807"}],"collection":[{"href":"https:\/\/bahiaeconomica.com.br\/wp\/wp-json\/wp\/v2\/posts"}],"about":[{"href":"https:\/\/bahiaeconomica.com.br\/wp\/wp-json\/wp\/v2\/types\/post"}],"author":[{"embeddable":true,"href":"https:\/\/bahiaeconomica.com.br\/wp\/wp-json\/wp\/v2\/users\/8"}],"replies":[{"embeddable":true,"href":"https:\/\/bahiaeconomica.com.br\/wp\/wp-json\/wp\/v2\/comments?post=855807"}],"version-history":[{"count":1,"href":"https:\/\/bahiaeconomica.com.br\/wp\/wp-json\/wp\/v2\/posts\/855807\/revisions"}],"predecessor-version":[{"id":855810,"href":"https:\/\/bahiaeconomica.com.br\/wp\/wp-json\/wp\/v2\/posts\/855807\/revisions\/855810"}],"wp:featuredmedia":[{"embeddable":true,"href":"https:\/\/bahiaeconomica.com.br\/wp\/wp-json\/wp\/v2\/media\/855809"}],"wp:attachment":[{"href":"https:\/\/bahiaeconomica.com.br\/wp\/wp-json\/wp\/v2\/media?parent=855807"}],"wp:term":[{"taxonomy":"category","embeddable":true,"href":"https:\/\/bahiaeconomica.com.br\/wp\/wp-json\/wp\/v2\/categories?post=855807"},{"taxonomy":"post_tag","embeddable":true,"href":"https:\/\/bahiaeconomica.com.br\/wp\/wp-json\/wp\/v2\/tags?post=855807"}],"curies":[{"name":"wp","href":"https:\/\/api.w.org\/{rel}","templated":true}]}}