{"id":855223,"date":"2024-10-28T08:20:46","date_gmt":"2024-10-28T11:20:46","guid":{"rendered":"https:\/\/bahiaeconomica.com.br\/wp\/?p=855223"},"modified":"2024-10-28T07:55:43","modified_gmt":"2024-10-28T10:55:43","slug":"concurso-dos-correios-inscricoes-para-mais-de-35-mil-vagas-terminam-nesta-segunda-feira","status":"publish","type":"post","link":"https:\/\/bahiaeconomica.com.br\/wp\/2024\/10\/28\/concurso-dos-correios-inscricoes-para-mais-de-35-mil-vagas-terminam-nesta-segunda-feira\/","title":{"rendered":"CONCURSO DOS CORREIOS: INSCRI\u00c7\u00d5ES PARA MAIS DE 3,5 MIL VAGAS TERMINAM NESTA SEGUNDA-FEIRA"},"content":{"rendered":"<p>O prazo para se inscrever no concurso dos Correios termina nesta segunda-feira (28), \u00e0s 23h (hor\u00e1rio de Bras\u00edlia). Ser\u00e3o preenchidas 3.511 vagas imediatas, com sal\u00e1rios iniciais de at\u00e9 R$ 6,8 mil. As inscri\u00e7\u00f5es devem ser feitas pelo site do Instituto Brasileiro de Forma\u00e7\u00e3o e Capacita\u00e7\u00e3o (IBFC), a banca respons\u00e1vel pelo processo seletivo.\u00a0A taxa de inscri\u00e7\u00e3o \u00e9 de R$ 39,80 para o cargo de n\u00edvel m\u00e9dio (carteiro) e de R$ 42 para as vagas de n\u00edvel superior. \u00c9 necess\u00e1rio fazer o pagamento via PIX ou boleto at\u00e9 ter\u00e7a-feira (29). Em seguida, ser\u00e1 aberto um per\u00edodo para os candidatos realizarem poss\u00edveis corre\u00e7\u00f5es dos dados cadastrais no site, das 10h de quarta (30) at\u00e9 as 17h de sexta-feira (1\u00ba).<\/p>\n<p>No dia 26 de novembro, a banca vai divulgar as inscri\u00e7\u00f5es efetivadas. E quem tiver a participa\u00e7\u00e3o negada poder\u00e1 entrar com recurso das 10h do dia 27 at\u00e9 as 17h do dia 28. O edital de convoca\u00e7\u00e3o para as provas, com o nome dos candidatos, ser\u00e1 publicado no dia 6 de dezembro. Os locais de aplica\u00e7\u00e3o ser\u00e3o divulgados no dia 9, e o exame est\u00e1 previsto para 15 de dezembro. Os Correios n\u00e3o realizavam um concurso p\u00fablico em \u00e2mbito nacional desde 2011, quando 1,1 milh\u00e3o de pessoas se inscreveram para as mais de 9 mil oportunidades. Agora, a sele\u00e7\u00e3o vai preencher 3.511 vagas imediatas, que foram divididas em dois editais:<\/p>\n<ul>\n<li>099 das vagas s\u00e3o para o cargo de carteiro (agente de Correios), com sal\u00e1rio inicial de R$ 2.429,26. Veja o edital. A carreira \u00e9 de n\u00edvel m\u00e9dio, ou seja, exige que o candidato apresente, ap\u00f3s a aprova\u00e7\u00e3o, o certificado de conclus\u00e3o ou diploma do ensino m\u00e9dio (colegial), mas ele n\u00e3o precisa ter feito faculdade.<\/li>\n<li>412 oportunidades s\u00e3o para analista de Correios, de n\u00edvel superior, e t\u00eam sal\u00e1rios iniciais de R$ 6.872,48. Veja o edital. Nesse caso, os cargos s\u00e3o de v\u00e1rias especialidades diferentes e exigem que o candidato tenha forma\u00e7\u00e3o na \u00e1rea em que vai atuar. H\u00e1 vagas para advogado, analista de sistemas, arquiteto, arquivista, assistente social e engenheiro.<\/li>\n<\/ul>\n<p>Tanto para os funcion\u00e1rios da carreira de n\u00edvel m\u00e9dio como para os de n\u00edvel superior, os Correios oferecem um vale-alimenta\u00e7\u00e3o\/refei\u00e7\u00e3o de aproximadamente R$ 1,4 mil, al\u00e9m de benef\u00edcios como vale-transporte, aux\u00edlio-creche e possibilidade de ades\u00e3o ao plano de sa\u00fade. E, do total de vagas a serem preenchidas, 30% s\u00e3o reservadas para negros (pretos e pardos) e ind\u00edgenas, e 10% para pessoas com defici\u00eancia. Para concorrer a essas oportunidades, alguns documentos de comprova\u00e7\u00e3o precisam ser enviados j\u00e1 no momento da inscri\u00e7\u00e3o. As provas, que est\u00e3o previstas para o dia 15 de dezembro, ter\u00e3o 50 quest\u00f5es de m\u00faltipla escolha. Os candidatos aos cargos de n\u00edvel superior ter\u00e3o tamb\u00e9m que escrever uma reda\u00e7\u00e3o.<\/p>\n<p>Foto: Reprodu\u00e7\u00e3o<\/p>\n<p>&nbsp;<\/p>\n","protected":false},"excerpt":{"rendered":"<p>O prazo para se inscrever no concurso dos Correios termina nesta segunda-feira (28), \u00e0s 23h (hor\u00e1rio de Bras\u00edlia). Ser\u00e3o preenchidas 3.511 vagas imediatas, com sal\u00e1rios iniciais de at\u00e9 R$ 6,8 mil. As inscri\u00e7\u00f5es devem ser feitas pelo site do Instituto Brasileiro de Forma\u00e7\u00e3o e Capacita\u00e7\u00e3o (IBFC), a banca respons\u00e1vel pelo processo seletivo.\u00a0A taxa de inscri\u00e7\u00e3o [&hellip;]<\/p>\n","protected":false},"author":8,"featured_media":855224,"comment_status":"closed","ping_status":"closed","sticky":false,"template":"","format":"standard","meta":[],"categories":[8],"tags":[52,175,1112,1012],"acf":[],"yoast_head":"<!-- This site is optimized with the Yoast SEO plugin v20.8 - https:\/\/yoast.com\/wordpress\/plugins\/seo\/ -->\n<title>CONCURSO DOS CORREIOS: INSCRI\u00c7\u00d5ES PARA MAIS DE 3,5 MIL VAGAS TERMINAM NESTA SEGUNDA-FEIRA - Bahia Economica<\/title>\n<meta name=\"description\" content=\"O maior portal de Economia da Bahia EMPREGOS \/ CONCURSOS Bahia Economica prazo para se inscrever no concurso dos Correios termina nesta segunda-feira (28)\" \/>\n<meta name=\"robots\" content=\"index, follow, max-snippet:-1, max-image-preview:large, max-video-preview:-1\" \/>\n<link rel=\"canonical\" href=\"https:\/\/bahiaeconomica.com.br\/wp\/2024\/10\/28\/concurso-dos-correios-inscricoes-para-mais-de-35-mil-vagas-terminam-nesta-segunda-feira\/\" \/>\n<meta property=\"og:locale\" content=\"pt_BR\" \/>\n<meta property=\"og:type\" content=\"article\" \/>\n<meta property=\"og:title\" content=\"CONCURSO DOS CORREIOS: INSCRI\u00c7\u00d5ES PARA MAIS DE 3,5 MIL VAGAS TERMINAM NESTA SEGUNDA-FEIRA - Bahia Economica\" \/>\n<meta property=\"og:description\" content=\"O maior portal de Economia da Bahia EMPREGOS \/ CONCURSOS Bahia Economica prazo para se inscrever no concurso dos Correios termina nesta segunda-feira (28)\" \/>\n<meta property=\"og:url\" content=\"https:\/\/bahiaeconomica.com.br\/wp\/2024\/10\/28\/concurso-dos-correios-inscricoes-para-mais-de-35-mil-vagas-terminam-nesta-segunda-feira\/\" \/>\n<meta property=\"og:site_name\" content=\"Bahia Economica\" \/>\n<meta property=\"article:publisher\" content=\"https:\/\/www.facebook.com\/bahiaeconomica\" \/>\n<meta property=\"article:published_time\" content=\"2024-10-28T11:20:46+00:00\" \/>\n<meta property=\"article:modified_time\" content=\"2024-10-28T10:55:43+00:00\" \/>\n<meta property=\"og:image\" content=\"https:\/\/bahiaeconomica.com.br\/wp\/wp-content\/uploads\/2024\/10\/correios.webp\" \/>\n\t<meta property=\"og:image:width\" content=\"984\" \/>\n\t<meta property=\"og:image:height\" content=\"738\" \/>\n\t<meta property=\"og:image:type\" content=\"image\/webp\" \/>\n<meta name=\"author\" content=\"JP\" \/>\n<meta name=\"twitter:card\" content=\"summary_large_image\" \/>\n<meta name=\"twitter:label1\" content=\"Escrito por\" \/>\n\t<meta name=\"twitter:data1\" content=\"JP\" \/>\n\t<meta name=\"twitter:label2\" content=\"Est. tempo de leitura\" \/>\n\t<meta name=\"twitter:data2\" content=\"3 minutos\" \/>\n<script type=\"application\/ld+json\" class=\"yoast-schema-graph\">{\"@context\":\"https:\/\/schema.org\",\"@graph\":[{\"@type\":\"Article\",\"@id\":\"https:\/\/bahiaeconomica.com.br\/wp\/2024\/10\/28\/concurso-dos-correios-inscricoes-para-mais-de-35-mil-vagas-terminam-nesta-segunda-feira\/#article\",\"isPartOf\":{\"@id\":\"https:\/\/bahiaeconomica.com.br\/wp\/2024\/10\/28\/concurso-dos-correios-inscricoes-para-mais-de-35-mil-vagas-terminam-nesta-segunda-feira\/\"},\"author\":{\"name\":\"JP\",\"@id\":\"https:\/\/bahiaeconomica.com.br\/wp\/#\/schema\/person\/c86d3a3f8960425a0f9d0e5245991f4e\"},\"headline\":\"CONCURSO DOS CORREIOS: INSCRI\u00c7\u00d5ES PARA MAIS DE 3,5 MIL VAGAS TERMINAM NESTA SEGUNDA-FEIRA\",\"datePublished\":\"2024-10-28T11:20:46+00:00\",\"dateModified\":\"2024-10-28T10:55:43+00:00\",\"mainEntityOfPage\":{\"@id\":\"https:\/\/bahiaeconomica.com.br\/wp\/2024\/10\/28\/concurso-dos-correios-inscricoes-para-mais-de-35-mil-vagas-terminam-nesta-segunda-feira\/\"},\"wordCount\":500,\"publisher\":{\"@id\":\"https:\/\/bahiaeconomica.com.br\/wp\/#organization\"},\"keywords\":[\"Brasil\",\"concurso\",\"correios\",\"empregos\"],\"articleSection\":[\"EMPREGOS \/ CONCURSOS\"],\"inLanguage\":\"pt-BR\"},{\"@type\":\"WebPage\",\"@id\":\"https:\/\/bahiaeconomica.com.br\/wp\/2024\/10\/28\/concurso-dos-correios-inscricoes-para-mais-de-35-mil-vagas-terminam-nesta-segunda-feira\/\",\"url\":\"https:\/\/bahiaeconomica.com.br\/wp\/2024\/10\/28\/concurso-dos-correios-inscricoes-para-mais-de-35-mil-vagas-terminam-nesta-segunda-feira\/\",\"name\":\"CONCURSO DOS CORREIOS: INSCRI\u00c7\u00d5ES PARA MAIS DE 3,5 MIL VAGAS TERMINAM NESTA SEGUNDA-FEIRA - Bahia Economica\",\"isPartOf\":{\"@id\":\"https:\/\/bahiaeconomica.com.br\/wp\/#website\"},\"datePublished\":\"2024-10-28T11:20:46+00:00\",\"dateModified\":\"2024-10-28T10:55:43+00:00\",\"description\":\"O maior portal de Economia da Bahia EMPREGOS \/ CONCURSOS Bahia Economica prazo para se inscrever no concurso dos Correios termina nesta segunda-feira (28)\",\"breadcrumb\":{\"@id\":\"https:\/\/bahiaeconomica.com.br\/wp\/2024\/10\/28\/concurso-dos-correios-inscricoes-para-mais-de-35-mil-vagas-terminam-nesta-segunda-feira\/#breadcrumb\"},\"inLanguage\":\"pt-BR\",\"potentialAction\":[{\"@type\":\"ReadAction\",\"target\":[\"https:\/\/bahiaeconomica.com.br\/wp\/2024\/10\/28\/concurso-dos-correios-inscricoes-para-mais-de-35-mil-vagas-terminam-nesta-segunda-feira\/\"]}]},{\"@type\":\"BreadcrumbList\",\"@id\":\"https:\/\/bahiaeconomica.com.br\/wp\/2024\/10\/28\/concurso-dos-correios-inscricoes-para-mais-de-35-mil-vagas-terminam-nesta-segunda-feira\/#breadcrumb\",\"itemListElement\":[{\"@type\":\"ListItem\",\"position\":1,\"name\":\"In\u00edcio\",\"item\":\"https:\/\/bahiaeconomica.com.br\/wp\/\"},{\"@type\":\"ListItem\",\"position\":2,\"name\":\"CONCURSO DOS CORREIOS: INSCRI\u00c7\u00d5ES PARA MAIS DE 3,5 MIL VAGAS TERMINAM NESTA SEGUNDA-FEIRA\"}]},{\"@type\":\"WebSite\",\"@id\":\"https:\/\/bahiaeconomica.com.br\/wp\/#website\",\"url\":\"https:\/\/bahiaeconomica.com.br\/wp\/\",\"name\":\"Bahia Economica\",\"description\":\"O maior portal de Economia da Bahia\",\"publisher\":{\"@id\":\"https:\/\/bahiaeconomica.com.br\/wp\/#organization\"},\"potentialAction\":[{\"@type\":\"SearchAction\",\"target\":{\"@type\":\"EntryPoint\",\"urlTemplate\":\"https:\/\/bahiaeconomica.com.br\/wp\/?s={search_term_string}\"},\"query-input\":\"required name=search_term_string\"}],\"inLanguage\":\"pt-BR\"},{\"@type\":\"Organization\",\"@id\":\"https:\/\/bahiaeconomica.com.br\/wp\/#organization\",\"name\":\"Bahia Econ\u00f4mica\",\"url\":\"https:\/\/bahiaeconomica.com.br\/wp\/\",\"logo\":{\"@type\":\"ImageObject\",\"inLanguage\":\"pt-BR\",\"@id\":\"https:\/\/bahiaeconomica.com.br\/wp\/#\/schema\/logo\/image\/\",\"url\":\"https:\/\/bahiaeconomica.com.br\/wp\/wp-content\/uploads\/2020\/12\/cropped-BE.png\",\"contentUrl\":\"https:\/\/bahiaeconomica.com.br\/wp\/wp-content\/uploads\/2020\/12\/cropped-BE.png\",\"width\":512,\"height\":512,\"caption\":\"Bahia Econ\u00f4mica\"},\"image\":{\"@id\":\"https:\/\/bahiaeconomica.com.br\/wp\/#\/schema\/logo\/image\/\"},\"sameAs\":[\"https:\/\/www.facebook.com\/bahiaeconomica\"]},{\"@type\":\"Person\",\"@id\":\"https:\/\/bahiaeconomica.com.br\/wp\/#\/schema\/person\/c86d3a3f8960425a0f9d0e5245991f4e\",\"name\":\"JP\",\"sameAs\":[\"https:\/\/bahiaeconomica.com.br\/wp\/beta\/\"],\"url\":\"https:\/\/bahiaeconomica.com.br\/wp\/author\/jp\/\"}]}<\/script>\n<!-- \/ Yoast SEO plugin. -->","yoast_head_json":{"title":"CONCURSO DOS CORREIOS: INSCRI\u00c7\u00d5ES PARA MAIS DE 3,5 MIL VAGAS TERMINAM NESTA SEGUNDA-FEIRA - Bahia Economica","description":"O maior portal de Economia da Bahia EMPREGOS \/ CONCURSOS Bahia Economica prazo para se inscrever no concurso dos Correios termina nesta segunda-feira (28)","robots":{"index":"index","follow":"follow","max-snippet":"max-snippet:-1","max-image-preview":"max-image-preview:large","max-video-preview":"max-video-preview:-1"},"canonical":"https:\/\/bahiaeconomica.com.br\/wp\/2024\/10\/28\/concurso-dos-correios-inscricoes-para-mais-de-35-mil-vagas-terminam-nesta-segunda-feira\/","og_locale":"pt_BR","og_type":"article","og_title":"CONCURSO DOS CORREIOS: INSCRI\u00c7\u00d5ES PARA MAIS DE 3,5 MIL VAGAS TERMINAM NESTA SEGUNDA-FEIRA - Bahia Economica","og_description":"O maior portal de Economia da Bahia EMPREGOS \/ CONCURSOS Bahia Economica prazo para se inscrever no concurso dos Correios termina nesta segunda-feira (28)","og_url":"https:\/\/bahiaeconomica.com.br\/wp\/2024\/10\/28\/concurso-dos-correios-inscricoes-para-mais-de-35-mil-vagas-terminam-nesta-segunda-feira\/","og_site_name":"Bahia Economica","article_publisher":"https:\/\/www.facebook.com\/bahiaeconomica","article_published_time":"2024-10-28T11:20:46+00:00","article_modified_time":"2024-10-28T10:55:43+00:00","og_image":[{"width":984,"height":738,"url":"https:\/\/bahiaeconomica.com.br\/wp\/wp-content\/uploads\/2024\/10\/correios.webp","type":"image\/webp"}],"author":"JP","twitter_card":"summary_large_image","twitter_misc":{"Escrito por":"JP","Est. tempo de leitura":"3 minutos"},"schema":{"@context":"https:\/\/schema.org","@graph":[{"@type":"Article","@id":"https:\/\/bahiaeconomica.com.br\/wp\/2024\/10\/28\/concurso-dos-correios-inscricoes-para-mais-de-35-mil-vagas-terminam-nesta-segunda-feira\/#article","isPartOf":{"@id":"https:\/\/bahiaeconomica.com.br\/wp\/2024\/10\/28\/concurso-dos-correios-inscricoes-para-mais-de-35-mil-vagas-terminam-nesta-segunda-feira\/"},"author":{"name":"JP","@id":"https:\/\/bahiaeconomica.com.br\/wp\/#\/schema\/person\/c86d3a3f8960425a0f9d0e5245991f4e"},"headline":"CONCURSO DOS CORREIOS: INSCRI\u00c7\u00d5ES PARA MAIS DE 3,5 MIL VAGAS TERMINAM NESTA SEGUNDA-FEIRA","datePublished":"2024-10-28T11:20:46+00:00","dateModified":"2024-10-28T10:55:43+00:00","mainEntityOfPage":{"@id":"https:\/\/bahiaeconomica.com.br\/wp\/2024\/10\/28\/concurso-dos-correios-inscricoes-para-mais-de-35-mil-vagas-terminam-nesta-segunda-feira\/"},"wordCount":500,"publisher":{"@id":"https:\/\/bahiaeconomica.com.br\/wp\/#organization"},"keywords":["Brasil","concurso","correios","empregos"],"articleSection":["EMPREGOS \/ CONCURSOS"],"inLanguage":"pt-BR"},{"@type":"WebPage","@id":"https:\/\/bahiaeconomica.com.br\/wp\/2024\/10\/28\/concurso-dos-correios-inscricoes-para-mais-de-35-mil-vagas-terminam-nesta-segunda-feira\/","url":"https:\/\/bahiaeconomica.com.br\/wp\/2024\/10\/28\/concurso-dos-correios-inscricoes-para-mais-de-35-mil-vagas-terminam-nesta-segunda-feira\/","name":"CONCURSO DOS CORREIOS: INSCRI\u00c7\u00d5ES PARA MAIS DE 3,5 MIL VAGAS TERMINAM NESTA SEGUNDA-FEIRA - Bahia Economica","isPartOf":{"@id":"https:\/\/bahiaeconomica.com.br\/wp\/#website"},"datePublished":"2024-10-28T11:20:46+00:00","dateModified":"2024-10-28T10:55:43+00:00","description":"O maior portal de Economia da Bahia EMPREGOS \/ CONCURSOS Bahia Economica prazo para se inscrever no concurso dos Correios termina nesta segunda-feira (28)","breadcrumb":{"@id":"https:\/\/bahiaeconomica.com.br\/wp\/2024\/10\/28\/concurso-dos-correios-inscricoes-para-mais-de-35-mil-vagas-terminam-nesta-segunda-feira\/#breadcrumb"},"inLanguage":"pt-BR","potentialAction":[{"@type":"ReadAction","target":["https:\/\/bahiaeconomica.com.br\/wp\/2024\/10\/28\/concurso-dos-correios-inscricoes-para-mais-de-35-mil-vagas-terminam-nesta-segunda-feira\/"]}]},{"@type":"BreadcrumbList","@id":"https:\/\/bahiaeconomica.com.br\/wp\/2024\/10\/28\/concurso-dos-correios-inscricoes-para-mais-de-35-mil-vagas-terminam-nesta-segunda-feira\/#breadcrumb","itemListElement":[{"@type":"ListItem","position":1,"name":"In\u00edcio","item":"https:\/\/bahiaeconomica.com.br\/wp\/"},{"@type":"ListItem","position":2,"name":"CONCURSO DOS CORREIOS: INSCRI\u00c7\u00d5ES PARA MAIS DE 3,5 MIL VAGAS TERMINAM NESTA SEGUNDA-FEIRA"}]},{"@type":"WebSite","@id":"https:\/\/bahiaeconomica.com.br\/wp\/#website","url":"https:\/\/bahiaeconomica.com.br\/wp\/","name":"Bahia Economica","description":"O maior portal de Economia da Bahia","publisher":{"@id":"https:\/\/bahiaeconomica.com.br\/wp\/#organization"},"potentialAction":[{"@type":"SearchAction","target":{"@type":"EntryPoint","urlTemplate":"https:\/\/bahiaeconomica.com.br\/wp\/?s={search_term_string}"},"query-input":"required name=search_term_string"}],"inLanguage":"pt-BR"},{"@type":"Organization","@id":"https:\/\/bahiaeconomica.com.br\/wp\/#organization","name":"Bahia Econ\u00f4mica","url":"https:\/\/bahiaeconomica.com.br\/wp\/","logo":{"@type":"ImageObject","inLanguage":"pt-BR","@id":"https:\/\/bahiaeconomica.com.br\/wp\/#\/schema\/logo\/image\/","url":"https:\/\/bahiaeconomica.com.br\/wp\/wp-content\/uploads\/2020\/12\/cropped-BE.png","contentUrl":"https:\/\/bahiaeconomica.com.br\/wp\/wp-content\/uploads\/2020\/12\/cropped-BE.png","width":512,"height":512,"caption":"Bahia Econ\u00f4mica"},"image":{"@id":"https:\/\/bahiaeconomica.com.br\/wp\/#\/schema\/logo\/image\/"},"sameAs":["https:\/\/www.facebook.com\/bahiaeconomica"]},{"@type":"Person","@id":"https:\/\/bahiaeconomica.com.br\/wp\/#\/schema\/person\/c86d3a3f8960425a0f9d0e5245991f4e","name":"JP","sameAs":["https:\/\/bahiaeconomica.com.br\/wp\/beta\/"],"url":"https:\/\/bahiaeconomica.com.br\/wp\/author\/jp\/"}]}},"views":4,"_links":{"self":[{"href":"https:\/\/bahiaeconomica.com.br\/wp\/wp-json\/wp\/v2\/posts\/855223"}],"collection":[{"href":"https:\/\/bahiaeconomica.com.br\/wp\/wp-json\/wp\/v2\/posts"}],"about":[{"href":"https:\/\/bahiaeconomica.com.br\/wp\/wp-json\/wp\/v2\/types\/post"}],"author":[{"embeddable":true,"href":"https:\/\/bahiaeconomica.com.br\/wp\/wp-json\/wp\/v2\/users\/8"}],"replies":[{"embeddable":true,"href":"https:\/\/bahiaeconomica.com.br\/wp\/wp-json\/wp\/v2\/comments?post=855223"}],"version-history":[{"count":1,"href":"https:\/\/bahiaeconomica.com.br\/wp\/wp-json\/wp\/v2\/posts\/855223\/revisions"}],"predecessor-version":[{"id":855225,"href":"https:\/\/bahiaeconomica.com.br\/wp\/wp-json\/wp\/v2\/posts\/855223\/revisions\/855225"}],"wp:featuredmedia":[{"embeddable":true,"href":"https:\/\/bahiaeconomica.com.br\/wp\/wp-json\/wp\/v2\/media\/855224"}],"wp:attachment":[{"href":"https:\/\/bahiaeconomica.com.br\/wp\/wp-json\/wp\/v2\/media?parent=855223"}],"wp:term":[{"taxonomy":"category","embeddable":true,"href":"https:\/\/bahiaeconomica.com.br\/wp\/wp-json\/wp\/v2\/categories?post=855223"},{"taxonomy":"post_tag","embeddable":true,"href":"https:\/\/bahiaeconomica.com.br\/wp\/wp-json\/wp\/v2\/tags?post=855223"}],"curies":[{"name":"wp","href":"https:\/\/api.w.org\/{rel}","templated":true}]}}