{"id":854516,"date":"2024-10-24T08:57:46","date_gmt":"2024-10-24T11:57:46","guid":{"rendered":"https:\/\/bahiaeconomica.com.br\/wp\/?p=854516"},"modified":"2024-10-24T08:55:33","modified_gmt":"2024-10-24T11:55:33","slug":"gasolina-da-petrobras-esta-com-preco-abaixo-da-media-internacional-revela-abicom","status":"publish","type":"post","link":"https:\/\/bahiaeconomica.com.br\/wp\/2024\/10\/24\/gasolina-da-petrobras-esta-com-preco-abaixo-da-media-internacional-revela-abicom\/","title":{"rendered":"GASOLINA DA PETROBRAS EST\u00c1 COM PRE\u00c7O ABAIXO DA M\u00c9DIA INTERNACIONAL, REVELA ABICOM"},"content":{"rendered":"<p>A gasolina vendida pela Petrobras no Brasil est\u00e1 sendo comercializada com um pre\u00e7o 5% inferior ao praticado no mercado internacional, segundo a Associa\u00e7\u00e3o Brasileira dos Importadores de Combust\u00edveis (Abicom). Essa diferen\u00e7a pode resultar em futuros reajustes no pre\u00e7o do combust\u00edvel.<\/p>\n<p>Com o valor atual abaixo do praticado no Golfo do M\u00e9xico, estima-se que o pre\u00e7o da gasolina possa ser ajustado em at\u00e9 R$ 0,14 por litro para se alinhar ao mercado externo. O \u00faltimo aumento ocorreu em julho de 2024, quando a estatal elevou o pre\u00e7o em R$ 0,20 por litro.<\/p>\n<p>Em contrapartida, o diesel, que teve uma redu\u00e7\u00e3o de R$ 0,30 no fim de 2023, est\u00e1 congelado desde ent\u00e3o. Atualmente, o valor do diesel vendido pela Petrobras est\u00e1 1% abaixo da m\u00e9dia internacional, o que pode acarretar um aumento de R$ 0,04 por litro.<\/p>\n<p>A Refinaria de Mataripe, operada pela Acelen e respons\u00e1vel por 14% do refino no pa\u00eds, recentemente aumentou o pre\u00e7o do diesel em R$ 0,03, mas manteve o pre\u00e7o da gasolina, que est\u00e1 com uma defasagem de 7%, o que abre margem para um reajuste de at\u00e9 R$ 0,19 por litro.<\/p>\n<p>A Abicom alertou que as importa\u00e7\u00f5es de gasolina est\u00e3o suspensas em v\u00e1rias regi\u00f5es do Brasil h\u00e1 20 dias devido \u00e0 diferen\u00e7a de pre\u00e7os, com a interrup\u00e7\u00e3o do diesel acontecendo um dia atr\u00e1s, mostrando os desafios enfrentados pelos importadores para competir com os pre\u00e7os internos.<\/p>\n<p>Foto: Fabio Rodrigues-Pozzebom\/ Ag\u00eancia Brasil<\/p>\n","protected":false},"excerpt":{"rendered":"<p>A gasolina vendida pela Petrobras no Brasil est\u00e1 sendo comercializada com um pre\u00e7o 5% inferior ao praticado no mercado internacional, segundo a Associa\u00e7\u00e3o Brasileira dos Importadores de Combust\u00edveis (Abicom). Essa diferen\u00e7a pode resultar em futuros reajustes no pre\u00e7o do combust\u00edvel. Com o valor atual abaixo do praticado no Golfo do M\u00e9xico, estima-se que o pre\u00e7o [&hellip;]<\/p>\n","protected":false},"author":20,"featured_media":854517,"comment_status":"closed","ping_status":"closed","sticky":false,"template":"","format":"standard","meta":[],"categories":[14,3],"tags":[998,4628,789,1181],"acf":[],"yoast_head":"<!-- This site is optimized with the Yoast SEO plugin v20.8 - https:\/\/yoast.com\/wordpress\/plugins\/seo\/ -->\n<title>GASOLINA DA PETROBRAS EST\u00c1 COM PRE\u00c7O ABAIXO DA M\u00c9DIA INTERNACIONAL, REVELA ABICOM - Bahia Economica<\/title>\n<meta name=\"description\" content=\"DESTAQUE DO DIA, ECONOMIA \/ POL\u00cdTICA Bahia Economica Diferen\u00e7a pode resultar em futuros reajustes no pre\u00e7o do combust\u00edvel\" \/>\n<meta name=\"robots\" content=\"index, follow, max-snippet:-1, max-image-preview:large, max-video-preview:-1\" \/>\n<link rel=\"canonical\" href=\"https:\/\/bahiaeconomica.com.br\/wp\/2024\/10\/24\/gasolina-da-petrobras-esta-com-preco-abaixo-da-media-internacional-revela-abicom\/\" \/>\n<meta property=\"og:locale\" content=\"pt_BR\" \/>\n<meta property=\"og:type\" content=\"article\" \/>\n<meta property=\"og:title\" content=\"GASOLINA DA PETROBRAS EST\u00c1 COM PRE\u00c7O ABAIXO DA M\u00c9DIA INTERNACIONAL, REVELA ABICOM - Bahia Economica\" \/>\n<meta property=\"og:description\" content=\"DESTAQUE DO DIA, ECONOMIA \/ POL\u00cdTICA Bahia Economica Diferen\u00e7a pode resultar em futuros reajustes no pre\u00e7o do combust\u00edvel\" \/>\n<meta property=\"og:url\" content=\"https:\/\/bahiaeconomica.com.br\/wp\/2024\/10\/24\/gasolina-da-petrobras-esta-com-preco-abaixo-da-media-internacional-revela-abicom\/\" \/>\n<meta property=\"og:site_name\" content=\"Bahia Economica\" \/>\n<meta property=\"article:publisher\" content=\"https:\/\/www.facebook.com\/bahiaeconomica\" \/>\n<meta property=\"article:published_time\" content=\"2024-10-24T11:57:46+00:00\" \/>\n<meta property=\"article:modified_time\" content=\"2024-10-24T11:55:33+00:00\" \/>\n<meta property=\"og:image\" content=\"https:\/\/bahiaeconomica.com.br\/wp\/wp-content\/uploads\/2024\/10\/pzzb5476.webp\" \/>\n\t<meta property=\"og:image:width\" content=\"1170\" \/>\n\t<meta property=\"og:image:height\" content=\"700\" \/>\n\t<meta property=\"og:image:type\" content=\"image\/webp\" \/>\n<meta name=\"author\" content=\"BRUNA CARVALHO\" \/>\n<meta name=\"twitter:card\" content=\"summary_large_image\" \/>\n<meta name=\"twitter:label1\" content=\"Escrito por\" \/>\n\t<meta name=\"twitter:data1\" content=\"BRUNA CARVALHO\" \/>\n\t<meta name=\"twitter:label2\" content=\"Est. tempo de leitura\" \/>\n\t<meta name=\"twitter:data2\" content=\"2 minutos\" \/>\n<script type=\"application\/ld+json\" class=\"yoast-schema-graph\">{\"@context\":\"https:\/\/schema.org\",\"@graph\":[{\"@type\":\"Article\",\"@id\":\"https:\/\/bahiaeconomica.com.br\/wp\/2024\/10\/24\/gasolina-da-petrobras-esta-com-preco-abaixo-da-media-internacional-revela-abicom\/#article\",\"isPartOf\":{\"@id\":\"https:\/\/bahiaeconomica.com.br\/wp\/2024\/10\/24\/gasolina-da-petrobras-esta-com-preco-abaixo-da-media-internacional-revela-abicom\/\"},\"author\":{\"name\":\"BRUNA CARVALHO\",\"@id\":\"https:\/\/bahiaeconomica.com.br\/wp\/#\/schema\/person\/9310b0e591f5979f6f99773eac5804e6\"},\"headline\":\"GASOLINA DA PETROBRAS EST\u00c1 COM PRE\u00c7O ABAIXO DA M\u00c9DIA INTERNACIONAL, REVELA ABICOM\",\"datePublished\":\"2024-10-24T11:57:46+00:00\",\"dateModified\":\"2024-10-24T11:55:33+00:00\",\"mainEntityOfPage\":{\"@id\":\"https:\/\/bahiaeconomica.com.br\/wp\/2024\/10\/24\/gasolina-da-petrobras-esta-com-preco-abaixo-da-media-internacional-revela-abicom\/\"},\"wordCount\":260,\"publisher\":{\"@id\":\"https:\/\/bahiaeconomica.com.br\/wp\/#organization\"},\"keywords\":[\"gasolina\",\"internacional\",\"Petrobras\",\"preco\"],\"articleSection\":[\"DESTAQUE DO DIA\",\"ECONOMIA \/ POL\u00cdTICA\"],\"inLanguage\":\"pt-BR\"},{\"@type\":\"WebPage\",\"@id\":\"https:\/\/bahiaeconomica.com.br\/wp\/2024\/10\/24\/gasolina-da-petrobras-esta-com-preco-abaixo-da-media-internacional-revela-abicom\/\",\"url\":\"https:\/\/bahiaeconomica.com.br\/wp\/2024\/10\/24\/gasolina-da-petrobras-esta-com-preco-abaixo-da-media-internacional-revela-abicom\/\",\"name\":\"GASOLINA DA PETROBRAS EST\u00c1 COM PRE\u00c7O ABAIXO DA M\u00c9DIA INTERNACIONAL, REVELA ABICOM - Bahia Economica\",\"isPartOf\":{\"@id\":\"https:\/\/bahiaeconomica.com.br\/wp\/#website\"},\"datePublished\":\"2024-10-24T11:57:46+00:00\",\"dateModified\":\"2024-10-24T11:55:33+00:00\",\"description\":\"DESTAQUE DO DIA, ECONOMIA \/ POL\u00cdTICA Bahia Economica Diferen\u00e7a pode resultar em futuros reajustes no pre\u00e7o do combust\u00edvel\",\"breadcrumb\":{\"@id\":\"https:\/\/bahiaeconomica.com.br\/wp\/2024\/10\/24\/gasolina-da-petrobras-esta-com-preco-abaixo-da-media-internacional-revela-abicom\/#breadcrumb\"},\"inLanguage\":\"pt-BR\",\"potentialAction\":[{\"@type\":\"ReadAction\",\"target\":[\"https:\/\/bahiaeconomica.com.br\/wp\/2024\/10\/24\/gasolina-da-petrobras-esta-com-preco-abaixo-da-media-internacional-revela-abicom\/\"]}]},{\"@type\":\"BreadcrumbList\",\"@id\":\"https:\/\/bahiaeconomica.com.br\/wp\/2024\/10\/24\/gasolina-da-petrobras-esta-com-preco-abaixo-da-media-internacional-revela-abicom\/#breadcrumb\",\"itemListElement\":[{\"@type\":\"ListItem\",\"position\":1,\"name\":\"In\u00edcio\",\"item\":\"https:\/\/bahiaeconomica.com.br\/wp\/\"},{\"@type\":\"ListItem\",\"position\":2,\"name\":\"GASOLINA DA PETROBRAS EST\u00c1 COM PRE\u00c7O ABAIXO DA M\u00c9DIA INTERNACIONAL, REVELA ABICOM\"}]},{\"@type\":\"WebSite\",\"@id\":\"https:\/\/bahiaeconomica.com.br\/wp\/#website\",\"url\":\"https:\/\/bahiaeconomica.com.br\/wp\/\",\"name\":\"Bahia Economica\",\"description\":\"O maior portal de Economia da Bahia\",\"publisher\":{\"@id\":\"https:\/\/bahiaeconomica.com.br\/wp\/#organization\"},\"potentialAction\":[{\"@type\":\"SearchAction\",\"target\":{\"@type\":\"EntryPoint\",\"urlTemplate\":\"https:\/\/bahiaeconomica.com.br\/wp\/?s={search_term_string}\"},\"query-input\":\"required name=search_term_string\"}],\"inLanguage\":\"pt-BR\"},{\"@type\":\"Organization\",\"@id\":\"https:\/\/bahiaeconomica.com.br\/wp\/#organization\",\"name\":\"Bahia Econ\u00f4mica\",\"url\":\"https:\/\/bahiaeconomica.com.br\/wp\/\",\"logo\":{\"@type\":\"ImageObject\",\"inLanguage\":\"pt-BR\",\"@id\":\"https:\/\/bahiaeconomica.com.br\/wp\/#\/schema\/logo\/image\/\",\"url\":\"https:\/\/bahiaeconomica.com.br\/wp\/wp-content\/uploads\/2020\/12\/cropped-BE.png\",\"contentUrl\":\"https:\/\/bahiaeconomica.com.br\/wp\/wp-content\/uploads\/2020\/12\/cropped-BE.png\",\"width\":512,\"height\":512,\"caption\":\"Bahia Econ\u00f4mica\"},\"image\":{\"@id\":\"https:\/\/bahiaeconomica.com.br\/wp\/#\/schema\/logo\/image\/\"},\"sameAs\":[\"https:\/\/www.facebook.com\/bahiaeconomica\"]},{\"@type\":\"Person\",\"@id\":\"https:\/\/bahiaeconomica.com.br\/wp\/#\/schema\/person\/9310b0e591f5979f6f99773eac5804e6\",\"name\":\"BRUNA CARVALHO\",\"sameAs\":[\"http:\/\/www.bahiaeconomica.com.br\"],\"url\":\"https:\/\/bahiaeconomica.com.br\/wp\/author\/bruna\/\"}]}<\/script>\n<!-- \/ Yoast SEO plugin. -->","yoast_head_json":{"title":"GASOLINA DA PETROBRAS EST\u00c1 COM PRE\u00c7O ABAIXO DA M\u00c9DIA INTERNACIONAL, REVELA ABICOM - Bahia Economica","description":"DESTAQUE DO DIA, ECONOMIA \/ POL\u00cdTICA Bahia Economica Diferen\u00e7a pode resultar em futuros reajustes no pre\u00e7o do combust\u00edvel","robots":{"index":"index","follow":"follow","max-snippet":"max-snippet:-1","max-image-preview":"max-image-preview:large","max-video-preview":"max-video-preview:-1"},"canonical":"https:\/\/bahiaeconomica.com.br\/wp\/2024\/10\/24\/gasolina-da-petrobras-esta-com-preco-abaixo-da-media-internacional-revela-abicom\/","og_locale":"pt_BR","og_type":"article","og_title":"GASOLINA DA PETROBRAS EST\u00c1 COM PRE\u00c7O ABAIXO DA M\u00c9DIA INTERNACIONAL, REVELA ABICOM - Bahia Economica","og_description":"DESTAQUE DO DIA, ECONOMIA \/ POL\u00cdTICA Bahia Economica Diferen\u00e7a pode resultar em futuros reajustes no pre\u00e7o do combust\u00edvel","og_url":"https:\/\/bahiaeconomica.com.br\/wp\/2024\/10\/24\/gasolina-da-petrobras-esta-com-preco-abaixo-da-media-internacional-revela-abicom\/","og_site_name":"Bahia Economica","article_publisher":"https:\/\/www.facebook.com\/bahiaeconomica","article_published_time":"2024-10-24T11:57:46+00:00","article_modified_time":"2024-10-24T11:55:33+00:00","og_image":[{"width":1170,"height":700,"url":"https:\/\/bahiaeconomica.com.br\/wp\/wp-content\/uploads\/2024\/10\/pzzb5476.webp","type":"image\/webp"}],"author":"BRUNA CARVALHO","twitter_card":"summary_large_image","twitter_misc":{"Escrito por":"BRUNA CARVALHO","Est. tempo de leitura":"2 minutos"},"schema":{"@context":"https:\/\/schema.org","@graph":[{"@type":"Article","@id":"https:\/\/bahiaeconomica.com.br\/wp\/2024\/10\/24\/gasolina-da-petrobras-esta-com-preco-abaixo-da-media-internacional-revela-abicom\/#article","isPartOf":{"@id":"https:\/\/bahiaeconomica.com.br\/wp\/2024\/10\/24\/gasolina-da-petrobras-esta-com-preco-abaixo-da-media-internacional-revela-abicom\/"},"author":{"name":"BRUNA CARVALHO","@id":"https:\/\/bahiaeconomica.com.br\/wp\/#\/schema\/person\/9310b0e591f5979f6f99773eac5804e6"},"headline":"GASOLINA DA PETROBRAS EST\u00c1 COM PRE\u00c7O ABAIXO DA M\u00c9DIA INTERNACIONAL, REVELA ABICOM","datePublished":"2024-10-24T11:57:46+00:00","dateModified":"2024-10-24T11:55:33+00:00","mainEntityOfPage":{"@id":"https:\/\/bahiaeconomica.com.br\/wp\/2024\/10\/24\/gasolina-da-petrobras-esta-com-preco-abaixo-da-media-internacional-revela-abicom\/"},"wordCount":260,"publisher":{"@id":"https:\/\/bahiaeconomica.com.br\/wp\/#organization"},"keywords":["gasolina","internacional","Petrobras","preco"],"articleSection":["DESTAQUE DO DIA","ECONOMIA \/ POL\u00cdTICA"],"inLanguage":"pt-BR"},{"@type":"WebPage","@id":"https:\/\/bahiaeconomica.com.br\/wp\/2024\/10\/24\/gasolina-da-petrobras-esta-com-preco-abaixo-da-media-internacional-revela-abicom\/","url":"https:\/\/bahiaeconomica.com.br\/wp\/2024\/10\/24\/gasolina-da-petrobras-esta-com-preco-abaixo-da-media-internacional-revela-abicom\/","name":"GASOLINA DA PETROBRAS EST\u00c1 COM PRE\u00c7O ABAIXO DA M\u00c9DIA INTERNACIONAL, REVELA ABICOM - Bahia Economica","isPartOf":{"@id":"https:\/\/bahiaeconomica.com.br\/wp\/#website"},"datePublished":"2024-10-24T11:57:46+00:00","dateModified":"2024-10-24T11:55:33+00:00","description":"DESTAQUE DO DIA, ECONOMIA \/ POL\u00cdTICA Bahia Economica Diferen\u00e7a pode resultar em futuros reajustes no pre\u00e7o do combust\u00edvel","breadcrumb":{"@id":"https:\/\/bahiaeconomica.com.br\/wp\/2024\/10\/24\/gasolina-da-petrobras-esta-com-preco-abaixo-da-media-internacional-revela-abicom\/#breadcrumb"},"inLanguage":"pt-BR","potentialAction":[{"@type":"ReadAction","target":["https:\/\/bahiaeconomica.com.br\/wp\/2024\/10\/24\/gasolina-da-petrobras-esta-com-preco-abaixo-da-media-internacional-revela-abicom\/"]}]},{"@type":"BreadcrumbList","@id":"https:\/\/bahiaeconomica.com.br\/wp\/2024\/10\/24\/gasolina-da-petrobras-esta-com-preco-abaixo-da-media-internacional-revela-abicom\/#breadcrumb","itemListElement":[{"@type":"ListItem","position":1,"name":"In\u00edcio","item":"https:\/\/bahiaeconomica.com.br\/wp\/"},{"@type":"ListItem","position":2,"name":"GASOLINA DA PETROBRAS EST\u00c1 COM PRE\u00c7O ABAIXO DA M\u00c9DIA INTERNACIONAL, REVELA ABICOM"}]},{"@type":"WebSite","@id":"https:\/\/bahiaeconomica.com.br\/wp\/#website","url":"https:\/\/bahiaeconomica.com.br\/wp\/","name":"Bahia Economica","description":"O maior portal de Economia da Bahia","publisher":{"@id":"https:\/\/bahiaeconomica.com.br\/wp\/#organization"},"potentialAction":[{"@type":"SearchAction","target":{"@type":"EntryPoint","urlTemplate":"https:\/\/bahiaeconomica.com.br\/wp\/?s={search_term_string}"},"query-input":"required name=search_term_string"}],"inLanguage":"pt-BR"},{"@type":"Organization","@id":"https:\/\/bahiaeconomica.com.br\/wp\/#organization","name":"Bahia Econ\u00f4mica","url":"https:\/\/bahiaeconomica.com.br\/wp\/","logo":{"@type":"ImageObject","inLanguage":"pt-BR","@id":"https:\/\/bahiaeconomica.com.br\/wp\/#\/schema\/logo\/image\/","url":"https:\/\/bahiaeconomica.com.br\/wp\/wp-content\/uploads\/2020\/12\/cropped-BE.png","contentUrl":"https:\/\/bahiaeconomica.com.br\/wp\/wp-content\/uploads\/2020\/12\/cropped-BE.png","width":512,"height":512,"caption":"Bahia Econ\u00f4mica"},"image":{"@id":"https:\/\/bahiaeconomica.com.br\/wp\/#\/schema\/logo\/image\/"},"sameAs":["https:\/\/www.facebook.com\/bahiaeconomica"]},{"@type":"Person","@id":"https:\/\/bahiaeconomica.com.br\/wp\/#\/schema\/person\/9310b0e591f5979f6f99773eac5804e6","name":"BRUNA CARVALHO","sameAs":["http:\/\/www.bahiaeconomica.com.br"],"url":"https:\/\/bahiaeconomica.com.br\/wp\/author\/bruna\/"}]}},"views":35,"_links":{"self":[{"href":"https:\/\/bahiaeconomica.com.br\/wp\/wp-json\/wp\/v2\/posts\/854516"}],"collection":[{"href":"https:\/\/bahiaeconomica.com.br\/wp\/wp-json\/wp\/v2\/posts"}],"about":[{"href":"https:\/\/bahiaeconomica.com.br\/wp\/wp-json\/wp\/v2\/types\/post"}],"author":[{"embeddable":true,"href":"https:\/\/bahiaeconomica.com.br\/wp\/wp-json\/wp\/v2\/users\/20"}],"replies":[{"embeddable":true,"href":"https:\/\/bahiaeconomica.com.br\/wp\/wp-json\/wp\/v2\/comments?post=854516"}],"version-history":[{"count":1,"href":"https:\/\/bahiaeconomica.com.br\/wp\/wp-json\/wp\/v2\/posts\/854516\/revisions"}],"predecessor-version":[{"id":854518,"href":"https:\/\/bahiaeconomica.com.br\/wp\/wp-json\/wp\/v2\/posts\/854516\/revisions\/854518"}],"wp:featuredmedia":[{"embeddable":true,"href":"https:\/\/bahiaeconomica.com.br\/wp\/wp-json\/wp\/v2\/media\/854517"}],"wp:attachment":[{"href":"https:\/\/bahiaeconomica.com.br\/wp\/wp-json\/wp\/v2\/media?parent=854516"}],"wp:term":[{"taxonomy":"category","embeddable":true,"href":"https:\/\/bahiaeconomica.com.br\/wp\/wp-json\/wp\/v2\/categories?post=854516"},{"taxonomy":"post_tag","embeddable":true,"href":"https:\/\/bahiaeconomica.com.br\/wp\/wp-json\/wp\/v2\/tags?post=854516"}],"curies":[{"name":"wp","href":"https:\/\/api.w.org\/{rel}","templated":true}]}}