{"id":853442,"date":"2024-10-21T08:40:30","date_gmt":"2024-10-21T11:40:30","guid":{"rendered":"https:\/\/bahiaeconomica.com.br\/wp\/?p=853442"},"modified":"2024-10-21T08:49:52","modified_gmt":"2024-10-21T11:49:52","slug":"aportes-em-previdencia-privada-crescem-179-ate-agosto-com-destaque-para-o-vgbl","status":"publish","type":"post","link":"https:\/\/bahiaeconomica.com.br\/wp\/2024\/10\/21\/aportes-em-previdencia-privada-crescem-179-ate-agosto-com-destaque-para-o-vgbl\/","title":{"rendered":"APORTES EM PREVID\u00caNCIA PRIVADA CRESCEM 17,9% AT\u00c9 AGOSTO, COM DESTAQUE PARA O VGBL"},"content":{"rendered":"<p>Segundo relat\u00f3rio da Fenaprevi (Federa\u00e7\u00e3o Nacional de Previd\u00eancia Privada e Vida), os planos de previd\u00eancia privada aberta no pa\u00eds receberam aportes que somam R$ 130,8 bilh\u00f5es nos oito primeiros meses de 2024, n\u00famero 17,9% maior do que o montante registrado no mesmo per\u00edodo do ano passado. J\u00e1 os resgates, por sua vez, subiram 2,4% na mesma base de compara\u00e7\u00e3o, varia\u00e7\u00e3o menor do que a infla\u00e7\u00e3o do per\u00edodo, totalizando R$ 88,5 bilh\u00f5es. Com isso, a capta\u00e7\u00e3o l\u00edquida \u2013 que \u00e9 o resultado da arrecada\u00e7\u00e3o total dos planos subtra\u00edda dos resgates \u2013 foi de R$ 42,3 bilh\u00f5es, alta de 72,3% em compara\u00e7\u00e3o com o acumulado de janeiro a agosto de 2023.<\/p>\n<p>No fim de agosto, o setor administrava mais de R$ 1,5 trilh\u00e3o em ativos nesses planos, valor que supera o equivalente a 13% do PIB brasileiro. O universo de clientes ou participantes que possuem previd\u00eancia privada aberta tamb\u00e9m aumentou, totalizando 11,2 milh\u00f5es de pessoas com planos comercializados no Brasil. O crescimento \u00e9 de 1,9%, quando comparado ao mesmo m\u00eas em 2023 e tem potencial para mais, segundo a Fenaprevi. A entidade aponta que, apesar do avan\u00e7o, esse contingente representa apenas 7% da popula\u00e7\u00e3o com 18 anos ou mais no pa\u00eds.<\/p>\n<p>Ao todo, essa popula\u00e7\u00e3o possui mais de 14 milh\u00f5es de planos de previd\u00eancia privada aberta, dos quais 80% eram da modalidade individual, isto \u00e9, quando a pr\u00f3pria pessoa toma a iniciativa de contratar um plano desta natureza, enquanto os demais 20% s\u00e3o coletivos.<\/p>\n<p>&nbsp;<\/p>\n<p>Imagem de\u00a0Ahmad Ardity\u00a0por\u00a0Pixabay<\/p>\n","protected":false},"excerpt":{"rendered":"<p>Segundo relat\u00f3rio da Fenaprevi (Federa\u00e7\u00e3o Nacional de Previd\u00eancia Privada e Vida), os planos de previd\u00eancia privada aberta no pa\u00eds receberam aportes que somam R$ 130,8 bilh\u00f5es nos oito primeiros meses de 2024, n\u00famero 17,9% maior do que o montante registrado no mesmo per\u00edodo do ano passado. J\u00e1 os resgates, por sua vez, subiram 2,4% na [&hellip;]<\/p>\n","protected":false},"author":8,"featured_media":853443,"comment_status":"closed","ping_status":"closed","sticky":false,"template":"","format":"standard","meta":[],"categories":[3],"tags":[213,1458,4324],"acf":[],"yoast_head":"<!-- This site is optimized with the Yoast SEO plugin v20.8 - https:\/\/yoast.com\/wordpress\/plugins\/seo\/ -->\n<title>APORTES EM PREVID\u00caNCIA PRIVADA CRESCEM 17,9% AT\u00c9 AGOSTO, COM DESTAQUE PARA O VGBL - Bahia Economica<\/title>\n<meta name=\"description\" content=\"O maior portal de Economia da Bahia ECONOMIA \/ POL\u00cdTICA Bahia Economica o setor administrava mais de R$ 1,5 trilh\u00e3o em ativos nesses planos\" \/>\n<meta name=\"robots\" content=\"index, follow, max-snippet:-1, max-image-preview:large, max-video-preview:-1\" \/>\n<link rel=\"canonical\" href=\"https:\/\/bahiaeconomica.com.br\/wp\/2024\/10\/21\/aportes-em-previdencia-privada-crescem-179-ate-agosto-com-destaque-para-o-vgbl\/\" \/>\n<meta property=\"og:locale\" content=\"pt_BR\" \/>\n<meta property=\"og:type\" content=\"article\" \/>\n<meta property=\"og:title\" content=\"APORTES EM PREVID\u00caNCIA PRIVADA CRESCEM 17,9% AT\u00c9 AGOSTO, COM DESTAQUE PARA O VGBL - Bahia Economica\" \/>\n<meta property=\"og:description\" content=\"O maior portal de Economia da Bahia ECONOMIA \/ POL\u00cdTICA Bahia Economica o setor administrava mais de R$ 1,5 trilh\u00e3o em ativos nesses planos\" \/>\n<meta property=\"og:url\" content=\"https:\/\/bahiaeconomica.com.br\/wp\/2024\/10\/21\/aportes-em-previdencia-privada-crescem-179-ate-agosto-com-destaque-para-o-vgbl\/\" \/>\n<meta property=\"og:site_name\" content=\"Bahia Economica\" \/>\n<meta property=\"article:publisher\" content=\"https:\/\/www.facebook.com\/bahiaeconomica\" \/>\n<meta property=\"article:published_time\" content=\"2024-10-21T11:40:30+00:00\" \/>\n<meta property=\"article:modified_time\" content=\"2024-10-21T11:49:52+00:00\" \/>\n<meta property=\"og:image\" content=\"https:\/\/bahiaeconomica.com.br\/wp\/wp-content\/uploads\/2024\/10\/business-1730089_1280-1.jpg\" \/>\n\t<meta property=\"og:image:width\" content=\"1280\" \/>\n\t<meta property=\"og:image:height\" content=\"853\" \/>\n\t<meta property=\"og:image:type\" content=\"image\/jpeg\" \/>\n<meta name=\"author\" content=\"JP\" \/>\n<meta name=\"twitter:card\" content=\"summary_large_image\" \/>\n<meta name=\"twitter:label1\" content=\"Escrito por\" \/>\n\t<meta name=\"twitter:data1\" content=\"JP\" \/>\n\t<meta name=\"twitter:label2\" content=\"Est. tempo de leitura\" \/>\n\t<meta name=\"twitter:data2\" content=\"2 minutos\" \/>\n<script type=\"application\/ld+json\" class=\"yoast-schema-graph\">{\"@context\":\"https:\/\/schema.org\",\"@graph\":[{\"@type\":\"Article\",\"@id\":\"https:\/\/bahiaeconomica.com.br\/wp\/2024\/10\/21\/aportes-em-previdencia-privada-crescem-179-ate-agosto-com-destaque-para-o-vgbl\/#article\",\"isPartOf\":{\"@id\":\"https:\/\/bahiaeconomica.com.br\/wp\/2024\/10\/21\/aportes-em-previdencia-privada-crescem-179-ate-agosto-com-destaque-para-o-vgbl\/\"},\"author\":{\"name\":\"JP\",\"@id\":\"https:\/\/bahiaeconomica.com.br\/wp\/#\/schema\/person\/c86d3a3f8960425a0f9d0e5245991f4e\"},\"headline\":\"APORTES EM PREVID\u00caNCIA PRIVADA CRESCEM 17,9% AT\u00c9 AGOSTO, COM DESTAQUE PARA O VGBL\",\"datePublished\":\"2024-10-21T11:40:30+00:00\",\"dateModified\":\"2024-10-21T11:49:52+00:00\",\"mainEntityOfPage\":{\"@id\":\"https:\/\/bahiaeconomica.com.br\/wp\/2024\/10\/21\/aportes-em-previdencia-privada-crescem-179-ate-agosto-com-destaque-para-o-vgbl\/\"},\"wordCount\":271,\"publisher\":{\"@id\":\"https:\/\/bahiaeconomica.com.br\/wp\/#organization\"},\"keywords\":[\"Economia\",\"previd\u00eancia\",\"privada\"],\"articleSection\":[\"ECONOMIA \/ POL\u00cdTICA\"],\"inLanguage\":\"pt-BR\"},{\"@type\":\"WebPage\",\"@id\":\"https:\/\/bahiaeconomica.com.br\/wp\/2024\/10\/21\/aportes-em-previdencia-privada-crescem-179-ate-agosto-com-destaque-para-o-vgbl\/\",\"url\":\"https:\/\/bahiaeconomica.com.br\/wp\/2024\/10\/21\/aportes-em-previdencia-privada-crescem-179-ate-agosto-com-destaque-para-o-vgbl\/\",\"name\":\"APORTES EM PREVID\u00caNCIA PRIVADA CRESCEM 17,9% AT\u00c9 AGOSTO, COM DESTAQUE PARA O VGBL - Bahia Economica\",\"isPartOf\":{\"@id\":\"https:\/\/bahiaeconomica.com.br\/wp\/#website\"},\"datePublished\":\"2024-10-21T11:40:30+00:00\",\"dateModified\":\"2024-10-21T11:49:52+00:00\",\"description\":\"O maior portal de Economia da Bahia ECONOMIA \/ POL\u00cdTICA Bahia Economica o setor administrava mais de R$ 1,5 trilh\u00e3o em ativos nesses planos\",\"breadcrumb\":{\"@id\":\"https:\/\/bahiaeconomica.com.br\/wp\/2024\/10\/21\/aportes-em-previdencia-privada-crescem-179-ate-agosto-com-destaque-para-o-vgbl\/#breadcrumb\"},\"inLanguage\":\"pt-BR\",\"potentialAction\":[{\"@type\":\"ReadAction\",\"target\":[\"https:\/\/bahiaeconomica.com.br\/wp\/2024\/10\/21\/aportes-em-previdencia-privada-crescem-179-ate-agosto-com-destaque-para-o-vgbl\/\"]}]},{\"@type\":\"BreadcrumbList\",\"@id\":\"https:\/\/bahiaeconomica.com.br\/wp\/2024\/10\/21\/aportes-em-previdencia-privada-crescem-179-ate-agosto-com-destaque-para-o-vgbl\/#breadcrumb\",\"itemListElement\":[{\"@type\":\"ListItem\",\"position\":1,\"name\":\"In\u00edcio\",\"item\":\"https:\/\/bahiaeconomica.com.br\/wp\/\"},{\"@type\":\"ListItem\",\"position\":2,\"name\":\"APORTES EM PREVID\u00caNCIA PRIVADA CRESCEM 17,9% AT\u00c9 AGOSTO, COM DESTAQUE PARA O VGBL\"}]},{\"@type\":\"WebSite\",\"@id\":\"https:\/\/bahiaeconomica.com.br\/wp\/#website\",\"url\":\"https:\/\/bahiaeconomica.com.br\/wp\/\",\"name\":\"Bahia Economica\",\"description\":\"O maior portal de Economia da Bahia\",\"publisher\":{\"@id\":\"https:\/\/bahiaeconomica.com.br\/wp\/#organization\"},\"potentialAction\":[{\"@type\":\"SearchAction\",\"target\":{\"@type\":\"EntryPoint\",\"urlTemplate\":\"https:\/\/bahiaeconomica.com.br\/wp\/?s={search_term_string}\"},\"query-input\":\"required name=search_term_string\"}],\"inLanguage\":\"pt-BR\"},{\"@type\":\"Organization\",\"@id\":\"https:\/\/bahiaeconomica.com.br\/wp\/#organization\",\"name\":\"Bahia Econ\u00f4mica\",\"url\":\"https:\/\/bahiaeconomica.com.br\/wp\/\",\"logo\":{\"@type\":\"ImageObject\",\"inLanguage\":\"pt-BR\",\"@id\":\"https:\/\/bahiaeconomica.com.br\/wp\/#\/schema\/logo\/image\/\",\"url\":\"https:\/\/bahiaeconomica.com.br\/wp\/wp-content\/uploads\/2020\/12\/cropped-BE.png\",\"contentUrl\":\"https:\/\/bahiaeconomica.com.br\/wp\/wp-content\/uploads\/2020\/12\/cropped-BE.png\",\"width\":512,\"height\":512,\"caption\":\"Bahia Econ\u00f4mica\"},\"image\":{\"@id\":\"https:\/\/bahiaeconomica.com.br\/wp\/#\/schema\/logo\/image\/\"},\"sameAs\":[\"https:\/\/www.facebook.com\/bahiaeconomica\"]},{\"@type\":\"Person\",\"@id\":\"https:\/\/bahiaeconomica.com.br\/wp\/#\/schema\/person\/c86d3a3f8960425a0f9d0e5245991f4e\",\"name\":\"JP\",\"sameAs\":[\"https:\/\/bahiaeconomica.com.br\/wp\/beta\/\"],\"url\":\"https:\/\/bahiaeconomica.com.br\/wp\/author\/jp\/\"}]}<\/script>\n<!-- \/ Yoast SEO plugin. -->","yoast_head_json":{"title":"APORTES EM PREVID\u00caNCIA PRIVADA CRESCEM 17,9% AT\u00c9 AGOSTO, COM DESTAQUE PARA O VGBL - Bahia Economica","description":"O maior portal de Economia da Bahia ECONOMIA \/ POL\u00cdTICA Bahia Economica o setor administrava mais de R$ 1,5 trilh\u00e3o em ativos nesses planos","robots":{"index":"index","follow":"follow","max-snippet":"max-snippet:-1","max-image-preview":"max-image-preview:large","max-video-preview":"max-video-preview:-1"},"canonical":"https:\/\/bahiaeconomica.com.br\/wp\/2024\/10\/21\/aportes-em-previdencia-privada-crescem-179-ate-agosto-com-destaque-para-o-vgbl\/","og_locale":"pt_BR","og_type":"article","og_title":"APORTES EM PREVID\u00caNCIA PRIVADA CRESCEM 17,9% AT\u00c9 AGOSTO, COM DESTAQUE PARA O VGBL - Bahia Economica","og_description":"O maior portal de Economia da Bahia ECONOMIA \/ POL\u00cdTICA Bahia Economica o setor administrava mais de R$ 1,5 trilh\u00e3o em ativos nesses planos","og_url":"https:\/\/bahiaeconomica.com.br\/wp\/2024\/10\/21\/aportes-em-previdencia-privada-crescem-179-ate-agosto-com-destaque-para-o-vgbl\/","og_site_name":"Bahia Economica","article_publisher":"https:\/\/www.facebook.com\/bahiaeconomica","article_published_time":"2024-10-21T11:40:30+00:00","article_modified_time":"2024-10-21T11:49:52+00:00","og_image":[{"width":1280,"height":853,"url":"https:\/\/bahiaeconomica.com.br\/wp\/wp-content\/uploads\/2024\/10\/business-1730089_1280-1.jpg","type":"image\/jpeg"}],"author":"JP","twitter_card":"summary_large_image","twitter_misc":{"Escrito por":"JP","Est. tempo de leitura":"2 minutos"},"schema":{"@context":"https:\/\/schema.org","@graph":[{"@type":"Article","@id":"https:\/\/bahiaeconomica.com.br\/wp\/2024\/10\/21\/aportes-em-previdencia-privada-crescem-179-ate-agosto-com-destaque-para-o-vgbl\/#article","isPartOf":{"@id":"https:\/\/bahiaeconomica.com.br\/wp\/2024\/10\/21\/aportes-em-previdencia-privada-crescem-179-ate-agosto-com-destaque-para-o-vgbl\/"},"author":{"name":"JP","@id":"https:\/\/bahiaeconomica.com.br\/wp\/#\/schema\/person\/c86d3a3f8960425a0f9d0e5245991f4e"},"headline":"APORTES EM PREVID\u00caNCIA PRIVADA CRESCEM 17,9% AT\u00c9 AGOSTO, COM DESTAQUE PARA O VGBL","datePublished":"2024-10-21T11:40:30+00:00","dateModified":"2024-10-21T11:49:52+00:00","mainEntityOfPage":{"@id":"https:\/\/bahiaeconomica.com.br\/wp\/2024\/10\/21\/aportes-em-previdencia-privada-crescem-179-ate-agosto-com-destaque-para-o-vgbl\/"},"wordCount":271,"publisher":{"@id":"https:\/\/bahiaeconomica.com.br\/wp\/#organization"},"keywords":["Economia","previd\u00eancia","privada"],"articleSection":["ECONOMIA \/ POL\u00cdTICA"],"inLanguage":"pt-BR"},{"@type":"WebPage","@id":"https:\/\/bahiaeconomica.com.br\/wp\/2024\/10\/21\/aportes-em-previdencia-privada-crescem-179-ate-agosto-com-destaque-para-o-vgbl\/","url":"https:\/\/bahiaeconomica.com.br\/wp\/2024\/10\/21\/aportes-em-previdencia-privada-crescem-179-ate-agosto-com-destaque-para-o-vgbl\/","name":"APORTES EM PREVID\u00caNCIA PRIVADA CRESCEM 17,9% AT\u00c9 AGOSTO, COM DESTAQUE PARA O VGBL - Bahia Economica","isPartOf":{"@id":"https:\/\/bahiaeconomica.com.br\/wp\/#website"},"datePublished":"2024-10-21T11:40:30+00:00","dateModified":"2024-10-21T11:49:52+00:00","description":"O maior portal de Economia da Bahia ECONOMIA \/ POL\u00cdTICA Bahia Economica o setor administrava mais de R$ 1,5 trilh\u00e3o em ativos nesses planos","breadcrumb":{"@id":"https:\/\/bahiaeconomica.com.br\/wp\/2024\/10\/21\/aportes-em-previdencia-privada-crescem-179-ate-agosto-com-destaque-para-o-vgbl\/#breadcrumb"},"inLanguage":"pt-BR","potentialAction":[{"@type":"ReadAction","target":["https:\/\/bahiaeconomica.com.br\/wp\/2024\/10\/21\/aportes-em-previdencia-privada-crescem-179-ate-agosto-com-destaque-para-o-vgbl\/"]}]},{"@type":"BreadcrumbList","@id":"https:\/\/bahiaeconomica.com.br\/wp\/2024\/10\/21\/aportes-em-previdencia-privada-crescem-179-ate-agosto-com-destaque-para-o-vgbl\/#breadcrumb","itemListElement":[{"@type":"ListItem","position":1,"name":"In\u00edcio","item":"https:\/\/bahiaeconomica.com.br\/wp\/"},{"@type":"ListItem","position":2,"name":"APORTES EM PREVID\u00caNCIA PRIVADA CRESCEM 17,9% AT\u00c9 AGOSTO, COM DESTAQUE PARA O VGBL"}]},{"@type":"WebSite","@id":"https:\/\/bahiaeconomica.com.br\/wp\/#website","url":"https:\/\/bahiaeconomica.com.br\/wp\/","name":"Bahia Economica","description":"O maior portal de Economia da Bahia","publisher":{"@id":"https:\/\/bahiaeconomica.com.br\/wp\/#organization"},"potentialAction":[{"@type":"SearchAction","target":{"@type":"EntryPoint","urlTemplate":"https:\/\/bahiaeconomica.com.br\/wp\/?s={search_term_string}"},"query-input":"required name=search_term_string"}],"inLanguage":"pt-BR"},{"@type":"Organization","@id":"https:\/\/bahiaeconomica.com.br\/wp\/#organization","name":"Bahia Econ\u00f4mica","url":"https:\/\/bahiaeconomica.com.br\/wp\/","logo":{"@type":"ImageObject","inLanguage":"pt-BR","@id":"https:\/\/bahiaeconomica.com.br\/wp\/#\/schema\/logo\/image\/","url":"https:\/\/bahiaeconomica.com.br\/wp\/wp-content\/uploads\/2020\/12\/cropped-BE.png","contentUrl":"https:\/\/bahiaeconomica.com.br\/wp\/wp-content\/uploads\/2020\/12\/cropped-BE.png","width":512,"height":512,"caption":"Bahia Econ\u00f4mica"},"image":{"@id":"https:\/\/bahiaeconomica.com.br\/wp\/#\/schema\/logo\/image\/"},"sameAs":["https:\/\/www.facebook.com\/bahiaeconomica"]},{"@type":"Person","@id":"https:\/\/bahiaeconomica.com.br\/wp\/#\/schema\/person\/c86d3a3f8960425a0f9d0e5245991f4e","name":"JP","sameAs":["https:\/\/bahiaeconomica.com.br\/wp\/beta\/"],"url":"https:\/\/bahiaeconomica.com.br\/wp\/author\/jp\/"}]}},"views":21,"_links":{"self":[{"href":"https:\/\/bahiaeconomica.com.br\/wp\/wp-json\/wp\/v2\/posts\/853442"}],"collection":[{"href":"https:\/\/bahiaeconomica.com.br\/wp\/wp-json\/wp\/v2\/posts"}],"about":[{"href":"https:\/\/bahiaeconomica.com.br\/wp\/wp-json\/wp\/v2\/types\/post"}],"author":[{"embeddable":true,"href":"https:\/\/bahiaeconomica.com.br\/wp\/wp-json\/wp\/v2\/users\/8"}],"replies":[{"embeddable":true,"href":"https:\/\/bahiaeconomica.com.br\/wp\/wp-json\/wp\/v2\/comments?post=853442"}],"version-history":[{"count":1,"href":"https:\/\/bahiaeconomica.com.br\/wp\/wp-json\/wp\/v2\/posts\/853442\/revisions"}],"predecessor-version":[{"id":853444,"href":"https:\/\/bahiaeconomica.com.br\/wp\/wp-json\/wp\/v2\/posts\/853442\/revisions\/853444"}],"wp:featuredmedia":[{"embeddable":true,"href":"https:\/\/bahiaeconomica.com.br\/wp\/wp-json\/wp\/v2\/media\/853443"}],"wp:attachment":[{"href":"https:\/\/bahiaeconomica.com.br\/wp\/wp-json\/wp\/v2\/media?parent=853442"}],"wp:term":[{"taxonomy":"category","embeddable":true,"href":"https:\/\/bahiaeconomica.com.br\/wp\/wp-json\/wp\/v2\/categories?post=853442"},{"taxonomy":"post_tag","embeddable":true,"href":"https:\/\/bahiaeconomica.com.br\/wp\/wp-json\/wp\/v2\/tags?post=853442"}],"curies":[{"name":"wp","href":"https:\/\/api.w.org\/{rel}","templated":true}]}}