{"id":853241,"date":"2024-10-18T16:00:50","date_gmt":"2024-10-18T19:00:50","guid":{"rendered":"https:\/\/bahiaeconomica.com.br\/wp\/?p=853241"},"modified":"2024-10-18T15:48:11","modified_gmt":"2024-10-18T18:48:11","slug":"abertas-as-inscricoes-para-a-2a-edicao-do-concurso-da-moqueca","status":"publish","type":"post","link":"https:\/\/bahiaeconomica.com.br\/wp\/2024\/10\/18\/abertas-as-inscricoes-para-a-2a-edicao-do-concurso-da-moqueca\/","title":{"rendered":"ABERTAS AS INSCRI\u00c7\u00d5ES PARA A 2\u00aa EDI\u00c7\u00c3O DO CONCURSO DA MOQUECA"},"content":{"rendered":"<p>Est\u00e3o abertas as inscri\u00e7\u00f5es para a 2\u00aa Edi\u00e7\u00e3o do Concurso da Moqueca, um dos principais eventos gastron\u00f4micos da Bahia. Interessados em participar podem se inscrever at\u00e9 o dia 31 de outubro no site oficial www.concursodamoqueca.com.br. O concurso abrange representantes das 13 zonas tur\u00edsticas do estado, valorizando a diversidade de sabores e tradi\u00e7\u00f5es que fazem da moqueca um s\u00edmbolo da culin\u00e1ria baiana.<\/p>\n<p>Promovido pela Abrasel (Associa\u00e7\u00e3o Brasileira de Bares e Restaurantes \u2013 Seccional Bahia) e pela Comprove Consultoria Empresarial, em parceria com a Secretaria de Turismo da Bahia (Setur-BA) e apoio da Secretaria de Desenvolvimento Econ\u00f4mico (SDE), o evento busca n\u00e3o s\u00f3 eleger a melhor moqueca do estado, mas tamb\u00e9m fomentar o turismo gastron\u00f4mico e fortalecer a economia local. A competi\u00e7\u00e3o ser\u00e1 dividida em duas etapas: de 8 a 24 de novembro, haver\u00e1 uma vota\u00e7\u00e3o popular online, e, em 7 de dezembro, os finalistas ser\u00e3o avaliados por um j\u00fari t\u00e9cnico.<\/p>\n<p>A abertura oficial do concurso ocorreu na ter\u00e7a-feira (15), no Mercado do Rio Vermelho (Ceasinha), em Salvador, reunindo autoridades e representantes das regi\u00f5es participantes.<\/p>\n<p>Foto: Divulga\u00e7\u00e3o<\/p>\n","protected":false},"excerpt":{"rendered":"<p>Est\u00e3o abertas as inscri\u00e7\u00f5es para a 2\u00aa Edi\u00e7\u00e3o do Concurso da Moqueca, um dos principais eventos gastron\u00f4micos da Bahia. Interessados em participar podem se inscrever at\u00e9 o dia 31 de outubro no site oficial www.concursodamoqueca.com.br. O concurso abrange representantes das 13 zonas tur\u00edsticas do estado, valorizando a diversidade de sabores e tradi\u00e7\u00f5es que fazem da [&hellip;]<\/p>\n","protected":false},"author":15,"featured_media":853243,"comment_status":"closed","ping_status":"closed","sticky":false,"template":"","format":"standard","meta":[],"categories":[5],"tags":[175,981,11712],"acf":[],"yoast_head":"<!-- This site is optimized with the Yoast SEO plugin v20.8 - https:\/\/yoast.com\/wordpress\/plugins\/seo\/ -->\n<title>ABERTAS AS INSCRI\u00c7\u00d5ES PARA A 2\u00aa EDI\u00c7\u00c3O DO CONCURSO DA MOQUECA - Bahia Economica<\/title>\n<meta name=\"description\" content=\"O maior portal de Economia da Bahia MUNIC\u00cdPIOS Bahia Economica Est\u00e3o abertas as inscri\u00e7\u00f5es para a 2\u00aa Edi\u00e7\u00e3o do Concurso da Moqueca,\" \/>\n<meta name=\"robots\" content=\"index, follow, max-snippet:-1, max-image-preview:large, max-video-preview:-1\" \/>\n<link rel=\"canonical\" href=\"https:\/\/bahiaeconomica.com.br\/wp\/2024\/10\/18\/abertas-as-inscricoes-para-a-2a-edicao-do-concurso-da-moqueca\/\" \/>\n<meta property=\"og:locale\" content=\"pt_BR\" \/>\n<meta property=\"og:type\" content=\"article\" \/>\n<meta property=\"og:title\" content=\"ABERTAS AS INSCRI\u00c7\u00d5ES PARA A 2\u00aa EDI\u00c7\u00c3O DO CONCURSO DA MOQUECA - Bahia Economica\" \/>\n<meta property=\"og:description\" content=\"O maior portal de Economia da Bahia MUNIC\u00cdPIOS Bahia Economica Est\u00e3o abertas as inscri\u00e7\u00f5es para a 2\u00aa Edi\u00e7\u00e3o do Concurso da Moqueca,\" \/>\n<meta property=\"og:url\" content=\"https:\/\/bahiaeconomica.com.br\/wp\/2024\/10\/18\/abertas-as-inscricoes-para-a-2a-edicao-do-concurso-da-moqueca\/\" \/>\n<meta property=\"og:site_name\" content=\"Bahia Economica\" \/>\n<meta property=\"article:publisher\" content=\"https:\/\/www.facebook.com\/bahiaeconomica\" \/>\n<meta property=\"article:published_time\" content=\"2024-10-18T19:00:50+00:00\" \/>\n<meta property=\"article:modified_time\" content=\"2024-10-18T18:48:11+00:00\" \/>\n<meta property=\"og:image\" content=\"https:\/\/bahiaeconomica.com.br\/wp\/wp-content\/uploads\/2024\/10\/Moqueca-Foto-Divulgacao.jpeg\" \/>\n\t<meta property=\"og:image:width\" content=\"1280\" \/>\n\t<meta property=\"og:image:height\" content=\"854\" \/>\n\t<meta property=\"og:image:type\" content=\"image\/jpeg\" \/>\n<meta name=\"author\" content=\"VICTORIA ISABEL\" \/>\n<meta name=\"twitter:card\" content=\"summary_large_image\" \/>\n<meta name=\"twitter:label1\" content=\"Escrito por\" \/>\n\t<meta name=\"twitter:data1\" content=\"VICTORIA ISABEL\" \/>\n\t<meta name=\"twitter:label2\" content=\"Est. tempo de leitura\" \/>\n\t<meta name=\"twitter:data2\" content=\"1 minuto\" \/>\n<script type=\"application\/ld+json\" class=\"yoast-schema-graph\">{\"@context\":\"https:\/\/schema.org\",\"@graph\":[{\"@type\":\"Article\",\"@id\":\"https:\/\/bahiaeconomica.com.br\/wp\/2024\/10\/18\/abertas-as-inscricoes-para-a-2a-edicao-do-concurso-da-moqueca\/#article\",\"isPartOf\":{\"@id\":\"https:\/\/bahiaeconomica.com.br\/wp\/2024\/10\/18\/abertas-as-inscricoes-para-a-2a-edicao-do-concurso-da-moqueca\/\"},\"author\":{\"name\":\"VICTORIA ISABEL\",\"@id\":\"https:\/\/bahiaeconomica.com.br\/wp\/#\/schema\/person\/b719ce0fb1c09f3c7a00d9243ced4a6f\"},\"headline\":\"ABERTAS AS INSCRI\u00c7\u00d5ES PARA A 2\u00aa EDI\u00c7\u00c3O DO CONCURSO DA MOQUECA\",\"datePublished\":\"2024-10-18T19:00:50+00:00\",\"dateModified\":\"2024-10-18T18:48:11+00:00\",\"mainEntityOfPage\":{\"@id\":\"https:\/\/bahiaeconomica.com.br\/wp\/2024\/10\/18\/abertas-as-inscricoes-para-a-2a-edicao-do-concurso-da-moqueca\/\"},\"wordCount\":203,\"publisher\":{\"@id\":\"https:\/\/bahiaeconomica.com.br\/wp\/#organization\"},\"keywords\":[\"concurso\",\"inscri\u00e7\u00f5es\",\"Moqueca Baiana\"],\"articleSection\":[\"MUNIC\u00cdPIOS\"],\"inLanguage\":\"pt-BR\"},{\"@type\":\"WebPage\",\"@id\":\"https:\/\/bahiaeconomica.com.br\/wp\/2024\/10\/18\/abertas-as-inscricoes-para-a-2a-edicao-do-concurso-da-moqueca\/\",\"url\":\"https:\/\/bahiaeconomica.com.br\/wp\/2024\/10\/18\/abertas-as-inscricoes-para-a-2a-edicao-do-concurso-da-moqueca\/\",\"name\":\"ABERTAS AS INSCRI\u00c7\u00d5ES PARA A 2\u00aa EDI\u00c7\u00c3O DO CONCURSO DA MOQUECA - Bahia Economica\",\"isPartOf\":{\"@id\":\"https:\/\/bahiaeconomica.com.br\/wp\/#website\"},\"datePublished\":\"2024-10-18T19:00:50+00:00\",\"dateModified\":\"2024-10-18T18:48:11+00:00\",\"description\":\"O maior portal de Economia da Bahia MUNIC\u00cdPIOS Bahia Economica Est\u00e3o abertas as inscri\u00e7\u00f5es para a 2\u00aa Edi\u00e7\u00e3o do Concurso da Moqueca,\",\"breadcrumb\":{\"@id\":\"https:\/\/bahiaeconomica.com.br\/wp\/2024\/10\/18\/abertas-as-inscricoes-para-a-2a-edicao-do-concurso-da-moqueca\/#breadcrumb\"},\"inLanguage\":\"pt-BR\",\"potentialAction\":[{\"@type\":\"ReadAction\",\"target\":[\"https:\/\/bahiaeconomica.com.br\/wp\/2024\/10\/18\/abertas-as-inscricoes-para-a-2a-edicao-do-concurso-da-moqueca\/\"]}]},{\"@type\":\"BreadcrumbList\",\"@id\":\"https:\/\/bahiaeconomica.com.br\/wp\/2024\/10\/18\/abertas-as-inscricoes-para-a-2a-edicao-do-concurso-da-moqueca\/#breadcrumb\",\"itemListElement\":[{\"@type\":\"ListItem\",\"position\":1,\"name\":\"In\u00edcio\",\"item\":\"https:\/\/bahiaeconomica.com.br\/wp\/\"},{\"@type\":\"ListItem\",\"position\":2,\"name\":\"ABERTAS AS INSCRI\u00c7\u00d5ES PARA A 2\u00aa EDI\u00c7\u00c3O DO CONCURSO DA MOQUECA\"}]},{\"@type\":\"WebSite\",\"@id\":\"https:\/\/bahiaeconomica.com.br\/wp\/#website\",\"url\":\"https:\/\/bahiaeconomica.com.br\/wp\/\",\"name\":\"Bahia Economica\",\"description\":\"O maior portal de Economia da Bahia\",\"publisher\":{\"@id\":\"https:\/\/bahiaeconomica.com.br\/wp\/#organization\"},\"potentialAction\":[{\"@type\":\"SearchAction\",\"target\":{\"@type\":\"EntryPoint\",\"urlTemplate\":\"https:\/\/bahiaeconomica.com.br\/wp\/?s={search_term_string}\"},\"query-input\":\"required name=search_term_string\"}],\"inLanguage\":\"pt-BR\"},{\"@type\":\"Organization\",\"@id\":\"https:\/\/bahiaeconomica.com.br\/wp\/#organization\",\"name\":\"Bahia Econ\u00f4mica\",\"url\":\"https:\/\/bahiaeconomica.com.br\/wp\/\",\"logo\":{\"@type\":\"ImageObject\",\"inLanguage\":\"pt-BR\",\"@id\":\"https:\/\/bahiaeconomica.com.br\/wp\/#\/schema\/logo\/image\/\",\"url\":\"https:\/\/bahiaeconomica.com.br\/wp\/wp-content\/uploads\/2020\/12\/cropped-BE.png\",\"contentUrl\":\"https:\/\/bahiaeconomica.com.br\/wp\/wp-content\/uploads\/2020\/12\/cropped-BE.png\",\"width\":512,\"height\":512,\"caption\":\"Bahia Econ\u00f4mica\"},\"image\":{\"@id\":\"https:\/\/bahiaeconomica.com.br\/wp\/#\/schema\/logo\/image\/\"},\"sameAs\":[\"https:\/\/www.facebook.com\/bahiaeconomica\"]},{\"@type\":\"Person\",\"@id\":\"https:\/\/bahiaeconomica.com.br\/wp\/#\/schema\/person\/b719ce0fb1c09f3c7a00d9243ced4a6f\",\"name\":\"VICTORIA ISABEL\",\"sameAs\":[\"http:\/\/www.bahiaeconomica.com.br\"],\"url\":\"https:\/\/bahiaeconomica.com.br\/wp\/author\/victoria-isabel\/\"}]}<\/script>\n<!-- \/ Yoast SEO plugin. -->","yoast_head_json":{"title":"ABERTAS AS INSCRI\u00c7\u00d5ES PARA A 2\u00aa EDI\u00c7\u00c3O DO CONCURSO DA MOQUECA - Bahia Economica","description":"O maior portal de Economia da Bahia MUNIC\u00cdPIOS Bahia Economica Est\u00e3o abertas as inscri\u00e7\u00f5es para a 2\u00aa Edi\u00e7\u00e3o do Concurso da Moqueca,","robots":{"index":"index","follow":"follow","max-snippet":"max-snippet:-1","max-image-preview":"max-image-preview:large","max-video-preview":"max-video-preview:-1"},"canonical":"https:\/\/bahiaeconomica.com.br\/wp\/2024\/10\/18\/abertas-as-inscricoes-para-a-2a-edicao-do-concurso-da-moqueca\/","og_locale":"pt_BR","og_type":"article","og_title":"ABERTAS AS INSCRI\u00c7\u00d5ES PARA A 2\u00aa EDI\u00c7\u00c3O DO CONCURSO DA MOQUECA - Bahia Economica","og_description":"O maior portal de Economia da Bahia MUNIC\u00cdPIOS Bahia Economica Est\u00e3o abertas as inscri\u00e7\u00f5es para a 2\u00aa Edi\u00e7\u00e3o do Concurso da Moqueca,","og_url":"https:\/\/bahiaeconomica.com.br\/wp\/2024\/10\/18\/abertas-as-inscricoes-para-a-2a-edicao-do-concurso-da-moqueca\/","og_site_name":"Bahia Economica","article_publisher":"https:\/\/www.facebook.com\/bahiaeconomica","article_published_time":"2024-10-18T19:00:50+00:00","article_modified_time":"2024-10-18T18:48:11+00:00","og_image":[{"width":1280,"height":854,"url":"https:\/\/bahiaeconomica.com.br\/wp\/wp-content\/uploads\/2024\/10\/Moqueca-Foto-Divulgacao.jpeg","type":"image\/jpeg"}],"author":"VICTORIA ISABEL","twitter_card":"summary_large_image","twitter_misc":{"Escrito por":"VICTORIA ISABEL","Est. tempo de leitura":"1 minuto"},"schema":{"@context":"https:\/\/schema.org","@graph":[{"@type":"Article","@id":"https:\/\/bahiaeconomica.com.br\/wp\/2024\/10\/18\/abertas-as-inscricoes-para-a-2a-edicao-do-concurso-da-moqueca\/#article","isPartOf":{"@id":"https:\/\/bahiaeconomica.com.br\/wp\/2024\/10\/18\/abertas-as-inscricoes-para-a-2a-edicao-do-concurso-da-moqueca\/"},"author":{"name":"VICTORIA ISABEL","@id":"https:\/\/bahiaeconomica.com.br\/wp\/#\/schema\/person\/b719ce0fb1c09f3c7a00d9243ced4a6f"},"headline":"ABERTAS AS INSCRI\u00c7\u00d5ES PARA A 2\u00aa EDI\u00c7\u00c3O DO CONCURSO DA MOQUECA","datePublished":"2024-10-18T19:00:50+00:00","dateModified":"2024-10-18T18:48:11+00:00","mainEntityOfPage":{"@id":"https:\/\/bahiaeconomica.com.br\/wp\/2024\/10\/18\/abertas-as-inscricoes-para-a-2a-edicao-do-concurso-da-moqueca\/"},"wordCount":203,"publisher":{"@id":"https:\/\/bahiaeconomica.com.br\/wp\/#organization"},"keywords":["concurso","inscri\u00e7\u00f5es","Moqueca Baiana"],"articleSection":["MUNIC\u00cdPIOS"],"inLanguage":"pt-BR"},{"@type":"WebPage","@id":"https:\/\/bahiaeconomica.com.br\/wp\/2024\/10\/18\/abertas-as-inscricoes-para-a-2a-edicao-do-concurso-da-moqueca\/","url":"https:\/\/bahiaeconomica.com.br\/wp\/2024\/10\/18\/abertas-as-inscricoes-para-a-2a-edicao-do-concurso-da-moqueca\/","name":"ABERTAS AS INSCRI\u00c7\u00d5ES PARA A 2\u00aa EDI\u00c7\u00c3O DO CONCURSO DA MOQUECA - Bahia Economica","isPartOf":{"@id":"https:\/\/bahiaeconomica.com.br\/wp\/#website"},"datePublished":"2024-10-18T19:00:50+00:00","dateModified":"2024-10-18T18:48:11+00:00","description":"O maior portal de Economia da Bahia MUNIC\u00cdPIOS Bahia Economica Est\u00e3o abertas as inscri\u00e7\u00f5es para a 2\u00aa Edi\u00e7\u00e3o do Concurso da Moqueca,","breadcrumb":{"@id":"https:\/\/bahiaeconomica.com.br\/wp\/2024\/10\/18\/abertas-as-inscricoes-para-a-2a-edicao-do-concurso-da-moqueca\/#breadcrumb"},"inLanguage":"pt-BR","potentialAction":[{"@type":"ReadAction","target":["https:\/\/bahiaeconomica.com.br\/wp\/2024\/10\/18\/abertas-as-inscricoes-para-a-2a-edicao-do-concurso-da-moqueca\/"]}]},{"@type":"BreadcrumbList","@id":"https:\/\/bahiaeconomica.com.br\/wp\/2024\/10\/18\/abertas-as-inscricoes-para-a-2a-edicao-do-concurso-da-moqueca\/#breadcrumb","itemListElement":[{"@type":"ListItem","position":1,"name":"In\u00edcio","item":"https:\/\/bahiaeconomica.com.br\/wp\/"},{"@type":"ListItem","position":2,"name":"ABERTAS AS INSCRI\u00c7\u00d5ES PARA A 2\u00aa EDI\u00c7\u00c3O DO CONCURSO DA MOQUECA"}]},{"@type":"WebSite","@id":"https:\/\/bahiaeconomica.com.br\/wp\/#website","url":"https:\/\/bahiaeconomica.com.br\/wp\/","name":"Bahia Economica","description":"O maior portal de Economia da Bahia","publisher":{"@id":"https:\/\/bahiaeconomica.com.br\/wp\/#organization"},"potentialAction":[{"@type":"SearchAction","target":{"@type":"EntryPoint","urlTemplate":"https:\/\/bahiaeconomica.com.br\/wp\/?s={search_term_string}"},"query-input":"required name=search_term_string"}],"inLanguage":"pt-BR"},{"@type":"Organization","@id":"https:\/\/bahiaeconomica.com.br\/wp\/#organization","name":"Bahia Econ\u00f4mica","url":"https:\/\/bahiaeconomica.com.br\/wp\/","logo":{"@type":"ImageObject","inLanguage":"pt-BR","@id":"https:\/\/bahiaeconomica.com.br\/wp\/#\/schema\/logo\/image\/","url":"https:\/\/bahiaeconomica.com.br\/wp\/wp-content\/uploads\/2020\/12\/cropped-BE.png","contentUrl":"https:\/\/bahiaeconomica.com.br\/wp\/wp-content\/uploads\/2020\/12\/cropped-BE.png","width":512,"height":512,"caption":"Bahia Econ\u00f4mica"},"image":{"@id":"https:\/\/bahiaeconomica.com.br\/wp\/#\/schema\/logo\/image\/"},"sameAs":["https:\/\/www.facebook.com\/bahiaeconomica"]},{"@type":"Person","@id":"https:\/\/bahiaeconomica.com.br\/wp\/#\/schema\/person\/b719ce0fb1c09f3c7a00d9243ced4a6f","name":"VICTORIA ISABEL","sameAs":["http:\/\/www.bahiaeconomica.com.br"],"url":"https:\/\/bahiaeconomica.com.br\/wp\/author\/victoria-isabel\/"}]}},"views":4,"_links":{"self":[{"href":"https:\/\/bahiaeconomica.com.br\/wp\/wp-json\/wp\/v2\/posts\/853241"}],"collection":[{"href":"https:\/\/bahiaeconomica.com.br\/wp\/wp-json\/wp\/v2\/posts"}],"about":[{"href":"https:\/\/bahiaeconomica.com.br\/wp\/wp-json\/wp\/v2\/types\/post"}],"author":[{"embeddable":true,"href":"https:\/\/bahiaeconomica.com.br\/wp\/wp-json\/wp\/v2\/users\/15"}],"replies":[{"embeddable":true,"href":"https:\/\/bahiaeconomica.com.br\/wp\/wp-json\/wp\/v2\/comments?post=853241"}],"version-history":[{"count":1,"href":"https:\/\/bahiaeconomica.com.br\/wp\/wp-json\/wp\/v2\/posts\/853241\/revisions"}],"predecessor-version":[{"id":853244,"href":"https:\/\/bahiaeconomica.com.br\/wp\/wp-json\/wp\/v2\/posts\/853241\/revisions\/853244"}],"wp:featuredmedia":[{"embeddable":true,"href":"https:\/\/bahiaeconomica.com.br\/wp\/wp-json\/wp\/v2\/media\/853243"}],"wp:attachment":[{"href":"https:\/\/bahiaeconomica.com.br\/wp\/wp-json\/wp\/v2\/media?parent=853241"}],"wp:term":[{"taxonomy":"category","embeddable":true,"href":"https:\/\/bahiaeconomica.com.br\/wp\/wp-json\/wp\/v2\/categories?post=853241"},{"taxonomy":"post_tag","embeddable":true,"href":"https:\/\/bahiaeconomica.com.br\/wp\/wp-json\/wp\/v2\/tags?post=853241"}],"curies":[{"name":"wp","href":"https:\/\/api.w.org\/{rel}","templated":true}]}}