{"id":852965,"date":"2024-10-17T18:58:35","date_gmt":"2024-10-17T21:58:35","guid":{"rendered":"https:\/\/bahiaeconomica.com.br\/wp\/?p=852965"},"modified":"2024-10-17T17:44:20","modified_gmt":"2024-10-17T20:44:20","slug":"alta-da-carne-bovina-e-da-energia-eletrica-afeta-os-bares-e-restaurantes","status":"publish","type":"post","link":"https:\/\/bahiaeconomica.com.br\/wp\/2024\/10\/17\/alta-da-carne-bovina-e-da-energia-eletrica-afeta-os-bares-e-restaurantes\/","title":{"rendered":"ALTA DA CARNE BOVINA E DA ENERGIA EL\u00c9TRICA AFETA OS BARES E RESTAURANTES"},"content":{"rendered":"<p>A alta nos pre\u00e7os da carne bovina e da energia el\u00e9trica j\u00e1 est\u00e1 impactando significativamente o setor de alimenta\u00e7\u00e3o fora do lar. De acordo com dados divulgados pela Funda\u00e7\u00e3o Get\u00falio Vargas (FGV), o \u00cdndice Geral de Pre\u00e7os \u2013 10 (IGP-10) subiu 1,34% em outubro, acelerando em rela\u00e7\u00e3o \u00e0 alta de 0,18% registrada no m\u00eas anterior. Com esse resultado, o \u00edndice acumula aumento de 3,91% no ano e de 5,10% nos \u00faltimos 12 meses.<\/p>\n<p>Al\u00e9m disso, informa\u00e7\u00f5es do Cepea\/USP indicam que o pre\u00e7o do boi gordo acumulou uma alta de quase 20% at\u00e9 a primeira metade de outubro de 2024, em compara\u00e7\u00e3o ao valor que encerrou 2023. Esse aumento expressivo \u00e9 atribu\u00eddo \u00e0 menor oferta de animais para abate e ao aquecimento do consumo de carne bovina, tanto no mercado interno quanto no externo.<\/p>\n<p>A taxa do grupo Mat\u00e9rias-Primas Brutas no IPA (\u00cdndice de Pre\u00e7os ao Produtor Amplo), tamb\u00e9m medido pela FGV, passou de -0,86% em setembro para 3,94% em outubro. As principais contribui\u00e7\u00f5es para a acelera\u00e7\u00e3o desse grupo partiram dos itens: min\u00e9rio de ferro (de -8,41% para 1,84%), soja em gr\u00e3o (de -0,99% para 6,58%) e bovinos (de 2,83% para 8,36%).<\/p>\n<p>&#8220;A acelera\u00e7\u00e3o do IPA foi impulsionada pelos produtos agropecu\u00e1rios, que continuam a sofrer os efeitos da seca. No lado do consumidor, o acionamento da bandeira vermelha patamar 2, vigente desde o in\u00edcio de outubro, provocou um aumento nas tarifas de energia el\u00e9trica, fator crucial para a eleva\u00e7\u00e3o do IPC. Na constru\u00e7\u00e3o civil, a alta registrada refletiu principalmente o aumento nos pre\u00e7os de materiais, equipamentos e servi\u00e7os&#8221;, destaca Matheus Dias, economista do FGV IBRE.<\/p>\n<p>Paulo Solmucci, presidente da Abrasel, registra que &#8220;em diversas regi\u00f5es do pa\u00eds, os pre\u00e7os da carne bovina nos fornecedores j\u00e1 registram aumento significativo. H\u00e1 relatos de aumento de at\u00e9 20% no pre\u00e7o do fil\u00e9 mignon em alguns estados. Esse cen\u00e1rio tem levado a uma eleva\u00e7\u00e3o nos custos operacionais dos bares e restaurantes, que enfrentam dificuldades para repassar esses aumentos aos consumidores sem comprometer a demanda&#8221;.<\/p>\n<p>O aumento no pre\u00e7o da energia tamb\u00e9m traz preocupa\u00e7\u00e3o, segundo o presidente da Abrasel. &#8220;\u00c9 um insumo essencial, as cozinhas est\u00e3o cada vez mais dependentes de energia el\u00e9trica, n\u00e3o s\u00f3 para refrigera\u00e7\u00e3o, mas tamb\u00e9m para o preparo dos alimentos. Neste cen\u00e1rio, nos causou muita estranheza a decis\u00e3o do governo de adiar a discuss\u00e3o sobre a volta do hor\u00e1rio de ver\u00e3o para o ano que vem. Segundo estudos do pr\u00f3prio governo, isto traria uma economia, ainda que pequena. E nos ajudaria do lado da demanda, com um aumento de at\u00e9 50% no fim do dia, que se traduziria em um robusto incremento mensal no faturamento, de cerca de 10%. Com isso, ficou dif\u00edcil de entender a decis\u00e3o de n\u00e3o voltar com o hor\u00e1rio de ver\u00e3o j\u00e1 este ano&#8221;.<\/p>\n","protected":false},"excerpt":{"rendered":"<p>A alta nos pre\u00e7os da carne bovina e da energia el\u00e9trica j\u00e1 est\u00e1 impactando significativamente o setor de alimenta\u00e7\u00e3o fora do lar. De acordo com dados divulgados pela Funda\u00e7\u00e3o Get\u00falio Vargas (FGV), o \u00cdndice Geral de Pre\u00e7os \u2013 10 (IGP-10) subiu 1,34% em outubro, acelerando em rela\u00e7\u00e3o \u00e0 alta de 0,18% registrada no m\u00eas anterior. [&hellip;]<\/p>\n","protected":false},"author":22,"featured_media":577716,"comment_status":"closed","ping_status":"closed","sticky":false,"template":"","format":"standard","meta":[],"categories":[14,3],"tags":[835,989,12391,1669,990],"acf":[],"yoast_head":"<!-- This site is optimized with the Yoast SEO plugin v20.8 - https:\/\/yoast.com\/wordpress\/plugins\/seo\/ -->\n<title>ALTA DA CARNE BOVINA E DA ENERGIA EL\u00c9TRICA AFETA OS BARES E RESTAURANTES - Bahia Economica<\/title>\n<meta name=\"description\" content=\"O maior portal de Economia da Bahia DESTAQUE DO DIA, ECONOMIA \/ POL\u00cdTICA Bahia Economica\" \/>\n<meta name=\"robots\" content=\"index, follow, max-snippet:-1, max-image-preview:large, max-video-preview:-1\" \/>\n<link rel=\"canonical\" href=\"https:\/\/bahiaeconomica.com.br\/wp\/2024\/10\/17\/alta-da-carne-bovina-e-da-energia-eletrica-afeta-os-bares-e-restaurantes\/\" \/>\n<meta property=\"og:locale\" content=\"pt_BR\" \/>\n<meta property=\"og:type\" content=\"article\" \/>\n<meta property=\"og:title\" content=\"ALTA DA CARNE BOVINA E DA ENERGIA EL\u00c9TRICA AFETA OS BARES E RESTAURANTES - Bahia Economica\" \/>\n<meta property=\"og:description\" content=\"O maior portal de Economia da Bahia DESTAQUE DO DIA, ECONOMIA \/ POL\u00cdTICA Bahia Economica\" \/>\n<meta property=\"og:url\" content=\"https:\/\/bahiaeconomica.com.br\/wp\/2024\/10\/17\/alta-da-carne-bovina-e-da-energia-eletrica-afeta-os-bares-e-restaurantes\/\" \/>\n<meta property=\"og:site_name\" content=\"Bahia Economica\" \/>\n<meta property=\"article:publisher\" content=\"https:\/\/www.facebook.com\/bahiaeconomica\" \/>\n<meta property=\"article:published_time\" content=\"2024-10-17T21:58:35+00:00\" \/>\n<meta property=\"article:modified_time\" content=\"2024-10-17T20:44:20+00:00\" \/>\n<meta property=\"og:image\" content=\"https:\/\/bahiaeconomica.com.br\/wp\/wp-content\/uploads\/2021\/06\/criacao-de-bovino.jpg\" \/>\n\t<meta property=\"og:image:width\" content=\"500\" \/>\n\t<meta property=\"og:image:height\" content=\"332\" \/>\n\t<meta property=\"og:image:type\" content=\"image\/jpeg\" \/>\n<meta name=\"author\" content=\"Matheus Souza\" \/>\n<meta name=\"twitter:card\" content=\"summary_large_image\" \/>\n<meta name=\"twitter:label1\" content=\"Escrito por\" \/>\n\t<meta name=\"twitter:data1\" content=\"Matheus Souza\" \/>\n\t<meta name=\"twitter:label2\" content=\"Est. tempo de leitura\" \/>\n\t<meta name=\"twitter:data2\" content=\"3 minutos\" \/>\n<script type=\"application\/ld+json\" class=\"yoast-schema-graph\">{\"@context\":\"https:\/\/schema.org\",\"@graph\":[{\"@type\":\"Article\",\"@id\":\"https:\/\/bahiaeconomica.com.br\/wp\/2024\/10\/17\/alta-da-carne-bovina-e-da-energia-eletrica-afeta-os-bares-e-restaurantes\/#article\",\"isPartOf\":{\"@id\":\"https:\/\/bahiaeconomica.com.br\/wp\/2024\/10\/17\/alta-da-carne-bovina-e-da-energia-eletrica-afeta-os-bares-e-restaurantes\/\"},\"author\":{\"name\":\"Matheus Souza\",\"@id\":\"https:\/\/bahiaeconomica.com.br\/wp\/#\/schema\/person\/3304d50cfd32353c7d08c39066638997\"},\"headline\":\"ALTA DA CARNE BOVINA E DA ENERGIA EL\u00c9TRICA AFETA OS BARES E RESTAURANTES\",\"datePublished\":\"2024-10-17T21:58:35+00:00\",\"dateModified\":\"2024-10-17T20:44:20+00:00\",\"mainEntityOfPage\":{\"@id\":\"https:\/\/bahiaeconomica.com.br\/wp\/2024\/10\/17\/alta-da-carne-bovina-e-da-energia-eletrica-afeta-os-bares-e-restaurantes\/\"},\"wordCount\":501,\"publisher\":{\"@id\":\"https:\/\/bahiaeconomica.com.br\/wp\/#organization\"},\"keywords\":[\"alta\",\"BARES\",\"carne bovina\",\"energia el\u00e9trica\",\"restaurantes\"],\"articleSection\":[\"DESTAQUE DO DIA\",\"ECONOMIA \/ POL\u00cdTICA\"],\"inLanguage\":\"pt-BR\"},{\"@type\":\"WebPage\",\"@id\":\"https:\/\/bahiaeconomica.com.br\/wp\/2024\/10\/17\/alta-da-carne-bovina-e-da-energia-eletrica-afeta-os-bares-e-restaurantes\/\",\"url\":\"https:\/\/bahiaeconomica.com.br\/wp\/2024\/10\/17\/alta-da-carne-bovina-e-da-energia-eletrica-afeta-os-bares-e-restaurantes\/\",\"name\":\"ALTA DA CARNE BOVINA E DA ENERGIA EL\u00c9TRICA AFETA OS BARES E RESTAURANTES - Bahia Economica\",\"isPartOf\":{\"@id\":\"https:\/\/bahiaeconomica.com.br\/wp\/#website\"},\"datePublished\":\"2024-10-17T21:58:35+00:00\",\"dateModified\":\"2024-10-17T20:44:20+00:00\",\"description\":\"O maior portal de Economia da Bahia DESTAQUE DO DIA, ECONOMIA \/ POL\u00cdTICA Bahia Economica\",\"breadcrumb\":{\"@id\":\"https:\/\/bahiaeconomica.com.br\/wp\/2024\/10\/17\/alta-da-carne-bovina-e-da-energia-eletrica-afeta-os-bares-e-restaurantes\/#breadcrumb\"},\"inLanguage\":\"pt-BR\",\"potentialAction\":[{\"@type\":\"ReadAction\",\"target\":[\"https:\/\/bahiaeconomica.com.br\/wp\/2024\/10\/17\/alta-da-carne-bovina-e-da-energia-eletrica-afeta-os-bares-e-restaurantes\/\"]}]},{\"@type\":\"BreadcrumbList\",\"@id\":\"https:\/\/bahiaeconomica.com.br\/wp\/2024\/10\/17\/alta-da-carne-bovina-e-da-energia-eletrica-afeta-os-bares-e-restaurantes\/#breadcrumb\",\"itemListElement\":[{\"@type\":\"ListItem\",\"position\":1,\"name\":\"In\u00edcio\",\"item\":\"https:\/\/bahiaeconomica.com.br\/wp\/\"},{\"@type\":\"ListItem\",\"position\":2,\"name\":\"ALTA DA CARNE BOVINA E DA ENERGIA EL\u00c9TRICA AFETA OS BARES E RESTAURANTES\"}]},{\"@type\":\"WebSite\",\"@id\":\"https:\/\/bahiaeconomica.com.br\/wp\/#website\",\"url\":\"https:\/\/bahiaeconomica.com.br\/wp\/\",\"name\":\"Bahia Economica\",\"description\":\"O maior portal de Economia da Bahia\",\"publisher\":{\"@id\":\"https:\/\/bahiaeconomica.com.br\/wp\/#organization\"},\"potentialAction\":[{\"@type\":\"SearchAction\",\"target\":{\"@type\":\"EntryPoint\",\"urlTemplate\":\"https:\/\/bahiaeconomica.com.br\/wp\/?s={search_term_string}\"},\"query-input\":\"required name=search_term_string\"}],\"inLanguage\":\"pt-BR\"},{\"@type\":\"Organization\",\"@id\":\"https:\/\/bahiaeconomica.com.br\/wp\/#organization\",\"name\":\"Bahia Econ\u00f4mica\",\"url\":\"https:\/\/bahiaeconomica.com.br\/wp\/\",\"logo\":{\"@type\":\"ImageObject\",\"inLanguage\":\"pt-BR\",\"@id\":\"https:\/\/bahiaeconomica.com.br\/wp\/#\/schema\/logo\/image\/\",\"url\":\"https:\/\/bahiaeconomica.com.br\/wp\/wp-content\/uploads\/2020\/12\/cropped-BE.png\",\"contentUrl\":\"https:\/\/bahiaeconomica.com.br\/wp\/wp-content\/uploads\/2020\/12\/cropped-BE.png\",\"width\":512,\"height\":512,\"caption\":\"Bahia Econ\u00f4mica\"},\"image\":{\"@id\":\"https:\/\/bahiaeconomica.com.br\/wp\/#\/schema\/logo\/image\/\"},\"sameAs\":[\"https:\/\/www.facebook.com\/bahiaeconomica\"]},{\"@type\":\"Person\",\"@id\":\"https:\/\/bahiaeconomica.com.br\/wp\/#\/schema\/person\/3304d50cfd32353c7d08c39066638997\",\"name\":\"Matheus Souza\",\"sameAs\":[\"http:\/\/www.bahiaeconomica.com.br\"],\"url\":\"https:\/\/bahiaeconomica.com.br\/wp\/author\/matheus-souza\/\"}]}<\/script>\n<!-- \/ Yoast SEO plugin. -->","yoast_head_json":{"title":"ALTA DA CARNE BOVINA E DA ENERGIA EL\u00c9TRICA AFETA OS BARES E RESTAURANTES - Bahia Economica","description":"O maior portal de Economia da Bahia DESTAQUE DO DIA, ECONOMIA \/ POL\u00cdTICA Bahia Economica","robots":{"index":"index","follow":"follow","max-snippet":"max-snippet:-1","max-image-preview":"max-image-preview:large","max-video-preview":"max-video-preview:-1"},"canonical":"https:\/\/bahiaeconomica.com.br\/wp\/2024\/10\/17\/alta-da-carne-bovina-e-da-energia-eletrica-afeta-os-bares-e-restaurantes\/","og_locale":"pt_BR","og_type":"article","og_title":"ALTA DA CARNE BOVINA E DA ENERGIA EL\u00c9TRICA AFETA OS BARES E RESTAURANTES - Bahia Economica","og_description":"O maior portal de Economia da Bahia DESTAQUE DO DIA, ECONOMIA \/ POL\u00cdTICA Bahia Economica","og_url":"https:\/\/bahiaeconomica.com.br\/wp\/2024\/10\/17\/alta-da-carne-bovina-e-da-energia-eletrica-afeta-os-bares-e-restaurantes\/","og_site_name":"Bahia Economica","article_publisher":"https:\/\/www.facebook.com\/bahiaeconomica","article_published_time":"2024-10-17T21:58:35+00:00","article_modified_time":"2024-10-17T20:44:20+00:00","og_image":[{"width":500,"height":332,"url":"https:\/\/bahiaeconomica.com.br\/wp\/wp-content\/uploads\/2021\/06\/criacao-de-bovino.jpg","type":"image\/jpeg"}],"author":"Matheus Souza","twitter_card":"summary_large_image","twitter_misc":{"Escrito por":"Matheus Souza","Est. tempo de leitura":"3 minutos"},"schema":{"@context":"https:\/\/schema.org","@graph":[{"@type":"Article","@id":"https:\/\/bahiaeconomica.com.br\/wp\/2024\/10\/17\/alta-da-carne-bovina-e-da-energia-eletrica-afeta-os-bares-e-restaurantes\/#article","isPartOf":{"@id":"https:\/\/bahiaeconomica.com.br\/wp\/2024\/10\/17\/alta-da-carne-bovina-e-da-energia-eletrica-afeta-os-bares-e-restaurantes\/"},"author":{"name":"Matheus Souza","@id":"https:\/\/bahiaeconomica.com.br\/wp\/#\/schema\/person\/3304d50cfd32353c7d08c39066638997"},"headline":"ALTA DA CARNE BOVINA E DA ENERGIA EL\u00c9TRICA AFETA OS BARES E RESTAURANTES","datePublished":"2024-10-17T21:58:35+00:00","dateModified":"2024-10-17T20:44:20+00:00","mainEntityOfPage":{"@id":"https:\/\/bahiaeconomica.com.br\/wp\/2024\/10\/17\/alta-da-carne-bovina-e-da-energia-eletrica-afeta-os-bares-e-restaurantes\/"},"wordCount":501,"publisher":{"@id":"https:\/\/bahiaeconomica.com.br\/wp\/#organization"},"keywords":["alta","BARES","carne bovina","energia el\u00e9trica","restaurantes"],"articleSection":["DESTAQUE DO DIA","ECONOMIA \/ POL\u00cdTICA"],"inLanguage":"pt-BR"},{"@type":"WebPage","@id":"https:\/\/bahiaeconomica.com.br\/wp\/2024\/10\/17\/alta-da-carne-bovina-e-da-energia-eletrica-afeta-os-bares-e-restaurantes\/","url":"https:\/\/bahiaeconomica.com.br\/wp\/2024\/10\/17\/alta-da-carne-bovina-e-da-energia-eletrica-afeta-os-bares-e-restaurantes\/","name":"ALTA DA CARNE BOVINA E DA ENERGIA EL\u00c9TRICA AFETA OS BARES E RESTAURANTES - Bahia Economica","isPartOf":{"@id":"https:\/\/bahiaeconomica.com.br\/wp\/#website"},"datePublished":"2024-10-17T21:58:35+00:00","dateModified":"2024-10-17T20:44:20+00:00","description":"O maior portal de Economia da Bahia DESTAQUE DO DIA, ECONOMIA \/ POL\u00cdTICA Bahia Economica","breadcrumb":{"@id":"https:\/\/bahiaeconomica.com.br\/wp\/2024\/10\/17\/alta-da-carne-bovina-e-da-energia-eletrica-afeta-os-bares-e-restaurantes\/#breadcrumb"},"inLanguage":"pt-BR","potentialAction":[{"@type":"ReadAction","target":["https:\/\/bahiaeconomica.com.br\/wp\/2024\/10\/17\/alta-da-carne-bovina-e-da-energia-eletrica-afeta-os-bares-e-restaurantes\/"]}]},{"@type":"BreadcrumbList","@id":"https:\/\/bahiaeconomica.com.br\/wp\/2024\/10\/17\/alta-da-carne-bovina-e-da-energia-eletrica-afeta-os-bares-e-restaurantes\/#breadcrumb","itemListElement":[{"@type":"ListItem","position":1,"name":"In\u00edcio","item":"https:\/\/bahiaeconomica.com.br\/wp\/"},{"@type":"ListItem","position":2,"name":"ALTA DA CARNE BOVINA E DA ENERGIA EL\u00c9TRICA AFETA OS BARES E RESTAURANTES"}]},{"@type":"WebSite","@id":"https:\/\/bahiaeconomica.com.br\/wp\/#website","url":"https:\/\/bahiaeconomica.com.br\/wp\/","name":"Bahia Economica","description":"O maior portal de Economia da Bahia","publisher":{"@id":"https:\/\/bahiaeconomica.com.br\/wp\/#organization"},"potentialAction":[{"@type":"SearchAction","target":{"@type":"EntryPoint","urlTemplate":"https:\/\/bahiaeconomica.com.br\/wp\/?s={search_term_string}"},"query-input":"required name=search_term_string"}],"inLanguage":"pt-BR"},{"@type":"Organization","@id":"https:\/\/bahiaeconomica.com.br\/wp\/#organization","name":"Bahia Econ\u00f4mica","url":"https:\/\/bahiaeconomica.com.br\/wp\/","logo":{"@type":"ImageObject","inLanguage":"pt-BR","@id":"https:\/\/bahiaeconomica.com.br\/wp\/#\/schema\/logo\/image\/","url":"https:\/\/bahiaeconomica.com.br\/wp\/wp-content\/uploads\/2020\/12\/cropped-BE.png","contentUrl":"https:\/\/bahiaeconomica.com.br\/wp\/wp-content\/uploads\/2020\/12\/cropped-BE.png","width":512,"height":512,"caption":"Bahia Econ\u00f4mica"},"image":{"@id":"https:\/\/bahiaeconomica.com.br\/wp\/#\/schema\/logo\/image\/"},"sameAs":["https:\/\/www.facebook.com\/bahiaeconomica"]},{"@type":"Person","@id":"https:\/\/bahiaeconomica.com.br\/wp\/#\/schema\/person\/3304d50cfd32353c7d08c39066638997","name":"Matheus Souza","sameAs":["http:\/\/www.bahiaeconomica.com.br"],"url":"https:\/\/bahiaeconomica.com.br\/wp\/author\/matheus-souza\/"}]}},"views":38,"_links":{"self":[{"href":"https:\/\/bahiaeconomica.com.br\/wp\/wp-json\/wp\/v2\/posts\/852965"}],"collection":[{"href":"https:\/\/bahiaeconomica.com.br\/wp\/wp-json\/wp\/v2\/posts"}],"about":[{"href":"https:\/\/bahiaeconomica.com.br\/wp\/wp-json\/wp\/v2\/types\/post"}],"author":[{"embeddable":true,"href":"https:\/\/bahiaeconomica.com.br\/wp\/wp-json\/wp\/v2\/users\/22"}],"replies":[{"embeddable":true,"href":"https:\/\/bahiaeconomica.com.br\/wp\/wp-json\/wp\/v2\/comments?post=852965"}],"version-history":[{"count":1,"href":"https:\/\/bahiaeconomica.com.br\/wp\/wp-json\/wp\/v2\/posts\/852965\/revisions"}],"predecessor-version":[{"id":852966,"href":"https:\/\/bahiaeconomica.com.br\/wp\/wp-json\/wp\/v2\/posts\/852965\/revisions\/852966"}],"wp:featuredmedia":[{"embeddable":true,"href":"https:\/\/bahiaeconomica.com.br\/wp\/wp-json\/wp\/v2\/media\/577716"}],"wp:attachment":[{"href":"https:\/\/bahiaeconomica.com.br\/wp\/wp-json\/wp\/v2\/media?parent=852965"}],"wp:term":[{"taxonomy":"category","embeddable":true,"href":"https:\/\/bahiaeconomica.com.br\/wp\/wp-json\/wp\/v2\/categories?post=852965"},{"taxonomy":"post_tag","embeddable":true,"href":"https:\/\/bahiaeconomica.com.br\/wp\/wp-json\/wp\/v2\/tags?post=852965"}],"curies":[{"name":"wp","href":"https:\/\/api.w.org\/{rel}","templated":true}]}}