{"id":852684,"date":"2024-10-16T19:30:13","date_gmt":"2024-10-16T22:30:13","guid":{"rendered":"https:\/\/bahiaeconomica.com.br\/wp\/?p=852684"},"modified":"2024-10-16T19:30:13","modified_gmt":"2024-10-16T22:30:13","slug":"ipac-participa-de-programacao-da-casa-do-patrimonio-durante-a-12a-edicao-da-flica","status":"publish","type":"post","link":"https:\/\/bahiaeconomica.com.br\/wp\/2024\/10\/16\/ipac-participa-de-programacao-da-casa-do-patrimonio-durante-a-12a-edicao-da-flica\/","title":{"rendered":"IPAC PARTICIPA DE PROGRAMA\u00c7\u00c3O DA CASA DO PATRIM\u00d4NIO, DURANTE A 12\u00aa EDI\u00c7\u00c3O DA FLICA"},"content":{"rendered":"<div class=\"v1elementToProof\"><b>IPAC participa de programa\u00e7\u00e3o da Casa do Patrim\u00f4nio, durante a 12\u00aa edi\u00e7\u00e3o da FLICA<\/b><\/div>\n<div id=\"v1Signature\" class=\"v1elementToProof\">\n<div align=\"center\"><\/div>\n<div>A 12\u00b0 Feira Liter\u00e1ria Internacional de Cachoeira (Flica), al\u00e9m de sua extensa programa\u00e7\u00e3o, celebrar\u00e1 tamb\u00e9m o Patrim\u00f4nio Cultural do Rec\u00f4ncavo Baiano. Entre os destaques da programa\u00e7\u00e3o est\u00e1 a Casa do Patrim\u00f4nio, que ser\u00e1 o centro de reflex\u00f5es sobre a diversidade e riqueza cultural da Bahia.<\/div>\n<div><\/div>\n<div>A programa\u00e7\u00e3o realizada em parceria entre o Instituto do Patrim\u00f4nio Hist\u00f3rico e Art\u00edstico Nacional (IPHAN) e o Instituto do Patrim\u00f4nio Art\u00edstico e Cultural da Bahia (IPAC), unidade vinculada \u00e0 Secretaria de Cultura do Estado (SecultBa), ter\u00e1 in\u00edcio \u00e0s 18h30, desta quinta-feira (17), na Funda\u00e7\u00e3o Hansen Bahia.<\/div>\n<div><\/div>\n<div>As atividades na Casa do Patrim\u00f4nio acontecem at\u00e9 s\u00e1bado (19) com oficinas, interven\u00e7\u00f5es culturais, exposi\u00e7\u00f5es fotogr\u00e1ficas, rodas de conversa e debates abordando temas que v\u00e3o desde as narrativas de resist\u00eancia e saberes tradicionais at\u00e9 as pr\u00e1ticas culturais afro-diasp\u00f3ricas, que definem a identidade do Rec\u00f4ncavo.<\/div>\n<div><\/div>\n<div>O espa\u00e7o traz ainda discuss\u00f5es essenciais sobre Patrim\u00f4nio, como uma mesa tem\u00e1tica sobre as narrativas do patrim\u00f4nio cultural religioso, al\u00e9m da celebra\u00e7\u00e3o da cultura local com apresenta\u00e7\u00f5es do Samba de Roda Suspiro do Iguape e tamb\u00e9m uma discuss\u00e3o sobre o modo de fazer o tradicional licor de Cachoeira, uma pr\u00e1tica secular que atravessa gera\u00e7\u00f5es.<\/div>\n<div><\/div>\n<div><b>Veja a programa\u00e7\u00e3o completa:<\/b><\/div>\n<div><\/div>\n<div><b>Quinta-Feira (17\/10)<\/b><\/div>\n<div><\/div>\n<div><b>18h30 \u2013 Mesa de Abertura: Patrim\u00f4nio Cultural Imaterial, Afro-Brasileira e a Pol\u00edtica de Salvaguarda<\/b><\/div>\n<div><\/div>\n<div>Mestra Alva C\u00e9lia \u2013 Mestra Sambadeira de S\u00e3o Francisco do Conde<br \/>\nMestre Bule-Bule \u2013 Mestre da Cultura Popular<br \/>\nProf. Dr. Jos\u00e9 Raimundo \u2013 F\u00f3rum de Patrim\u00f4nio Cultural do Rec\u00f4ncavo \u2013 UFRB<br \/>\nGilmar Faro \u2013 Presidente do Conselho Estadual de Cultura da Bahia<br \/>\nMarcelo Lemos \u2013 Diretor Geral do IPAC\/ SECULT \u2013 BA<br \/>\nHermano Queiroz \u2013 Superintendente do IPHAN &#8211; BA<br \/>\nMedia\u00e7\u00e3o: Jomar Lima &#8211; Coordenador Executivo da Funda\u00e7\u00e3o Hansen Bahia<\/div>\n<div><\/div>\n<div><b>19h30 \u2013 Interven\u00e7\u00e3o Cultural: Mestre Bule- Bule<\/b><\/div>\n<div><\/div>\n<div><b>Sexta-Feira (18\/10)<\/b><\/div>\n<div><\/div>\n<div><b>9h \u2013 Roda: Os Registros Visuais do Patrim\u00f4nio Cultural Imaterial<\/b><\/div>\n<div><\/div>\n<div>Mestre Rosildo do Ros\u00e1rio \u2013 Marujada Fragata Brasileira<br \/>\nFernando Barbosa- Fotografo IPAC<br \/>\nMedia\u00e7\u00e3o: Prof. Dra. Ana Claudia Souza \u2013 UNILAB<\/div>\n<div><\/div>\n<div><b>11h \u2013 Interven\u00e7\u00e3o Cultural: Oficina de fotografia<\/b><\/div>\n<div><\/div>\n<div>Fernando Barbosa \u2013 IPAC<\/div>\n<div><\/div>\n<div><b>14h \u2013 Roda: Literatura de Cordel por Elas<\/b><\/div>\n<div><\/div>\n<div>Mestra Lainha \u2013 Cordelista &#8211; Ilh\u00e9us \u2013 BA<br \/>\nJuliana Maciel \u2013 Cordelista &#8211; Ouri\u00e7angas &#8211; BA<br \/>\nCreusa Meira \u2013 Cordelista \u2013 Dom Bas\u00edlio \u2013 BA<br \/>\nMedia\u00e7\u00e3o: Olivia Silva &#8211; IPAC<\/div>\n<div><\/div>\n<div><b>15h30 \u2013 Interven\u00e7\u00e3o Cultural: Apresenta\u00e7\u00e3o de Cordel &#8211; Mestra Lainha<\/b><\/div>\n<div><\/div>\n<div><b>16h \u2013 Roda: O Modo de Fazer tradicional do Licor de Cachoeira<\/b><\/div>\n<div><\/div>\n<div>Tia Rosa \u2013 Detentora Cultural<br \/>\nAriosto Dantas Luz \u2013 Sommelier<br \/>\nRosivaldo Pinto &#8211; Presidente da associa\u00e7\u00e3o dos fabricantes de licor<br \/>\nMedia\u00e7\u00e3o: Funda\u00e7\u00e3o Hansen Bahia \u2013 OSC respons\u00e1vel por realizar o Invent\u00e1rio do Modo de Fazer Tradicional do Licor de Cachoeira<\/div>\n<div><\/div>\n<div><b>18h \u2013 Interven\u00e7\u00e3o Cultural: Danton do Acordeom &#8211; Matrizes Tradicionais do Forr\u00f3<\/b><\/div>\n<div><b>S\u00e1bado (19\/10) \u00a0<\/b><\/div>\n<div><\/div>\n<div><b>9h30 \u2013 Roda: Proseando com o Samba de Roda Grupo de Samba de Roda Suspiro do Iguape<\/b><\/div>\n<div><\/div>\n<div><b>10h40 &#8211; Apresenta\u00e7\u00e3o Grupo de Samba de Roda Suspiro do Iguape<\/b><\/div>\n<div><\/div>\n<div><b>14h &#8211; Roda: Narrativas do patrim\u00f4nio cultural afro-di\u00e1sporicos no Rec\u00f4ncavo Baiano<\/b><\/div>\n<div><\/div>\n<div>Pai Pote \u2013 Bemb\u00e9 do Mercado &#8211; Santo Amaro<br \/>\nPai Duda \u2013 Terreiro Il\u00ea Ax\u00e9 Ici Mimo \u2013 Cachoeira Og\u00e3<br \/>\nL\u00e9o Catita \u2013 Terreiro Ro\u00e7a do Ventura \u2013 Cachoeira<br \/>\nProf. Me. Antonioni Afonso &#8211; Pesquisador do Milonga &#8211; Laborat\u00f3rio de Pesquisa e Extens\u00e3o em Direitos Humanos, Pol\u00edticas P\u00fablicas, Gest\u00e3o da Diversidade e Tecnologia \u2013 UFBA<br \/>\nProfa. Dra. Ana Rita Ara\u00fajo Machado \u2013 UNEB<br \/>\nMedia\u00e7\u00e3o: Adriana Cerqueira &#8211; IPAC<\/div>\n<div><\/div>\n<div><b>16h \u2013 Encerramento: Ana Paula Albuquerque<\/b><\/div>\n<div><\/div>\n<\/div>\n<div id=\"v1Signature\" class=\"v1elementToProof\">\n<div><b>17 a 19 de outubro<\/b><\/div>\n<div><\/div>\n<div><b>EXPOSI\u00c7\u00d5ES DAS 9h \u00e0s 18h<\/b><\/div>\n<div><\/div>\n<div>&#8220;Bahia de Saberes e Fazeres: o legado do Patrim\u00f4nio Imaterial&#8221;, por Fernando Barbosa, fot\u00f3grafo do IPAC<br \/>\n&#8220;Retratos com os sagrados&#8221;, por Milton Marinho<br \/>\n&#8220;Negreiros, um pensamento afro-atl\u00e2ntico&#8221;, por Marcelo Reis<br \/>\n&#8220;Pano da Costa-Malota Kamulenge da Gomeia&#8221;, por Leda Maria Sant&#8217;ana Camara<\/div>\n<\/div>\n","protected":false},"excerpt":{"rendered":"<p>IPAC participa de programa\u00e7\u00e3o da Casa do Patrim\u00f4nio, durante a 12\u00aa edi\u00e7\u00e3o da FLICA A 12\u00b0 Feira Liter\u00e1ria Internacional de Cachoeira (Flica), al\u00e9m de sua extensa programa\u00e7\u00e3o, celebrar\u00e1 tamb\u00e9m o Patrim\u00f4nio Cultural do Rec\u00f4ncavo Baiano. Entre os destaques da programa\u00e7\u00e3o est\u00e1 a Casa do Patrim\u00f4nio, que ser\u00e1 o centro de reflex\u00f5es sobre a diversidade e [&hellip;]<\/p>\n","protected":false},"author":22,"featured_media":820998,"comment_status":"closed","ping_status":"closed","sticky":false,"template":"","format":"standard","meta":[],"categories":[689],"tags":[4584,4040],"acf":[],"yoast_head":"<!-- This site is optimized with the Yoast SEO plugin v20.8 - https:\/\/yoast.com\/wordpress\/plugins\/seo\/ -->\n<title>IPAC PARTICIPA DE PROGRAMA\u00c7\u00c3O DA CASA DO PATRIM\u00d4NIO, DURANTE A 12\u00aa EDI\u00c7\u00c3O DA FLICA - Bahia Economica<\/title>\n<meta name=\"description\" content=\"O maior portal de Economia da Bahia CULTURA E ARTE Bahia Economica\" \/>\n<meta name=\"robots\" content=\"index, follow, max-snippet:-1, max-image-preview:large, max-video-preview:-1\" \/>\n<link rel=\"canonical\" href=\"https:\/\/bahiaeconomica.com.br\/wp\/2024\/10\/16\/ipac-participa-de-programacao-da-casa-do-patrimonio-durante-a-12a-edicao-da-flica\/\" \/>\n<meta property=\"og:locale\" content=\"pt_BR\" \/>\n<meta property=\"og:type\" content=\"article\" \/>\n<meta property=\"og:title\" content=\"IPAC PARTICIPA DE PROGRAMA\u00c7\u00c3O DA CASA DO PATRIM\u00d4NIO, DURANTE A 12\u00aa EDI\u00c7\u00c3O DA FLICA - Bahia Economica\" \/>\n<meta property=\"og:description\" content=\"O maior portal de Economia da Bahia CULTURA E ARTE Bahia Economica\" \/>\n<meta property=\"og:url\" content=\"https:\/\/bahiaeconomica.com.br\/wp\/2024\/10\/16\/ipac-participa-de-programacao-da-casa-do-patrimonio-durante-a-12a-edicao-da-flica\/\" \/>\n<meta property=\"og:site_name\" content=\"Bahia Economica\" \/>\n<meta property=\"article:publisher\" content=\"https:\/\/www.facebook.com\/bahiaeconomica\" \/>\n<meta property=\"article:published_time\" content=\"2024-10-16T22:30:13+00:00\" \/>\n<meta property=\"og:image\" content=\"https:\/\/bahiaeconomica.com.br\/wp\/wp-content\/uploads\/2024\/05\/MAB_Fernando-Barbosa-IPAC-scaled.jpeg\" \/>\n\t<meta property=\"og:image:width\" content=\"2560\" \/>\n\t<meta property=\"og:image:height\" content=\"1705\" \/>\n\t<meta property=\"og:image:type\" content=\"image\/jpeg\" \/>\n<meta name=\"author\" content=\"Matheus Souza\" \/>\n<meta name=\"twitter:card\" content=\"summary_large_image\" \/>\n<meta name=\"twitter:label1\" content=\"Escrito por\" \/>\n\t<meta name=\"twitter:data1\" content=\"Matheus Souza\" \/>\n\t<meta name=\"twitter:label2\" content=\"Est. tempo de leitura\" \/>\n\t<meta name=\"twitter:data2\" content=\"4 minutos\" \/>\n<script type=\"application\/ld+json\" class=\"yoast-schema-graph\">{\"@context\":\"https:\/\/schema.org\",\"@graph\":[{\"@type\":\"Article\",\"@id\":\"https:\/\/bahiaeconomica.com.br\/wp\/2024\/10\/16\/ipac-participa-de-programacao-da-casa-do-patrimonio-durante-a-12a-edicao-da-flica\/#article\",\"isPartOf\":{\"@id\":\"https:\/\/bahiaeconomica.com.br\/wp\/2024\/10\/16\/ipac-participa-de-programacao-da-casa-do-patrimonio-durante-a-12a-edicao-da-flica\/\"},\"author\":{\"name\":\"Matheus Souza\",\"@id\":\"https:\/\/bahiaeconomica.com.br\/wp\/#\/schema\/person\/3304d50cfd32353c7d08c39066638997\"},\"headline\":\"IPAC PARTICIPA DE PROGRAMA\u00c7\u00c3O DA CASA DO PATRIM\u00d4NIO, DURANTE A 12\u00aa EDI\u00c7\u00c3O DA FLICA\",\"datePublished\":\"2024-10-16T22:30:13+00:00\",\"dateModified\":\"2024-10-16T22:30:13+00:00\",\"mainEntityOfPage\":{\"@id\":\"https:\/\/bahiaeconomica.com.br\/wp\/2024\/10\/16\/ipac-participa-de-programacao-da-casa-do-patrimonio-durante-a-12a-edicao-da-flica\/\"},\"wordCount\":678,\"publisher\":{\"@id\":\"https:\/\/bahiaeconomica.com.br\/wp\/#organization\"},\"keywords\":[\"Ipac\",\"programa\u00e7\u00e3o\"],\"articleSection\":[\"CULTURA E ARTE\"],\"inLanguage\":\"pt-BR\"},{\"@type\":\"WebPage\",\"@id\":\"https:\/\/bahiaeconomica.com.br\/wp\/2024\/10\/16\/ipac-participa-de-programacao-da-casa-do-patrimonio-durante-a-12a-edicao-da-flica\/\",\"url\":\"https:\/\/bahiaeconomica.com.br\/wp\/2024\/10\/16\/ipac-participa-de-programacao-da-casa-do-patrimonio-durante-a-12a-edicao-da-flica\/\",\"name\":\"IPAC PARTICIPA DE PROGRAMA\u00c7\u00c3O DA CASA DO PATRIM\u00d4NIO, DURANTE A 12\u00aa EDI\u00c7\u00c3O DA FLICA - Bahia Economica\",\"isPartOf\":{\"@id\":\"https:\/\/bahiaeconomica.com.br\/wp\/#website\"},\"datePublished\":\"2024-10-16T22:30:13+00:00\",\"dateModified\":\"2024-10-16T22:30:13+00:00\",\"description\":\"O maior portal de Economia da Bahia CULTURA E ARTE Bahia Economica\",\"breadcrumb\":{\"@id\":\"https:\/\/bahiaeconomica.com.br\/wp\/2024\/10\/16\/ipac-participa-de-programacao-da-casa-do-patrimonio-durante-a-12a-edicao-da-flica\/#breadcrumb\"},\"inLanguage\":\"pt-BR\",\"potentialAction\":[{\"@type\":\"ReadAction\",\"target\":[\"https:\/\/bahiaeconomica.com.br\/wp\/2024\/10\/16\/ipac-participa-de-programacao-da-casa-do-patrimonio-durante-a-12a-edicao-da-flica\/\"]}]},{\"@type\":\"BreadcrumbList\",\"@id\":\"https:\/\/bahiaeconomica.com.br\/wp\/2024\/10\/16\/ipac-participa-de-programacao-da-casa-do-patrimonio-durante-a-12a-edicao-da-flica\/#breadcrumb\",\"itemListElement\":[{\"@type\":\"ListItem\",\"position\":1,\"name\":\"In\u00edcio\",\"item\":\"https:\/\/bahiaeconomica.com.br\/wp\/\"},{\"@type\":\"ListItem\",\"position\":2,\"name\":\"IPAC PARTICIPA DE PROGRAMA\u00c7\u00c3O DA CASA DO PATRIM\u00d4NIO, DURANTE A 12\u00aa EDI\u00c7\u00c3O DA FLICA\"}]},{\"@type\":\"WebSite\",\"@id\":\"https:\/\/bahiaeconomica.com.br\/wp\/#website\",\"url\":\"https:\/\/bahiaeconomica.com.br\/wp\/\",\"name\":\"Bahia Economica\",\"description\":\"O maior portal de Economia da Bahia\",\"publisher\":{\"@id\":\"https:\/\/bahiaeconomica.com.br\/wp\/#organization\"},\"potentialAction\":[{\"@type\":\"SearchAction\",\"target\":{\"@type\":\"EntryPoint\",\"urlTemplate\":\"https:\/\/bahiaeconomica.com.br\/wp\/?s={search_term_string}\"},\"query-input\":\"required name=search_term_string\"}],\"inLanguage\":\"pt-BR\"},{\"@type\":\"Organization\",\"@id\":\"https:\/\/bahiaeconomica.com.br\/wp\/#organization\",\"name\":\"Bahia Econ\u00f4mica\",\"url\":\"https:\/\/bahiaeconomica.com.br\/wp\/\",\"logo\":{\"@type\":\"ImageObject\",\"inLanguage\":\"pt-BR\",\"@id\":\"https:\/\/bahiaeconomica.com.br\/wp\/#\/schema\/logo\/image\/\",\"url\":\"https:\/\/bahiaeconomica.com.br\/wp\/wp-content\/uploads\/2020\/12\/cropped-BE.png\",\"contentUrl\":\"https:\/\/bahiaeconomica.com.br\/wp\/wp-content\/uploads\/2020\/12\/cropped-BE.png\",\"width\":512,\"height\":512,\"caption\":\"Bahia Econ\u00f4mica\"},\"image\":{\"@id\":\"https:\/\/bahiaeconomica.com.br\/wp\/#\/schema\/logo\/image\/\"},\"sameAs\":[\"https:\/\/www.facebook.com\/bahiaeconomica\"]},{\"@type\":\"Person\",\"@id\":\"https:\/\/bahiaeconomica.com.br\/wp\/#\/schema\/person\/3304d50cfd32353c7d08c39066638997\",\"name\":\"Matheus Souza\",\"sameAs\":[\"http:\/\/www.bahiaeconomica.com.br\"],\"url\":\"https:\/\/bahiaeconomica.com.br\/wp\/author\/matheus-souza\/\"}]}<\/script>\n<!-- \/ Yoast SEO plugin. -->","yoast_head_json":{"title":"IPAC PARTICIPA DE PROGRAMA\u00c7\u00c3O DA CASA DO PATRIM\u00d4NIO, DURANTE A 12\u00aa EDI\u00c7\u00c3O DA FLICA - Bahia Economica","description":"O maior portal de Economia da Bahia CULTURA E ARTE Bahia Economica","robots":{"index":"index","follow":"follow","max-snippet":"max-snippet:-1","max-image-preview":"max-image-preview:large","max-video-preview":"max-video-preview:-1"},"canonical":"https:\/\/bahiaeconomica.com.br\/wp\/2024\/10\/16\/ipac-participa-de-programacao-da-casa-do-patrimonio-durante-a-12a-edicao-da-flica\/","og_locale":"pt_BR","og_type":"article","og_title":"IPAC PARTICIPA DE PROGRAMA\u00c7\u00c3O DA CASA DO PATRIM\u00d4NIO, DURANTE A 12\u00aa EDI\u00c7\u00c3O DA FLICA - Bahia Economica","og_description":"O maior portal de Economia da Bahia CULTURA E ARTE Bahia Economica","og_url":"https:\/\/bahiaeconomica.com.br\/wp\/2024\/10\/16\/ipac-participa-de-programacao-da-casa-do-patrimonio-durante-a-12a-edicao-da-flica\/","og_site_name":"Bahia Economica","article_publisher":"https:\/\/www.facebook.com\/bahiaeconomica","article_published_time":"2024-10-16T22:30:13+00:00","og_image":[{"width":2560,"height":1705,"url":"https:\/\/bahiaeconomica.com.br\/wp\/wp-content\/uploads\/2024\/05\/MAB_Fernando-Barbosa-IPAC-scaled.jpeg","type":"image\/jpeg"}],"author":"Matheus Souza","twitter_card":"summary_large_image","twitter_misc":{"Escrito por":"Matheus Souza","Est. tempo de leitura":"4 minutos"},"schema":{"@context":"https:\/\/schema.org","@graph":[{"@type":"Article","@id":"https:\/\/bahiaeconomica.com.br\/wp\/2024\/10\/16\/ipac-participa-de-programacao-da-casa-do-patrimonio-durante-a-12a-edicao-da-flica\/#article","isPartOf":{"@id":"https:\/\/bahiaeconomica.com.br\/wp\/2024\/10\/16\/ipac-participa-de-programacao-da-casa-do-patrimonio-durante-a-12a-edicao-da-flica\/"},"author":{"name":"Matheus Souza","@id":"https:\/\/bahiaeconomica.com.br\/wp\/#\/schema\/person\/3304d50cfd32353c7d08c39066638997"},"headline":"IPAC PARTICIPA DE PROGRAMA\u00c7\u00c3O DA CASA DO PATRIM\u00d4NIO, DURANTE A 12\u00aa EDI\u00c7\u00c3O DA FLICA","datePublished":"2024-10-16T22:30:13+00:00","dateModified":"2024-10-16T22:30:13+00:00","mainEntityOfPage":{"@id":"https:\/\/bahiaeconomica.com.br\/wp\/2024\/10\/16\/ipac-participa-de-programacao-da-casa-do-patrimonio-durante-a-12a-edicao-da-flica\/"},"wordCount":678,"publisher":{"@id":"https:\/\/bahiaeconomica.com.br\/wp\/#organization"},"keywords":["Ipac","programa\u00e7\u00e3o"],"articleSection":["CULTURA E ARTE"],"inLanguage":"pt-BR"},{"@type":"WebPage","@id":"https:\/\/bahiaeconomica.com.br\/wp\/2024\/10\/16\/ipac-participa-de-programacao-da-casa-do-patrimonio-durante-a-12a-edicao-da-flica\/","url":"https:\/\/bahiaeconomica.com.br\/wp\/2024\/10\/16\/ipac-participa-de-programacao-da-casa-do-patrimonio-durante-a-12a-edicao-da-flica\/","name":"IPAC PARTICIPA DE PROGRAMA\u00c7\u00c3O DA CASA DO PATRIM\u00d4NIO, DURANTE A 12\u00aa EDI\u00c7\u00c3O DA FLICA - Bahia Economica","isPartOf":{"@id":"https:\/\/bahiaeconomica.com.br\/wp\/#website"},"datePublished":"2024-10-16T22:30:13+00:00","dateModified":"2024-10-16T22:30:13+00:00","description":"O maior portal de Economia da Bahia CULTURA E ARTE Bahia Economica","breadcrumb":{"@id":"https:\/\/bahiaeconomica.com.br\/wp\/2024\/10\/16\/ipac-participa-de-programacao-da-casa-do-patrimonio-durante-a-12a-edicao-da-flica\/#breadcrumb"},"inLanguage":"pt-BR","potentialAction":[{"@type":"ReadAction","target":["https:\/\/bahiaeconomica.com.br\/wp\/2024\/10\/16\/ipac-participa-de-programacao-da-casa-do-patrimonio-durante-a-12a-edicao-da-flica\/"]}]},{"@type":"BreadcrumbList","@id":"https:\/\/bahiaeconomica.com.br\/wp\/2024\/10\/16\/ipac-participa-de-programacao-da-casa-do-patrimonio-durante-a-12a-edicao-da-flica\/#breadcrumb","itemListElement":[{"@type":"ListItem","position":1,"name":"In\u00edcio","item":"https:\/\/bahiaeconomica.com.br\/wp\/"},{"@type":"ListItem","position":2,"name":"IPAC PARTICIPA DE PROGRAMA\u00c7\u00c3O DA CASA DO PATRIM\u00d4NIO, DURANTE A 12\u00aa EDI\u00c7\u00c3O DA FLICA"}]},{"@type":"WebSite","@id":"https:\/\/bahiaeconomica.com.br\/wp\/#website","url":"https:\/\/bahiaeconomica.com.br\/wp\/","name":"Bahia Economica","description":"O maior portal de Economia da Bahia","publisher":{"@id":"https:\/\/bahiaeconomica.com.br\/wp\/#organization"},"potentialAction":[{"@type":"SearchAction","target":{"@type":"EntryPoint","urlTemplate":"https:\/\/bahiaeconomica.com.br\/wp\/?s={search_term_string}"},"query-input":"required name=search_term_string"}],"inLanguage":"pt-BR"},{"@type":"Organization","@id":"https:\/\/bahiaeconomica.com.br\/wp\/#organization","name":"Bahia Econ\u00f4mica","url":"https:\/\/bahiaeconomica.com.br\/wp\/","logo":{"@type":"ImageObject","inLanguage":"pt-BR","@id":"https:\/\/bahiaeconomica.com.br\/wp\/#\/schema\/logo\/image\/","url":"https:\/\/bahiaeconomica.com.br\/wp\/wp-content\/uploads\/2020\/12\/cropped-BE.png","contentUrl":"https:\/\/bahiaeconomica.com.br\/wp\/wp-content\/uploads\/2020\/12\/cropped-BE.png","width":512,"height":512,"caption":"Bahia Econ\u00f4mica"},"image":{"@id":"https:\/\/bahiaeconomica.com.br\/wp\/#\/schema\/logo\/image\/"},"sameAs":["https:\/\/www.facebook.com\/bahiaeconomica"]},{"@type":"Person","@id":"https:\/\/bahiaeconomica.com.br\/wp\/#\/schema\/person\/3304d50cfd32353c7d08c39066638997","name":"Matheus Souza","sameAs":["http:\/\/www.bahiaeconomica.com.br"],"url":"https:\/\/bahiaeconomica.com.br\/wp\/author\/matheus-souza\/"}]}},"views":5,"_links":{"self":[{"href":"https:\/\/bahiaeconomica.com.br\/wp\/wp-json\/wp\/v2\/posts\/852684"}],"collection":[{"href":"https:\/\/bahiaeconomica.com.br\/wp\/wp-json\/wp\/v2\/posts"}],"about":[{"href":"https:\/\/bahiaeconomica.com.br\/wp\/wp-json\/wp\/v2\/types\/post"}],"author":[{"embeddable":true,"href":"https:\/\/bahiaeconomica.com.br\/wp\/wp-json\/wp\/v2\/users\/22"}],"replies":[{"embeddable":true,"href":"https:\/\/bahiaeconomica.com.br\/wp\/wp-json\/wp\/v2\/comments?post=852684"}],"version-history":[{"count":1,"href":"https:\/\/bahiaeconomica.com.br\/wp\/wp-json\/wp\/v2\/posts\/852684\/revisions"}],"predecessor-version":[{"id":852685,"href":"https:\/\/bahiaeconomica.com.br\/wp\/wp-json\/wp\/v2\/posts\/852684\/revisions\/852685"}],"wp:featuredmedia":[{"embeddable":true,"href":"https:\/\/bahiaeconomica.com.br\/wp\/wp-json\/wp\/v2\/media\/820998"}],"wp:attachment":[{"href":"https:\/\/bahiaeconomica.com.br\/wp\/wp-json\/wp\/v2\/media?parent=852684"}],"wp:term":[{"taxonomy":"category","embeddable":true,"href":"https:\/\/bahiaeconomica.com.br\/wp\/wp-json\/wp\/v2\/categories?post=852684"},{"taxonomy":"post_tag","embeddable":true,"href":"https:\/\/bahiaeconomica.com.br\/wp\/wp-json\/wp\/v2\/tags?post=852684"}],"curies":[{"name":"wp","href":"https:\/\/api.w.org\/{rel}","templated":true}]}}