{"id":852654,"date":"2024-10-16T18:37:42","date_gmt":"2024-10-16T21:37:42","guid":{"rendered":"https:\/\/bahiaeconomica.com.br\/wp\/?p=852654"},"modified":"2024-10-16T17:58:08","modified_gmt":"2024-10-16T20:58:08","slug":"senado-aprova-regras-para-reduzir-emissao-de-gases-de-efeito-estufa","status":"publish","type":"post","link":"https:\/\/bahiaeconomica.com.br\/wp\/2024\/10\/16\/senado-aprova-regras-para-reduzir-emissao-de-gases-de-efeito-estufa\/","title":{"rendered":"SENADO APROVA REGRAS PARA REDUZIR EMISS\u00c3O DE GASES DE EFEITO ESTUFA"},"content":{"rendered":"<p>A Comiss\u00e3o de Meio Ambiente do Senado aprovou, em car\u00e1ter terminativo, o projeto que inclui, na Pol\u00edtica Nacional sobre Mudan\u00e7a do Clima regras que, implementadas, ajudar\u00e3o a reduzir a emiss\u00e3o de gases de efeito estufa. A mat\u00e9ria segue agora para aprecia\u00e7\u00e3o da C\u00e2mara dos Deputados.<\/p>\n<p>Entre as a\u00e7\u00f5es priorit\u00e1rias inclu\u00eddas no projeto de lei (PL 4.364\/2023) est\u00e3o a restaura\u00e7\u00e3o da vegeta\u00e7\u00e3o nativa em \u00e1reas priorit\u00e1rias; o controle e a preven\u00e7\u00e3o do desmatamento; a valoriza\u00e7\u00e3o de recursos naturais e incentivos como o pagamento por servi\u00e7os ambientais com foco na manuten\u00e7\u00e3o, na recupera\u00e7\u00e3o ou na melhoria da cobertura vegetal.<\/p>\n<p>S\u00e3o listadas tamb\u00e9m a\u00e7\u00f5es de apoio \u00e0 pesquisa e ao desenvolvimento de energias renov\u00e1veis; a promo\u00e7\u00e3o da efici\u00eancia energ\u00e9tica e a restaura\u00e7\u00e3o e recupera\u00e7\u00e3o da vegeta\u00e7\u00e3o nativa em \u00e1reas priorit\u00e1rias para os recursos h\u00eddricos e a biodiversidade.<\/p>\n<p>A expectativa dos legisladores \u00e9 viabilizar, em escala cada vez maior, a ado\u00e7\u00e3o de transportes urbanos e rodovi\u00e1rios movidos \u00e0 base de energias renov\u00e1veis. Nesse sentido, o projeto cria mecanismos econ\u00f4micos que tornem tecnologias de baixo carbono atrativas para o setor privado, de forma a facilitar ado\u00e7\u00f5es volunt\u00e1rias.<\/p>\n<p>Al\u00e9m disso, busca favorecer e estimular pesquisas que busquem o desenvolvimento de fontes de energia renov\u00e1veis, bem como dar maior efici\u00eancia energ\u00e9tica para o pa\u00eds. Est\u00e3o previstas tamb\u00e9m articula\u00e7\u00f5es entre entes federais visando pol\u00edticas p\u00fablicas e empresariais voltadas \u00e0 agricultura de baixo carbono e a t\u00e9cnicas de baixa emiss\u00e3o pelo setor industrial.<\/p>\n<p>O projeto tem, como autor, o senador Astronauta Marcos Pontes (PL-SP). A relatoria ficou a cargo de Bene Camacho (PSD-MA). Pontes destacou que a proposta pretende aperfei\u00e7oar a Pol\u00edtica Nacional sobre Mudan\u00e7a do Clima e acelerar a tomada de decis\u00e3o pela sociedade. \u201cN\u00e3o se pode mais ficar esperando. O prazo j\u00e1 passou. \u00c9 preciso fazer hoje. N\u00e3o \u00e9 s\u00f3 o Brasil, mas o mundo todo tem de se juntar\u201d, disse o senador.<\/p>\n<p>De acordo com Camacho, o projeto torna as tecnologias de baixo carbono economicamente mais atrativas para o setor privado, ao combinar incentivos econ\u00f4micos, desenvolvimento tecnol\u00f3gico e pol\u00edticas setoriais espec\u00edficas. Segundo ele, a proposta demonstra \u201cpotencial para contribuir significativamente com os esfor\u00e7os de mitiga\u00e7\u00e3o clim\u00e1tica do pa\u00eds\u201d.<\/p>\n<p>Foto: Fabio Rodrigues Pozzebom\/Ag\u00eancia Brasil\/Arquivo<br \/>\nFonte: Ag\u00eancia Brasil<\/p>\n","protected":false},"excerpt":{"rendered":"<p>A Comiss\u00e3o de Meio Ambiente do Senado aprovou, em car\u00e1ter terminativo, o projeto que inclui, na Pol\u00edtica Nacional sobre Mudan\u00e7a do Clima regras que, implementadas, ajudar\u00e3o a reduzir a emiss\u00e3o de gases de efeito estufa. A mat\u00e9ria segue agora para aprecia\u00e7\u00e3o da C\u00e2mara dos Deputados. Entre as a\u00e7\u00f5es priorit\u00e1rias inclu\u00eddas no projeto de lei (PL [&hellip;]<\/p>\n","protected":false},"author":16,"featured_media":852656,"comment_status":"closed","ping_status":"closed","sticky":false,"template":"","format":"standard","meta":[],"categories":[14601],"tags":[33920,100,855],"acf":[],"yoast_head":"<!-- This site is optimized with the Yoast SEO plugin v20.8 - https:\/\/yoast.com\/wordpress\/plugins\/seo\/ -->\n<title>SENADO APROVA REGRAS PARA REDUZIR EMISS\u00c3O DE GASES DE EFEITO ESTUFA - Bahia Economica<\/title>\n<meta name=\"description\" content=\"O maior portal de Economia da Bahia Pol\u00edtica Bahia Economica\" \/>\n<meta name=\"robots\" content=\"index, follow, max-snippet:-1, max-image-preview:large, max-video-preview:-1\" \/>\n<link rel=\"canonical\" href=\"https:\/\/bahiaeconomica.com.br\/wp\/2024\/10\/16\/senado-aprova-regras-para-reduzir-emissao-de-gases-de-efeito-estufa\/\" \/>\n<meta property=\"og:locale\" content=\"pt_BR\" \/>\n<meta property=\"og:type\" content=\"article\" \/>\n<meta property=\"og:title\" content=\"SENADO APROVA REGRAS PARA REDUZIR EMISS\u00c3O DE GASES DE EFEITO ESTUFA - Bahia Economica\" \/>\n<meta property=\"og:description\" content=\"O maior portal de Economia da Bahia Pol\u00edtica Bahia Economica\" \/>\n<meta property=\"og:url\" content=\"https:\/\/bahiaeconomica.com.br\/wp\/2024\/10\/16\/senado-aprova-regras-para-reduzir-emissao-de-gases-de-efeito-estufa\/\" \/>\n<meta property=\"og:site_name\" content=\"Bahia Economica\" \/>\n<meta property=\"article:publisher\" content=\"https:\/\/www.facebook.com\/bahiaeconomica\" \/>\n<meta property=\"article:published_time\" content=\"2024-10-16T21:37:42+00:00\" \/>\n<meta property=\"article:modified_time\" content=\"2024-10-16T20:58:08+00:00\" \/>\n<meta property=\"og:image\" content=\"https:\/\/bahiaeconomica.com.br\/wp\/wp-content\/uploads\/2024\/10\/pzzb2009-2.jpg\" \/>\n\t<meta property=\"og:image:width\" content=\"1170\" \/>\n\t<meta property=\"og:image:height\" content=\"700\" \/>\n\t<meta property=\"og:image:type\" content=\"image\/jpeg\" \/>\n<meta name=\"author\" content=\"LUIZA NASCIMENTO\" \/>\n<meta name=\"twitter:card\" content=\"summary_large_image\" \/>\n<meta name=\"twitter:label1\" content=\"Escrito por\" \/>\n\t<meta name=\"twitter:data1\" content=\"LUIZA NASCIMENTO\" \/>\n\t<meta name=\"twitter:label2\" content=\"Est. tempo de leitura\" \/>\n\t<meta name=\"twitter:data2\" content=\"2 minutos\" \/>\n<script type=\"application\/ld+json\" class=\"yoast-schema-graph\">{\"@context\":\"https:\/\/schema.org\",\"@graph\":[{\"@type\":\"Article\",\"@id\":\"https:\/\/bahiaeconomica.com.br\/wp\/2024\/10\/16\/senado-aprova-regras-para-reduzir-emissao-de-gases-de-efeito-estufa\/#article\",\"isPartOf\":{\"@id\":\"https:\/\/bahiaeconomica.com.br\/wp\/2024\/10\/16\/senado-aprova-regras-para-reduzir-emissao-de-gases-de-efeito-estufa\/\"},\"author\":{\"name\":\"LUIZA NASCIMENTO\",\"@id\":\"https:\/\/bahiaeconomica.com.br\/wp\/#\/schema\/person\/18273ac0fe04bfd4e7b101bf17d40152\"},\"headline\":\"SENADO APROVA REGRAS PARA REDUZIR EMISS\u00c3O DE GASES DE EFEITO ESTUFA\",\"datePublished\":\"2024-10-16T21:37:42+00:00\",\"dateModified\":\"2024-10-16T20:58:08+00:00\",\"mainEntityOfPage\":{\"@id\":\"https:\/\/bahiaeconomica.com.br\/wp\/2024\/10\/16\/senado-aprova-regras-para-reduzir-emissao-de-gases-de-efeito-estufa\/\"},\"wordCount\":434,\"publisher\":{\"@id\":\"https:\/\/bahiaeconomica.com.br\/wp\/#organization\"},\"keywords\":[\"esfeito estufa\",\"Pol\u00edtica\",\"senado\"],\"articleSection\":[\"Pol\u00edtica\"],\"inLanguage\":\"pt-BR\"},{\"@type\":\"WebPage\",\"@id\":\"https:\/\/bahiaeconomica.com.br\/wp\/2024\/10\/16\/senado-aprova-regras-para-reduzir-emissao-de-gases-de-efeito-estufa\/\",\"url\":\"https:\/\/bahiaeconomica.com.br\/wp\/2024\/10\/16\/senado-aprova-regras-para-reduzir-emissao-de-gases-de-efeito-estufa\/\",\"name\":\"SENADO APROVA REGRAS PARA REDUZIR EMISS\u00c3O DE GASES DE EFEITO ESTUFA - Bahia Economica\",\"isPartOf\":{\"@id\":\"https:\/\/bahiaeconomica.com.br\/wp\/#website\"},\"datePublished\":\"2024-10-16T21:37:42+00:00\",\"dateModified\":\"2024-10-16T20:58:08+00:00\",\"description\":\"O maior portal de Economia da Bahia Pol\u00edtica Bahia Economica\",\"breadcrumb\":{\"@id\":\"https:\/\/bahiaeconomica.com.br\/wp\/2024\/10\/16\/senado-aprova-regras-para-reduzir-emissao-de-gases-de-efeito-estufa\/#breadcrumb\"},\"inLanguage\":\"pt-BR\",\"potentialAction\":[{\"@type\":\"ReadAction\",\"target\":[\"https:\/\/bahiaeconomica.com.br\/wp\/2024\/10\/16\/senado-aprova-regras-para-reduzir-emissao-de-gases-de-efeito-estufa\/\"]}]},{\"@type\":\"BreadcrumbList\",\"@id\":\"https:\/\/bahiaeconomica.com.br\/wp\/2024\/10\/16\/senado-aprova-regras-para-reduzir-emissao-de-gases-de-efeito-estufa\/#breadcrumb\",\"itemListElement\":[{\"@type\":\"ListItem\",\"position\":1,\"name\":\"In\u00edcio\",\"item\":\"https:\/\/bahiaeconomica.com.br\/wp\/\"},{\"@type\":\"ListItem\",\"position\":2,\"name\":\"SENADO APROVA REGRAS PARA REDUZIR EMISS\u00c3O DE GASES DE EFEITO ESTUFA\"}]},{\"@type\":\"WebSite\",\"@id\":\"https:\/\/bahiaeconomica.com.br\/wp\/#website\",\"url\":\"https:\/\/bahiaeconomica.com.br\/wp\/\",\"name\":\"Bahia Economica\",\"description\":\"O maior portal de Economia da Bahia\",\"publisher\":{\"@id\":\"https:\/\/bahiaeconomica.com.br\/wp\/#organization\"},\"potentialAction\":[{\"@type\":\"SearchAction\",\"target\":{\"@type\":\"EntryPoint\",\"urlTemplate\":\"https:\/\/bahiaeconomica.com.br\/wp\/?s={search_term_string}\"},\"query-input\":\"required name=search_term_string\"}],\"inLanguage\":\"pt-BR\"},{\"@type\":\"Organization\",\"@id\":\"https:\/\/bahiaeconomica.com.br\/wp\/#organization\",\"name\":\"Bahia Econ\u00f4mica\",\"url\":\"https:\/\/bahiaeconomica.com.br\/wp\/\",\"logo\":{\"@type\":\"ImageObject\",\"inLanguage\":\"pt-BR\",\"@id\":\"https:\/\/bahiaeconomica.com.br\/wp\/#\/schema\/logo\/image\/\",\"url\":\"https:\/\/bahiaeconomica.com.br\/wp\/wp-content\/uploads\/2020\/12\/cropped-BE.png\",\"contentUrl\":\"https:\/\/bahiaeconomica.com.br\/wp\/wp-content\/uploads\/2020\/12\/cropped-BE.png\",\"width\":512,\"height\":512,\"caption\":\"Bahia Econ\u00f4mica\"},\"image\":{\"@id\":\"https:\/\/bahiaeconomica.com.br\/wp\/#\/schema\/logo\/image\/\"},\"sameAs\":[\"https:\/\/www.facebook.com\/bahiaeconomica\"]},{\"@type\":\"Person\",\"@id\":\"https:\/\/bahiaeconomica.com.br\/wp\/#\/schema\/person\/18273ac0fe04bfd4e7b101bf17d40152\",\"name\":\"LUIZA NASCIMENTO\",\"sameAs\":[\"http:\/\/www.bahiaeconomica.com.br\"],\"url\":\"https:\/\/bahiaeconomica.com.br\/wp\/author\/luiza-nascimento\/\"}]}<\/script>\n<!-- \/ Yoast SEO plugin. -->","yoast_head_json":{"title":"SENADO APROVA REGRAS PARA REDUZIR EMISS\u00c3O DE GASES DE EFEITO ESTUFA - Bahia Economica","description":"O maior portal de Economia da Bahia Pol\u00edtica Bahia Economica","robots":{"index":"index","follow":"follow","max-snippet":"max-snippet:-1","max-image-preview":"max-image-preview:large","max-video-preview":"max-video-preview:-1"},"canonical":"https:\/\/bahiaeconomica.com.br\/wp\/2024\/10\/16\/senado-aprova-regras-para-reduzir-emissao-de-gases-de-efeito-estufa\/","og_locale":"pt_BR","og_type":"article","og_title":"SENADO APROVA REGRAS PARA REDUZIR EMISS\u00c3O DE GASES DE EFEITO ESTUFA - Bahia Economica","og_description":"O maior portal de Economia da Bahia Pol\u00edtica Bahia Economica","og_url":"https:\/\/bahiaeconomica.com.br\/wp\/2024\/10\/16\/senado-aprova-regras-para-reduzir-emissao-de-gases-de-efeito-estufa\/","og_site_name":"Bahia Economica","article_publisher":"https:\/\/www.facebook.com\/bahiaeconomica","article_published_time":"2024-10-16T21:37:42+00:00","article_modified_time":"2024-10-16T20:58:08+00:00","og_image":[{"width":1170,"height":700,"url":"https:\/\/bahiaeconomica.com.br\/wp\/wp-content\/uploads\/2024\/10\/pzzb2009-2.jpg","type":"image\/jpeg"}],"author":"LUIZA NASCIMENTO","twitter_card":"summary_large_image","twitter_misc":{"Escrito por":"LUIZA NASCIMENTO","Est. tempo de leitura":"2 minutos"},"schema":{"@context":"https:\/\/schema.org","@graph":[{"@type":"Article","@id":"https:\/\/bahiaeconomica.com.br\/wp\/2024\/10\/16\/senado-aprova-regras-para-reduzir-emissao-de-gases-de-efeito-estufa\/#article","isPartOf":{"@id":"https:\/\/bahiaeconomica.com.br\/wp\/2024\/10\/16\/senado-aprova-regras-para-reduzir-emissao-de-gases-de-efeito-estufa\/"},"author":{"name":"LUIZA NASCIMENTO","@id":"https:\/\/bahiaeconomica.com.br\/wp\/#\/schema\/person\/18273ac0fe04bfd4e7b101bf17d40152"},"headline":"SENADO APROVA REGRAS PARA REDUZIR EMISS\u00c3O DE GASES DE EFEITO ESTUFA","datePublished":"2024-10-16T21:37:42+00:00","dateModified":"2024-10-16T20:58:08+00:00","mainEntityOfPage":{"@id":"https:\/\/bahiaeconomica.com.br\/wp\/2024\/10\/16\/senado-aprova-regras-para-reduzir-emissao-de-gases-de-efeito-estufa\/"},"wordCount":434,"publisher":{"@id":"https:\/\/bahiaeconomica.com.br\/wp\/#organization"},"keywords":["esfeito estufa","Pol\u00edtica","senado"],"articleSection":["Pol\u00edtica"],"inLanguage":"pt-BR"},{"@type":"WebPage","@id":"https:\/\/bahiaeconomica.com.br\/wp\/2024\/10\/16\/senado-aprova-regras-para-reduzir-emissao-de-gases-de-efeito-estufa\/","url":"https:\/\/bahiaeconomica.com.br\/wp\/2024\/10\/16\/senado-aprova-regras-para-reduzir-emissao-de-gases-de-efeito-estufa\/","name":"SENADO APROVA REGRAS PARA REDUZIR EMISS\u00c3O DE GASES DE EFEITO ESTUFA - Bahia Economica","isPartOf":{"@id":"https:\/\/bahiaeconomica.com.br\/wp\/#website"},"datePublished":"2024-10-16T21:37:42+00:00","dateModified":"2024-10-16T20:58:08+00:00","description":"O maior portal de Economia da Bahia Pol\u00edtica Bahia Economica","breadcrumb":{"@id":"https:\/\/bahiaeconomica.com.br\/wp\/2024\/10\/16\/senado-aprova-regras-para-reduzir-emissao-de-gases-de-efeito-estufa\/#breadcrumb"},"inLanguage":"pt-BR","potentialAction":[{"@type":"ReadAction","target":["https:\/\/bahiaeconomica.com.br\/wp\/2024\/10\/16\/senado-aprova-regras-para-reduzir-emissao-de-gases-de-efeito-estufa\/"]}]},{"@type":"BreadcrumbList","@id":"https:\/\/bahiaeconomica.com.br\/wp\/2024\/10\/16\/senado-aprova-regras-para-reduzir-emissao-de-gases-de-efeito-estufa\/#breadcrumb","itemListElement":[{"@type":"ListItem","position":1,"name":"In\u00edcio","item":"https:\/\/bahiaeconomica.com.br\/wp\/"},{"@type":"ListItem","position":2,"name":"SENADO APROVA REGRAS PARA REDUZIR EMISS\u00c3O DE GASES DE EFEITO ESTUFA"}]},{"@type":"WebSite","@id":"https:\/\/bahiaeconomica.com.br\/wp\/#website","url":"https:\/\/bahiaeconomica.com.br\/wp\/","name":"Bahia Economica","description":"O maior portal de Economia da Bahia","publisher":{"@id":"https:\/\/bahiaeconomica.com.br\/wp\/#organization"},"potentialAction":[{"@type":"SearchAction","target":{"@type":"EntryPoint","urlTemplate":"https:\/\/bahiaeconomica.com.br\/wp\/?s={search_term_string}"},"query-input":"required name=search_term_string"}],"inLanguage":"pt-BR"},{"@type":"Organization","@id":"https:\/\/bahiaeconomica.com.br\/wp\/#organization","name":"Bahia Econ\u00f4mica","url":"https:\/\/bahiaeconomica.com.br\/wp\/","logo":{"@type":"ImageObject","inLanguage":"pt-BR","@id":"https:\/\/bahiaeconomica.com.br\/wp\/#\/schema\/logo\/image\/","url":"https:\/\/bahiaeconomica.com.br\/wp\/wp-content\/uploads\/2020\/12\/cropped-BE.png","contentUrl":"https:\/\/bahiaeconomica.com.br\/wp\/wp-content\/uploads\/2020\/12\/cropped-BE.png","width":512,"height":512,"caption":"Bahia Econ\u00f4mica"},"image":{"@id":"https:\/\/bahiaeconomica.com.br\/wp\/#\/schema\/logo\/image\/"},"sameAs":["https:\/\/www.facebook.com\/bahiaeconomica"]},{"@type":"Person","@id":"https:\/\/bahiaeconomica.com.br\/wp\/#\/schema\/person\/18273ac0fe04bfd4e7b101bf17d40152","name":"LUIZA NASCIMENTO","sameAs":["http:\/\/www.bahiaeconomica.com.br"],"url":"https:\/\/bahiaeconomica.com.br\/wp\/author\/luiza-nascimento\/"}]}},"views":4,"_links":{"self":[{"href":"https:\/\/bahiaeconomica.com.br\/wp\/wp-json\/wp\/v2\/posts\/852654"}],"collection":[{"href":"https:\/\/bahiaeconomica.com.br\/wp\/wp-json\/wp\/v2\/posts"}],"about":[{"href":"https:\/\/bahiaeconomica.com.br\/wp\/wp-json\/wp\/v2\/types\/post"}],"author":[{"embeddable":true,"href":"https:\/\/bahiaeconomica.com.br\/wp\/wp-json\/wp\/v2\/users\/16"}],"replies":[{"embeddable":true,"href":"https:\/\/bahiaeconomica.com.br\/wp\/wp-json\/wp\/v2\/comments?post=852654"}],"version-history":[{"count":1,"href":"https:\/\/bahiaeconomica.com.br\/wp\/wp-json\/wp\/v2\/posts\/852654\/revisions"}],"predecessor-version":[{"id":852657,"href":"https:\/\/bahiaeconomica.com.br\/wp\/wp-json\/wp\/v2\/posts\/852654\/revisions\/852657"}],"wp:featuredmedia":[{"embeddable":true,"href":"https:\/\/bahiaeconomica.com.br\/wp\/wp-json\/wp\/v2\/media\/852656"}],"wp:attachment":[{"href":"https:\/\/bahiaeconomica.com.br\/wp\/wp-json\/wp\/v2\/media?parent=852654"}],"wp:term":[{"taxonomy":"category","embeddable":true,"href":"https:\/\/bahiaeconomica.com.br\/wp\/wp-json\/wp\/v2\/categories?post=852654"},{"taxonomy":"post_tag","embeddable":true,"href":"https:\/\/bahiaeconomica.com.br\/wp\/wp-json\/wp\/v2\/tags?post=852654"}],"curies":[{"name":"wp","href":"https:\/\/api.w.org\/{rel}","templated":true}]}}