{"id":852036,"date":"2024-10-14T18:37:32","date_gmt":"2024-10-14T21:37:32","guid":{"rendered":"https:\/\/bahiaeconomica.com.br\/wp\/?p=852036"},"modified":"2024-10-14T18:08:58","modified_gmt":"2024-10-14T21:08:58","slug":"incentivo-a-doacoes-no-imposto-de-renda-e-tema-de-debate-na-ce-2","status":"publish","type":"post","link":"https:\/\/bahiaeconomica.com.br\/wp\/2024\/10\/14\/incentivo-a-doacoes-no-imposto-de-renda-e-tema-de-debate-na-ce-2\/","title":{"rendered":"INCENTIVO A DOA\u00c7\u00d5ES NO IMPOSTO DE RENDA \u00c9 TEMA DE DEBATE NA CE"},"content":{"rendered":"<p>Senadores conversaram com representantes dos setores agropecu\u00e1rio e financeiro\u00a0nesta segunda-feira (14)\u00a0sobre projeto que libera dos bloqueios or\u00e7ament\u00e1rios os benef\u00edcios financeiros pagos pelo governo aos produtores rurais que contratam seguro para suas atividades. O workshop\u00a0&#8220;Moderniza\u00e7\u00e3o do Seguro Rural no pa\u00eds&#8221;\u00a0ocorreu em Cuiab\u00e1 (MT) e\u00a0foi promovido pela Confedera\u00e7\u00e3o da Agricultura e Pecu\u00e1ria do Brasil (CNA) com a parceria do Senado.<\/p>\n<p>O contingenciamento ocorre quando gastos p\u00fablicos est\u00e3o acima dos limites legais. Para retirar o Programa de Subven\u00e7\u00e3o ao Pr\u00eamio do Seguro Rural (PSR) desse mecanismo, o projeto de lei (PL) 2.951\/2024, da senadora Tereza Cristina (PP-MS), passa a considerar as despesas com a subven\u00e7\u00e3o como &#8220;opera\u00e7\u00e3o oficial de cr\u00e9dito&#8221;. A mudan\u00e7a\u00a0dar\u00e1 seguran\u00e7a aos produtores e aumentar\u00e1 a \u00e1rea segurada, uma moderniza\u00e7\u00e3o j\u00e1 adotada nos Estados Unidos da Am\u00e9rica, segundo a senadora.<\/p>\n<p>\u2014 Precisamos ter previsibilidade\u2026 O Minist\u00e9rio da Agricultura est\u00e1 de pires na m\u00e3o pedindo para o governo [&#8230;] dinheiro para subven\u00e7\u00e3o do seguro. Quando eu fui ministra, come\u00e7amos com R$ 400 milh\u00f5es [em subven\u00e7\u00e3o], chegamos a R$ 1 bilh\u00e3o e pouquinho. Este ano tivemos menos de R$ 1 bilh\u00e3o de novo [no or\u00e7amento aprovado], \u00e9 muito pouco \u2014 disse Tereza Cristina no evento.<\/p>\n<p>No or\u00e7amento de 2024, s\u00e3o 13 subven\u00e7\u00f5es econ\u00f4micas semelhantes com possibilidade de serem bloqueadas, e 11 categorizadas como opera\u00e7\u00e3o oficial de cr\u00e9dito.<\/p>\n<p>O PSR foi criado pela Lei 8.171, de 1991, para permitir aliviar o custo de contrato de seguro pago pelo agricultor. Ao contratar uma ap\u00f3lice, o produtor (pessoa f\u00edsica ou jur\u00eddica) pode minimizar suas perdas ao recuperar o capital investido na sua lavoura, caso ocorra algum dano, como perda da safra pela seca ou enchentes.\u00a0Segundo dados do Minist\u00e9rio da Agricultura e Pecu\u00e1ria (Mapa), at\u00e9 2021, mais de 247 mil produtores rurais j\u00e1 foram beneficiados com o PSR.<\/p>\n<p>Tamb\u00e9m participaram do workshop o relator do projeto na Comiss\u00e3o de Constitui\u00e7\u00e3o e Justi\u00e7a (CCJ), senador Jayme Campos (Uni\u00e3o-MT). A CCJ ser\u00e1 o \u00fanico colegiado a analisar o texto. Tamb\u00e9m estavam presentes os senadores Jaime Bagattoli (PL-RO) e Wellington Fagundes, que est\u00e1 licenciado.<\/p>\n<p>Fonte: Ag\u00eancia Senado<br \/>\nFoto: Reprodu\u00e7\u00e3o<\/p>\n","protected":false},"excerpt":{"rendered":"<p>Senadores conversaram com representantes dos setores agropecu\u00e1rio e financeiro\u00a0nesta segunda-feira (14)\u00a0sobre projeto que libera dos bloqueios or\u00e7ament\u00e1rios os benef\u00edcios financeiros pagos pelo governo aos produtores rurais que contratam seguro para suas atividades. O workshop\u00a0&#8220;Moderniza\u00e7\u00e3o do Seguro Rural no pa\u00eds&#8221;\u00a0ocorreu em Cuiab\u00e1 (MT) e\u00a0foi promovido pela Confedera\u00e7\u00e3o da Agricultura e Pecu\u00e1ria do Brasil (CNA) com a [&hellip;]<\/p>\n","protected":false},"author":16,"featured_media":852037,"comment_status":"closed","ping_status":"closed","sticky":false,"template":"","format":"standard","meta":[],"categories":[3],"tags":[3069,2839,855],"acf":[],"yoast_head":"<!-- This site is optimized with the Yoast SEO plugin v20.8 - https:\/\/yoast.com\/wordpress\/plugins\/seo\/ -->\n<title>INCENTIVO A DOA\u00c7\u00d5ES NO IMPOSTO DE RENDA \u00c9 TEMA DE DEBATE NA CE - Bahia Economica<\/title>\n<meta name=\"description\" content=\"O maior portal de Economia da Bahia ECONOMIA \/ POL\u00cdTICA Bahia Economica\" \/>\n<meta name=\"robots\" content=\"index, follow, max-snippet:-1, max-image-preview:large, max-video-preview:-1\" \/>\n<link rel=\"canonical\" href=\"https:\/\/bahiaeconomica.com.br\/wp\/2024\/10\/14\/incentivo-a-doacoes-no-imposto-de-renda-e-tema-de-debate-na-ce-2\/\" \/>\n<meta property=\"og:locale\" content=\"pt_BR\" \/>\n<meta property=\"og:type\" content=\"article\" \/>\n<meta property=\"og:title\" content=\"INCENTIVO A DOA\u00c7\u00d5ES NO IMPOSTO DE RENDA \u00c9 TEMA DE DEBATE NA CE - Bahia Economica\" \/>\n<meta property=\"og:description\" content=\"O maior portal de Economia da Bahia ECONOMIA \/ POL\u00cdTICA Bahia Economica\" \/>\n<meta property=\"og:url\" content=\"https:\/\/bahiaeconomica.com.br\/wp\/2024\/10\/14\/incentivo-a-doacoes-no-imposto-de-renda-e-tema-de-debate-na-ce-2\/\" \/>\n<meta property=\"og:site_name\" content=\"Bahia Economica\" \/>\n<meta property=\"article:publisher\" content=\"https:\/\/www.facebook.com\/bahiaeconomica\" \/>\n<meta property=\"article:published_time\" content=\"2024-10-14T21:37:32+00:00\" \/>\n<meta property=\"article:modified_time\" content=\"2024-10-14T21:08:58+00:00\" \/>\n<meta property=\"og:image\" content=\"https:\/\/bahiaeconomica.com.br\/wp\/wp-content\/uploads\/2024\/10\/WhatsApp-Image-2024-10-14-at-18.08.07.jpeg\" \/>\n\t<meta property=\"og:image:width\" content=\"860\" \/>\n\t<meta property=\"og:image:height\" content=\"570\" \/>\n\t<meta property=\"og:image:type\" content=\"image\/jpeg\" \/>\n<meta name=\"author\" content=\"LUIZA NASCIMENTO\" \/>\n<meta name=\"twitter:card\" content=\"summary_large_image\" \/>\n<meta name=\"twitter:label1\" content=\"Escrito por\" \/>\n\t<meta name=\"twitter:data1\" content=\"LUIZA NASCIMENTO\" \/>\n\t<meta name=\"twitter:label2\" content=\"Est. tempo de leitura\" \/>\n\t<meta name=\"twitter:data2\" content=\"2 minutos\" \/>\n<script type=\"application\/ld+json\" class=\"yoast-schema-graph\">{\"@context\":\"https:\/\/schema.org\",\"@graph\":[{\"@type\":\"Article\",\"@id\":\"https:\/\/bahiaeconomica.com.br\/wp\/2024\/10\/14\/incentivo-a-doacoes-no-imposto-de-renda-e-tema-de-debate-na-ce-2\/#article\",\"isPartOf\":{\"@id\":\"https:\/\/bahiaeconomica.com.br\/wp\/2024\/10\/14\/incentivo-a-doacoes-no-imposto-de-renda-e-tema-de-debate-na-ce-2\/\"},\"author\":{\"name\":\"LUIZA NASCIMENTO\",\"@id\":\"https:\/\/bahiaeconomica.com.br\/wp\/#\/schema\/person\/18273ac0fe04bfd4e7b101bf17d40152\"},\"headline\":\"INCENTIVO A DOA\u00c7\u00d5ES NO IMPOSTO DE RENDA \u00c9 TEMA DE DEBATE NA CE\",\"datePublished\":\"2024-10-14T21:37:32+00:00\",\"dateModified\":\"2024-10-14T21:08:58+00:00\",\"mainEntityOfPage\":{\"@id\":\"https:\/\/bahiaeconomica.com.br\/wp\/2024\/10\/14\/incentivo-a-doacoes-no-imposto-de-renda-e-tema-de-debate-na-ce-2\/\"},\"wordCount\":390,\"publisher\":{\"@id\":\"https:\/\/bahiaeconomica.com.br\/wp\/#organization\"},\"keywords\":[\"debate\",\"imposto de renda\",\"senado\"],\"articleSection\":[\"ECONOMIA \/ POL\u00cdTICA\"],\"inLanguage\":\"pt-BR\"},{\"@type\":\"WebPage\",\"@id\":\"https:\/\/bahiaeconomica.com.br\/wp\/2024\/10\/14\/incentivo-a-doacoes-no-imposto-de-renda-e-tema-de-debate-na-ce-2\/\",\"url\":\"https:\/\/bahiaeconomica.com.br\/wp\/2024\/10\/14\/incentivo-a-doacoes-no-imposto-de-renda-e-tema-de-debate-na-ce-2\/\",\"name\":\"INCENTIVO A DOA\u00c7\u00d5ES NO IMPOSTO DE RENDA \u00c9 TEMA DE DEBATE NA CE - Bahia Economica\",\"isPartOf\":{\"@id\":\"https:\/\/bahiaeconomica.com.br\/wp\/#website\"},\"datePublished\":\"2024-10-14T21:37:32+00:00\",\"dateModified\":\"2024-10-14T21:08:58+00:00\",\"description\":\"O maior portal de Economia da Bahia ECONOMIA \/ POL\u00cdTICA Bahia Economica\",\"breadcrumb\":{\"@id\":\"https:\/\/bahiaeconomica.com.br\/wp\/2024\/10\/14\/incentivo-a-doacoes-no-imposto-de-renda-e-tema-de-debate-na-ce-2\/#breadcrumb\"},\"inLanguage\":\"pt-BR\",\"potentialAction\":[{\"@type\":\"ReadAction\",\"target\":[\"https:\/\/bahiaeconomica.com.br\/wp\/2024\/10\/14\/incentivo-a-doacoes-no-imposto-de-renda-e-tema-de-debate-na-ce-2\/\"]}]},{\"@type\":\"BreadcrumbList\",\"@id\":\"https:\/\/bahiaeconomica.com.br\/wp\/2024\/10\/14\/incentivo-a-doacoes-no-imposto-de-renda-e-tema-de-debate-na-ce-2\/#breadcrumb\",\"itemListElement\":[{\"@type\":\"ListItem\",\"position\":1,\"name\":\"In\u00edcio\",\"item\":\"https:\/\/bahiaeconomica.com.br\/wp\/\"},{\"@type\":\"ListItem\",\"position\":2,\"name\":\"INCENTIVO A DOA\u00c7\u00d5ES NO IMPOSTO DE RENDA \u00c9 TEMA DE DEBATE NA CE\"}]},{\"@type\":\"WebSite\",\"@id\":\"https:\/\/bahiaeconomica.com.br\/wp\/#website\",\"url\":\"https:\/\/bahiaeconomica.com.br\/wp\/\",\"name\":\"Bahia Economica\",\"description\":\"O maior portal de Economia da Bahia\",\"publisher\":{\"@id\":\"https:\/\/bahiaeconomica.com.br\/wp\/#organization\"},\"potentialAction\":[{\"@type\":\"SearchAction\",\"target\":{\"@type\":\"EntryPoint\",\"urlTemplate\":\"https:\/\/bahiaeconomica.com.br\/wp\/?s={search_term_string}\"},\"query-input\":\"required name=search_term_string\"}],\"inLanguage\":\"pt-BR\"},{\"@type\":\"Organization\",\"@id\":\"https:\/\/bahiaeconomica.com.br\/wp\/#organization\",\"name\":\"Bahia Econ\u00f4mica\",\"url\":\"https:\/\/bahiaeconomica.com.br\/wp\/\",\"logo\":{\"@type\":\"ImageObject\",\"inLanguage\":\"pt-BR\",\"@id\":\"https:\/\/bahiaeconomica.com.br\/wp\/#\/schema\/logo\/image\/\",\"url\":\"https:\/\/bahiaeconomica.com.br\/wp\/wp-content\/uploads\/2020\/12\/cropped-BE.png\",\"contentUrl\":\"https:\/\/bahiaeconomica.com.br\/wp\/wp-content\/uploads\/2020\/12\/cropped-BE.png\",\"width\":512,\"height\":512,\"caption\":\"Bahia Econ\u00f4mica\"},\"image\":{\"@id\":\"https:\/\/bahiaeconomica.com.br\/wp\/#\/schema\/logo\/image\/\"},\"sameAs\":[\"https:\/\/www.facebook.com\/bahiaeconomica\"]},{\"@type\":\"Person\",\"@id\":\"https:\/\/bahiaeconomica.com.br\/wp\/#\/schema\/person\/18273ac0fe04bfd4e7b101bf17d40152\",\"name\":\"LUIZA NASCIMENTO\",\"sameAs\":[\"http:\/\/www.bahiaeconomica.com.br\"],\"url\":\"https:\/\/bahiaeconomica.com.br\/wp\/author\/luiza-nascimento\/\"}]}<\/script>\n<!-- \/ Yoast SEO plugin. -->","yoast_head_json":{"title":"INCENTIVO A DOA\u00c7\u00d5ES NO IMPOSTO DE RENDA \u00c9 TEMA DE DEBATE NA CE - Bahia Economica","description":"O maior portal de Economia da Bahia ECONOMIA \/ POL\u00cdTICA Bahia Economica","robots":{"index":"index","follow":"follow","max-snippet":"max-snippet:-1","max-image-preview":"max-image-preview:large","max-video-preview":"max-video-preview:-1"},"canonical":"https:\/\/bahiaeconomica.com.br\/wp\/2024\/10\/14\/incentivo-a-doacoes-no-imposto-de-renda-e-tema-de-debate-na-ce-2\/","og_locale":"pt_BR","og_type":"article","og_title":"INCENTIVO A DOA\u00c7\u00d5ES NO IMPOSTO DE RENDA \u00c9 TEMA DE DEBATE NA CE - Bahia Economica","og_description":"O maior portal de Economia da Bahia ECONOMIA \/ POL\u00cdTICA Bahia Economica","og_url":"https:\/\/bahiaeconomica.com.br\/wp\/2024\/10\/14\/incentivo-a-doacoes-no-imposto-de-renda-e-tema-de-debate-na-ce-2\/","og_site_name":"Bahia Economica","article_publisher":"https:\/\/www.facebook.com\/bahiaeconomica","article_published_time":"2024-10-14T21:37:32+00:00","article_modified_time":"2024-10-14T21:08:58+00:00","og_image":[{"width":860,"height":570,"url":"https:\/\/bahiaeconomica.com.br\/wp\/wp-content\/uploads\/2024\/10\/WhatsApp-Image-2024-10-14-at-18.08.07.jpeg","type":"image\/jpeg"}],"author":"LUIZA NASCIMENTO","twitter_card":"summary_large_image","twitter_misc":{"Escrito por":"LUIZA NASCIMENTO","Est. tempo de leitura":"2 minutos"},"schema":{"@context":"https:\/\/schema.org","@graph":[{"@type":"Article","@id":"https:\/\/bahiaeconomica.com.br\/wp\/2024\/10\/14\/incentivo-a-doacoes-no-imposto-de-renda-e-tema-de-debate-na-ce-2\/#article","isPartOf":{"@id":"https:\/\/bahiaeconomica.com.br\/wp\/2024\/10\/14\/incentivo-a-doacoes-no-imposto-de-renda-e-tema-de-debate-na-ce-2\/"},"author":{"name":"LUIZA NASCIMENTO","@id":"https:\/\/bahiaeconomica.com.br\/wp\/#\/schema\/person\/18273ac0fe04bfd4e7b101bf17d40152"},"headline":"INCENTIVO A DOA\u00c7\u00d5ES NO IMPOSTO DE RENDA \u00c9 TEMA DE DEBATE NA CE","datePublished":"2024-10-14T21:37:32+00:00","dateModified":"2024-10-14T21:08:58+00:00","mainEntityOfPage":{"@id":"https:\/\/bahiaeconomica.com.br\/wp\/2024\/10\/14\/incentivo-a-doacoes-no-imposto-de-renda-e-tema-de-debate-na-ce-2\/"},"wordCount":390,"publisher":{"@id":"https:\/\/bahiaeconomica.com.br\/wp\/#organization"},"keywords":["debate","imposto de renda","senado"],"articleSection":["ECONOMIA \/ POL\u00cdTICA"],"inLanguage":"pt-BR"},{"@type":"WebPage","@id":"https:\/\/bahiaeconomica.com.br\/wp\/2024\/10\/14\/incentivo-a-doacoes-no-imposto-de-renda-e-tema-de-debate-na-ce-2\/","url":"https:\/\/bahiaeconomica.com.br\/wp\/2024\/10\/14\/incentivo-a-doacoes-no-imposto-de-renda-e-tema-de-debate-na-ce-2\/","name":"INCENTIVO A DOA\u00c7\u00d5ES NO IMPOSTO DE RENDA \u00c9 TEMA DE DEBATE NA CE - Bahia Economica","isPartOf":{"@id":"https:\/\/bahiaeconomica.com.br\/wp\/#website"},"datePublished":"2024-10-14T21:37:32+00:00","dateModified":"2024-10-14T21:08:58+00:00","description":"O maior portal de Economia da Bahia ECONOMIA \/ POL\u00cdTICA Bahia Economica","breadcrumb":{"@id":"https:\/\/bahiaeconomica.com.br\/wp\/2024\/10\/14\/incentivo-a-doacoes-no-imposto-de-renda-e-tema-de-debate-na-ce-2\/#breadcrumb"},"inLanguage":"pt-BR","potentialAction":[{"@type":"ReadAction","target":["https:\/\/bahiaeconomica.com.br\/wp\/2024\/10\/14\/incentivo-a-doacoes-no-imposto-de-renda-e-tema-de-debate-na-ce-2\/"]}]},{"@type":"BreadcrumbList","@id":"https:\/\/bahiaeconomica.com.br\/wp\/2024\/10\/14\/incentivo-a-doacoes-no-imposto-de-renda-e-tema-de-debate-na-ce-2\/#breadcrumb","itemListElement":[{"@type":"ListItem","position":1,"name":"In\u00edcio","item":"https:\/\/bahiaeconomica.com.br\/wp\/"},{"@type":"ListItem","position":2,"name":"INCENTIVO A DOA\u00c7\u00d5ES NO IMPOSTO DE RENDA \u00c9 TEMA DE DEBATE NA CE"}]},{"@type":"WebSite","@id":"https:\/\/bahiaeconomica.com.br\/wp\/#website","url":"https:\/\/bahiaeconomica.com.br\/wp\/","name":"Bahia Economica","description":"O maior portal de Economia da Bahia","publisher":{"@id":"https:\/\/bahiaeconomica.com.br\/wp\/#organization"},"potentialAction":[{"@type":"SearchAction","target":{"@type":"EntryPoint","urlTemplate":"https:\/\/bahiaeconomica.com.br\/wp\/?s={search_term_string}"},"query-input":"required name=search_term_string"}],"inLanguage":"pt-BR"},{"@type":"Organization","@id":"https:\/\/bahiaeconomica.com.br\/wp\/#organization","name":"Bahia Econ\u00f4mica","url":"https:\/\/bahiaeconomica.com.br\/wp\/","logo":{"@type":"ImageObject","inLanguage":"pt-BR","@id":"https:\/\/bahiaeconomica.com.br\/wp\/#\/schema\/logo\/image\/","url":"https:\/\/bahiaeconomica.com.br\/wp\/wp-content\/uploads\/2020\/12\/cropped-BE.png","contentUrl":"https:\/\/bahiaeconomica.com.br\/wp\/wp-content\/uploads\/2020\/12\/cropped-BE.png","width":512,"height":512,"caption":"Bahia Econ\u00f4mica"},"image":{"@id":"https:\/\/bahiaeconomica.com.br\/wp\/#\/schema\/logo\/image\/"},"sameAs":["https:\/\/www.facebook.com\/bahiaeconomica"]},{"@type":"Person","@id":"https:\/\/bahiaeconomica.com.br\/wp\/#\/schema\/person\/18273ac0fe04bfd4e7b101bf17d40152","name":"LUIZA NASCIMENTO","sameAs":["http:\/\/www.bahiaeconomica.com.br"],"url":"https:\/\/bahiaeconomica.com.br\/wp\/author\/luiza-nascimento\/"}]}},"views":0,"_links":{"self":[{"href":"https:\/\/bahiaeconomica.com.br\/wp\/wp-json\/wp\/v2\/posts\/852036"}],"collection":[{"href":"https:\/\/bahiaeconomica.com.br\/wp\/wp-json\/wp\/v2\/posts"}],"about":[{"href":"https:\/\/bahiaeconomica.com.br\/wp\/wp-json\/wp\/v2\/types\/post"}],"author":[{"embeddable":true,"href":"https:\/\/bahiaeconomica.com.br\/wp\/wp-json\/wp\/v2\/users\/16"}],"replies":[{"embeddable":true,"href":"https:\/\/bahiaeconomica.com.br\/wp\/wp-json\/wp\/v2\/comments?post=852036"}],"version-history":[{"count":1,"href":"https:\/\/bahiaeconomica.com.br\/wp\/wp-json\/wp\/v2\/posts\/852036\/revisions"}],"predecessor-version":[{"id":852038,"href":"https:\/\/bahiaeconomica.com.br\/wp\/wp-json\/wp\/v2\/posts\/852036\/revisions\/852038"}],"wp:featuredmedia":[{"embeddable":true,"href":"https:\/\/bahiaeconomica.com.br\/wp\/wp-json\/wp\/v2\/media\/852037"}],"wp:attachment":[{"href":"https:\/\/bahiaeconomica.com.br\/wp\/wp-json\/wp\/v2\/media?parent=852036"}],"wp:term":[{"taxonomy":"category","embeddable":true,"href":"https:\/\/bahiaeconomica.com.br\/wp\/wp-json\/wp\/v2\/categories?post=852036"},{"taxonomy":"post_tag","embeddable":true,"href":"https:\/\/bahiaeconomica.com.br\/wp\/wp-json\/wp\/v2\/tags?post=852036"}],"curies":[{"name":"wp","href":"https:\/\/api.w.org\/{rel}","templated":true}]}}