{"id":851674,"date":"2024-10-11T17:20:48","date_gmt":"2024-10-11T20:20:48","guid":{"rendered":"https:\/\/bahiaeconomica.com.br\/wp\/?p=851674"},"modified":"2024-10-11T17:14:03","modified_gmt":"2024-10-11T20:14:03","slug":"futuro-da-economia-baiana-e-tema-de-encontro-na-seplan","status":"publish","type":"post","link":"https:\/\/bahiaeconomica.com.br\/wp\/2024\/10\/11\/futuro-da-economia-baiana-e-tema-de-encontro-na-seplan\/","title":{"rendered":"FUTURO DA ECONOMIA BAIANA \u00c9 TEMA DE ENCONTRO NA SEPLAN"},"content":{"rendered":"<p>O chamado Enigma Baiano foi tema do encontro realizado na quinta-feira (10) pela AGGEB \u2013 Associa\u00e7\u00e3o dos Gestores Governamentais da Bahia \u2013 no audit\u00f3rio da Secretaria do Planejamento do Estado \u2013 que reuniu tr\u00eas importantes pensadores a respeito do passado, presente e futuro da economia de nosso estado: Gustavo Pessoti, Reinaldo Sampaio e Edgard Porto. O evento contou com as presen\u00e7as do secret\u00e1rio do Planejamento Cl\u00e1udio Peixoto, tamb\u00e9m associado da AGGEB, e do presidente da entidade, Thiago Xavier, que integra o quadro executivo da Secretaria.<\/p>\n<p>Para Thiago Xavier, \u201co Enigma \u00e9 ter um estado com o tamanho, a diversidade, as condi\u00e7\u00f5es especiais como nossas duas grandes ba\u00edas, a Chapada Diamantina, nossa condi\u00e7\u00e3o clim\u00e1tica, e n\u00e3o utilizar todas essas potencialidades para que n\u00e3o haja pessoas na Bahia sem ter acesso \u00e0s condi\u00e7\u00f5es b\u00e1sicas de sobreviv\u00eancia Precisamos avan\u00e7ar e entender como o Estado pode aproveitar melhor esses fatores. E nesse particular a participa\u00e7\u00e3o dos EPPGGs pode ser fundamental\u201d, disse.<\/p>\n<p>A organizadora do evento, Val\u00e9ria Peruna, diretora de Estudos e Pesquisas da AGGEB, lembrou que o termo Enigma Baiano foi citado a primeira vez pelo pensador Manoel Pinto de Aguiar, que na d\u00e9cada de 1950 publicou o livro O Enigma Baiano para tentar entender os motivos da estagna\u00e7\u00e3o econ\u00f4mica do estado na primeira metade do s\u00e9culo XX.<\/p>\n<p>\u201cE at\u00e9 agora esse questionamento continua v\u00e1lido e atual, tanto que, nos grupos de discuss\u00e3o interna de gestores, temos acaloradas discuss\u00f5es a esse respeito. Por isso o colega EPPGG Adriano Oliveira, sugeriu convidar especialistas que tamb\u00e9m s\u00e3o ou foram funcion\u00e1rios p\u00fablicos para dar uma palavra mais abalizada a respeito desse tema fundamental para pensarmos no futuro da Bahia\u201d disse Peruna, destacando que Gustavo Pessoti \u00e9 EPPGG e os tr\u00eas convidados j\u00e1 ocuparam fun\u00e7\u00f5es importantes dentro da m\u00e1quina p\u00fablica estadual.<\/p>\n<p><strong>Otimismo e Realismo<\/strong><\/p>\n<p>O tom das falas dos tr\u00eas palestrantes oscilou entre a constata\u00e7\u00e3o de que a economia baiana n\u00e3o tem avan\u00e7ado significativamente nos \u00faltimos anos devido a fatores hist\u00f3ricos somados aos impactos negativos da COVID-19 e a apresenta\u00e7\u00e3o de chaves para a retomada do crescimento em campos como a infraestrutura log\u00edstica, a agricultura familiar e empresarial, o setor mineral, as energias renov\u00e1veis e a economia solid\u00e1ria e popular.<\/p>\n<p>O alargamento do horizonte do Plano de Desenvolvimento Integrado &#8211; PDI para 2050, diretriz central da gest\u00e3o do secret\u00e1rio Cl\u00e1udio Peixoto na Seplan, foi destacado pelo economista Gustavo Pessoti, tendo como refer\u00eancia a apresenta\u00e7\u00e3o realizada pelo secret\u00e1rio na Semana do Economista promovida pelo CORECON, no \u00faltimo m\u00eas de agosto. \u201cA Seplan est\u00e1 agora, nesse momento, discutindo esse processo do PDI, de como ele ressignifica a economia baiana. E dentro do que o secret\u00e1rio destacou, tem vetor com capacidade de promover mudan\u00e7a estrutural e alavancagem do crescimento econ\u00f4mico. O PDI 2050 \u00e9, digamos assim, a consolida\u00e7\u00e3o de uma proposta de desenvolvimento que vai levar em considera\u00e7\u00e3o setores que podem realavancar a economia baiana, principalmente, a partir das voca\u00e7\u00f5es territoriais, mas tamb\u00e9m a partir de setores estruturais com possibilidade de gera\u00e7\u00e3o de emprego e renda\u201d.<\/p>\n<p>Reinaldo Sampaio, dirigente de entidade empresarial, economista e ex-presidente do CORECON, iniciou dizendo-se conduzido entre o otimismo do desejo e o pessimismo da raz\u00e3o ao refletir sobre as possibilidades de supera\u00e7\u00e3o dos desafios s\u00f3cio-econ\u00f4micos da Bahia. Em seguida fez um retrospecto do processo hist\u00f3rico da forma\u00e7\u00e3o econ\u00f4mica da Bahia, que, n\u00e3o sua vis\u00e3o, originaram o atual est\u00e1gio de desenvolvimento e a preserva\u00e7\u00e3o de graves indicadores de desigualdades sociais.<\/p>\n<p>\u201cA constru\u00e7\u00e3o hist\u00f3rica que gestou tais desigualdades e relativo atraso econ\u00f4mico decorreu do fato de haver sido preservado um modelo econ\u00f4mico agr\u00e1rio-exportador de vi\u00e9s escravista, desde o Sec. XVI at\u00e9 a metade do Sec. XX, seguindo-se um processo de industrializa\u00e7\u00e3o tardio e incompleto\u201d, disse.<\/p>\n<p>Falando sobre a emerg\u00eancia das quest\u00f5es sociais , ele considerou que a agricultura familiar e a economia solid\u00e1ria e popular devem ser frentes de a\u00e7\u00e3o de pol\u00edticas p\u00fablicas que poder\u00e3o mitigar os efeitos do desemprego e da pobreza.<\/p>\n<p>J\u00e1 o doutor em Planifica\u00e7\u00e3o Territorial e Desenvolvimento Regional Edgard Porto v\u00ea possibilidades de sa\u00edda desse dilema apostando em setores como log\u00edstica, redu\u00e7\u00e3o da emiss\u00e3o de carbono e na gest\u00e3o do aparato estatal de forma integrada para apoiar a gera\u00e7\u00e3o de riqueza no estado.<\/p>\n<p>\u201cInfelizmente estamos reproduzindo at\u00e9 hoje todos as motiva\u00e7\u00f5es que mant\u00e9m boa parte da popula\u00e7\u00e3o baiana na pobreza. Precisamos encontrar sa\u00eddas para modificar essa situa\u00e7\u00e3o e para isso temos que buscar alternativas vi\u00e1veis e sustent\u00e1veis para gerar mais empregos, nem que seja atrav\u00e9s de programas de renda m\u00ednima, que podem se tornar inevit\u00e1veis devido \u00e0 configura\u00e7\u00e3o internacional da economia\u201d, declarou Porto.<\/p>\n<p>Fotos: Lucas Silva &#8211; Ascom\/Seplan<\/p>\n","protected":false},"excerpt":{"rendered":"<p>O chamado Enigma Baiano foi tema do encontro realizado na quinta-feira (10) pela AGGEB \u2013 Associa\u00e7\u00e3o dos Gestores Governamentais da Bahia \u2013 no audit\u00f3rio da Secretaria do Planejamento do Estado \u2013 que reuniu tr\u00eas importantes pensadores a respeito do passado, presente e futuro da economia de nosso estado: Gustavo Pessoti, Reinaldo Sampaio e Edgard Porto. [&hellip;]<\/p>\n","protected":false},"author":15,"featured_media":851675,"comment_status":"closed","ping_status":"closed","sticky":false,"template":"","format":"standard","meta":[],"categories":[3],"tags":[85,213,123],"acf":[],"yoast_head":"<!-- This site is optimized with the Yoast SEO plugin v20.8 - https:\/\/yoast.com\/wordpress\/plugins\/seo\/ -->\n<title>FUTURO DA ECONOMIA BAIANA \u00c9 TEMA DE ENCONTRO NA SEPLAN - Bahia Economica<\/title>\n<meta name=\"description\" content=\"O maior portal de Economia da Bahia ECONOMIA \/ POL\u00cdTICA Bahia Economica O chamado Enigma Baiano foi tema do encontro realizado\" \/>\n<meta name=\"robots\" content=\"index, follow, max-snippet:-1, max-image-preview:large, max-video-preview:-1\" \/>\n<link rel=\"canonical\" href=\"https:\/\/bahiaeconomica.com.br\/wp\/2024\/10\/11\/futuro-da-economia-baiana-e-tema-de-encontro-na-seplan\/\" \/>\n<meta property=\"og:locale\" content=\"pt_BR\" \/>\n<meta property=\"og:type\" content=\"article\" \/>\n<meta property=\"og:title\" content=\"FUTURO DA ECONOMIA BAIANA \u00c9 TEMA DE ENCONTRO NA SEPLAN - Bahia Economica\" \/>\n<meta property=\"og:description\" content=\"O maior portal de Economia da Bahia ECONOMIA \/ POL\u00cdTICA Bahia Economica O chamado Enigma Baiano foi tema do encontro realizado\" \/>\n<meta property=\"og:url\" content=\"https:\/\/bahiaeconomica.com.br\/wp\/2024\/10\/11\/futuro-da-economia-baiana-e-tema-de-encontro-na-seplan\/\" \/>\n<meta property=\"og:site_name\" content=\"Bahia Economica\" \/>\n<meta property=\"article:publisher\" content=\"https:\/\/www.facebook.com\/bahiaeconomica\" \/>\n<meta property=\"article:published_time\" content=\"2024-10-11T20:20:48+00:00\" \/>\n<meta property=\"article:modified_time\" content=\"2024-10-11T20:14:03+00:00\" \/>\n<meta property=\"og:image\" content=\"https:\/\/bahiaeconomica.com.br\/wp\/wp-content\/uploads\/2024\/10\/WhatsApp-Image-2024-10-11-at-17.11.18.jpeg\" \/>\n\t<meta property=\"og:image:width\" content=\"1600\" \/>\n\t<meta property=\"og:image:height\" content=\"1066\" \/>\n\t<meta property=\"og:image:type\" content=\"image\/jpeg\" \/>\n<meta name=\"author\" content=\"VICTORIA ISABEL\" \/>\n<meta name=\"twitter:card\" content=\"summary_large_image\" \/>\n<meta name=\"twitter:label1\" content=\"Escrito por\" \/>\n\t<meta name=\"twitter:data1\" content=\"VICTORIA ISABEL\" \/>\n\t<meta name=\"twitter:label2\" content=\"Est. tempo de leitura\" \/>\n\t<meta name=\"twitter:data2\" content=\"5 minutos\" \/>\n<script type=\"application\/ld+json\" class=\"yoast-schema-graph\">{\"@context\":\"https:\/\/schema.org\",\"@graph\":[{\"@type\":\"Article\",\"@id\":\"https:\/\/bahiaeconomica.com.br\/wp\/2024\/10\/11\/futuro-da-economia-baiana-e-tema-de-encontro-na-seplan\/#article\",\"isPartOf\":{\"@id\":\"https:\/\/bahiaeconomica.com.br\/wp\/2024\/10\/11\/futuro-da-economia-baiana-e-tema-de-encontro-na-seplan\/\"},\"author\":{\"name\":\"VICTORIA ISABEL\",\"@id\":\"https:\/\/bahiaeconomica.com.br\/wp\/#\/schema\/person\/b719ce0fb1c09f3c7a00d9243ced4a6f\"},\"headline\":\"FUTURO DA ECONOMIA BAIANA \u00c9 TEMA DE ENCONTRO NA SEPLAN\",\"datePublished\":\"2024-10-11T20:20:48+00:00\",\"dateModified\":\"2024-10-11T20:14:03+00:00\",\"mainEntityOfPage\":{\"@id\":\"https:\/\/bahiaeconomica.com.br\/wp\/2024\/10\/11\/futuro-da-economia-baiana-e-tema-de-encontro-na-seplan\/\"},\"wordCount\":853,\"publisher\":{\"@id\":\"https:\/\/bahiaeconomica.com.br\/wp\/#organization\"},\"keywords\":[\"Bahia\",\"Economia\",\"Seplan\"],\"articleSection\":[\"ECONOMIA \/ POL\u00cdTICA\"],\"inLanguage\":\"pt-BR\"},{\"@type\":\"WebPage\",\"@id\":\"https:\/\/bahiaeconomica.com.br\/wp\/2024\/10\/11\/futuro-da-economia-baiana-e-tema-de-encontro-na-seplan\/\",\"url\":\"https:\/\/bahiaeconomica.com.br\/wp\/2024\/10\/11\/futuro-da-economia-baiana-e-tema-de-encontro-na-seplan\/\",\"name\":\"FUTURO DA ECONOMIA BAIANA \u00c9 TEMA DE ENCONTRO NA SEPLAN - Bahia Economica\",\"isPartOf\":{\"@id\":\"https:\/\/bahiaeconomica.com.br\/wp\/#website\"},\"datePublished\":\"2024-10-11T20:20:48+00:00\",\"dateModified\":\"2024-10-11T20:14:03+00:00\",\"description\":\"O maior portal de Economia da Bahia ECONOMIA \/ POL\u00cdTICA Bahia Economica O chamado Enigma Baiano foi tema do encontro realizado\",\"breadcrumb\":{\"@id\":\"https:\/\/bahiaeconomica.com.br\/wp\/2024\/10\/11\/futuro-da-economia-baiana-e-tema-de-encontro-na-seplan\/#breadcrumb\"},\"inLanguage\":\"pt-BR\",\"potentialAction\":[{\"@type\":\"ReadAction\",\"target\":[\"https:\/\/bahiaeconomica.com.br\/wp\/2024\/10\/11\/futuro-da-economia-baiana-e-tema-de-encontro-na-seplan\/\"]}]},{\"@type\":\"BreadcrumbList\",\"@id\":\"https:\/\/bahiaeconomica.com.br\/wp\/2024\/10\/11\/futuro-da-economia-baiana-e-tema-de-encontro-na-seplan\/#breadcrumb\",\"itemListElement\":[{\"@type\":\"ListItem\",\"position\":1,\"name\":\"In\u00edcio\",\"item\":\"https:\/\/bahiaeconomica.com.br\/wp\/\"},{\"@type\":\"ListItem\",\"position\":2,\"name\":\"FUTURO DA ECONOMIA BAIANA \u00c9 TEMA DE ENCONTRO NA SEPLAN\"}]},{\"@type\":\"WebSite\",\"@id\":\"https:\/\/bahiaeconomica.com.br\/wp\/#website\",\"url\":\"https:\/\/bahiaeconomica.com.br\/wp\/\",\"name\":\"Bahia Economica\",\"description\":\"O maior portal de Economia da Bahia\",\"publisher\":{\"@id\":\"https:\/\/bahiaeconomica.com.br\/wp\/#organization\"},\"potentialAction\":[{\"@type\":\"SearchAction\",\"target\":{\"@type\":\"EntryPoint\",\"urlTemplate\":\"https:\/\/bahiaeconomica.com.br\/wp\/?s={search_term_string}\"},\"query-input\":\"required name=search_term_string\"}],\"inLanguage\":\"pt-BR\"},{\"@type\":\"Organization\",\"@id\":\"https:\/\/bahiaeconomica.com.br\/wp\/#organization\",\"name\":\"Bahia Econ\u00f4mica\",\"url\":\"https:\/\/bahiaeconomica.com.br\/wp\/\",\"logo\":{\"@type\":\"ImageObject\",\"inLanguage\":\"pt-BR\",\"@id\":\"https:\/\/bahiaeconomica.com.br\/wp\/#\/schema\/logo\/image\/\",\"url\":\"https:\/\/bahiaeconomica.com.br\/wp\/wp-content\/uploads\/2020\/12\/cropped-BE.png\",\"contentUrl\":\"https:\/\/bahiaeconomica.com.br\/wp\/wp-content\/uploads\/2020\/12\/cropped-BE.png\",\"width\":512,\"height\":512,\"caption\":\"Bahia Econ\u00f4mica\"},\"image\":{\"@id\":\"https:\/\/bahiaeconomica.com.br\/wp\/#\/schema\/logo\/image\/\"},\"sameAs\":[\"https:\/\/www.facebook.com\/bahiaeconomica\"]},{\"@type\":\"Person\",\"@id\":\"https:\/\/bahiaeconomica.com.br\/wp\/#\/schema\/person\/b719ce0fb1c09f3c7a00d9243ced4a6f\",\"name\":\"VICTORIA ISABEL\",\"sameAs\":[\"http:\/\/www.bahiaeconomica.com.br\"],\"url\":\"https:\/\/bahiaeconomica.com.br\/wp\/author\/victoria-isabel\/\"}]}<\/script>\n<!-- \/ Yoast SEO plugin. -->","yoast_head_json":{"title":"FUTURO DA ECONOMIA BAIANA \u00c9 TEMA DE ENCONTRO NA SEPLAN - Bahia Economica","description":"O maior portal de Economia da Bahia ECONOMIA \/ POL\u00cdTICA Bahia Economica O chamado Enigma Baiano foi tema do encontro realizado","robots":{"index":"index","follow":"follow","max-snippet":"max-snippet:-1","max-image-preview":"max-image-preview:large","max-video-preview":"max-video-preview:-1"},"canonical":"https:\/\/bahiaeconomica.com.br\/wp\/2024\/10\/11\/futuro-da-economia-baiana-e-tema-de-encontro-na-seplan\/","og_locale":"pt_BR","og_type":"article","og_title":"FUTURO DA ECONOMIA BAIANA \u00c9 TEMA DE ENCONTRO NA SEPLAN - Bahia Economica","og_description":"O maior portal de Economia da Bahia ECONOMIA \/ POL\u00cdTICA Bahia Economica O chamado Enigma Baiano foi tema do encontro realizado","og_url":"https:\/\/bahiaeconomica.com.br\/wp\/2024\/10\/11\/futuro-da-economia-baiana-e-tema-de-encontro-na-seplan\/","og_site_name":"Bahia Economica","article_publisher":"https:\/\/www.facebook.com\/bahiaeconomica","article_published_time":"2024-10-11T20:20:48+00:00","article_modified_time":"2024-10-11T20:14:03+00:00","og_image":[{"width":1600,"height":1066,"url":"https:\/\/bahiaeconomica.com.br\/wp\/wp-content\/uploads\/2024\/10\/WhatsApp-Image-2024-10-11-at-17.11.18.jpeg","type":"image\/jpeg"}],"author":"VICTORIA ISABEL","twitter_card":"summary_large_image","twitter_misc":{"Escrito por":"VICTORIA ISABEL","Est. tempo de leitura":"5 minutos"},"schema":{"@context":"https:\/\/schema.org","@graph":[{"@type":"Article","@id":"https:\/\/bahiaeconomica.com.br\/wp\/2024\/10\/11\/futuro-da-economia-baiana-e-tema-de-encontro-na-seplan\/#article","isPartOf":{"@id":"https:\/\/bahiaeconomica.com.br\/wp\/2024\/10\/11\/futuro-da-economia-baiana-e-tema-de-encontro-na-seplan\/"},"author":{"name":"VICTORIA ISABEL","@id":"https:\/\/bahiaeconomica.com.br\/wp\/#\/schema\/person\/b719ce0fb1c09f3c7a00d9243ced4a6f"},"headline":"FUTURO DA ECONOMIA BAIANA \u00c9 TEMA DE ENCONTRO NA SEPLAN","datePublished":"2024-10-11T20:20:48+00:00","dateModified":"2024-10-11T20:14:03+00:00","mainEntityOfPage":{"@id":"https:\/\/bahiaeconomica.com.br\/wp\/2024\/10\/11\/futuro-da-economia-baiana-e-tema-de-encontro-na-seplan\/"},"wordCount":853,"publisher":{"@id":"https:\/\/bahiaeconomica.com.br\/wp\/#organization"},"keywords":["Bahia","Economia","Seplan"],"articleSection":["ECONOMIA \/ POL\u00cdTICA"],"inLanguage":"pt-BR"},{"@type":"WebPage","@id":"https:\/\/bahiaeconomica.com.br\/wp\/2024\/10\/11\/futuro-da-economia-baiana-e-tema-de-encontro-na-seplan\/","url":"https:\/\/bahiaeconomica.com.br\/wp\/2024\/10\/11\/futuro-da-economia-baiana-e-tema-de-encontro-na-seplan\/","name":"FUTURO DA ECONOMIA BAIANA \u00c9 TEMA DE ENCONTRO NA SEPLAN - Bahia Economica","isPartOf":{"@id":"https:\/\/bahiaeconomica.com.br\/wp\/#website"},"datePublished":"2024-10-11T20:20:48+00:00","dateModified":"2024-10-11T20:14:03+00:00","description":"O maior portal de Economia da Bahia ECONOMIA \/ POL\u00cdTICA Bahia Economica O chamado Enigma Baiano foi tema do encontro realizado","breadcrumb":{"@id":"https:\/\/bahiaeconomica.com.br\/wp\/2024\/10\/11\/futuro-da-economia-baiana-e-tema-de-encontro-na-seplan\/#breadcrumb"},"inLanguage":"pt-BR","potentialAction":[{"@type":"ReadAction","target":["https:\/\/bahiaeconomica.com.br\/wp\/2024\/10\/11\/futuro-da-economia-baiana-e-tema-de-encontro-na-seplan\/"]}]},{"@type":"BreadcrumbList","@id":"https:\/\/bahiaeconomica.com.br\/wp\/2024\/10\/11\/futuro-da-economia-baiana-e-tema-de-encontro-na-seplan\/#breadcrumb","itemListElement":[{"@type":"ListItem","position":1,"name":"In\u00edcio","item":"https:\/\/bahiaeconomica.com.br\/wp\/"},{"@type":"ListItem","position":2,"name":"FUTURO DA ECONOMIA BAIANA \u00c9 TEMA DE ENCONTRO NA SEPLAN"}]},{"@type":"WebSite","@id":"https:\/\/bahiaeconomica.com.br\/wp\/#website","url":"https:\/\/bahiaeconomica.com.br\/wp\/","name":"Bahia Economica","description":"O maior portal de Economia da Bahia","publisher":{"@id":"https:\/\/bahiaeconomica.com.br\/wp\/#organization"},"potentialAction":[{"@type":"SearchAction","target":{"@type":"EntryPoint","urlTemplate":"https:\/\/bahiaeconomica.com.br\/wp\/?s={search_term_string}"},"query-input":"required name=search_term_string"}],"inLanguage":"pt-BR"},{"@type":"Organization","@id":"https:\/\/bahiaeconomica.com.br\/wp\/#organization","name":"Bahia Econ\u00f4mica","url":"https:\/\/bahiaeconomica.com.br\/wp\/","logo":{"@type":"ImageObject","inLanguage":"pt-BR","@id":"https:\/\/bahiaeconomica.com.br\/wp\/#\/schema\/logo\/image\/","url":"https:\/\/bahiaeconomica.com.br\/wp\/wp-content\/uploads\/2020\/12\/cropped-BE.png","contentUrl":"https:\/\/bahiaeconomica.com.br\/wp\/wp-content\/uploads\/2020\/12\/cropped-BE.png","width":512,"height":512,"caption":"Bahia Econ\u00f4mica"},"image":{"@id":"https:\/\/bahiaeconomica.com.br\/wp\/#\/schema\/logo\/image\/"},"sameAs":["https:\/\/www.facebook.com\/bahiaeconomica"]},{"@type":"Person","@id":"https:\/\/bahiaeconomica.com.br\/wp\/#\/schema\/person\/b719ce0fb1c09f3c7a00d9243ced4a6f","name":"VICTORIA ISABEL","sameAs":["http:\/\/www.bahiaeconomica.com.br"],"url":"https:\/\/bahiaeconomica.com.br\/wp\/author\/victoria-isabel\/"}]}},"views":163,"_links":{"self":[{"href":"https:\/\/bahiaeconomica.com.br\/wp\/wp-json\/wp\/v2\/posts\/851674"}],"collection":[{"href":"https:\/\/bahiaeconomica.com.br\/wp\/wp-json\/wp\/v2\/posts"}],"about":[{"href":"https:\/\/bahiaeconomica.com.br\/wp\/wp-json\/wp\/v2\/types\/post"}],"author":[{"embeddable":true,"href":"https:\/\/bahiaeconomica.com.br\/wp\/wp-json\/wp\/v2\/users\/15"}],"replies":[{"embeddable":true,"href":"https:\/\/bahiaeconomica.com.br\/wp\/wp-json\/wp\/v2\/comments?post=851674"}],"version-history":[{"count":1,"href":"https:\/\/bahiaeconomica.com.br\/wp\/wp-json\/wp\/v2\/posts\/851674\/revisions"}],"predecessor-version":[{"id":851676,"href":"https:\/\/bahiaeconomica.com.br\/wp\/wp-json\/wp\/v2\/posts\/851674\/revisions\/851676"}],"wp:featuredmedia":[{"embeddable":true,"href":"https:\/\/bahiaeconomica.com.br\/wp\/wp-json\/wp\/v2\/media\/851675"}],"wp:attachment":[{"href":"https:\/\/bahiaeconomica.com.br\/wp\/wp-json\/wp\/v2\/media?parent=851674"}],"wp:term":[{"taxonomy":"category","embeddable":true,"href":"https:\/\/bahiaeconomica.com.br\/wp\/wp-json\/wp\/v2\/categories?post=851674"},{"taxonomy":"post_tag","embeddable":true,"href":"https:\/\/bahiaeconomica.com.br\/wp\/wp-json\/wp\/v2\/tags?post=851674"}],"curies":[{"name":"wp","href":"https:\/\/api.w.org\/{rel}","templated":true}]}}