{"id":851629,"date":"2024-10-11T15:31:31","date_gmt":"2024-10-11T18:31:31","guid":{"rendered":"https:\/\/bahiaeconomica.com.br\/wp\/?p=851629"},"modified":"2024-10-11T15:31:31","modified_gmt":"2024-10-11T18:31:31","slug":"ssp-lanca-edital-para-contratacao-de-profissionais-para-o-departamento-de-policia-tecnica","status":"publish","type":"post","link":"https:\/\/bahiaeconomica.com.br\/wp\/2024\/10\/11\/ssp-lanca-edital-para-contratacao-de-profissionais-para-o-departamento-de-policia-tecnica\/","title":{"rendered":"SSP LAN\u00c7A EDITAL PARA CONTRATA\u00c7\u00c3O DE PROFISSIONAIS PARA O DEPARTAMENTO DE POL\u00cdCIA T\u00c9CNICA"},"content":{"rendered":"<p>Nesta sexta-feira (11), foi lan\u00e7ado pela Secretaria de Seguran\u00e7a P\u00fablica (SSP), o\u00a0 processo seletivo simplificado ser\u00e1 constitu\u00eddo de uma \u00fanica etapa de avalia\u00e7\u00e3o curricular, de car\u00e1ter eliminat\u00f3rio e classificat\u00f3rio. A contrata\u00e7\u00e3o ter\u00e1 prazo de at\u00e9 36 meses, com possibilidade de renova\u00e7\u00e3o por igual per\u00edodo. N\u00e3o poder\u00e3o ser contratados candidatos que j\u00e1 tiveram 72 meses de contrato REDA com o Poder Executivo da Bahia, salvo as exce\u00e7\u00f5es previstas.<\/p>\n<p>As inscri\u00e7\u00f5es devem ser realizadas exclusivamente via internet, atrav\u00e9s do site http:\/\/selecao.ba.gov.br\/, do dia 21 at\u00e9 28 de outubro. Todas as informa\u00e7\u00f5es relativas ao processo seletivo est\u00e3o divulgadas no site do DPT (www.ba.gov.br\/policiatecenica) e da Secretaria da Seguran\u00e7a P\u00fablica (https:\/\/ssp.ba.gov.br).<\/p>\n<p>Al\u00e9m de Salvador, as vagas s\u00e3o tamb\u00e9m destinadas aos munic\u00edpios de Alagoinhas, Barra, Barreiras, Bom Jesus da Lapa, Brumado, Cama\u00e7ari, Euclides da Cunha, Eun\u00e1polis, Feira de Santana, Guanambi, Vera Cruz, Ilh\u00e9us, Irec\u00ea, Itaberaba, Itabuna, Itamaraju, Itapetinga, Jacobina, Jequi\u00e9, Juazeiro, Lu\u00eds Eduardo Magalh\u00e3es, Paulo Afonso, Porto, Seguro, Santa Maria da Vit\u00f3ria, Santo Amaro, Santo Ant\u00f4nio de Jesus, Seabra, Senhor do Bonfim, Serrinha, Teixeira de Freitas, Valen\u00e7a e Vit\u00f3ria da Conquista.<\/p>\n<p>O edital de abertura n\u00ba 004 de 10 de outubro disponibiliza vagas para auxiliar de necropsia, t\u00e9cnico administrativo, t\u00e9cnico de enfermagem, t\u00e9cnico em anatomia patol\u00f3gica, t\u00e9cnico em laborat\u00f3rio, t\u00e9cnico em seguran\u00e7a do trabalho, t\u00e9cnico em radiologia, fisioterapeuta, psic\u00f3logo, secretariado executivo e assistente social.<\/p>\n<p>Foto: Reprodu\u00e7\u00e3o<\/p>\n","protected":false},"excerpt":{"rendered":"<p>Nesta sexta-feira (11), foi lan\u00e7ado pela Secretaria de Seguran\u00e7a P\u00fablica (SSP), o\u00a0 processo seletivo simplificado ser\u00e1 constitu\u00eddo de uma \u00fanica etapa de avalia\u00e7\u00e3o curricular, de car\u00e1ter eliminat\u00f3rio e classificat\u00f3rio. A contrata\u00e7\u00e3o ter\u00e1 prazo de at\u00e9 36 meses, com possibilidade de renova\u00e7\u00e3o por igual per\u00edodo. N\u00e3o poder\u00e3o ser contratados candidatos que j\u00e1 tiveram 72 meses de [&hellip;]<\/p>\n","protected":false},"author":24,"featured_media":851631,"comment_status":"closed","ping_status":"closed","sticky":false,"template":"","format":"standard","meta":[],"categories":[8],"tags":[175,2777,451,1013],"acf":[],"yoast_head":"<!-- This site is optimized with the Yoast SEO plugin v20.8 - https:\/\/yoast.com\/wordpress\/plugins\/seo\/ -->\n<title>SSP LAN\u00c7A EDITAL PARA CONTRATA\u00c7\u00c3O DE PROFISSIONAIS PARA O DEPARTAMENTO DE POL\u00cdCIA T\u00c9CNICA - Bahia Economica<\/title>\n<meta name=\"description\" content=\"O maior portal de Economia da Bahia EMPREGOS \/ CONCURSOS Bahia Economica Nesta sexta-feira (11), foi lan\u00e7ado pela Secretaria de Seguran\u00e7a P\u00fablica (SSP)\" \/>\n<meta name=\"robots\" content=\"index, follow, max-snippet:-1, max-image-preview:large, max-video-preview:-1\" \/>\n<link rel=\"canonical\" href=\"https:\/\/bahiaeconomica.com.br\/wp\/2024\/10\/11\/ssp-lanca-edital-para-contratacao-de-profissionais-para-o-departamento-de-policia-tecnica\/\" \/>\n<meta property=\"og:locale\" content=\"pt_BR\" \/>\n<meta property=\"og:type\" content=\"article\" \/>\n<meta property=\"og:title\" content=\"SSP LAN\u00c7A EDITAL PARA CONTRATA\u00c7\u00c3O DE PROFISSIONAIS PARA O DEPARTAMENTO DE POL\u00cdCIA T\u00c9CNICA - Bahia Economica\" \/>\n<meta property=\"og:description\" content=\"O maior portal de Economia da Bahia EMPREGOS \/ CONCURSOS Bahia Economica Nesta sexta-feira (11), foi lan\u00e7ado pela Secretaria de Seguran\u00e7a P\u00fablica (SSP)\" \/>\n<meta property=\"og:url\" content=\"https:\/\/bahiaeconomica.com.br\/wp\/2024\/10\/11\/ssp-lanca-edital-para-contratacao-de-profissionais-para-o-departamento-de-policia-tecnica\/\" \/>\n<meta property=\"og:site_name\" content=\"Bahia Economica\" \/>\n<meta property=\"article:publisher\" content=\"https:\/\/www.facebook.com\/bahiaeconomica\" \/>\n<meta property=\"article:published_time\" content=\"2024-10-11T18:31:31+00:00\" \/>\n<meta property=\"og:image\" content=\"https:\/\/bahiaeconomica.com.br\/wp\/wp-content\/uploads\/2024\/10\/noticiasconcursos.com_.br-policia-tecnica-da-bahia-concurso-avanca-e-pode-sair-em-breve-policia-tecnica-ba-750x430-1.webp\" \/>\n\t<meta property=\"og:image:width\" content=\"750\" \/>\n\t<meta property=\"og:image:height\" content=\"430\" \/>\n\t<meta property=\"og:image:type\" content=\"image\/webp\" \/>\n<meta name=\"author\" content=\"VICTOR OLIVEIRA\" \/>\n<meta name=\"twitter:card\" content=\"summary_large_image\" \/>\n<meta name=\"twitter:label1\" content=\"Escrito por\" \/>\n\t<meta name=\"twitter:data1\" content=\"VICTOR OLIVEIRA\" \/>\n\t<meta name=\"twitter:label2\" content=\"Est. tempo de leitura\" \/>\n\t<meta name=\"twitter:data2\" content=\"2 minutos\" \/>\n<script type=\"application\/ld+json\" class=\"yoast-schema-graph\">{\"@context\":\"https:\/\/schema.org\",\"@graph\":[{\"@type\":\"Article\",\"@id\":\"https:\/\/bahiaeconomica.com.br\/wp\/2024\/10\/11\/ssp-lanca-edital-para-contratacao-de-profissionais-para-o-departamento-de-policia-tecnica\/#article\",\"isPartOf\":{\"@id\":\"https:\/\/bahiaeconomica.com.br\/wp\/2024\/10\/11\/ssp-lanca-edital-para-contratacao-de-profissionais-para-o-departamento-de-policia-tecnica\/\"},\"author\":{\"name\":\"VICTOR OLIVEIRA\",\"@id\":\"https:\/\/bahiaeconomica.com.br\/wp\/#\/schema\/person\/a17956d0e1112b626f403fb06b8129a9\"},\"headline\":\"SSP LAN\u00c7A EDITAL PARA CONTRATA\u00c7\u00c3O DE PROFISSIONAIS PARA O DEPARTAMENTO DE POL\u00cdCIA T\u00c9CNICA\",\"datePublished\":\"2024-10-11T18:31:31+00:00\",\"dateModified\":\"2024-10-11T18:31:31+00:00\",\"mainEntityOfPage\":{\"@id\":\"https:\/\/bahiaeconomica.com.br\/wp\/2024\/10\/11\/ssp-lanca-edital-para-contratacao-de-profissionais-para-o-departamento-de-policia-tecnica\/\"},\"wordCount\":287,\"publisher\":{\"@id\":\"https:\/\/bahiaeconomica.com.br\/wp\/#organization\"},\"keywords\":[\"concurso\",\"edital\",\"SSP\",\"vagas\"],\"articleSection\":[\"EMPREGOS \/ CONCURSOS\"],\"inLanguage\":\"pt-BR\"},{\"@type\":\"WebPage\",\"@id\":\"https:\/\/bahiaeconomica.com.br\/wp\/2024\/10\/11\/ssp-lanca-edital-para-contratacao-de-profissionais-para-o-departamento-de-policia-tecnica\/\",\"url\":\"https:\/\/bahiaeconomica.com.br\/wp\/2024\/10\/11\/ssp-lanca-edital-para-contratacao-de-profissionais-para-o-departamento-de-policia-tecnica\/\",\"name\":\"SSP LAN\u00c7A EDITAL PARA CONTRATA\u00c7\u00c3O DE PROFISSIONAIS PARA O DEPARTAMENTO DE POL\u00cdCIA T\u00c9CNICA - Bahia Economica\",\"isPartOf\":{\"@id\":\"https:\/\/bahiaeconomica.com.br\/wp\/#website\"},\"datePublished\":\"2024-10-11T18:31:31+00:00\",\"dateModified\":\"2024-10-11T18:31:31+00:00\",\"description\":\"O maior portal de Economia da Bahia EMPREGOS \/ CONCURSOS Bahia Economica Nesta sexta-feira (11), foi lan\u00e7ado pela Secretaria de Seguran\u00e7a P\u00fablica (SSP)\",\"breadcrumb\":{\"@id\":\"https:\/\/bahiaeconomica.com.br\/wp\/2024\/10\/11\/ssp-lanca-edital-para-contratacao-de-profissionais-para-o-departamento-de-policia-tecnica\/#breadcrumb\"},\"inLanguage\":\"pt-BR\",\"potentialAction\":[{\"@type\":\"ReadAction\",\"target\":[\"https:\/\/bahiaeconomica.com.br\/wp\/2024\/10\/11\/ssp-lanca-edital-para-contratacao-de-profissionais-para-o-departamento-de-policia-tecnica\/\"]}]},{\"@type\":\"BreadcrumbList\",\"@id\":\"https:\/\/bahiaeconomica.com.br\/wp\/2024\/10\/11\/ssp-lanca-edital-para-contratacao-de-profissionais-para-o-departamento-de-policia-tecnica\/#breadcrumb\",\"itemListElement\":[{\"@type\":\"ListItem\",\"position\":1,\"name\":\"In\u00edcio\",\"item\":\"https:\/\/bahiaeconomica.com.br\/wp\/\"},{\"@type\":\"ListItem\",\"position\":2,\"name\":\"SSP LAN\u00c7A EDITAL PARA CONTRATA\u00c7\u00c3O DE PROFISSIONAIS PARA O DEPARTAMENTO DE POL\u00cdCIA T\u00c9CNICA\"}]},{\"@type\":\"WebSite\",\"@id\":\"https:\/\/bahiaeconomica.com.br\/wp\/#website\",\"url\":\"https:\/\/bahiaeconomica.com.br\/wp\/\",\"name\":\"Bahia Economica\",\"description\":\"O maior portal de Economia da Bahia\",\"publisher\":{\"@id\":\"https:\/\/bahiaeconomica.com.br\/wp\/#organization\"},\"potentialAction\":[{\"@type\":\"SearchAction\",\"target\":{\"@type\":\"EntryPoint\",\"urlTemplate\":\"https:\/\/bahiaeconomica.com.br\/wp\/?s={search_term_string}\"},\"query-input\":\"required name=search_term_string\"}],\"inLanguage\":\"pt-BR\"},{\"@type\":\"Organization\",\"@id\":\"https:\/\/bahiaeconomica.com.br\/wp\/#organization\",\"name\":\"Bahia Econ\u00f4mica\",\"url\":\"https:\/\/bahiaeconomica.com.br\/wp\/\",\"logo\":{\"@type\":\"ImageObject\",\"inLanguage\":\"pt-BR\",\"@id\":\"https:\/\/bahiaeconomica.com.br\/wp\/#\/schema\/logo\/image\/\",\"url\":\"https:\/\/bahiaeconomica.com.br\/wp\/wp-content\/uploads\/2020\/12\/cropped-BE.png\",\"contentUrl\":\"https:\/\/bahiaeconomica.com.br\/wp\/wp-content\/uploads\/2020\/12\/cropped-BE.png\",\"width\":512,\"height\":512,\"caption\":\"Bahia Econ\u00f4mica\"},\"image\":{\"@id\":\"https:\/\/bahiaeconomica.com.br\/wp\/#\/schema\/logo\/image\/\"},\"sameAs\":[\"https:\/\/www.facebook.com\/bahiaeconomica\"]},{\"@type\":\"Person\",\"@id\":\"https:\/\/bahiaeconomica.com.br\/wp\/#\/schema\/person\/a17956d0e1112b626f403fb06b8129a9\",\"name\":\"VICTOR OLIVEIRA\",\"sameAs\":[\"http:\/\/www.bahiaeconomica.com.br\"],\"url\":\"https:\/\/bahiaeconomica.com.br\/wp\/author\/victor-oliveira\/\"}]}<\/script>\n<!-- \/ Yoast SEO plugin. -->","yoast_head_json":{"title":"SSP LAN\u00c7A EDITAL PARA CONTRATA\u00c7\u00c3O DE PROFISSIONAIS PARA O DEPARTAMENTO DE POL\u00cdCIA T\u00c9CNICA - Bahia Economica","description":"O maior portal de Economia da Bahia EMPREGOS \/ CONCURSOS Bahia Economica Nesta sexta-feira (11), foi lan\u00e7ado pela Secretaria de Seguran\u00e7a P\u00fablica (SSP)","robots":{"index":"index","follow":"follow","max-snippet":"max-snippet:-1","max-image-preview":"max-image-preview:large","max-video-preview":"max-video-preview:-1"},"canonical":"https:\/\/bahiaeconomica.com.br\/wp\/2024\/10\/11\/ssp-lanca-edital-para-contratacao-de-profissionais-para-o-departamento-de-policia-tecnica\/","og_locale":"pt_BR","og_type":"article","og_title":"SSP LAN\u00c7A EDITAL PARA CONTRATA\u00c7\u00c3O DE PROFISSIONAIS PARA O DEPARTAMENTO DE POL\u00cdCIA T\u00c9CNICA - Bahia Economica","og_description":"O maior portal de Economia da Bahia EMPREGOS \/ CONCURSOS Bahia Economica Nesta sexta-feira (11), foi lan\u00e7ado pela Secretaria de Seguran\u00e7a P\u00fablica (SSP)","og_url":"https:\/\/bahiaeconomica.com.br\/wp\/2024\/10\/11\/ssp-lanca-edital-para-contratacao-de-profissionais-para-o-departamento-de-policia-tecnica\/","og_site_name":"Bahia Economica","article_publisher":"https:\/\/www.facebook.com\/bahiaeconomica","article_published_time":"2024-10-11T18:31:31+00:00","og_image":[{"width":750,"height":430,"url":"https:\/\/bahiaeconomica.com.br\/wp\/wp-content\/uploads\/2024\/10\/noticiasconcursos.com_.br-policia-tecnica-da-bahia-concurso-avanca-e-pode-sair-em-breve-policia-tecnica-ba-750x430-1.webp","type":"image\/webp"}],"author":"VICTOR OLIVEIRA","twitter_card":"summary_large_image","twitter_misc":{"Escrito por":"VICTOR OLIVEIRA","Est. tempo de leitura":"2 minutos"},"schema":{"@context":"https:\/\/schema.org","@graph":[{"@type":"Article","@id":"https:\/\/bahiaeconomica.com.br\/wp\/2024\/10\/11\/ssp-lanca-edital-para-contratacao-de-profissionais-para-o-departamento-de-policia-tecnica\/#article","isPartOf":{"@id":"https:\/\/bahiaeconomica.com.br\/wp\/2024\/10\/11\/ssp-lanca-edital-para-contratacao-de-profissionais-para-o-departamento-de-policia-tecnica\/"},"author":{"name":"VICTOR OLIVEIRA","@id":"https:\/\/bahiaeconomica.com.br\/wp\/#\/schema\/person\/a17956d0e1112b626f403fb06b8129a9"},"headline":"SSP LAN\u00c7A EDITAL PARA CONTRATA\u00c7\u00c3O DE PROFISSIONAIS PARA O DEPARTAMENTO DE POL\u00cdCIA T\u00c9CNICA","datePublished":"2024-10-11T18:31:31+00:00","dateModified":"2024-10-11T18:31:31+00:00","mainEntityOfPage":{"@id":"https:\/\/bahiaeconomica.com.br\/wp\/2024\/10\/11\/ssp-lanca-edital-para-contratacao-de-profissionais-para-o-departamento-de-policia-tecnica\/"},"wordCount":287,"publisher":{"@id":"https:\/\/bahiaeconomica.com.br\/wp\/#organization"},"keywords":["concurso","edital","SSP","vagas"],"articleSection":["EMPREGOS \/ CONCURSOS"],"inLanguage":"pt-BR"},{"@type":"WebPage","@id":"https:\/\/bahiaeconomica.com.br\/wp\/2024\/10\/11\/ssp-lanca-edital-para-contratacao-de-profissionais-para-o-departamento-de-policia-tecnica\/","url":"https:\/\/bahiaeconomica.com.br\/wp\/2024\/10\/11\/ssp-lanca-edital-para-contratacao-de-profissionais-para-o-departamento-de-policia-tecnica\/","name":"SSP LAN\u00c7A EDITAL PARA CONTRATA\u00c7\u00c3O DE PROFISSIONAIS PARA O DEPARTAMENTO DE POL\u00cdCIA T\u00c9CNICA - Bahia Economica","isPartOf":{"@id":"https:\/\/bahiaeconomica.com.br\/wp\/#website"},"datePublished":"2024-10-11T18:31:31+00:00","dateModified":"2024-10-11T18:31:31+00:00","description":"O maior portal de Economia da Bahia EMPREGOS \/ CONCURSOS Bahia Economica Nesta sexta-feira (11), foi lan\u00e7ado pela Secretaria de Seguran\u00e7a P\u00fablica (SSP)","breadcrumb":{"@id":"https:\/\/bahiaeconomica.com.br\/wp\/2024\/10\/11\/ssp-lanca-edital-para-contratacao-de-profissionais-para-o-departamento-de-policia-tecnica\/#breadcrumb"},"inLanguage":"pt-BR","potentialAction":[{"@type":"ReadAction","target":["https:\/\/bahiaeconomica.com.br\/wp\/2024\/10\/11\/ssp-lanca-edital-para-contratacao-de-profissionais-para-o-departamento-de-policia-tecnica\/"]}]},{"@type":"BreadcrumbList","@id":"https:\/\/bahiaeconomica.com.br\/wp\/2024\/10\/11\/ssp-lanca-edital-para-contratacao-de-profissionais-para-o-departamento-de-policia-tecnica\/#breadcrumb","itemListElement":[{"@type":"ListItem","position":1,"name":"In\u00edcio","item":"https:\/\/bahiaeconomica.com.br\/wp\/"},{"@type":"ListItem","position":2,"name":"SSP LAN\u00c7A EDITAL PARA CONTRATA\u00c7\u00c3O DE PROFISSIONAIS PARA O DEPARTAMENTO DE POL\u00cdCIA T\u00c9CNICA"}]},{"@type":"WebSite","@id":"https:\/\/bahiaeconomica.com.br\/wp\/#website","url":"https:\/\/bahiaeconomica.com.br\/wp\/","name":"Bahia Economica","description":"O maior portal de Economia da Bahia","publisher":{"@id":"https:\/\/bahiaeconomica.com.br\/wp\/#organization"},"potentialAction":[{"@type":"SearchAction","target":{"@type":"EntryPoint","urlTemplate":"https:\/\/bahiaeconomica.com.br\/wp\/?s={search_term_string}"},"query-input":"required name=search_term_string"}],"inLanguage":"pt-BR"},{"@type":"Organization","@id":"https:\/\/bahiaeconomica.com.br\/wp\/#organization","name":"Bahia Econ\u00f4mica","url":"https:\/\/bahiaeconomica.com.br\/wp\/","logo":{"@type":"ImageObject","inLanguage":"pt-BR","@id":"https:\/\/bahiaeconomica.com.br\/wp\/#\/schema\/logo\/image\/","url":"https:\/\/bahiaeconomica.com.br\/wp\/wp-content\/uploads\/2020\/12\/cropped-BE.png","contentUrl":"https:\/\/bahiaeconomica.com.br\/wp\/wp-content\/uploads\/2020\/12\/cropped-BE.png","width":512,"height":512,"caption":"Bahia Econ\u00f4mica"},"image":{"@id":"https:\/\/bahiaeconomica.com.br\/wp\/#\/schema\/logo\/image\/"},"sameAs":["https:\/\/www.facebook.com\/bahiaeconomica"]},{"@type":"Person","@id":"https:\/\/bahiaeconomica.com.br\/wp\/#\/schema\/person\/a17956d0e1112b626f403fb06b8129a9","name":"VICTOR OLIVEIRA","sameAs":["http:\/\/www.bahiaeconomica.com.br"],"url":"https:\/\/bahiaeconomica.com.br\/wp\/author\/victor-oliveira\/"}]}},"views":26,"_links":{"self":[{"href":"https:\/\/bahiaeconomica.com.br\/wp\/wp-json\/wp\/v2\/posts\/851629"}],"collection":[{"href":"https:\/\/bahiaeconomica.com.br\/wp\/wp-json\/wp\/v2\/posts"}],"about":[{"href":"https:\/\/bahiaeconomica.com.br\/wp\/wp-json\/wp\/v2\/types\/post"}],"author":[{"embeddable":true,"href":"https:\/\/bahiaeconomica.com.br\/wp\/wp-json\/wp\/v2\/users\/24"}],"replies":[{"embeddable":true,"href":"https:\/\/bahiaeconomica.com.br\/wp\/wp-json\/wp\/v2\/comments?post=851629"}],"version-history":[{"count":1,"href":"https:\/\/bahiaeconomica.com.br\/wp\/wp-json\/wp\/v2\/posts\/851629\/revisions"}],"predecessor-version":[{"id":851635,"href":"https:\/\/bahiaeconomica.com.br\/wp\/wp-json\/wp\/v2\/posts\/851629\/revisions\/851635"}],"wp:featuredmedia":[{"embeddable":true,"href":"https:\/\/bahiaeconomica.com.br\/wp\/wp-json\/wp\/v2\/media\/851631"}],"wp:attachment":[{"href":"https:\/\/bahiaeconomica.com.br\/wp\/wp-json\/wp\/v2\/media?parent=851629"}],"wp:term":[{"taxonomy":"category","embeddable":true,"href":"https:\/\/bahiaeconomica.com.br\/wp\/wp-json\/wp\/v2\/categories?post=851629"},{"taxonomy":"post_tag","embeddable":true,"href":"https:\/\/bahiaeconomica.com.br\/wp\/wp-json\/wp\/v2\/tags?post=851629"}],"curies":[{"name":"wp","href":"https:\/\/api.w.org\/{rel}","templated":true}]}}