{"id":850728,"date":"2024-10-08T19:34:23","date_gmt":"2024-10-08T22:34:23","guid":{"rendered":"https:\/\/bahiaeconomica.com.br\/wp\/?p=850728"},"modified":"2024-10-08T17:58:24","modified_gmt":"2024-10-08T20:58:24","slug":"projeto-do-mes-da-valorizacao-da-cultura-brasileira-vai-a-camara","status":"publish","type":"post","link":"https:\/\/bahiaeconomica.com.br\/wp\/2024\/10\/08\/projeto-do-mes-da-valorizacao-da-cultura-brasileira-vai-a-camara\/","title":{"rendered":"PROJETO DO M\u00caS DA VALORIZA\u00c7\u00c3O DA CULTURA BRASILEIRA VAI \u00c0 C\u00c2MARA"},"content":{"rendered":"<p>A Comiss\u00e3o de Educa\u00e7\u00e3o e Cultura (CE)\u00a0aprovou nesta ter\u00e7a-feira (8) o projeto de lei que elege abril como o M\u00eas Nacional da Valoriza\u00e7\u00e3o da Cultura Brasileira (PL 1.290\/2024). Agora o projeto segue para an\u00e1lise na C\u00e2mara dos Deputados.<\/p>\n<p>A proposta teve origem em uma sugest\u00e3o legislativa (SUG 9\/2023) apresentada pelos estudantes que participaram do Programa Jovem Senador de 2023.<\/p>\n<p>O objetivo \u00e9 ampliar o conhecimento sobre a cultura brasileira e democratizar o acesso a ela. O texto prev\u00ea que anualmente, durante o m\u00eas de abril, o poder p\u00fablico promover\u00e1 palestras e semin\u00e1rios, debates p\u00fablicos, atividades l\u00fadicas e apresenta\u00e7\u00f5es culturais.<\/p>\n<p>Tamb\u00e9m prev\u00ea que, sempre que poss\u00edvel, os eventos dever\u00e3o ser transmitidos por meios de comunica\u00e7\u00e3o de alcance nacional. Al\u00e9m disso, as escolas de ensino fundamental e m\u00e9dio poder\u00e3o incentivar seus alunos a participarem das atividades, respeitando a vontade do estudante.<\/p>\n<p>\u2014 Ao intensificar a promo\u00e7\u00e3o de eventos culturais, h\u00e1 um est\u00edmulo ao desenvolvimento do pensamento cr\u00edtico, da criatividade e da empatia entre os cidad\u00e3os, contribuindo para uma sociedade mais coesa e informada sobre suas ra\u00edzes \u2014 declarou o senador Paulo Paim (PT-RS), que foi o relator do projeto.<\/p>\n<p>O senador Hamilton Mour\u00e3o (Republicanos-RS) elogiou a iniciativa, lembrando que abril marcou a luta pela expuls\u00e3o dos invasores holandeses da Regi\u00e3o Nordeste. Para ele, \u00e9 importante manter em destaque a hist\u00f3ria e as tradi\u00e7\u00f5es nacionais.<\/p>\n<p>A reuni\u00e3o da CE foi conduzida pelo presidente da comiss\u00e3o, senador Fl\u00e1vio Arns (PSB-PR), que tamb\u00e9m elogiou a medida e parabenizou os participantes do Programa Jovem Senador pela aprova\u00e7\u00e3o da mat\u00e9ria.<\/p>\n<p>\u2014 Com isso, vamos incentivar e motivar os alunos da educa\u00e7\u00e3o b\u00e1sica para a possibilidade de virem a Bras\u00edlia para participar desse rico programa no ano que vem. Uma oportunidade de aproximar o Congresso Nacional daqueles que ser\u00e3o futuros senadores \u2014 declarou Arns.<\/p>\n<p>Fonte: Ag\u00eancia Senado<br \/>\nFoto: Geraldo Magela\/Ag\u00eancia Senado<\/p>\n","protected":false},"excerpt":{"rendered":"<p>A Comiss\u00e3o de Educa\u00e7\u00e3o e Cultura (CE)\u00a0aprovou nesta ter\u00e7a-feira (8) o projeto de lei que elege abril como o M\u00eas Nacional da Valoriza\u00e7\u00e3o da Cultura Brasileira (PL 1.290\/2024). Agora o projeto segue para an\u00e1lise na C\u00e2mara dos Deputados. A proposta teve origem em uma sugest\u00e3o legislativa (SUG 9\/2023) apresentada pelos estudantes que participaram do Programa [&hellip;]<\/p>\n","protected":false},"author":16,"featured_media":850731,"comment_status":"closed","ping_status":"closed","sticky":false,"template":"","format":"standard","meta":[],"categories":[14601],"tags":[1061,33680,1582],"acf":[],"yoast_head":"<!-- This site is optimized with the Yoast SEO plugin v20.8 - https:\/\/yoast.com\/wordpress\/plugins\/seo\/ -->\n<title>PROJETO DO M\u00caS DA VALORIZA\u00c7\u00c3O DA CULTURA BRASILEIRA VAI \u00c0 C\u00c2MARA - Bahia Economica<\/title>\n<meta name=\"description\" content=\"O maior portal de Economia da Bahia Pol\u00edtica Bahia Economica\" \/>\n<meta name=\"robots\" content=\"index, follow, max-snippet:-1, max-image-preview:large, max-video-preview:-1\" \/>\n<link rel=\"canonical\" href=\"https:\/\/bahiaeconomica.com.br\/wp\/2024\/10\/08\/projeto-do-mes-da-valorizacao-da-cultura-brasileira-vai-a-camara\/\" \/>\n<meta property=\"og:locale\" content=\"pt_BR\" \/>\n<meta property=\"og:type\" content=\"article\" \/>\n<meta property=\"og:title\" content=\"PROJETO DO M\u00caS DA VALORIZA\u00c7\u00c3O DA CULTURA BRASILEIRA VAI \u00c0 C\u00c2MARA - Bahia Economica\" \/>\n<meta property=\"og:description\" content=\"O maior portal de Economia da Bahia Pol\u00edtica Bahia Economica\" \/>\n<meta property=\"og:url\" content=\"https:\/\/bahiaeconomica.com.br\/wp\/2024\/10\/08\/projeto-do-mes-da-valorizacao-da-cultura-brasileira-vai-a-camara\/\" \/>\n<meta property=\"og:site_name\" content=\"Bahia Economica\" \/>\n<meta property=\"article:publisher\" content=\"https:\/\/www.facebook.com\/bahiaeconomica\" \/>\n<meta property=\"article:published_time\" content=\"2024-10-08T22:34:23+00:00\" \/>\n<meta property=\"article:modified_time\" content=\"2024-10-08T20:58:24+00:00\" \/>\n<meta property=\"og:image\" content=\"https:\/\/bahiaeconomica.com.br\/wp\/wp-content\/uploads\/2024\/10\/WhatsApp-Image-2024-10-08-at-17.57.18.jpeg\" \/>\n\t<meta property=\"og:image:width\" content=\"860\" \/>\n\t<meta property=\"og:image:height\" content=\"570\" \/>\n\t<meta property=\"og:image:type\" content=\"image\/jpeg\" \/>\n<meta name=\"author\" content=\"LUIZA NASCIMENTO\" \/>\n<meta name=\"twitter:card\" content=\"summary_large_image\" \/>\n<meta name=\"twitter:label1\" content=\"Escrito por\" \/>\n\t<meta name=\"twitter:data1\" content=\"LUIZA NASCIMENTO\" \/>\n\t<meta name=\"twitter:label2\" content=\"Est. tempo de leitura\" \/>\n\t<meta name=\"twitter:data2\" content=\"2 minutos\" \/>\n<script type=\"application\/ld+json\" class=\"yoast-schema-graph\">{\"@context\":\"https:\/\/schema.org\",\"@graph\":[{\"@type\":\"Article\",\"@id\":\"https:\/\/bahiaeconomica.com.br\/wp\/2024\/10\/08\/projeto-do-mes-da-valorizacao-da-cultura-brasileira-vai-a-camara\/#article\",\"isPartOf\":{\"@id\":\"https:\/\/bahiaeconomica.com.br\/wp\/2024\/10\/08\/projeto-do-mes-da-valorizacao-da-cultura-brasileira-vai-a-camara\/\"},\"author\":{\"name\":\"LUIZA NASCIMENTO\",\"@id\":\"https:\/\/bahiaeconomica.com.br\/wp\/#\/schema\/person\/18273ac0fe04bfd4e7b101bf17d40152\"},\"headline\":\"PROJETO DO M\u00caS DA VALORIZA\u00c7\u00c3O DA CULTURA BRASILEIRA VAI \u00c0 C\u00c2MARA\",\"datePublished\":\"2024-10-08T22:34:23+00:00\",\"dateModified\":\"2024-10-08T20:58:24+00:00\",\"mainEntityOfPage\":{\"@id\":\"https:\/\/bahiaeconomica.com.br\/wp\/2024\/10\/08\/projeto-do-mes-da-valorizacao-da-cultura-brasileira-vai-a-camara\/\"},\"wordCount\":351,\"publisher\":{\"@id\":\"https:\/\/bahiaeconomica.com.br\/wp\/#organization\"},\"keywords\":[\"C\u00e2mara\",\"CULTURA BRASILEIRA\",\"projeto\"],\"articleSection\":[\"Pol\u00edtica\"],\"inLanguage\":\"pt-BR\"},{\"@type\":\"WebPage\",\"@id\":\"https:\/\/bahiaeconomica.com.br\/wp\/2024\/10\/08\/projeto-do-mes-da-valorizacao-da-cultura-brasileira-vai-a-camara\/\",\"url\":\"https:\/\/bahiaeconomica.com.br\/wp\/2024\/10\/08\/projeto-do-mes-da-valorizacao-da-cultura-brasileira-vai-a-camara\/\",\"name\":\"PROJETO DO M\u00caS DA VALORIZA\u00c7\u00c3O DA CULTURA BRASILEIRA VAI \u00c0 C\u00c2MARA - Bahia Economica\",\"isPartOf\":{\"@id\":\"https:\/\/bahiaeconomica.com.br\/wp\/#website\"},\"datePublished\":\"2024-10-08T22:34:23+00:00\",\"dateModified\":\"2024-10-08T20:58:24+00:00\",\"description\":\"O maior portal de Economia da Bahia Pol\u00edtica Bahia Economica\",\"breadcrumb\":{\"@id\":\"https:\/\/bahiaeconomica.com.br\/wp\/2024\/10\/08\/projeto-do-mes-da-valorizacao-da-cultura-brasileira-vai-a-camara\/#breadcrumb\"},\"inLanguage\":\"pt-BR\",\"potentialAction\":[{\"@type\":\"ReadAction\",\"target\":[\"https:\/\/bahiaeconomica.com.br\/wp\/2024\/10\/08\/projeto-do-mes-da-valorizacao-da-cultura-brasileira-vai-a-camara\/\"]}]},{\"@type\":\"BreadcrumbList\",\"@id\":\"https:\/\/bahiaeconomica.com.br\/wp\/2024\/10\/08\/projeto-do-mes-da-valorizacao-da-cultura-brasileira-vai-a-camara\/#breadcrumb\",\"itemListElement\":[{\"@type\":\"ListItem\",\"position\":1,\"name\":\"In\u00edcio\",\"item\":\"https:\/\/bahiaeconomica.com.br\/wp\/\"},{\"@type\":\"ListItem\",\"position\":2,\"name\":\"PROJETO DO M\u00caS DA VALORIZA\u00c7\u00c3O DA CULTURA BRASILEIRA VAI \u00c0 C\u00c2MARA\"}]},{\"@type\":\"WebSite\",\"@id\":\"https:\/\/bahiaeconomica.com.br\/wp\/#website\",\"url\":\"https:\/\/bahiaeconomica.com.br\/wp\/\",\"name\":\"Bahia Economica\",\"description\":\"O maior portal de Economia da Bahia\",\"publisher\":{\"@id\":\"https:\/\/bahiaeconomica.com.br\/wp\/#organization\"},\"potentialAction\":[{\"@type\":\"SearchAction\",\"target\":{\"@type\":\"EntryPoint\",\"urlTemplate\":\"https:\/\/bahiaeconomica.com.br\/wp\/?s={search_term_string}\"},\"query-input\":\"required name=search_term_string\"}],\"inLanguage\":\"pt-BR\"},{\"@type\":\"Organization\",\"@id\":\"https:\/\/bahiaeconomica.com.br\/wp\/#organization\",\"name\":\"Bahia Econ\u00f4mica\",\"url\":\"https:\/\/bahiaeconomica.com.br\/wp\/\",\"logo\":{\"@type\":\"ImageObject\",\"inLanguage\":\"pt-BR\",\"@id\":\"https:\/\/bahiaeconomica.com.br\/wp\/#\/schema\/logo\/image\/\",\"url\":\"https:\/\/bahiaeconomica.com.br\/wp\/wp-content\/uploads\/2020\/12\/cropped-BE.png\",\"contentUrl\":\"https:\/\/bahiaeconomica.com.br\/wp\/wp-content\/uploads\/2020\/12\/cropped-BE.png\",\"width\":512,\"height\":512,\"caption\":\"Bahia Econ\u00f4mica\"},\"image\":{\"@id\":\"https:\/\/bahiaeconomica.com.br\/wp\/#\/schema\/logo\/image\/\"},\"sameAs\":[\"https:\/\/www.facebook.com\/bahiaeconomica\"]},{\"@type\":\"Person\",\"@id\":\"https:\/\/bahiaeconomica.com.br\/wp\/#\/schema\/person\/18273ac0fe04bfd4e7b101bf17d40152\",\"name\":\"LUIZA NASCIMENTO\",\"sameAs\":[\"http:\/\/www.bahiaeconomica.com.br\"],\"url\":\"https:\/\/bahiaeconomica.com.br\/wp\/author\/luiza-nascimento\/\"}]}<\/script>\n<!-- \/ Yoast SEO plugin. -->","yoast_head_json":{"title":"PROJETO DO M\u00caS DA VALORIZA\u00c7\u00c3O DA CULTURA BRASILEIRA VAI \u00c0 C\u00c2MARA - Bahia Economica","description":"O maior portal de Economia da Bahia Pol\u00edtica Bahia Economica","robots":{"index":"index","follow":"follow","max-snippet":"max-snippet:-1","max-image-preview":"max-image-preview:large","max-video-preview":"max-video-preview:-1"},"canonical":"https:\/\/bahiaeconomica.com.br\/wp\/2024\/10\/08\/projeto-do-mes-da-valorizacao-da-cultura-brasileira-vai-a-camara\/","og_locale":"pt_BR","og_type":"article","og_title":"PROJETO DO M\u00caS DA VALORIZA\u00c7\u00c3O DA CULTURA BRASILEIRA VAI \u00c0 C\u00c2MARA - Bahia Economica","og_description":"O maior portal de Economia da Bahia Pol\u00edtica Bahia Economica","og_url":"https:\/\/bahiaeconomica.com.br\/wp\/2024\/10\/08\/projeto-do-mes-da-valorizacao-da-cultura-brasileira-vai-a-camara\/","og_site_name":"Bahia Economica","article_publisher":"https:\/\/www.facebook.com\/bahiaeconomica","article_published_time":"2024-10-08T22:34:23+00:00","article_modified_time":"2024-10-08T20:58:24+00:00","og_image":[{"width":860,"height":570,"url":"https:\/\/bahiaeconomica.com.br\/wp\/wp-content\/uploads\/2024\/10\/WhatsApp-Image-2024-10-08-at-17.57.18.jpeg","type":"image\/jpeg"}],"author":"LUIZA NASCIMENTO","twitter_card":"summary_large_image","twitter_misc":{"Escrito por":"LUIZA NASCIMENTO","Est. tempo de leitura":"2 minutos"},"schema":{"@context":"https:\/\/schema.org","@graph":[{"@type":"Article","@id":"https:\/\/bahiaeconomica.com.br\/wp\/2024\/10\/08\/projeto-do-mes-da-valorizacao-da-cultura-brasileira-vai-a-camara\/#article","isPartOf":{"@id":"https:\/\/bahiaeconomica.com.br\/wp\/2024\/10\/08\/projeto-do-mes-da-valorizacao-da-cultura-brasileira-vai-a-camara\/"},"author":{"name":"LUIZA NASCIMENTO","@id":"https:\/\/bahiaeconomica.com.br\/wp\/#\/schema\/person\/18273ac0fe04bfd4e7b101bf17d40152"},"headline":"PROJETO DO M\u00caS DA VALORIZA\u00c7\u00c3O DA CULTURA BRASILEIRA VAI \u00c0 C\u00c2MARA","datePublished":"2024-10-08T22:34:23+00:00","dateModified":"2024-10-08T20:58:24+00:00","mainEntityOfPage":{"@id":"https:\/\/bahiaeconomica.com.br\/wp\/2024\/10\/08\/projeto-do-mes-da-valorizacao-da-cultura-brasileira-vai-a-camara\/"},"wordCount":351,"publisher":{"@id":"https:\/\/bahiaeconomica.com.br\/wp\/#organization"},"keywords":["C\u00e2mara","CULTURA BRASILEIRA","projeto"],"articleSection":["Pol\u00edtica"],"inLanguage":"pt-BR"},{"@type":"WebPage","@id":"https:\/\/bahiaeconomica.com.br\/wp\/2024\/10\/08\/projeto-do-mes-da-valorizacao-da-cultura-brasileira-vai-a-camara\/","url":"https:\/\/bahiaeconomica.com.br\/wp\/2024\/10\/08\/projeto-do-mes-da-valorizacao-da-cultura-brasileira-vai-a-camara\/","name":"PROJETO DO M\u00caS DA VALORIZA\u00c7\u00c3O DA CULTURA BRASILEIRA VAI \u00c0 C\u00c2MARA - Bahia Economica","isPartOf":{"@id":"https:\/\/bahiaeconomica.com.br\/wp\/#website"},"datePublished":"2024-10-08T22:34:23+00:00","dateModified":"2024-10-08T20:58:24+00:00","description":"O maior portal de Economia da Bahia Pol\u00edtica Bahia Economica","breadcrumb":{"@id":"https:\/\/bahiaeconomica.com.br\/wp\/2024\/10\/08\/projeto-do-mes-da-valorizacao-da-cultura-brasileira-vai-a-camara\/#breadcrumb"},"inLanguage":"pt-BR","potentialAction":[{"@type":"ReadAction","target":["https:\/\/bahiaeconomica.com.br\/wp\/2024\/10\/08\/projeto-do-mes-da-valorizacao-da-cultura-brasileira-vai-a-camara\/"]}]},{"@type":"BreadcrumbList","@id":"https:\/\/bahiaeconomica.com.br\/wp\/2024\/10\/08\/projeto-do-mes-da-valorizacao-da-cultura-brasileira-vai-a-camara\/#breadcrumb","itemListElement":[{"@type":"ListItem","position":1,"name":"In\u00edcio","item":"https:\/\/bahiaeconomica.com.br\/wp\/"},{"@type":"ListItem","position":2,"name":"PROJETO DO M\u00caS DA VALORIZA\u00c7\u00c3O DA CULTURA BRASILEIRA VAI \u00c0 C\u00c2MARA"}]},{"@type":"WebSite","@id":"https:\/\/bahiaeconomica.com.br\/wp\/#website","url":"https:\/\/bahiaeconomica.com.br\/wp\/","name":"Bahia Economica","description":"O maior portal de Economia da Bahia","publisher":{"@id":"https:\/\/bahiaeconomica.com.br\/wp\/#organization"},"potentialAction":[{"@type":"SearchAction","target":{"@type":"EntryPoint","urlTemplate":"https:\/\/bahiaeconomica.com.br\/wp\/?s={search_term_string}"},"query-input":"required name=search_term_string"}],"inLanguage":"pt-BR"},{"@type":"Organization","@id":"https:\/\/bahiaeconomica.com.br\/wp\/#organization","name":"Bahia Econ\u00f4mica","url":"https:\/\/bahiaeconomica.com.br\/wp\/","logo":{"@type":"ImageObject","inLanguage":"pt-BR","@id":"https:\/\/bahiaeconomica.com.br\/wp\/#\/schema\/logo\/image\/","url":"https:\/\/bahiaeconomica.com.br\/wp\/wp-content\/uploads\/2020\/12\/cropped-BE.png","contentUrl":"https:\/\/bahiaeconomica.com.br\/wp\/wp-content\/uploads\/2020\/12\/cropped-BE.png","width":512,"height":512,"caption":"Bahia Econ\u00f4mica"},"image":{"@id":"https:\/\/bahiaeconomica.com.br\/wp\/#\/schema\/logo\/image\/"},"sameAs":["https:\/\/www.facebook.com\/bahiaeconomica"]},{"@type":"Person","@id":"https:\/\/bahiaeconomica.com.br\/wp\/#\/schema\/person\/18273ac0fe04bfd4e7b101bf17d40152","name":"LUIZA NASCIMENTO","sameAs":["http:\/\/www.bahiaeconomica.com.br"],"url":"https:\/\/bahiaeconomica.com.br\/wp\/author\/luiza-nascimento\/"}]}},"views":2,"_links":{"self":[{"href":"https:\/\/bahiaeconomica.com.br\/wp\/wp-json\/wp\/v2\/posts\/850728"}],"collection":[{"href":"https:\/\/bahiaeconomica.com.br\/wp\/wp-json\/wp\/v2\/posts"}],"about":[{"href":"https:\/\/bahiaeconomica.com.br\/wp\/wp-json\/wp\/v2\/types\/post"}],"author":[{"embeddable":true,"href":"https:\/\/bahiaeconomica.com.br\/wp\/wp-json\/wp\/v2\/users\/16"}],"replies":[{"embeddable":true,"href":"https:\/\/bahiaeconomica.com.br\/wp\/wp-json\/wp\/v2\/comments?post=850728"}],"version-history":[{"count":1,"href":"https:\/\/bahiaeconomica.com.br\/wp\/wp-json\/wp\/v2\/posts\/850728\/revisions"}],"predecessor-version":[{"id":850732,"href":"https:\/\/bahiaeconomica.com.br\/wp\/wp-json\/wp\/v2\/posts\/850728\/revisions\/850732"}],"wp:featuredmedia":[{"embeddable":true,"href":"https:\/\/bahiaeconomica.com.br\/wp\/wp-json\/wp\/v2\/media\/850731"}],"wp:attachment":[{"href":"https:\/\/bahiaeconomica.com.br\/wp\/wp-json\/wp\/v2\/media?parent=850728"}],"wp:term":[{"taxonomy":"category","embeddable":true,"href":"https:\/\/bahiaeconomica.com.br\/wp\/wp-json\/wp\/v2\/categories?post=850728"},{"taxonomy":"post_tag","embeddable":true,"href":"https:\/\/bahiaeconomica.com.br\/wp\/wp-json\/wp\/v2\/tags?post=850728"}],"curies":[{"name":"wp","href":"https:\/\/api.w.org\/{rel}","templated":true}]}}