{"id":850266,"date":"2024-10-07T13:20:15","date_gmt":"2024-10-07T16:20:15","guid":{"rendered":"https:\/\/bahiaeconomica.com.br\/wp\/?p=850266"},"modified":"2024-10-07T12:52:37","modified_gmt":"2024-10-07T15:52:37","slug":"pl-e-o-campeao-nacional-de-votos-no-primeiro-turno-das-eleicoes-para-prefeito-no-brasil","status":"publish","type":"post","link":"https:\/\/bahiaeconomica.com.br\/wp\/2024\/10\/07\/pl-e-o-campeao-nacional-de-votos-no-primeiro-turno-das-eleicoes-para-prefeito-no-brasil\/","title":{"rendered":"PL \u00c9 O CAMPE\u00c3O NACIONAL DE VOTOS NO PRIMEIRO TURNO DAS ELEI\u00c7\u00d5ES PARA PREFEITO NO BRASIL"},"content":{"rendered":"<p>O PL teve um crescimento de 236,2% no n\u00famero de votos nas elei\u00e7\u00f5es municipais para prefeito deste ano com rela\u00e7\u00e3o as de 2020. De acordo com o resultado oficial do Tribunal Superior Eleitoral (TSE) do primeiro turno em todo o pa\u00eds, o PL teve a prefer\u00eancia de 15,7 milh\u00f5es de eleitores em 2024. \u00c9 o campe\u00e3o nacional de votos. Superou em mais de um milh\u00e3o de sufr\u00e1gios a legenda que ficou em segundo lugar, o PSD.<\/p>\n<p>A estrat\u00e9gia do presidente nacional do PL, Valdemar Costa Neto, que ampliou o n\u00famero de candidatos a prefeito em todo o Brasil de 970 em 2020 para 1483 em 2024 funcionou e consolidou a lideran\u00e7a da legenda no \u00e2mbito eleitoral das prefeituras brasileiras. O PL j\u00e1 \u00e9 o maior partido na C\u00e2mara Federal com 99 deputados.<\/p>\n<p>A filia\u00e7\u00e3o do ex-presidente da Rep\u00fablica, Jair Bolsonaro, tem sido a grande alavanca eleitoral da legenda. Para aqueles que desprezam e tentam desmerecer a for\u00e7a pol\u00edtica de Bolsonaro, o PT de Lula, mesmo no comando da presid\u00eancia da Rep\u00fablica, teve um desempenho bem inferior ao do PL, que totalizou 15,7 milh\u00f5es de votos contra 8,9 milh\u00f5es dos petistas na disputa das prefeituras brasileiras no primeiro turno de 2024.<\/p>\n<p>O desempenho do PL nas elei\u00e7\u00f5es municipais teve proemin\u00eancia nas cidades com mais de 200 mil eleitores. Nelas, o partido elegeu 10 prefeitos no primeiro turno, maior n\u00famero entre todas as legendas. A lideran\u00e7a liberal se reproduz ainda no segundo turno. No pr\u00f3ximo dia 27 de outubro, o PL ter\u00e1 representantes decidindo as elei\u00e7\u00f5es em 23 das maiores cidades brasileiras contra 13 do PT.<\/p>\n<p>Foto: divulga\u00e7\u00e3o<\/p>\n","protected":false},"excerpt":{"rendered":"<p>O PL teve um crescimento de 236,2% no n\u00famero de votos nas elei\u00e7\u00f5es municipais para prefeito deste ano com rela\u00e7\u00e3o as de 2020. De acordo com o resultado oficial do Tribunal Superior Eleitoral (TSE) do primeiro turno em todo o pa\u00eds, o PL teve a prefer\u00eancia de 15,7 milh\u00f5es de eleitores em 2024. \u00c9 o [&hellip;]<\/p>\n","protected":false},"author":8,"featured_media":850268,"comment_status":"closed","ping_status":"closed","sticky":false,"template":"","format":"standard","meta":[],"categories":[5,14601],"tags":[52,1176,100,940],"acf":[],"yoast_head":"<!-- This site is optimized with the Yoast SEO plugin v20.8 - https:\/\/yoast.com\/wordpress\/plugins\/seo\/ -->\n<title>PL \u00c9 O CAMPE\u00c3O NACIONAL DE VOTOS NO PRIMEIRO TURNO DAS ELEI\u00c7\u00d5ES PARA PREFEITO NO BRASIL - Bahia Economica<\/title>\n<meta name=\"description\" content=\"O maior portal de Economia da Bahia MUNIC\u00cdPIOS, Pol\u00edtica Bahia Economica O PL teve um crescimento de 236,2% no n\u00famero de votos\" \/>\n<meta name=\"robots\" content=\"index, follow, max-snippet:-1, max-image-preview:large, max-video-preview:-1\" \/>\n<link rel=\"canonical\" href=\"https:\/\/bahiaeconomica.com.br\/wp\/2024\/10\/07\/pl-e-o-campeao-nacional-de-votos-no-primeiro-turno-das-eleicoes-para-prefeito-no-brasil\/\" \/>\n<meta property=\"og:locale\" content=\"pt_BR\" \/>\n<meta property=\"og:type\" content=\"article\" \/>\n<meta property=\"og:title\" content=\"PL \u00c9 O CAMPE\u00c3O NACIONAL DE VOTOS NO PRIMEIRO TURNO DAS ELEI\u00c7\u00d5ES PARA PREFEITO NO BRASIL - Bahia Economica\" \/>\n<meta property=\"og:description\" content=\"O maior portal de Economia da Bahia MUNIC\u00cdPIOS, Pol\u00edtica Bahia Economica O PL teve um crescimento de 236,2% no n\u00famero de votos\" \/>\n<meta property=\"og:url\" content=\"https:\/\/bahiaeconomica.com.br\/wp\/2024\/10\/07\/pl-e-o-campeao-nacional-de-votos-no-primeiro-turno-das-eleicoes-para-prefeito-no-brasil\/\" \/>\n<meta property=\"og:site_name\" content=\"Bahia Economica\" \/>\n<meta property=\"article:publisher\" content=\"https:\/\/www.facebook.com\/bahiaeconomica\" \/>\n<meta property=\"article:published_time\" content=\"2024-10-07T16:20:15+00:00\" \/>\n<meta property=\"article:modified_time\" content=\"2024-10-07T15:52:37+00:00\" \/>\n<meta property=\"og:image\" content=\"https:\/\/bahiaeconomica.com.br\/wp\/wp-content\/uploads\/2024\/10\/WhatsApp-Image-2024-10-07-at-12.18.15.jpeg\" \/>\n\t<meta property=\"og:image:width\" content=\"1290\" \/>\n\t<meta property=\"og:image:height\" content=\"1013\" \/>\n\t<meta property=\"og:image:type\" content=\"image\/jpeg\" \/>\n<meta name=\"author\" content=\"JP\" \/>\n<meta name=\"twitter:card\" content=\"summary_large_image\" \/>\n<meta name=\"twitter:label1\" content=\"Escrito por\" \/>\n\t<meta name=\"twitter:data1\" content=\"JP\" \/>\n\t<meta name=\"twitter:label2\" content=\"Est. tempo de leitura\" \/>\n\t<meta name=\"twitter:data2\" content=\"2 minutos\" \/>\n<script type=\"application\/ld+json\" class=\"yoast-schema-graph\">{\"@context\":\"https:\/\/schema.org\",\"@graph\":[{\"@type\":\"Article\",\"@id\":\"https:\/\/bahiaeconomica.com.br\/wp\/2024\/10\/07\/pl-e-o-campeao-nacional-de-votos-no-primeiro-turno-das-eleicoes-para-prefeito-no-brasil\/#article\",\"isPartOf\":{\"@id\":\"https:\/\/bahiaeconomica.com.br\/wp\/2024\/10\/07\/pl-e-o-campeao-nacional-de-votos-no-primeiro-turno-das-eleicoes-para-prefeito-no-brasil\/\"},\"author\":{\"name\":\"JP\",\"@id\":\"https:\/\/bahiaeconomica.com.br\/wp\/#\/schema\/person\/c86d3a3f8960425a0f9d0e5245991f4e\"},\"headline\":\"PL \u00c9 O CAMPE\u00c3O NACIONAL DE VOTOS NO PRIMEIRO TURNO DAS ELEI\u00c7\u00d5ES PARA PREFEITO NO BRASIL\",\"datePublished\":\"2024-10-07T16:20:15+00:00\",\"dateModified\":\"2024-10-07T15:52:37+00:00\",\"mainEntityOfPage\":{\"@id\":\"https:\/\/bahiaeconomica.com.br\/wp\/2024\/10\/07\/pl-e-o-campeao-nacional-de-votos-no-primeiro-turno-das-eleicoes-para-prefeito-no-brasil\/\"},\"wordCount\":292,\"publisher\":{\"@id\":\"https:\/\/bahiaeconomica.com.br\/wp\/#organization\"},\"keywords\":[\"Brasil\",\"mudan\u00e7a\",\"Pol\u00edtica\",\"roma\"],\"articleSection\":[\"MUNIC\u00cdPIOS\",\"Pol\u00edtica\"],\"inLanguage\":\"pt-BR\"},{\"@type\":\"WebPage\",\"@id\":\"https:\/\/bahiaeconomica.com.br\/wp\/2024\/10\/07\/pl-e-o-campeao-nacional-de-votos-no-primeiro-turno-das-eleicoes-para-prefeito-no-brasil\/\",\"url\":\"https:\/\/bahiaeconomica.com.br\/wp\/2024\/10\/07\/pl-e-o-campeao-nacional-de-votos-no-primeiro-turno-das-eleicoes-para-prefeito-no-brasil\/\",\"name\":\"PL \u00c9 O CAMPE\u00c3O NACIONAL DE VOTOS NO PRIMEIRO TURNO DAS ELEI\u00c7\u00d5ES PARA PREFEITO NO BRASIL - Bahia Economica\",\"isPartOf\":{\"@id\":\"https:\/\/bahiaeconomica.com.br\/wp\/#website\"},\"datePublished\":\"2024-10-07T16:20:15+00:00\",\"dateModified\":\"2024-10-07T15:52:37+00:00\",\"description\":\"O maior portal de Economia da Bahia MUNIC\u00cdPIOS, Pol\u00edtica Bahia Economica O PL teve um crescimento de 236,2% no n\u00famero de votos\",\"breadcrumb\":{\"@id\":\"https:\/\/bahiaeconomica.com.br\/wp\/2024\/10\/07\/pl-e-o-campeao-nacional-de-votos-no-primeiro-turno-das-eleicoes-para-prefeito-no-brasil\/#breadcrumb\"},\"inLanguage\":\"pt-BR\",\"potentialAction\":[{\"@type\":\"ReadAction\",\"target\":[\"https:\/\/bahiaeconomica.com.br\/wp\/2024\/10\/07\/pl-e-o-campeao-nacional-de-votos-no-primeiro-turno-das-eleicoes-para-prefeito-no-brasil\/\"]}]},{\"@type\":\"BreadcrumbList\",\"@id\":\"https:\/\/bahiaeconomica.com.br\/wp\/2024\/10\/07\/pl-e-o-campeao-nacional-de-votos-no-primeiro-turno-das-eleicoes-para-prefeito-no-brasil\/#breadcrumb\",\"itemListElement\":[{\"@type\":\"ListItem\",\"position\":1,\"name\":\"In\u00edcio\",\"item\":\"https:\/\/bahiaeconomica.com.br\/wp\/\"},{\"@type\":\"ListItem\",\"position\":2,\"name\":\"PL \u00c9 O CAMPE\u00c3O NACIONAL DE VOTOS NO PRIMEIRO TURNO DAS ELEI\u00c7\u00d5ES PARA PREFEITO NO BRASIL\"}]},{\"@type\":\"WebSite\",\"@id\":\"https:\/\/bahiaeconomica.com.br\/wp\/#website\",\"url\":\"https:\/\/bahiaeconomica.com.br\/wp\/\",\"name\":\"Bahia Economica\",\"description\":\"O maior portal de Economia da Bahia\",\"publisher\":{\"@id\":\"https:\/\/bahiaeconomica.com.br\/wp\/#organization\"},\"potentialAction\":[{\"@type\":\"SearchAction\",\"target\":{\"@type\":\"EntryPoint\",\"urlTemplate\":\"https:\/\/bahiaeconomica.com.br\/wp\/?s={search_term_string}\"},\"query-input\":\"required name=search_term_string\"}],\"inLanguage\":\"pt-BR\"},{\"@type\":\"Organization\",\"@id\":\"https:\/\/bahiaeconomica.com.br\/wp\/#organization\",\"name\":\"Bahia Econ\u00f4mica\",\"url\":\"https:\/\/bahiaeconomica.com.br\/wp\/\",\"logo\":{\"@type\":\"ImageObject\",\"inLanguage\":\"pt-BR\",\"@id\":\"https:\/\/bahiaeconomica.com.br\/wp\/#\/schema\/logo\/image\/\",\"url\":\"https:\/\/bahiaeconomica.com.br\/wp\/wp-content\/uploads\/2020\/12\/cropped-BE.png\",\"contentUrl\":\"https:\/\/bahiaeconomica.com.br\/wp\/wp-content\/uploads\/2020\/12\/cropped-BE.png\",\"width\":512,\"height\":512,\"caption\":\"Bahia Econ\u00f4mica\"},\"image\":{\"@id\":\"https:\/\/bahiaeconomica.com.br\/wp\/#\/schema\/logo\/image\/\"},\"sameAs\":[\"https:\/\/www.facebook.com\/bahiaeconomica\"]},{\"@type\":\"Person\",\"@id\":\"https:\/\/bahiaeconomica.com.br\/wp\/#\/schema\/person\/c86d3a3f8960425a0f9d0e5245991f4e\",\"name\":\"JP\",\"sameAs\":[\"https:\/\/bahiaeconomica.com.br\/wp\/beta\/\"],\"url\":\"https:\/\/bahiaeconomica.com.br\/wp\/author\/jp\/\"}]}<\/script>\n<!-- \/ Yoast SEO plugin. -->","yoast_head_json":{"title":"PL \u00c9 O CAMPE\u00c3O NACIONAL DE VOTOS NO PRIMEIRO TURNO DAS ELEI\u00c7\u00d5ES PARA PREFEITO NO BRASIL - Bahia Economica","description":"O maior portal de Economia da Bahia MUNIC\u00cdPIOS, Pol\u00edtica Bahia Economica O PL teve um crescimento de 236,2% no n\u00famero de votos","robots":{"index":"index","follow":"follow","max-snippet":"max-snippet:-1","max-image-preview":"max-image-preview:large","max-video-preview":"max-video-preview:-1"},"canonical":"https:\/\/bahiaeconomica.com.br\/wp\/2024\/10\/07\/pl-e-o-campeao-nacional-de-votos-no-primeiro-turno-das-eleicoes-para-prefeito-no-brasil\/","og_locale":"pt_BR","og_type":"article","og_title":"PL \u00c9 O CAMPE\u00c3O NACIONAL DE VOTOS NO PRIMEIRO TURNO DAS ELEI\u00c7\u00d5ES PARA PREFEITO NO BRASIL - Bahia Economica","og_description":"O maior portal de Economia da Bahia MUNIC\u00cdPIOS, Pol\u00edtica Bahia Economica O PL teve um crescimento de 236,2% no n\u00famero de votos","og_url":"https:\/\/bahiaeconomica.com.br\/wp\/2024\/10\/07\/pl-e-o-campeao-nacional-de-votos-no-primeiro-turno-das-eleicoes-para-prefeito-no-brasil\/","og_site_name":"Bahia Economica","article_publisher":"https:\/\/www.facebook.com\/bahiaeconomica","article_published_time":"2024-10-07T16:20:15+00:00","article_modified_time":"2024-10-07T15:52:37+00:00","og_image":[{"width":1290,"height":1013,"url":"https:\/\/bahiaeconomica.com.br\/wp\/wp-content\/uploads\/2024\/10\/WhatsApp-Image-2024-10-07-at-12.18.15.jpeg","type":"image\/jpeg"}],"author":"JP","twitter_card":"summary_large_image","twitter_misc":{"Escrito por":"JP","Est. tempo de leitura":"2 minutos"},"schema":{"@context":"https:\/\/schema.org","@graph":[{"@type":"Article","@id":"https:\/\/bahiaeconomica.com.br\/wp\/2024\/10\/07\/pl-e-o-campeao-nacional-de-votos-no-primeiro-turno-das-eleicoes-para-prefeito-no-brasil\/#article","isPartOf":{"@id":"https:\/\/bahiaeconomica.com.br\/wp\/2024\/10\/07\/pl-e-o-campeao-nacional-de-votos-no-primeiro-turno-das-eleicoes-para-prefeito-no-brasil\/"},"author":{"name":"JP","@id":"https:\/\/bahiaeconomica.com.br\/wp\/#\/schema\/person\/c86d3a3f8960425a0f9d0e5245991f4e"},"headline":"PL \u00c9 O CAMPE\u00c3O NACIONAL DE VOTOS NO PRIMEIRO TURNO DAS ELEI\u00c7\u00d5ES PARA PREFEITO NO BRASIL","datePublished":"2024-10-07T16:20:15+00:00","dateModified":"2024-10-07T15:52:37+00:00","mainEntityOfPage":{"@id":"https:\/\/bahiaeconomica.com.br\/wp\/2024\/10\/07\/pl-e-o-campeao-nacional-de-votos-no-primeiro-turno-das-eleicoes-para-prefeito-no-brasil\/"},"wordCount":292,"publisher":{"@id":"https:\/\/bahiaeconomica.com.br\/wp\/#organization"},"keywords":["Brasil","mudan\u00e7a","Pol\u00edtica","roma"],"articleSection":["MUNIC\u00cdPIOS","Pol\u00edtica"],"inLanguage":"pt-BR"},{"@type":"WebPage","@id":"https:\/\/bahiaeconomica.com.br\/wp\/2024\/10\/07\/pl-e-o-campeao-nacional-de-votos-no-primeiro-turno-das-eleicoes-para-prefeito-no-brasil\/","url":"https:\/\/bahiaeconomica.com.br\/wp\/2024\/10\/07\/pl-e-o-campeao-nacional-de-votos-no-primeiro-turno-das-eleicoes-para-prefeito-no-brasil\/","name":"PL \u00c9 O CAMPE\u00c3O NACIONAL DE VOTOS NO PRIMEIRO TURNO DAS ELEI\u00c7\u00d5ES PARA PREFEITO NO BRASIL - Bahia Economica","isPartOf":{"@id":"https:\/\/bahiaeconomica.com.br\/wp\/#website"},"datePublished":"2024-10-07T16:20:15+00:00","dateModified":"2024-10-07T15:52:37+00:00","description":"O maior portal de Economia da Bahia MUNIC\u00cdPIOS, Pol\u00edtica Bahia Economica O PL teve um crescimento de 236,2% no n\u00famero de votos","breadcrumb":{"@id":"https:\/\/bahiaeconomica.com.br\/wp\/2024\/10\/07\/pl-e-o-campeao-nacional-de-votos-no-primeiro-turno-das-eleicoes-para-prefeito-no-brasil\/#breadcrumb"},"inLanguage":"pt-BR","potentialAction":[{"@type":"ReadAction","target":["https:\/\/bahiaeconomica.com.br\/wp\/2024\/10\/07\/pl-e-o-campeao-nacional-de-votos-no-primeiro-turno-das-eleicoes-para-prefeito-no-brasil\/"]}]},{"@type":"BreadcrumbList","@id":"https:\/\/bahiaeconomica.com.br\/wp\/2024\/10\/07\/pl-e-o-campeao-nacional-de-votos-no-primeiro-turno-das-eleicoes-para-prefeito-no-brasil\/#breadcrumb","itemListElement":[{"@type":"ListItem","position":1,"name":"In\u00edcio","item":"https:\/\/bahiaeconomica.com.br\/wp\/"},{"@type":"ListItem","position":2,"name":"PL \u00c9 O CAMPE\u00c3O NACIONAL DE VOTOS NO PRIMEIRO TURNO DAS ELEI\u00c7\u00d5ES PARA PREFEITO NO BRASIL"}]},{"@type":"WebSite","@id":"https:\/\/bahiaeconomica.com.br\/wp\/#website","url":"https:\/\/bahiaeconomica.com.br\/wp\/","name":"Bahia Economica","description":"O maior portal de Economia da Bahia","publisher":{"@id":"https:\/\/bahiaeconomica.com.br\/wp\/#organization"},"potentialAction":[{"@type":"SearchAction","target":{"@type":"EntryPoint","urlTemplate":"https:\/\/bahiaeconomica.com.br\/wp\/?s={search_term_string}"},"query-input":"required name=search_term_string"}],"inLanguage":"pt-BR"},{"@type":"Organization","@id":"https:\/\/bahiaeconomica.com.br\/wp\/#organization","name":"Bahia Econ\u00f4mica","url":"https:\/\/bahiaeconomica.com.br\/wp\/","logo":{"@type":"ImageObject","inLanguage":"pt-BR","@id":"https:\/\/bahiaeconomica.com.br\/wp\/#\/schema\/logo\/image\/","url":"https:\/\/bahiaeconomica.com.br\/wp\/wp-content\/uploads\/2020\/12\/cropped-BE.png","contentUrl":"https:\/\/bahiaeconomica.com.br\/wp\/wp-content\/uploads\/2020\/12\/cropped-BE.png","width":512,"height":512,"caption":"Bahia Econ\u00f4mica"},"image":{"@id":"https:\/\/bahiaeconomica.com.br\/wp\/#\/schema\/logo\/image\/"},"sameAs":["https:\/\/www.facebook.com\/bahiaeconomica"]},{"@type":"Person","@id":"https:\/\/bahiaeconomica.com.br\/wp\/#\/schema\/person\/c86d3a3f8960425a0f9d0e5245991f4e","name":"JP","sameAs":["https:\/\/bahiaeconomica.com.br\/wp\/beta\/"],"url":"https:\/\/bahiaeconomica.com.br\/wp\/author\/jp\/"}]}},"views":13,"_links":{"self":[{"href":"https:\/\/bahiaeconomica.com.br\/wp\/wp-json\/wp\/v2\/posts\/850266"}],"collection":[{"href":"https:\/\/bahiaeconomica.com.br\/wp\/wp-json\/wp\/v2\/posts"}],"about":[{"href":"https:\/\/bahiaeconomica.com.br\/wp\/wp-json\/wp\/v2\/types\/post"}],"author":[{"embeddable":true,"href":"https:\/\/bahiaeconomica.com.br\/wp\/wp-json\/wp\/v2\/users\/8"}],"replies":[{"embeddable":true,"href":"https:\/\/bahiaeconomica.com.br\/wp\/wp-json\/wp\/v2\/comments?post=850266"}],"version-history":[{"count":1,"href":"https:\/\/bahiaeconomica.com.br\/wp\/wp-json\/wp\/v2\/posts\/850266\/revisions"}],"predecessor-version":[{"id":850270,"href":"https:\/\/bahiaeconomica.com.br\/wp\/wp-json\/wp\/v2\/posts\/850266\/revisions\/850270"}],"wp:featuredmedia":[{"embeddable":true,"href":"https:\/\/bahiaeconomica.com.br\/wp\/wp-json\/wp\/v2\/media\/850268"}],"wp:attachment":[{"href":"https:\/\/bahiaeconomica.com.br\/wp\/wp-json\/wp\/v2\/media?parent=850266"}],"wp:term":[{"taxonomy":"category","embeddable":true,"href":"https:\/\/bahiaeconomica.com.br\/wp\/wp-json\/wp\/v2\/categories?post=850266"},{"taxonomy":"post_tag","embeddable":true,"href":"https:\/\/bahiaeconomica.com.br\/wp\/wp-json\/wp\/v2\/tags?post=850266"}],"curies":[{"name":"wp","href":"https:\/\/api.w.org\/{rel}","templated":true}]}}