{"id":849957,"date":"2024-10-05T08:48:22","date_gmt":"2024-10-05T11:48:22","guid":{"rendered":"https:\/\/bahiaeconomica.com.br\/wp\/?p=849957"},"modified":"2024-10-05T08:48:22","modified_gmt":"2024-10-05T11:48:22","slug":"atlasintel-a-tarde-adelia-lidera-corrida-pela-prefeitura-de-ilheus","status":"publish","type":"post","link":"https:\/\/bahiaeconomica.com.br\/wp\/2024\/10\/05\/atlasintel-a-tarde-adelia-lidera-corrida-pela-prefeitura-de-ilheus\/","title":{"rendered":"ATLASINTEL\/A TARDE: AD\u00c9LIA LIDERA CORRIDA PELA PREFEITURA DE ILH\u00c9US"},"content":{"rendered":"<p>A ex-secret\u00e1ria estadual de Educa\u00e7\u00e3o, Ad\u00e9lia Pinheiro (PT), lidera as inten\u00e7\u00f5es de voto para a prefeitura de Ilh\u00e9us, de acordo com o levantamento AtlasIntel\/A TARDE. A candidata petista tem 42.9% da prefer\u00eancia dos eleitores, ou 44.5% dos votos v\u00e1lidos, quando s\u00e3o descartados brancos e nulos.<\/p>\n<p>Valderico J\u00fanior (Uni\u00e3o Brasil) aparece com 40% das inten\u00e7\u00f5es de voto, o que aponta empate t\u00e9cnico entre os candidatos, dentro da margem de erro, que \u00e9 de 3 pontos percentuais para mais ou para menos. Nos votos v\u00e1lidos, o candidato do Uni\u00e3o Brasil tem 41.4%. Bento Lima (PSD), candidato do prefeito M\u00e1rio Alexandre (PSD), tem 13.5%, ou 14% dos votos v\u00e1lidos. Outros 2.2% dos eleitores n\u00e3o sabem em quem v\u00e3o votar, e 1.4% diz votar branco ou nulo.<\/p>\n<p>Para o analista pol\u00edtico da AtlasIntel, Yuri Sanches, a corrida est\u00e1 bastante indefinida, configurando um empate t\u00e9cnico, e ser\u00e1 decidida a partir da capacidade de ambos candidatos de dialogar com a base de Bento Lima. &#8220;Temos uma corrida bastante parelha em Ilh\u00e9us com Ad\u00e9lia liderando, Valderico em seguida e com Bento Lima na figura de fiel da balan\u00e7a, decidindo para onde essa vit\u00f3ria vai pender. Na margem, os dois estariam empatados tecnicamente, ent\u00e3o vai precisar haver um di\u00e1logo com a base do eleitorado que prefere o Bento Lima, que pode ser tamb\u00e9m um voto de protesto de quem prefere uma op\u00e7\u00e3o al\u00e9m do embate entre PT e Uni\u00e3o Brasil, do petismo contra o carlismo&#8221;, pontuou.<\/p>\n<p>Votos gerais tamb\u00e9m mostram vantagem da petista<\/p>\n<p>Ainda na avalia\u00e7\u00e3o de Yuri, caso haja uma migra\u00e7\u00e3o para o chamado &#8220;voto \u00fatil&#8221;, j\u00e1 que Ilh\u00e9us n\u00e3o possui segundo turno, a tend\u00eancia observada \u00e9 de que Valderico seja beneficiado. &#8220;O Bento Lima tem o apoio do Otto Alencar, que faz parte da base do governador Jer\u00f4nimo e \u00e9 aliado hist\u00f3rico do PT, mas o seu eleitorado tem algumas caracter\u00edsticas que apresentam uma tend\u00eancia maior de, em caso de migra\u00e7\u00e3o, aderirem \u00e0 candidatura de Valderico. \u00c9 um cen\u00e1rio que encontra correla\u00e7\u00e3o na elei\u00e7\u00e3o de 2022, quando Jer\u00f4nimo tinha uma vantagem pequena em rela\u00e7\u00e3o \u00e0 ACM Neto, e que se repete agora, mas que ao observar os cruzamentos, apenas 10% do eleitorado de Bento Lima votou no petista, enquanto 16% preferiu Neto e 18% desse eleitorado votou no candidato Jo\u00e3o Roma&#8221;, apontou.<\/p>\n<p>Prefer\u00eancias<\/p>\n<p>Ad\u00e9lia \u00e9 prefer\u00eancia entre as mulheres entrevistadas (51.2% x 34.7%), enquanto Valderico leva vantagem entre os homens (46.4% x 33.1%). Se for levada em considera\u00e7\u00e3o a faixa et\u00e1ria, Ad\u00e9lia vence entre os jovens de 16 a 24 anos, com 76.5%, seguida por Bento, que \u00e9 citado por 13.2% dos eleitores entrevistados, e Valderico, com 3.7%. A candidata petista ainda aparece na frente entre o eleitorado de 25 a 34 anos (50.8%) e de 60+ (41.2%). J\u00e1 o nome do Uni\u00e3o Brasil lidera nas faixas de 35 a 44 anos (46.3%) e de 45 a 59 anos (52.5%).<\/p>\n<p>A candidata petista, que \u00e9 apoiada pelo governador Jer\u00f4nimo Rodrigues (PT) e pelo ministro-chefe da Casa Civil, Rui Costa (PT), herda os votos do atual gestor (84%) e de Kleber Rosa (Psol) 72.9%, no recorte do primeiro turno de 2022, o que aponta para uma tend\u00eancia de votos de simpatizantes de candidatos mais \u00e0 esquerda. Valderico aparece como o herdeiro dos votos de ACM Neto (Uni\u00e3o Brasil), com 70.2%, e de Jo\u00e3o Roma (PL), com 76.1%.<\/p>\n<p>No recorte nacional, Ad\u00e9lia \u00e9 a preferida daqueles que votaram no presidente Luiz In\u00e1cio Lula da Silva (PT) no segundo turno da elei\u00e7\u00e3o de 2022 (73.5%), enquanto Valderico lidera entre os eleitores de Jair Bolsonaro (PL), com 74.9%. Escolhido por Mar\u00e3o para a sucess\u00e3o, o ex-secret\u00e1rio municipal Bento Lima (PSD) n\u00e3o herda a maioria dos votos depositados no atual prefeito em 2020, com 24.5%. Ad\u00e9lia aparece na frente entre os que votaram no gestor no \u00faltimo pleito, com 55.9%, enquanto 19.2% dizem votar em Valderico.<\/p>\n<p>Avalia\u00e7\u00e3o dos gestores<\/p>\n<p>A pesquisa AtlasIntel tamb\u00e9m perguntou aos entrevistados sobre a avalia\u00e7\u00e3o do presidente Lula (PT), do governador Jer\u00f4nimo Rodrigues (PT) e do prefeito Mar\u00e3o (PSD) na cidade. O l\u00edder do Pal\u00e1cio do Planalto \u00e9 aprovado por 49% dos entrevistados. Outros 46% desaprovam a gest\u00e3o, enquanto 5% disseram n\u00e3o saber. Jer\u00f4nimo Rodrigues \u00e9 aprovado por 35%, enquanto 56% desaprovam. Aqueles que n\u00e3o sabem somam 10%. O prefeito Mar\u00e3o tem 72% de desaprova\u00e7\u00e3o. O gestor tem 15% de aprova\u00e7\u00e3o, e outros 13% n\u00e3o sabem.<\/p>\n<p>Como votar neste domingo, 6<\/p>\n<p>O desempenho dos tr\u00eas gestores tamb\u00e9m foi questionado. Para 37%, o presidente Lula faz um governo bom ou \u00f3timo. J\u00e1 aqueles que consideram o governo regular s\u00e3o 38%, enquanto 25% classificam como ruim ou p\u00e9ssimo. O governo Jer\u00f4nimo Rodrigues \u00e9 visto como bom ou \u00f3timo por 26%, regular por 49%, e ruim ou p\u00e9ssimo por 26% dos entrevistados. A gest\u00e3o Mar\u00e3o \u00e9 tida como boa ou \u00f3tima por 10%, regular por 58%, e ruim ou p\u00e9ssima por 32%.<\/p>\n<p>Avalia\u00e7\u00e3o dos pol\u00edticos<\/p>\n<p>O ex-prefeito de Salvador, ACM Neto, aparece como o pol\u00edtico com maior aprova\u00e7\u00e3o entre os entrevistados, com imagem positiva para 62%. Na sequ\u00eancia vem o ex-presidente Jair Bolsonaro, com 45%. O ministro Rui Costa tem 44%, mesmo n\u00famero que Valderico. O presidente Lula \u00e9 visto de forma positiva por 36%, enquanto Ad\u00e9lia aparece com 35%. Jer\u00f4nimo \u00e9 bem avaliado por 29%, enquanto Mar\u00e3o tem uma imagem positiva para 17%. O candidato Bento Lima tem a menor imagem positiva entre os pol\u00edticos, com 15%.<\/p>\n<p>A pesquisa AtlasIntel\/A TARDE entrevistou 805 eleitores, via recrutamento digital aleat\u00f3rio, entre os dias 29 de setembro e 4 de outubro. A margem de erro \u00e9 de 3 pontos percentuais, para mais ou para menos, e o n\u00edvel de confian\u00e7a do levantamento \u00e9 de 95%. O n\u00famero de registro no TSE \u00e9 BA-06052\/2024.<\/p>\n<p>Foto: Divulga\u00e7\u00e3o | Ascom<\/p>\n<p>&nbsp;<\/p>\n","protected":false},"excerpt":{"rendered":"<p>A ex-secret\u00e1ria estadual de Educa\u00e7\u00e3o, Ad\u00e9lia Pinheiro (PT), lidera as inten\u00e7\u00f5es de voto para a prefeitura de Ilh\u00e9us, de acordo com o levantamento AtlasIntel\/A TARDE. A candidata petista tem 42.9% da prefer\u00eancia dos eleitores, ou 44.5% dos votos v\u00e1lidos, quando s\u00e3o descartados brancos e nulos. Valderico J\u00fanior (Uni\u00e3o Brasil) aparece com 40% das inten\u00e7\u00f5es de [&hellip;]<\/p>\n","protected":false},"author":8,"featured_media":849958,"comment_status":"closed","ping_status":"closed","sticky":false,"template":"","format":"standard","meta":[],"categories":[5],"tags":[5073,700,145,4442,33626,21603],"acf":[],"yoast_head":"<!-- This site is optimized with the Yoast SEO plugin v20.8 - https:\/\/yoast.com\/wordpress\/plugins\/seo\/ -->\n<title>ATLASINTEL\/A TARDE: AD\u00c9LIA LIDERA CORRIDA PELA PREFEITURA DE ILH\u00c9US - Bahia Economica<\/title>\n<meta name=\"description\" content=\"O maior portal de Economia da Bahia MUNIC\u00cdPIOS Bahia Economica O desempenho dos tr\u00eas gestores tamb\u00e9m foi questionado\" \/>\n<meta name=\"robots\" content=\"index, follow, max-snippet:-1, max-image-preview:large, max-video-preview:-1\" \/>\n<link rel=\"canonical\" href=\"https:\/\/bahiaeconomica.com.br\/wp\/2024\/10\/05\/atlasintel-a-tarde-adelia-lidera-corrida-pela-prefeitura-de-ilheus\/\" \/>\n<meta property=\"og:locale\" content=\"pt_BR\" \/>\n<meta property=\"og:type\" content=\"article\" \/>\n<meta property=\"og:title\" content=\"ATLASINTEL\/A TARDE: AD\u00c9LIA LIDERA CORRIDA PELA PREFEITURA DE ILH\u00c9US - Bahia Economica\" \/>\n<meta property=\"og:description\" content=\"O maior portal de Economia da Bahia MUNIC\u00cdPIOS Bahia Economica O desempenho dos tr\u00eas gestores tamb\u00e9m foi questionado\" \/>\n<meta property=\"og:url\" content=\"https:\/\/bahiaeconomica.com.br\/wp\/2024\/10\/05\/atlasintel-a-tarde-adelia-lidera-corrida-pela-prefeitura-de-ilheus\/\" \/>\n<meta property=\"og:site_name\" content=\"Bahia Economica\" \/>\n<meta property=\"article:publisher\" content=\"https:\/\/www.facebook.com\/bahiaeconomica\" \/>\n<meta property=\"article:published_time\" content=\"2024-10-05T11:48:22+00:00\" \/>\n<meta property=\"og:image\" content=\"https:\/\/bahiaeconomica.com.br\/wp\/wp-content\/uploads\/2024\/10\/AtlasIntelA-TARDE-Adelia-lidera-corrida-pela-prefe0128988700202410041856-ScaleDownProportional.webp\" \/>\n\t<meta property=\"og:image:width\" content=\"1200\" \/>\n\t<meta property=\"og:image:height\" content=\"675\" \/>\n\t<meta property=\"og:image:type\" content=\"image\/webp\" \/>\n<meta name=\"author\" content=\"JP\" \/>\n<meta name=\"twitter:card\" content=\"summary_large_image\" \/>\n<meta name=\"twitter:label1\" content=\"Escrito por\" \/>\n\t<meta name=\"twitter:data1\" content=\"JP\" \/>\n\t<meta name=\"twitter:label2\" content=\"Est. tempo de leitura\" \/>\n\t<meta name=\"twitter:data2\" content=\"6 minutos\" \/>\n<script type=\"application\/ld+json\" class=\"yoast-schema-graph\">{\"@context\":\"https:\/\/schema.org\",\"@graph\":[{\"@type\":\"Article\",\"@id\":\"https:\/\/bahiaeconomica.com.br\/wp\/2024\/10\/05\/atlasintel-a-tarde-adelia-lidera-corrida-pela-prefeitura-de-ilheus\/#article\",\"isPartOf\":{\"@id\":\"https:\/\/bahiaeconomica.com.br\/wp\/2024\/10\/05\/atlasintel-a-tarde-adelia-lidera-corrida-pela-prefeitura-de-ilheus\/\"},\"author\":{\"name\":\"JP\",\"@id\":\"https:\/\/bahiaeconomica.com.br\/wp\/#\/schema\/person\/c86d3a3f8960425a0f9d0e5245991f4e\"},\"headline\":\"ATLASINTEL\/A TARDE: AD\u00c9LIA LIDERA CORRIDA PELA PREFEITURA DE ILH\u00c9US\",\"datePublished\":\"2024-10-05T11:48:22+00:00\",\"dateModified\":\"2024-10-05T11:48:22+00:00\",\"mainEntityOfPage\":{\"@id\":\"https:\/\/bahiaeconomica.com.br\/wp\/2024\/10\/05\/atlasintel-a-tarde-adelia-lidera-corrida-pela-prefeitura-de-ilheus\/\"},\"wordCount\":967,\"publisher\":{\"@id\":\"https:\/\/bahiaeconomica.com.br\/wp\/#organization\"},\"keywords\":[\"Ad\u00e9lia\",\"eleicoes\",\"Ilh\u00e9us\",\"pinheiro\",\"Pol\u00edtica Prefeita\",\"valderico\"],\"articleSection\":[\"MUNIC\u00cdPIOS\"],\"inLanguage\":\"pt-BR\"},{\"@type\":\"WebPage\",\"@id\":\"https:\/\/bahiaeconomica.com.br\/wp\/2024\/10\/05\/atlasintel-a-tarde-adelia-lidera-corrida-pela-prefeitura-de-ilheus\/\",\"url\":\"https:\/\/bahiaeconomica.com.br\/wp\/2024\/10\/05\/atlasintel-a-tarde-adelia-lidera-corrida-pela-prefeitura-de-ilheus\/\",\"name\":\"ATLASINTEL\/A TARDE: AD\u00c9LIA LIDERA CORRIDA PELA PREFEITURA DE ILH\u00c9US - Bahia Economica\",\"isPartOf\":{\"@id\":\"https:\/\/bahiaeconomica.com.br\/wp\/#website\"},\"datePublished\":\"2024-10-05T11:48:22+00:00\",\"dateModified\":\"2024-10-05T11:48:22+00:00\",\"description\":\"O maior portal de Economia da Bahia MUNIC\u00cdPIOS Bahia Economica O desempenho dos tr\u00eas gestores tamb\u00e9m foi questionado\",\"breadcrumb\":{\"@id\":\"https:\/\/bahiaeconomica.com.br\/wp\/2024\/10\/05\/atlasintel-a-tarde-adelia-lidera-corrida-pela-prefeitura-de-ilheus\/#breadcrumb\"},\"inLanguage\":\"pt-BR\",\"potentialAction\":[{\"@type\":\"ReadAction\",\"target\":[\"https:\/\/bahiaeconomica.com.br\/wp\/2024\/10\/05\/atlasintel-a-tarde-adelia-lidera-corrida-pela-prefeitura-de-ilheus\/\"]}]},{\"@type\":\"BreadcrumbList\",\"@id\":\"https:\/\/bahiaeconomica.com.br\/wp\/2024\/10\/05\/atlasintel-a-tarde-adelia-lidera-corrida-pela-prefeitura-de-ilheus\/#breadcrumb\",\"itemListElement\":[{\"@type\":\"ListItem\",\"position\":1,\"name\":\"In\u00edcio\",\"item\":\"https:\/\/bahiaeconomica.com.br\/wp\/\"},{\"@type\":\"ListItem\",\"position\":2,\"name\":\"ATLASINTEL\/A TARDE: AD\u00c9LIA LIDERA CORRIDA PELA PREFEITURA DE ILH\u00c9US\"}]},{\"@type\":\"WebSite\",\"@id\":\"https:\/\/bahiaeconomica.com.br\/wp\/#website\",\"url\":\"https:\/\/bahiaeconomica.com.br\/wp\/\",\"name\":\"Bahia Economica\",\"description\":\"O maior portal de Economia da Bahia\",\"publisher\":{\"@id\":\"https:\/\/bahiaeconomica.com.br\/wp\/#organization\"},\"potentialAction\":[{\"@type\":\"SearchAction\",\"target\":{\"@type\":\"EntryPoint\",\"urlTemplate\":\"https:\/\/bahiaeconomica.com.br\/wp\/?s={search_term_string}\"},\"query-input\":\"required name=search_term_string\"}],\"inLanguage\":\"pt-BR\"},{\"@type\":\"Organization\",\"@id\":\"https:\/\/bahiaeconomica.com.br\/wp\/#organization\",\"name\":\"Bahia Econ\u00f4mica\",\"url\":\"https:\/\/bahiaeconomica.com.br\/wp\/\",\"logo\":{\"@type\":\"ImageObject\",\"inLanguage\":\"pt-BR\",\"@id\":\"https:\/\/bahiaeconomica.com.br\/wp\/#\/schema\/logo\/image\/\",\"url\":\"https:\/\/bahiaeconomica.com.br\/wp\/wp-content\/uploads\/2020\/12\/cropped-BE.png\",\"contentUrl\":\"https:\/\/bahiaeconomica.com.br\/wp\/wp-content\/uploads\/2020\/12\/cropped-BE.png\",\"width\":512,\"height\":512,\"caption\":\"Bahia Econ\u00f4mica\"},\"image\":{\"@id\":\"https:\/\/bahiaeconomica.com.br\/wp\/#\/schema\/logo\/image\/\"},\"sameAs\":[\"https:\/\/www.facebook.com\/bahiaeconomica\"]},{\"@type\":\"Person\",\"@id\":\"https:\/\/bahiaeconomica.com.br\/wp\/#\/schema\/person\/c86d3a3f8960425a0f9d0e5245991f4e\",\"name\":\"JP\",\"sameAs\":[\"https:\/\/bahiaeconomica.com.br\/wp\/beta\/\"],\"url\":\"https:\/\/bahiaeconomica.com.br\/wp\/author\/jp\/\"}]}<\/script>\n<!-- \/ Yoast SEO plugin. -->","yoast_head_json":{"title":"ATLASINTEL\/A TARDE: AD\u00c9LIA LIDERA CORRIDA PELA PREFEITURA DE ILH\u00c9US - Bahia Economica","description":"O maior portal de Economia da Bahia MUNIC\u00cdPIOS Bahia Economica O desempenho dos tr\u00eas gestores tamb\u00e9m foi questionado","robots":{"index":"index","follow":"follow","max-snippet":"max-snippet:-1","max-image-preview":"max-image-preview:large","max-video-preview":"max-video-preview:-1"},"canonical":"https:\/\/bahiaeconomica.com.br\/wp\/2024\/10\/05\/atlasintel-a-tarde-adelia-lidera-corrida-pela-prefeitura-de-ilheus\/","og_locale":"pt_BR","og_type":"article","og_title":"ATLASINTEL\/A TARDE: AD\u00c9LIA LIDERA CORRIDA PELA PREFEITURA DE ILH\u00c9US - Bahia Economica","og_description":"O maior portal de Economia da Bahia MUNIC\u00cdPIOS Bahia Economica O desempenho dos tr\u00eas gestores tamb\u00e9m foi questionado","og_url":"https:\/\/bahiaeconomica.com.br\/wp\/2024\/10\/05\/atlasintel-a-tarde-adelia-lidera-corrida-pela-prefeitura-de-ilheus\/","og_site_name":"Bahia Economica","article_publisher":"https:\/\/www.facebook.com\/bahiaeconomica","article_published_time":"2024-10-05T11:48:22+00:00","og_image":[{"width":1200,"height":675,"url":"https:\/\/bahiaeconomica.com.br\/wp\/wp-content\/uploads\/2024\/10\/AtlasIntelA-TARDE-Adelia-lidera-corrida-pela-prefe0128988700202410041856-ScaleDownProportional.webp","type":"image\/webp"}],"author":"JP","twitter_card":"summary_large_image","twitter_misc":{"Escrito por":"JP","Est. tempo de leitura":"6 minutos"},"schema":{"@context":"https:\/\/schema.org","@graph":[{"@type":"Article","@id":"https:\/\/bahiaeconomica.com.br\/wp\/2024\/10\/05\/atlasintel-a-tarde-adelia-lidera-corrida-pela-prefeitura-de-ilheus\/#article","isPartOf":{"@id":"https:\/\/bahiaeconomica.com.br\/wp\/2024\/10\/05\/atlasintel-a-tarde-adelia-lidera-corrida-pela-prefeitura-de-ilheus\/"},"author":{"name":"JP","@id":"https:\/\/bahiaeconomica.com.br\/wp\/#\/schema\/person\/c86d3a3f8960425a0f9d0e5245991f4e"},"headline":"ATLASINTEL\/A TARDE: AD\u00c9LIA LIDERA CORRIDA PELA PREFEITURA DE ILH\u00c9US","datePublished":"2024-10-05T11:48:22+00:00","dateModified":"2024-10-05T11:48:22+00:00","mainEntityOfPage":{"@id":"https:\/\/bahiaeconomica.com.br\/wp\/2024\/10\/05\/atlasintel-a-tarde-adelia-lidera-corrida-pela-prefeitura-de-ilheus\/"},"wordCount":967,"publisher":{"@id":"https:\/\/bahiaeconomica.com.br\/wp\/#organization"},"keywords":["Ad\u00e9lia","eleicoes","Ilh\u00e9us","pinheiro","Pol\u00edtica Prefeita","valderico"],"articleSection":["MUNIC\u00cdPIOS"],"inLanguage":"pt-BR"},{"@type":"WebPage","@id":"https:\/\/bahiaeconomica.com.br\/wp\/2024\/10\/05\/atlasintel-a-tarde-adelia-lidera-corrida-pela-prefeitura-de-ilheus\/","url":"https:\/\/bahiaeconomica.com.br\/wp\/2024\/10\/05\/atlasintel-a-tarde-adelia-lidera-corrida-pela-prefeitura-de-ilheus\/","name":"ATLASINTEL\/A TARDE: AD\u00c9LIA LIDERA CORRIDA PELA PREFEITURA DE ILH\u00c9US - Bahia Economica","isPartOf":{"@id":"https:\/\/bahiaeconomica.com.br\/wp\/#website"},"datePublished":"2024-10-05T11:48:22+00:00","dateModified":"2024-10-05T11:48:22+00:00","description":"O maior portal de Economia da Bahia MUNIC\u00cdPIOS Bahia Economica O desempenho dos tr\u00eas gestores tamb\u00e9m foi questionado","breadcrumb":{"@id":"https:\/\/bahiaeconomica.com.br\/wp\/2024\/10\/05\/atlasintel-a-tarde-adelia-lidera-corrida-pela-prefeitura-de-ilheus\/#breadcrumb"},"inLanguage":"pt-BR","potentialAction":[{"@type":"ReadAction","target":["https:\/\/bahiaeconomica.com.br\/wp\/2024\/10\/05\/atlasintel-a-tarde-adelia-lidera-corrida-pela-prefeitura-de-ilheus\/"]}]},{"@type":"BreadcrumbList","@id":"https:\/\/bahiaeconomica.com.br\/wp\/2024\/10\/05\/atlasintel-a-tarde-adelia-lidera-corrida-pela-prefeitura-de-ilheus\/#breadcrumb","itemListElement":[{"@type":"ListItem","position":1,"name":"In\u00edcio","item":"https:\/\/bahiaeconomica.com.br\/wp\/"},{"@type":"ListItem","position":2,"name":"ATLASINTEL\/A TARDE: AD\u00c9LIA LIDERA CORRIDA PELA PREFEITURA DE ILH\u00c9US"}]},{"@type":"WebSite","@id":"https:\/\/bahiaeconomica.com.br\/wp\/#website","url":"https:\/\/bahiaeconomica.com.br\/wp\/","name":"Bahia Economica","description":"O maior portal de Economia da Bahia","publisher":{"@id":"https:\/\/bahiaeconomica.com.br\/wp\/#organization"},"potentialAction":[{"@type":"SearchAction","target":{"@type":"EntryPoint","urlTemplate":"https:\/\/bahiaeconomica.com.br\/wp\/?s={search_term_string}"},"query-input":"required name=search_term_string"}],"inLanguage":"pt-BR"},{"@type":"Organization","@id":"https:\/\/bahiaeconomica.com.br\/wp\/#organization","name":"Bahia Econ\u00f4mica","url":"https:\/\/bahiaeconomica.com.br\/wp\/","logo":{"@type":"ImageObject","inLanguage":"pt-BR","@id":"https:\/\/bahiaeconomica.com.br\/wp\/#\/schema\/logo\/image\/","url":"https:\/\/bahiaeconomica.com.br\/wp\/wp-content\/uploads\/2020\/12\/cropped-BE.png","contentUrl":"https:\/\/bahiaeconomica.com.br\/wp\/wp-content\/uploads\/2020\/12\/cropped-BE.png","width":512,"height":512,"caption":"Bahia Econ\u00f4mica"},"image":{"@id":"https:\/\/bahiaeconomica.com.br\/wp\/#\/schema\/logo\/image\/"},"sameAs":["https:\/\/www.facebook.com\/bahiaeconomica"]},{"@type":"Person","@id":"https:\/\/bahiaeconomica.com.br\/wp\/#\/schema\/person\/c86d3a3f8960425a0f9d0e5245991f4e","name":"JP","sameAs":["https:\/\/bahiaeconomica.com.br\/wp\/beta\/"],"url":"https:\/\/bahiaeconomica.com.br\/wp\/author\/jp\/"}]}},"views":44,"_links":{"self":[{"href":"https:\/\/bahiaeconomica.com.br\/wp\/wp-json\/wp\/v2\/posts\/849957"}],"collection":[{"href":"https:\/\/bahiaeconomica.com.br\/wp\/wp-json\/wp\/v2\/posts"}],"about":[{"href":"https:\/\/bahiaeconomica.com.br\/wp\/wp-json\/wp\/v2\/types\/post"}],"author":[{"embeddable":true,"href":"https:\/\/bahiaeconomica.com.br\/wp\/wp-json\/wp\/v2\/users\/8"}],"replies":[{"embeddable":true,"href":"https:\/\/bahiaeconomica.com.br\/wp\/wp-json\/wp\/v2\/comments?post=849957"}],"version-history":[{"count":1,"href":"https:\/\/bahiaeconomica.com.br\/wp\/wp-json\/wp\/v2\/posts\/849957\/revisions"}],"predecessor-version":[{"id":849959,"href":"https:\/\/bahiaeconomica.com.br\/wp\/wp-json\/wp\/v2\/posts\/849957\/revisions\/849959"}],"wp:featuredmedia":[{"embeddable":true,"href":"https:\/\/bahiaeconomica.com.br\/wp\/wp-json\/wp\/v2\/media\/849958"}],"wp:attachment":[{"href":"https:\/\/bahiaeconomica.com.br\/wp\/wp-json\/wp\/v2\/media?parent=849957"}],"wp:term":[{"taxonomy":"category","embeddable":true,"href":"https:\/\/bahiaeconomica.com.br\/wp\/wp-json\/wp\/v2\/categories?post=849957"},{"taxonomy":"post_tag","embeddable":true,"href":"https:\/\/bahiaeconomica.com.br\/wp\/wp-json\/wp\/v2\/tags?post=849957"}],"curies":[{"name":"wp","href":"https:\/\/api.w.org\/{rel}","templated":true}]}}