{"id":849608,"date":"2024-10-03T19:55:57","date_gmt":"2024-10-03T22:55:57","guid":{"rendered":"https:\/\/bahiaeconomica.com.br\/wp\/?p=849608"},"modified":"2024-10-03T19:26:20","modified_gmt":"2024-10-03T22:26:20","slug":"dino-diz-que-congresso-nao-enviou-ao-stf-todos-documentos-sobre-emenda","status":"publish","type":"post","link":"https:\/\/bahiaeconomica.com.br\/wp\/2024\/10\/03\/dino-diz-que-congresso-nao-enviou-ao-stf-todos-documentos-sobre-emenda\/","title":{"rendered":"DINO DIZ QUE CONGRESSO N\u00c3O ENVIOU AO STF TODOS DOCUMENTOS SOBRE EMENDA"},"content":{"rendered":"<p>O ministro do Supremo Tribunal Federal (STF) Fl\u00e1vio Dino disse nesta quinta-feira (3) que o Congresso &#8220;cumpriu apenas parcialmente&#8221; uma das decis\u00f5es proferidas no processo que trata das emendas parlamentares RP8 e RP9 (emendas de comiss\u00e3o e de relator ao or\u00e7amento), chamadas de &#8220;or\u00e7amento secreto&#8221;.<\/p>\n<p>Em decis\u00e3o proferida hoje, o ministro constatou que o Congresso n\u00e3o enviou ao Supremo todos as informa\u00e7\u00f5es referentes \u00e0s destina\u00e7\u00f5es ou mudan\u00e7as na destina\u00e7\u00e3o de recursos das emendas RP 8 (comiss\u00e3o) em 2024.<\/p>\n<p>Diante da falta das informa\u00e7\u00f5es, Fl\u00e1vio Dino determinou que a juntada dos documentos deve ser realizada em 15 dias.<\/p>\n<p>&#8220;Enquanto ela [juntada] n\u00e3o for procedida fielmente, ser\u00e1 imposs\u00edvel qualquer nova delibera\u00e7\u00e3o judicial sobre emendas RP 8, em face dos requisitos constitucionais da transpar\u00eancia e da rastreabilidade&#8221;, decidiu o ministro.<\/p>\n<p>Na segunda-feira (30), Fl\u00e1vio Dino convocou nova audi\u00eancia de concilia\u00e7\u00e3o entre o governo federal e o Congresso para tratar das emendas. A reuni\u00e3o ser\u00e1 no dia 10 de outubro.<\/p>\n<p>A audi\u00eancia dever\u00e1 contar com representantes do Senado, da C\u00e2mara dos Deputados, a Advocacia-Geral da Uni\u00e3o (AGU) e a Procuradoria-Geral Rep\u00fablica (PGR). O Psol tamb\u00e9m vai participar da reuni\u00e3o por ter protocolado a peti\u00e7\u00e3o que questionou o or\u00e7amento secreto.<\/p>\n<p><strong>Entenda<\/strong><br \/>\nEm dezembro de 2022, o STF entendeu que as emendas chamadas de RP 8 e RP 9 s\u00e3o inconstitucionais. Ap\u00f3s a decis\u00e3o, o Congresso Nacional aprovou uma resolu\u00e7\u00e3o que mudou as regras de distribui\u00e7\u00e3o de recursos por emendas de relator para cumprir a determina\u00e7\u00e3o da Corte.<\/p>\n<p>No entanto, o Psol, partido que entrou com a a\u00e7\u00e3o contra as emendas, apontou que a decis\u00e3o continua em descumprimento.<\/p>\n<p>Ap\u00f3s a aposentadoria da ministra Rosa Weber, relatora original do caso, Fl\u00e1vio Dino assumiu a condu\u00e7\u00e3o do caso.<\/p>\n<p>Em agosto deste ano, Dino determinou que as emendas devem seguir crit\u00e9rios de rastreabilidade. O ministro tamb\u00e9m mandou a Controladoria-Geral da Uni\u00e3o (CGU) auditar os repasses realizados pelos parlamentares por meio das emendas do or\u00e7amento secreto.<\/p>\n<p>&nbsp;<\/p>\n<p>(Ag\u00eancia Brasil)<br \/>\nFoto:\u00a0 Gustavo Moreno\/STF<\/p>\n","protected":false},"excerpt":{"rendered":"<p>O ministro do Supremo Tribunal Federal (STF) Fl\u00e1vio Dino disse nesta quinta-feira (3) que o Congresso &#8220;cumpriu apenas parcialmente&#8221; uma das decis\u00f5es proferidas no processo que trata das emendas parlamentares RP8 e RP9 (emendas de comiss\u00e3o e de relator ao or\u00e7amento), chamadas de &#8220;or\u00e7amento secreto&#8221;. Em decis\u00e3o proferida hoje, o ministro constatou que o Congresso [&hellip;]<\/p>\n","protected":false},"author":15,"featured_media":849612,"comment_status":"closed","ping_status":"closed","sticky":false,"template":"","format":"standard","meta":[],"categories":[14601],"tags":[1191,3289,10479],"acf":[],"yoast_head":"<!-- This site is optimized with the Yoast SEO plugin v20.8 - https:\/\/yoast.com\/wordpress\/plugins\/seo\/ -->\n<title>DINO DIZ QUE CONGRESSO N\u00c3O ENVIOU AO STF TODOS DOCUMENTOS SOBRE EMENDA - Bahia Economica<\/title>\n<meta name=\"description\" content=\"O maior portal de Economia da Bahia Pol\u00edtica Bahia Economica O ministro do Supremo Tribunal Federal (STF) Fl\u00e1vio Dino\" \/>\n<meta name=\"robots\" content=\"index, follow, max-snippet:-1, max-image-preview:large, max-video-preview:-1\" \/>\n<link rel=\"canonical\" href=\"https:\/\/bahiaeconomica.com.br\/wp\/2024\/10\/03\/dino-diz-que-congresso-nao-enviou-ao-stf-todos-documentos-sobre-emenda\/\" \/>\n<meta property=\"og:locale\" content=\"pt_BR\" \/>\n<meta property=\"og:type\" content=\"article\" \/>\n<meta property=\"og:title\" content=\"DINO DIZ QUE CONGRESSO N\u00c3O ENVIOU AO STF TODOS DOCUMENTOS SOBRE EMENDA - Bahia Economica\" \/>\n<meta property=\"og:description\" content=\"O maior portal de Economia da Bahia Pol\u00edtica Bahia Economica O ministro do Supremo Tribunal Federal (STF) Fl\u00e1vio Dino\" \/>\n<meta property=\"og:url\" content=\"https:\/\/bahiaeconomica.com.br\/wp\/2024\/10\/03\/dino-diz-que-congresso-nao-enviou-ao-stf-todos-documentos-sobre-emenda\/\" \/>\n<meta property=\"og:site_name\" content=\"Bahia Economica\" \/>\n<meta property=\"article:publisher\" content=\"https:\/\/www.facebook.com\/bahiaeconomica\" \/>\n<meta property=\"article:published_time\" content=\"2024-10-03T22:55:57+00:00\" \/>\n<meta property=\"article:modified_time\" content=\"2024-10-03T22:26:20+00:00\" \/>\n<meta property=\"og:image\" content=\"https:\/\/bahiaeconomica.com.br\/wp\/wp-content\/uploads\/2024\/10\/54007238629_765d0c2760_o.webp\" \/>\n\t<meta property=\"og:image:width\" content=\"1170\" \/>\n\t<meta property=\"og:image:height\" content=\"700\" \/>\n\t<meta property=\"og:image:type\" content=\"image\/webp\" \/>\n<meta name=\"author\" content=\"VICTORIA ISABEL\" \/>\n<meta name=\"twitter:card\" content=\"summary_large_image\" \/>\n<meta name=\"twitter:label1\" content=\"Escrito por\" \/>\n\t<meta name=\"twitter:data1\" content=\"VICTORIA ISABEL\" \/>\n\t<meta name=\"twitter:label2\" content=\"Est. tempo de leitura\" \/>\n\t<meta name=\"twitter:data2\" content=\"2 minutos\" \/>\n<script type=\"application\/ld+json\" class=\"yoast-schema-graph\">{\"@context\":\"https:\/\/schema.org\",\"@graph\":[{\"@type\":\"Article\",\"@id\":\"https:\/\/bahiaeconomica.com.br\/wp\/2024\/10\/03\/dino-diz-que-congresso-nao-enviou-ao-stf-todos-documentos-sobre-emenda\/#article\",\"isPartOf\":{\"@id\":\"https:\/\/bahiaeconomica.com.br\/wp\/2024\/10\/03\/dino-diz-que-congresso-nao-enviou-ao-stf-todos-documentos-sobre-emenda\/\"},\"author\":{\"name\":\"VICTORIA ISABEL\",\"@id\":\"https:\/\/bahiaeconomica.com.br\/wp\/#\/schema\/person\/b719ce0fb1c09f3c7a00d9243ced4a6f\"},\"headline\":\"DINO DIZ QUE CONGRESSO N\u00c3O ENVIOU AO STF TODOS DOCUMENTOS SOBRE EMENDA\",\"datePublished\":\"2024-10-03T22:55:57+00:00\",\"dateModified\":\"2024-10-03T22:26:20+00:00\",\"mainEntityOfPage\":{\"@id\":\"https:\/\/bahiaeconomica.com.br\/wp\/2024\/10\/03\/dino-diz-que-congresso-nao-enviou-ao-stf-todos-documentos-sobre-emenda\/\"},\"wordCount\":372,\"publisher\":{\"@id\":\"https:\/\/bahiaeconomica.com.br\/wp\/#organization\"},\"keywords\":[\"congresso\",\"emendas parlamentares\",\"Fl\u00e1vio Dino\"],\"articleSection\":[\"Pol\u00edtica\"],\"inLanguage\":\"pt-BR\"},{\"@type\":\"WebPage\",\"@id\":\"https:\/\/bahiaeconomica.com.br\/wp\/2024\/10\/03\/dino-diz-que-congresso-nao-enviou-ao-stf-todos-documentos-sobre-emenda\/\",\"url\":\"https:\/\/bahiaeconomica.com.br\/wp\/2024\/10\/03\/dino-diz-que-congresso-nao-enviou-ao-stf-todos-documentos-sobre-emenda\/\",\"name\":\"DINO DIZ QUE CONGRESSO N\u00c3O ENVIOU AO STF TODOS DOCUMENTOS SOBRE EMENDA - Bahia Economica\",\"isPartOf\":{\"@id\":\"https:\/\/bahiaeconomica.com.br\/wp\/#website\"},\"datePublished\":\"2024-10-03T22:55:57+00:00\",\"dateModified\":\"2024-10-03T22:26:20+00:00\",\"description\":\"O maior portal de Economia da Bahia Pol\u00edtica Bahia Economica O ministro do Supremo Tribunal Federal (STF) Fl\u00e1vio Dino\",\"breadcrumb\":{\"@id\":\"https:\/\/bahiaeconomica.com.br\/wp\/2024\/10\/03\/dino-diz-que-congresso-nao-enviou-ao-stf-todos-documentos-sobre-emenda\/#breadcrumb\"},\"inLanguage\":\"pt-BR\",\"potentialAction\":[{\"@type\":\"ReadAction\",\"target\":[\"https:\/\/bahiaeconomica.com.br\/wp\/2024\/10\/03\/dino-diz-que-congresso-nao-enviou-ao-stf-todos-documentos-sobre-emenda\/\"]}]},{\"@type\":\"BreadcrumbList\",\"@id\":\"https:\/\/bahiaeconomica.com.br\/wp\/2024\/10\/03\/dino-diz-que-congresso-nao-enviou-ao-stf-todos-documentos-sobre-emenda\/#breadcrumb\",\"itemListElement\":[{\"@type\":\"ListItem\",\"position\":1,\"name\":\"In\u00edcio\",\"item\":\"https:\/\/bahiaeconomica.com.br\/wp\/\"},{\"@type\":\"ListItem\",\"position\":2,\"name\":\"DINO DIZ QUE CONGRESSO N\u00c3O ENVIOU AO STF TODOS DOCUMENTOS SOBRE EMENDA\"}]},{\"@type\":\"WebSite\",\"@id\":\"https:\/\/bahiaeconomica.com.br\/wp\/#website\",\"url\":\"https:\/\/bahiaeconomica.com.br\/wp\/\",\"name\":\"Bahia Economica\",\"description\":\"O maior portal de Economia da Bahia\",\"publisher\":{\"@id\":\"https:\/\/bahiaeconomica.com.br\/wp\/#organization\"},\"potentialAction\":[{\"@type\":\"SearchAction\",\"target\":{\"@type\":\"EntryPoint\",\"urlTemplate\":\"https:\/\/bahiaeconomica.com.br\/wp\/?s={search_term_string}\"},\"query-input\":\"required name=search_term_string\"}],\"inLanguage\":\"pt-BR\"},{\"@type\":\"Organization\",\"@id\":\"https:\/\/bahiaeconomica.com.br\/wp\/#organization\",\"name\":\"Bahia Econ\u00f4mica\",\"url\":\"https:\/\/bahiaeconomica.com.br\/wp\/\",\"logo\":{\"@type\":\"ImageObject\",\"inLanguage\":\"pt-BR\",\"@id\":\"https:\/\/bahiaeconomica.com.br\/wp\/#\/schema\/logo\/image\/\",\"url\":\"https:\/\/bahiaeconomica.com.br\/wp\/wp-content\/uploads\/2020\/12\/cropped-BE.png\",\"contentUrl\":\"https:\/\/bahiaeconomica.com.br\/wp\/wp-content\/uploads\/2020\/12\/cropped-BE.png\",\"width\":512,\"height\":512,\"caption\":\"Bahia Econ\u00f4mica\"},\"image\":{\"@id\":\"https:\/\/bahiaeconomica.com.br\/wp\/#\/schema\/logo\/image\/\"},\"sameAs\":[\"https:\/\/www.facebook.com\/bahiaeconomica\"]},{\"@type\":\"Person\",\"@id\":\"https:\/\/bahiaeconomica.com.br\/wp\/#\/schema\/person\/b719ce0fb1c09f3c7a00d9243ced4a6f\",\"name\":\"VICTORIA ISABEL\",\"sameAs\":[\"http:\/\/www.bahiaeconomica.com.br\"],\"url\":\"https:\/\/bahiaeconomica.com.br\/wp\/author\/victoria-isabel\/\"}]}<\/script>\n<!-- \/ Yoast SEO plugin. -->","yoast_head_json":{"title":"DINO DIZ QUE CONGRESSO N\u00c3O ENVIOU AO STF TODOS DOCUMENTOS SOBRE EMENDA - Bahia Economica","description":"O maior portal de Economia da Bahia Pol\u00edtica Bahia Economica O ministro do Supremo Tribunal Federal (STF) Fl\u00e1vio Dino","robots":{"index":"index","follow":"follow","max-snippet":"max-snippet:-1","max-image-preview":"max-image-preview:large","max-video-preview":"max-video-preview:-1"},"canonical":"https:\/\/bahiaeconomica.com.br\/wp\/2024\/10\/03\/dino-diz-que-congresso-nao-enviou-ao-stf-todos-documentos-sobre-emenda\/","og_locale":"pt_BR","og_type":"article","og_title":"DINO DIZ QUE CONGRESSO N\u00c3O ENVIOU AO STF TODOS DOCUMENTOS SOBRE EMENDA - Bahia Economica","og_description":"O maior portal de Economia da Bahia Pol\u00edtica Bahia Economica O ministro do Supremo Tribunal Federal (STF) Fl\u00e1vio Dino","og_url":"https:\/\/bahiaeconomica.com.br\/wp\/2024\/10\/03\/dino-diz-que-congresso-nao-enviou-ao-stf-todos-documentos-sobre-emenda\/","og_site_name":"Bahia Economica","article_publisher":"https:\/\/www.facebook.com\/bahiaeconomica","article_published_time":"2024-10-03T22:55:57+00:00","article_modified_time":"2024-10-03T22:26:20+00:00","og_image":[{"width":1170,"height":700,"url":"https:\/\/bahiaeconomica.com.br\/wp\/wp-content\/uploads\/2024\/10\/54007238629_765d0c2760_o.webp","type":"image\/webp"}],"author":"VICTORIA ISABEL","twitter_card":"summary_large_image","twitter_misc":{"Escrito por":"VICTORIA ISABEL","Est. tempo de leitura":"2 minutos"},"schema":{"@context":"https:\/\/schema.org","@graph":[{"@type":"Article","@id":"https:\/\/bahiaeconomica.com.br\/wp\/2024\/10\/03\/dino-diz-que-congresso-nao-enviou-ao-stf-todos-documentos-sobre-emenda\/#article","isPartOf":{"@id":"https:\/\/bahiaeconomica.com.br\/wp\/2024\/10\/03\/dino-diz-que-congresso-nao-enviou-ao-stf-todos-documentos-sobre-emenda\/"},"author":{"name":"VICTORIA ISABEL","@id":"https:\/\/bahiaeconomica.com.br\/wp\/#\/schema\/person\/b719ce0fb1c09f3c7a00d9243ced4a6f"},"headline":"DINO DIZ QUE CONGRESSO N\u00c3O ENVIOU AO STF TODOS DOCUMENTOS SOBRE EMENDA","datePublished":"2024-10-03T22:55:57+00:00","dateModified":"2024-10-03T22:26:20+00:00","mainEntityOfPage":{"@id":"https:\/\/bahiaeconomica.com.br\/wp\/2024\/10\/03\/dino-diz-que-congresso-nao-enviou-ao-stf-todos-documentos-sobre-emenda\/"},"wordCount":372,"publisher":{"@id":"https:\/\/bahiaeconomica.com.br\/wp\/#organization"},"keywords":["congresso","emendas parlamentares","Fl\u00e1vio Dino"],"articleSection":["Pol\u00edtica"],"inLanguage":"pt-BR"},{"@type":"WebPage","@id":"https:\/\/bahiaeconomica.com.br\/wp\/2024\/10\/03\/dino-diz-que-congresso-nao-enviou-ao-stf-todos-documentos-sobre-emenda\/","url":"https:\/\/bahiaeconomica.com.br\/wp\/2024\/10\/03\/dino-diz-que-congresso-nao-enviou-ao-stf-todos-documentos-sobre-emenda\/","name":"DINO DIZ QUE CONGRESSO N\u00c3O ENVIOU AO STF TODOS DOCUMENTOS SOBRE EMENDA - Bahia Economica","isPartOf":{"@id":"https:\/\/bahiaeconomica.com.br\/wp\/#website"},"datePublished":"2024-10-03T22:55:57+00:00","dateModified":"2024-10-03T22:26:20+00:00","description":"O maior portal de Economia da Bahia Pol\u00edtica Bahia Economica O ministro do Supremo Tribunal Federal (STF) Fl\u00e1vio Dino","breadcrumb":{"@id":"https:\/\/bahiaeconomica.com.br\/wp\/2024\/10\/03\/dino-diz-que-congresso-nao-enviou-ao-stf-todos-documentos-sobre-emenda\/#breadcrumb"},"inLanguage":"pt-BR","potentialAction":[{"@type":"ReadAction","target":["https:\/\/bahiaeconomica.com.br\/wp\/2024\/10\/03\/dino-diz-que-congresso-nao-enviou-ao-stf-todos-documentos-sobre-emenda\/"]}]},{"@type":"BreadcrumbList","@id":"https:\/\/bahiaeconomica.com.br\/wp\/2024\/10\/03\/dino-diz-que-congresso-nao-enviou-ao-stf-todos-documentos-sobre-emenda\/#breadcrumb","itemListElement":[{"@type":"ListItem","position":1,"name":"In\u00edcio","item":"https:\/\/bahiaeconomica.com.br\/wp\/"},{"@type":"ListItem","position":2,"name":"DINO DIZ QUE CONGRESSO N\u00c3O ENVIOU AO STF TODOS DOCUMENTOS SOBRE EMENDA"}]},{"@type":"WebSite","@id":"https:\/\/bahiaeconomica.com.br\/wp\/#website","url":"https:\/\/bahiaeconomica.com.br\/wp\/","name":"Bahia Economica","description":"O maior portal de Economia da Bahia","publisher":{"@id":"https:\/\/bahiaeconomica.com.br\/wp\/#organization"},"potentialAction":[{"@type":"SearchAction","target":{"@type":"EntryPoint","urlTemplate":"https:\/\/bahiaeconomica.com.br\/wp\/?s={search_term_string}"},"query-input":"required name=search_term_string"}],"inLanguage":"pt-BR"},{"@type":"Organization","@id":"https:\/\/bahiaeconomica.com.br\/wp\/#organization","name":"Bahia Econ\u00f4mica","url":"https:\/\/bahiaeconomica.com.br\/wp\/","logo":{"@type":"ImageObject","inLanguage":"pt-BR","@id":"https:\/\/bahiaeconomica.com.br\/wp\/#\/schema\/logo\/image\/","url":"https:\/\/bahiaeconomica.com.br\/wp\/wp-content\/uploads\/2020\/12\/cropped-BE.png","contentUrl":"https:\/\/bahiaeconomica.com.br\/wp\/wp-content\/uploads\/2020\/12\/cropped-BE.png","width":512,"height":512,"caption":"Bahia Econ\u00f4mica"},"image":{"@id":"https:\/\/bahiaeconomica.com.br\/wp\/#\/schema\/logo\/image\/"},"sameAs":["https:\/\/www.facebook.com\/bahiaeconomica"]},{"@type":"Person","@id":"https:\/\/bahiaeconomica.com.br\/wp\/#\/schema\/person\/b719ce0fb1c09f3c7a00d9243ced4a6f","name":"VICTORIA ISABEL","sameAs":["http:\/\/www.bahiaeconomica.com.br"],"url":"https:\/\/bahiaeconomica.com.br\/wp\/author\/victoria-isabel\/"}]}},"views":8,"_links":{"self":[{"href":"https:\/\/bahiaeconomica.com.br\/wp\/wp-json\/wp\/v2\/posts\/849608"}],"collection":[{"href":"https:\/\/bahiaeconomica.com.br\/wp\/wp-json\/wp\/v2\/posts"}],"about":[{"href":"https:\/\/bahiaeconomica.com.br\/wp\/wp-json\/wp\/v2\/types\/post"}],"author":[{"embeddable":true,"href":"https:\/\/bahiaeconomica.com.br\/wp\/wp-json\/wp\/v2\/users\/15"}],"replies":[{"embeddable":true,"href":"https:\/\/bahiaeconomica.com.br\/wp\/wp-json\/wp\/v2\/comments?post=849608"}],"version-history":[{"count":1,"href":"https:\/\/bahiaeconomica.com.br\/wp\/wp-json\/wp\/v2\/posts\/849608\/revisions"}],"predecessor-version":[{"id":849614,"href":"https:\/\/bahiaeconomica.com.br\/wp\/wp-json\/wp\/v2\/posts\/849608\/revisions\/849614"}],"wp:featuredmedia":[{"embeddable":true,"href":"https:\/\/bahiaeconomica.com.br\/wp\/wp-json\/wp\/v2\/media\/849612"}],"wp:attachment":[{"href":"https:\/\/bahiaeconomica.com.br\/wp\/wp-json\/wp\/v2\/media?parent=849608"}],"wp:term":[{"taxonomy":"category","embeddable":true,"href":"https:\/\/bahiaeconomica.com.br\/wp\/wp-json\/wp\/v2\/categories?post=849608"},{"taxonomy":"post_tag","embeddable":true,"href":"https:\/\/bahiaeconomica.com.br\/wp\/wp-json\/wp\/v2\/tags?post=849608"}],"curies":[{"name":"wp","href":"https:\/\/api.w.org\/{rel}","templated":true}]}}