{"id":849488,"date":"2024-10-03T14:41:08","date_gmt":"2024-10-03T17:41:08","guid":{"rendered":"https:\/\/bahiaeconomica.com.br\/wp\/?p=849488"},"modified":"2024-10-03T14:41:08","modified_gmt":"2024-10-03T17:41:08","slug":"pode-beber-no-dia-das-eleicoes-veja-as-regras-de-cada-estado","status":"publish","type":"post","link":"https:\/\/bahiaeconomica.com.br\/wp\/2024\/10\/03\/pode-beber-no-dia-das-eleicoes-veja-as-regras-de-cada-estado\/","title":{"rendered":"PODE BEBER NO DIA DAS ELEI\u00c7\u00d5ES? VEJA AS REGRAS DE CADA ESTADO"},"content":{"rendered":"<p>O consumo e a distribui\u00e7\u00e3o de bebidas alco\u00f3licas no dia das elei\u00e7\u00f5es municipais deste ano v\u00e3o ser proibidos em 12 Estados neste ano. As medidas, que n\u00e3o s\u00e3o impostas pela Tribunal Superior Eleitoral, (TSE) mas que podem ser determinadas pelos entes da Federa\u00e7\u00e3o, buscam garantir maior legitimidade e seguran\u00e7a ao pleito, cujo primeiro turno vai ocorrer neste domingo, 6.<\/p>\n<div class=\"container--component-block\">\n<p id=\"paragrafo-13nzgwihut\" class=\"component--paragrafo\">Por n\u00e3o haver uma previs\u00e3o legal do TSE, cada Estado pode decidir se pro\u00edbe, ou n\u00e3o, o consumo e venda de bebidas alco\u00f3licas. Geralmente, a medida \u00e9 definida em conjunto pela Seguran\u00e7a P\u00fablica dos Estados e os tribunais regionais eleitorais (TRE&#8217;s), mas tamb\u00e9m pode ser decretada por um juiz eleitoral em determinados munic\u00edpios por meio de of\u00edcios.<\/p>\n<\/div>\n<div class=\"container--component-block\">\n<p id=\"paragrafo-99evooz77f\" class=\"component--paragrafo\">O especialista em Direito Eleitoral Alberto Rollo explica que a Lei Seca \u00e9 determinada quando a Seguran\u00e7a P\u00fablica de um Estado entende que a restri\u00e7\u00e3o pode evitar o surgimento de problemas envolvendo o \u00e1lcool no dia das elei\u00e7\u00f5es.<\/p>\n<div class=\"container--component-block\">\n<p id=\"paragrafo-x5w0brgurz\" class=\"component--paragrafo\">&#8220;Alguns Estados preferem porque fica melhor para o dia da elei\u00e7\u00e3o, porque evita gente alcoolizada andando na rua, ou at\u00e9 gente alcoolizada dirigindo, o que j\u00e1 n\u00e3o pode, mas a medida se torna mais um motivo para que isso que n\u00e3o aconte\u00e7a. Depende do sentimento de cada Estado, n\u00e3o existe nada a respeito na legisla\u00e7\u00e3o eleitoral&#8221;, explica Rollo.<\/p>\n<\/div>\n<div class=\"container--component-block\">\n<p id=\"paragrafo-v81xn3f978\" class=\"component--paragrafo\">O Estad\u00e3o procurou os tribunais regionais eleitorais dos 26 Estados para questionar se haver\u00e1 Lei Seca neste ano. At\u00e9 o momento do fechamento desta reportagem, os estados do Acre, Alagoas, Amap\u00e1, Amazonas, Goi\u00e1s, Maranh\u00e3o, Mato Grosso, Par\u00e1, Paran\u00e1, Piau\u00ed, Roraima e Tocantins informaram que v\u00e3o adotar a medida nas elei\u00e7\u00f5es.<\/p>\n<\/div>\n<div class=\"container--component-block\">\n<p id=\"paragrafo-yjnw1nl2ug\" class=\"component--paragrafo\">No Paran\u00e1, sexto maior col\u00e9gio eleitoral do Pa\u00eds, uma portaria da Secretaria de Seguran\u00e7a P\u00fablica do Estado determinou que a venda, a compra e a distribui\u00e7\u00e3o de bebidas alco\u00f3licas estar\u00e3o proibidas entre \u00e0s 8 horas e \u00e0s 18 horas de domingo.<\/p>\n<div class=\"container--component-block\">\n<p id=\"paragrafo-ltumm343z7\" class=\"component--paragrafo\">Segundo a Corte acriana, a proibi\u00e7\u00e3o vai passar a valer no in\u00edcio \u00e0s 22 horas do s\u00e1bado, 5, v\u00e9spera da elei\u00e7\u00e3o, at\u00e9 \u00e0s 19 horas de domingo. Segundo o TRE-AC, a medida busca &#8220;assegurar um ambiente de ordem durante o processo eleitoral&#8221;.<\/p>\n<\/div>\n<div class=\"container--component-block\">\n<p id=\"paragrafo-bvuvujto71\" class=\"component--paragrafo\">A Corte tocantinense, por sua vez, afirmou que os hor\u00e1rios v\u00e3o variar em 12 zonas eleitorais. Em Palmas, capital do Estado, a proibi\u00e7\u00e3o vai come\u00e7ar \u00e0s 22 horas do s\u00e1bado com fim \u00e0s 17 horas do domingo.<\/p>\n<\/div>\n<div class=\"container--component-block\">\n<p id=\"paragrafo-psgz0rq6xp\" class=\"component--paragrafo\">O governador de Alagoas, Paulo Dantas (MDB) assinou uma portaria nesta quarta-feira, 2, proibindo apenas a comercializa\u00e7\u00e3o de bebidas alco\u00f3licas. A medida vai valer entre \u00e0s 4 horas e \u00e0s 16 horas do domingo.<\/p>\n<\/div>\n<div class=\"container--component-block\">\n<p id=\"paragrafo-wj900318mm\" class=\"component--paragrafo\">Em nota enviada para a equipe de reportagem, o TRE do Amazonas informou que a capital do Estado, Manaus, \u00e9 a \u00fanica com restri\u00e7\u00e3o definida at\u00e9 o momento. Os hor\u00e1rios v\u00e3o ser divulgados futuramente.<\/p>\n<\/div>\n<div class=\"container--component-block\">\n<p id=\"paragrafo-eqsg9dnyeq\" class=\"component--paragrafo\">Em dez munic\u00edpios do Mato Grosso, a proibi\u00e7\u00e3o vai valer entre \u00e0s 23 horas de s\u00e1bado e \u00e0s 19 horas de domingo. Em todo o Estado de Roraima, a medida estar\u00e1 vigente entre \u00e0s 23 horas de s\u00e1bado e \u00e0s 17 horas de domingo.<\/p>\n<\/div>\n<div class=\"container--component-block\">\n<p id=\"paragrafo-1k83jpn2vb\" class=\"component--paragrafo\">No Goi\u00e1s, o consumo e a distribui\u00e7\u00e3o de bebidas alco\u00f3licas v\u00e3o estar proibidos entre \u00e0s 18 horas de s\u00e1bado e \u00e0s 18 horas de domingo nos munic\u00edpios de Acre\u00fana, Santo Ant\u00f4nio da Barra e Turvel\u00e2ndia, localizados no Sul do Estado. Todo o Estado do Piau\u00ed vai adotar a restri\u00e7\u00e3o nos mesmos hor\u00e1rios.<\/p>\n<\/div>\n<div class=\"container--component-block\">\n<p id=\"paragrafo-vu9jq0j4xz\" class=\"component--paragrafo\">No Maranh\u00e3o, a distribui\u00e7\u00e3o, venda e o consumo de bebidas alco\u00f3licas estar\u00e3o proibidos entre \u00e0s 0h e \u00e0s 22 horas do domingo.<\/p>\n<\/div>\n<div class=\"container--component-block\">\n<p id=\"paragrafo-yo43aqpvo8\" class=\"component--paragrafo\">Os Estados do Amazonas, Amap\u00e1 e Par\u00e1 ainda n\u00e3o definiram os hor\u00e1rios em que a restri\u00e7\u00e3o estar\u00e1 vigente e nem as penas impostas aos infratores.<\/p>\n<\/div>\n<div class=\"container--component-block\">\n<p id=\"paragrafo-eehbknhlcg\" class=\"component--paragrafo\">J\u00e1 os Estados do Cear\u00e1, Esp\u00edrito Santo, Minas Gerais, Pernambuco, Rio de Janeiro, Rond\u00f4nia, Rio Grande do Sul, Santa Catarina, S\u00e3o Paulo e Sergipe declararam que n\u00e3o v\u00e3o adotar a medida neste ano.<\/p>\n<\/div>\n<div class=\"container--component-block\">\n<p id=\"paragrafo-47k8u3rd2t\" class=\"component--paragrafo\">Os seguintes Estados est\u00e3o estudando a necessidade de determinar a proibi\u00e7\u00e3o da venda e consumo de bebidas alco\u00f3licas na v\u00e9spera dos pleitos: Bahia, Mato Grosso do Sul, Para\u00edba e Rio Grande do Norte.<\/p>\n<\/div>\n<div class=\"container--component-block\">\n<p id=\"paragrafo-aeli0zxnyw\" class=\"component--paragrafo\"><b>Estados variam nas penas impostas aos infratores<\/b><\/p>\n<\/div>\n<div class=\"container--component-block\">\n<p id=\"paragrafo-95rjdmyyn7\" class=\"component--paragrafo\">Assim como a necessidade de uma Lei Seca, os Estados tamb\u00e9m definem quais ser\u00e3o as puni\u00e7\u00f5es para os infratores. O especialista Alberto Rollo explica que, geralmente, quem n\u00e3o segue a regra pode ser punido com multa administrativas e outras puni\u00e7\u00f5es menores.<\/p>\n<\/div>\n<div class=\"container--component-block\">\n<p id=\"paragrafo-8pbeq14txt\" class=\"component--paragrafo\">No Acre, quem for pego consumindo ou vendendo bebida alco\u00f3lica durante o per\u00edodo da Lei Seca ser\u00e1 punido com deten\u00e7\u00e3o de tr\u00eas meses a um ano e o pagamento de dez a 20 dias-multa por &#8220;desobedi\u00eancia da legisla\u00e7\u00e3o eleitoral&#8221;. A pena tamb\u00e9m est\u00e1 prevista no caso de infra\u00e7\u00f5es em Mato Grosso, Piau\u00ed e Roraima.<\/p>\n<\/div>\n<div class=\"container--component-block\">\n<p id=\"paragrafo-pw3dwi6ywv\" class=\"component--paragrafo\">No Paran\u00e1 e no Tocantins, os infratores ser\u00e3o enquadrados pelo delito de &#8220;promover desordem que prejudique os trabalhos eleitorais&#8221;, cujas penas s\u00e3o de deten\u00e7\u00e3o de at\u00e9 dois meses e pagamento de 60 a 90 dias-multa.<\/p>\n<\/div>\n<div class=\"container--component-block\">\n<p id=\"paragrafo-ycqrszak8a\" class=\"component--paragrafo\">No Maranh\u00e3o, quem descumprir a regra vai responder pelo crime de &#8220;desobedecer ordem legal de funcion\u00e1rio p\u00fablico&#8221;, previsto no artigo 330 do C\u00f3digo Penal Brasileiro. As penas s\u00e3o de deten\u00e7\u00e3o, de quinze dias a seis meses, e multa.<\/p>\n<\/div>\n<div class=\"container--component-block\">\n<p id=\"paragrafo-vpu22ruhon\" class=\"component--paragrafo\">J\u00e1 o governo alagoano determinou que quem for pego consumindo bebida alco\u00f3lica ser\u00e1 punido &#8220;de acordo com a legisla\u00e7\u00e3o vigente&#8221;, mas sem especificar as penas.<\/p>\n<\/div>\n<div class=\"container--component-block\">\n<p id=\"paragrafo-nvelv6zn3o\" class=\"component--paragrafo\"><b>Eleitores embriagados podem ser impedidos de votar e detidos<\/b><\/p>\n<\/div>\n<div class=\"container--component-block\">\n<p id=\"paragrafo-aom2ypw6hf\" class=\"component--paragrafo\">Mesmo em Estados onde n\u00e3o h\u00e1 Lei Seca, eleitores podem ser punidos se cometerem exageros antes do pleito. Por exemplo, quem chega para votar visivelmente embriagado pode ser impedido de votar caso atrapalhe os trabalhos de uma se\u00e7\u00e3o eleitoral.<\/p>\n<\/div>\n<div class=\"container--component-block\">\n<p id=\"paragrafo-r9je2jzysg\" class=\"component--paragrafo\">O respons\u00e1vel por evitar que eleitores embriagados atrapalhem o andamento da vota\u00e7\u00e3o \u00e9 o presidente da mesa eleitoral, que fica prostrado junto aos mes\u00e1rios. Alberto Rollo explica que a pessoa que ocupa o cargo \u00e9 respons\u00e1vel por garantir a preserva\u00e7\u00e3o de um local de vota\u00e7\u00e3o e tem poder de pol\u00edcia. Desta forma, ela pode deter e convocar equipes de seguran\u00e7a para retirar votantes alcoolizados das sess\u00f5es.<\/p>\n<\/div>\n<div class=\"container--component-block\">\n<p id=\"paragrafo-kvavzrk6e8\" class=\"component--paragrafo\">&#8220;Eles t\u00eam o poder de deter, chamar a pol\u00edcia e impedir a vota\u00e7\u00e3o, se for o caso, de algu\u00e9m que chegue l\u00e1 embriagado. N\u00e3o \u00e9 chegar l\u00e1 cheirando a \u00e1lcool, \u00e9 algu\u00e9m que est\u00e1 visivelmente embriagado e est\u00e1 causando tumulto&#8221;, afirmou Alberto Rollo.<\/p>\n<\/div>\n<\/div>\n<p>Estad\u00e3o Conte\u00fado<\/p>\n<p>Foto:\u00a0Reprodu\u00e7\u00e3o unsplash<\/p>\n<\/div>\n<p>&nbsp;<\/p>\n<p>&nbsp;<\/p>\n","protected":false},"excerpt":{"rendered":"<p>O consumo e a distribui\u00e7\u00e3o de bebidas alco\u00f3licas no dia das elei\u00e7\u00f5es municipais deste ano v\u00e3o ser proibidos em 12 Estados neste ano. As medidas, que n\u00e3o s\u00e3o impostas pela Tribunal Superior Eleitoral, (TSE) mas que podem ser determinadas pelos entes da Federa\u00e7\u00e3o, buscam garantir maior legitimidade e seguran\u00e7a ao pleito, cujo primeiro turno vai [&hellip;]<\/p>\n","protected":false},"author":24,"featured_media":849493,"comment_status":"closed","ping_status":"closed","sticky":false,"template":"","format":"standard","meta":[],"categories":[14601],"tags":[7287,1318,25546,3633],"acf":[],"yoast_head":"<!-- This site is optimized with the Yoast SEO plugin v20.8 - https:\/\/yoast.com\/wordpress\/plugins\/seo\/ -->\n<title>PODE BEBER NO DIA DAS ELEI\u00c7\u00d5ES? VEJA AS REGRAS DE CADA ESTADO - Bahia Economica<\/title>\n<meta name=\"description\" content=\"O maior portal de Economia da Bahia Pol\u00edtica Bahia Economica O consumo e a distribui\u00e7\u00e3o de bebidas alco\u00f3licas no dia das elei\u00e7\u00f5es municipais\" \/>\n<meta name=\"robots\" content=\"index, follow, max-snippet:-1, max-image-preview:large, max-video-preview:-1\" \/>\n<link rel=\"canonical\" href=\"https:\/\/bahiaeconomica.com.br\/wp\/2024\/10\/03\/pode-beber-no-dia-das-eleicoes-veja-as-regras-de-cada-estado\/\" \/>\n<meta property=\"og:locale\" content=\"pt_BR\" \/>\n<meta property=\"og:type\" content=\"article\" \/>\n<meta property=\"og:title\" content=\"PODE BEBER NO DIA DAS ELEI\u00c7\u00d5ES? VEJA AS REGRAS DE CADA ESTADO - Bahia Economica\" \/>\n<meta property=\"og:description\" content=\"O maior portal de Economia da Bahia Pol\u00edtica Bahia Economica O consumo e a distribui\u00e7\u00e3o de bebidas alco\u00f3licas no dia das elei\u00e7\u00f5es municipais\" \/>\n<meta property=\"og:url\" content=\"https:\/\/bahiaeconomica.com.br\/wp\/2024\/10\/03\/pode-beber-no-dia-das-eleicoes-veja-as-regras-de-cada-estado\/\" \/>\n<meta property=\"og:site_name\" content=\"Bahia Economica\" \/>\n<meta property=\"article:publisher\" content=\"https:\/\/www.facebook.com\/bahiaeconomica\" \/>\n<meta property=\"article:published_time\" content=\"2024-10-03T17:41:08+00:00\" \/>\n<meta property=\"og:image\" content=\"https:\/\/bahiaeconomica.com.br\/wp\/wp-content\/uploads\/2024\/10\/1_gerrie_van_der_walt_2usnxq3m4ge_unsplash-28623543.jpg\" \/>\n\t<meta property=\"og:image:width\" content=\"675\" \/>\n\t<meta property=\"og:image:height\" content=\"450\" \/>\n\t<meta property=\"og:image:type\" content=\"image\/jpeg\" \/>\n<meta name=\"author\" content=\"VICTOR OLIVEIRA\" \/>\n<meta name=\"twitter:card\" content=\"summary_large_image\" \/>\n<meta name=\"twitter:label1\" content=\"Escrito por\" \/>\n\t<meta name=\"twitter:data1\" content=\"VICTOR OLIVEIRA\" \/>\n\t<meta name=\"twitter:label2\" content=\"Est. tempo de leitura\" \/>\n\t<meta name=\"twitter:data2\" content=\"6 minutos\" \/>\n<script type=\"application\/ld+json\" class=\"yoast-schema-graph\">{\"@context\":\"https:\/\/schema.org\",\"@graph\":[{\"@type\":\"Article\",\"@id\":\"https:\/\/bahiaeconomica.com.br\/wp\/2024\/10\/03\/pode-beber-no-dia-das-eleicoes-veja-as-regras-de-cada-estado\/#article\",\"isPartOf\":{\"@id\":\"https:\/\/bahiaeconomica.com.br\/wp\/2024\/10\/03\/pode-beber-no-dia-das-eleicoes-veja-as-regras-de-cada-estado\/\"},\"author\":{\"name\":\"VICTOR OLIVEIRA\",\"@id\":\"https:\/\/bahiaeconomica.com.br\/wp\/#\/schema\/person\/a17956d0e1112b626f403fb06b8129a9\"},\"headline\":\"PODE BEBER NO DIA DAS ELEI\u00c7\u00d5ES? VEJA AS REGRAS DE CADA ESTADO\",\"datePublished\":\"2024-10-03T17:41:08+00:00\",\"dateModified\":\"2024-10-03T17:41:08+00:00\",\"mainEntityOfPage\":{\"@id\":\"https:\/\/bahiaeconomica.com.br\/wp\/2024\/10\/03\/pode-beber-no-dia-das-eleicoes-veja-as-regras-de-cada-estado\/\"},\"wordCount\":1136,\"publisher\":{\"@id\":\"https:\/\/bahiaeconomica.com.br\/wp\/#organization\"},\"keywords\":[\"bebidas alcoolicas\",\"consumo\",\"elei\u00e7\u00e3o municipal\",\"proibi\u00e7\u00e3o\"],\"articleSection\":[\"Pol\u00edtica\"],\"inLanguage\":\"pt-BR\"},{\"@type\":\"WebPage\",\"@id\":\"https:\/\/bahiaeconomica.com.br\/wp\/2024\/10\/03\/pode-beber-no-dia-das-eleicoes-veja-as-regras-de-cada-estado\/\",\"url\":\"https:\/\/bahiaeconomica.com.br\/wp\/2024\/10\/03\/pode-beber-no-dia-das-eleicoes-veja-as-regras-de-cada-estado\/\",\"name\":\"PODE BEBER NO DIA DAS ELEI\u00c7\u00d5ES? VEJA AS REGRAS DE CADA ESTADO - Bahia Economica\",\"isPartOf\":{\"@id\":\"https:\/\/bahiaeconomica.com.br\/wp\/#website\"},\"datePublished\":\"2024-10-03T17:41:08+00:00\",\"dateModified\":\"2024-10-03T17:41:08+00:00\",\"description\":\"O maior portal de Economia da Bahia Pol\u00edtica Bahia Economica O consumo e a distribui\u00e7\u00e3o de bebidas alco\u00f3licas no dia das elei\u00e7\u00f5es municipais\",\"breadcrumb\":{\"@id\":\"https:\/\/bahiaeconomica.com.br\/wp\/2024\/10\/03\/pode-beber-no-dia-das-eleicoes-veja-as-regras-de-cada-estado\/#breadcrumb\"},\"inLanguage\":\"pt-BR\",\"potentialAction\":[{\"@type\":\"ReadAction\",\"target\":[\"https:\/\/bahiaeconomica.com.br\/wp\/2024\/10\/03\/pode-beber-no-dia-das-eleicoes-veja-as-regras-de-cada-estado\/\"]}]},{\"@type\":\"BreadcrumbList\",\"@id\":\"https:\/\/bahiaeconomica.com.br\/wp\/2024\/10\/03\/pode-beber-no-dia-das-eleicoes-veja-as-regras-de-cada-estado\/#breadcrumb\",\"itemListElement\":[{\"@type\":\"ListItem\",\"position\":1,\"name\":\"In\u00edcio\",\"item\":\"https:\/\/bahiaeconomica.com.br\/wp\/\"},{\"@type\":\"ListItem\",\"position\":2,\"name\":\"PODE BEBER NO DIA DAS ELEI\u00c7\u00d5ES? VEJA AS REGRAS DE CADA ESTADO\"}]},{\"@type\":\"WebSite\",\"@id\":\"https:\/\/bahiaeconomica.com.br\/wp\/#website\",\"url\":\"https:\/\/bahiaeconomica.com.br\/wp\/\",\"name\":\"Bahia Economica\",\"description\":\"O maior portal de Economia da Bahia\",\"publisher\":{\"@id\":\"https:\/\/bahiaeconomica.com.br\/wp\/#organization\"},\"potentialAction\":[{\"@type\":\"SearchAction\",\"target\":{\"@type\":\"EntryPoint\",\"urlTemplate\":\"https:\/\/bahiaeconomica.com.br\/wp\/?s={search_term_string}\"},\"query-input\":\"required name=search_term_string\"}],\"inLanguage\":\"pt-BR\"},{\"@type\":\"Organization\",\"@id\":\"https:\/\/bahiaeconomica.com.br\/wp\/#organization\",\"name\":\"Bahia Econ\u00f4mica\",\"url\":\"https:\/\/bahiaeconomica.com.br\/wp\/\",\"logo\":{\"@type\":\"ImageObject\",\"inLanguage\":\"pt-BR\",\"@id\":\"https:\/\/bahiaeconomica.com.br\/wp\/#\/schema\/logo\/image\/\",\"url\":\"https:\/\/bahiaeconomica.com.br\/wp\/wp-content\/uploads\/2020\/12\/cropped-BE.png\",\"contentUrl\":\"https:\/\/bahiaeconomica.com.br\/wp\/wp-content\/uploads\/2020\/12\/cropped-BE.png\",\"width\":512,\"height\":512,\"caption\":\"Bahia Econ\u00f4mica\"},\"image\":{\"@id\":\"https:\/\/bahiaeconomica.com.br\/wp\/#\/schema\/logo\/image\/\"},\"sameAs\":[\"https:\/\/www.facebook.com\/bahiaeconomica\"]},{\"@type\":\"Person\",\"@id\":\"https:\/\/bahiaeconomica.com.br\/wp\/#\/schema\/person\/a17956d0e1112b626f403fb06b8129a9\",\"name\":\"VICTOR OLIVEIRA\",\"sameAs\":[\"http:\/\/www.bahiaeconomica.com.br\"],\"url\":\"https:\/\/bahiaeconomica.com.br\/wp\/author\/victor-oliveira\/\"}]}<\/script>\n<!-- \/ Yoast SEO plugin. -->","yoast_head_json":{"title":"PODE BEBER NO DIA DAS ELEI\u00c7\u00d5ES? VEJA AS REGRAS DE CADA ESTADO - Bahia Economica","description":"O maior portal de Economia da Bahia Pol\u00edtica Bahia Economica O consumo e a distribui\u00e7\u00e3o de bebidas alco\u00f3licas no dia das elei\u00e7\u00f5es municipais","robots":{"index":"index","follow":"follow","max-snippet":"max-snippet:-1","max-image-preview":"max-image-preview:large","max-video-preview":"max-video-preview:-1"},"canonical":"https:\/\/bahiaeconomica.com.br\/wp\/2024\/10\/03\/pode-beber-no-dia-das-eleicoes-veja-as-regras-de-cada-estado\/","og_locale":"pt_BR","og_type":"article","og_title":"PODE BEBER NO DIA DAS ELEI\u00c7\u00d5ES? VEJA AS REGRAS DE CADA ESTADO - Bahia Economica","og_description":"O maior portal de Economia da Bahia Pol\u00edtica Bahia Economica O consumo e a distribui\u00e7\u00e3o de bebidas alco\u00f3licas no dia das elei\u00e7\u00f5es municipais","og_url":"https:\/\/bahiaeconomica.com.br\/wp\/2024\/10\/03\/pode-beber-no-dia-das-eleicoes-veja-as-regras-de-cada-estado\/","og_site_name":"Bahia Economica","article_publisher":"https:\/\/www.facebook.com\/bahiaeconomica","article_published_time":"2024-10-03T17:41:08+00:00","og_image":[{"width":675,"height":450,"url":"https:\/\/bahiaeconomica.com.br\/wp\/wp-content\/uploads\/2024\/10\/1_gerrie_van_der_walt_2usnxq3m4ge_unsplash-28623543.jpg","type":"image\/jpeg"}],"author":"VICTOR OLIVEIRA","twitter_card":"summary_large_image","twitter_misc":{"Escrito por":"VICTOR OLIVEIRA","Est. tempo de leitura":"6 minutos"},"schema":{"@context":"https:\/\/schema.org","@graph":[{"@type":"Article","@id":"https:\/\/bahiaeconomica.com.br\/wp\/2024\/10\/03\/pode-beber-no-dia-das-eleicoes-veja-as-regras-de-cada-estado\/#article","isPartOf":{"@id":"https:\/\/bahiaeconomica.com.br\/wp\/2024\/10\/03\/pode-beber-no-dia-das-eleicoes-veja-as-regras-de-cada-estado\/"},"author":{"name":"VICTOR OLIVEIRA","@id":"https:\/\/bahiaeconomica.com.br\/wp\/#\/schema\/person\/a17956d0e1112b626f403fb06b8129a9"},"headline":"PODE BEBER NO DIA DAS ELEI\u00c7\u00d5ES? VEJA AS REGRAS DE CADA ESTADO","datePublished":"2024-10-03T17:41:08+00:00","dateModified":"2024-10-03T17:41:08+00:00","mainEntityOfPage":{"@id":"https:\/\/bahiaeconomica.com.br\/wp\/2024\/10\/03\/pode-beber-no-dia-das-eleicoes-veja-as-regras-de-cada-estado\/"},"wordCount":1136,"publisher":{"@id":"https:\/\/bahiaeconomica.com.br\/wp\/#organization"},"keywords":["bebidas alcoolicas","consumo","elei\u00e7\u00e3o municipal","proibi\u00e7\u00e3o"],"articleSection":["Pol\u00edtica"],"inLanguage":"pt-BR"},{"@type":"WebPage","@id":"https:\/\/bahiaeconomica.com.br\/wp\/2024\/10\/03\/pode-beber-no-dia-das-eleicoes-veja-as-regras-de-cada-estado\/","url":"https:\/\/bahiaeconomica.com.br\/wp\/2024\/10\/03\/pode-beber-no-dia-das-eleicoes-veja-as-regras-de-cada-estado\/","name":"PODE BEBER NO DIA DAS ELEI\u00c7\u00d5ES? VEJA AS REGRAS DE CADA ESTADO - Bahia Economica","isPartOf":{"@id":"https:\/\/bahiaeconomica.com.br\/wp\/#website"},"datePublished":"2024-10-03T17:41:08+00:00","dateModified":"2024-10-03T17:41:08+00:00","description":"O maior portal de Economia da Bahia Pol\u00edtica Bahia Economica O consumo e a distribui\u00e7\u00e3o de bebidas alco\u00f3licas no dia das elei\u00e7\u00f5es municipais","breadcrumb":{"@id":"https:\/\/bahiaeconomica.com.br\/wp\/2024\/10\/03\/pode-beber-no-dia-das-eleicoes-veja-as-regras-de-cada-estado\/#breadcrumb"},"inLanguage":"pt-BR","potentialAction":[{"@type":"ReadAction","target":["https:\/\/bahiaeconomica.com.br\/wp\/2024\/10\/03\/pode-beber-no-dia-das-eleicoes-veja-as-regras-de-cada-estado\/"]}]},{"@type":"BreadcrumbList","@id":"https:\/\/bahiaeconomica.com.br\/wp\/2024\/10\/03\/pode-beber-no-dia-das-eleicoes-veja-as-regras-de-cada-estado\/#breadcrumb","itemListElement":[{"@type":"ListItem","position":1,"name":"In\u00edcio","item":"https:\/\/bahiaeconomica.com.br\/wp\/"},{"@type":"ListItem","position":2,"name":"PODE BEBER NO DIA DAS ELEI\u00c7\u00d5ES? VEJA AS REGRAS DE CADA ESTADO"}]},{"@type":"WebSite","@id":"https:\/\/bahiaeconomica.com.br\/wp\/#website","url":"https:\/\/bahiaeconomica.com.br\/wp\/","name":"Bahia Economica","description":"O maior portal de Economia da Bahia","publisher":{"@id":"https:\/\/bahiaeconomica.com.br\/wp\/#organization"},"potentialAction":[{"@type":"SearchAction","target":{"@type":"EntryPoint","urlTemplate":"https:\/\/bahiaeconomica.com.br\/wp\/?s={search_term_string}"},"query-input":"required name=search_term_string"}],"inLanguage":"pt-BR"},{"@type":"Organization","@id":"https:\/\/bahiaeconomica.com.br\/wp\/#organization","name":"Bahia Econ\u00f4mica","url":"https:\/\/bahiaeconomica.com.br\/wp\/","logo":{"@type":"ImageObject","inLanguage":"pt-BR","@id":"https:\/\/bahiaeconomica.com.br\/wp\/#\/schema\/logo\/image\/","url":"https:\/\/bahiaeconomica.com.br\/wp\/wp-content\/uploads\/2020\/12\/cropped-BE.png","contentUrl":"https:\/\/bahiaeconomica.com.br\/wp\/wp-content\/uploads\/2020\/12\/cropped-BE.png","width":512,"height":512,"caption":"Bahia Econ\u00f4mica"},"image":{"@id":"https:\/\/bahiaeconomica.com.br\/wp\/#\/schema\/logo\/image\/"},"sameAs":["https:\/\/www.facebook.com\/bahiaeconomica"]},{"@type":"Person","@id":"https:\/\/bahiaeconomica.com.br\/wp\/#\/schema\/person\/a17956d0e1112b626f403fb06b8129a9","name":"VICTOR OLIVEIRA","sameAs":["http:\/\/www.bahiaeconomica.com.br"],"url":"https:\/\/bahiaeconomica.com.br\/wp\/author\/victor-oliveira\/"}]}},"views":17,"_links":{"self":[{"href":"https:\/\/bahiaeconomica.com.br\/wp\/wp-json\/wp\/v2\/posts\/849488"}],"collection":[{"href":"https:\/\/bahiaeconomica.com.br\/wp\/wp-json\/wp\/v2\/posts"}],"about":[{"href":"https:\/\/bahiaeconomica.com.br\/wp\/wp-json\/wp\/v2\/types\/post"}],"author":[{"embeddable":true,"href":"https:\/\/bahiaeconomica.com.br\/wp\/wp-json\/wp\/v2\/users\/24"}],"replies":[{"embeddable":true,"href":"https:\/\/bahiaeconomica.com.br\/wp\/wp-json\/wp\/v2\/comments?post=849488"}],"version-history":[{"count":1,"href":"https:\/\/bahiaeconomica.com.br\/wp\/wp-json\/wp\/v2\/posts\/849488\/revisions"}],"predecessor-version":[{"id":849495,"href":"https:\/\/bahiaeconomica.com.br\/wp\/wp-json\/wp\/v2\/posts\/849488\/revisions\/849495"}],"wp:featuredmedia":[{"embeddable":true,"href":"https:\/\/bahiaeconomica.com.br\/wp\/wp-json\/wp\/v2\/media\/849493"}],"wp:attachment":[{"href":"https:\/\/bahiaeconomica.com.br\/wp\/wp-json\/wp\/v2\/media?parent=849488"}],"wp:term":[{"taxonomy":"category","embeddable":true,"href":"https:\/\/bahiaeconomica.com.br\/wp\/wp-json\/wp\/v2\/categories?post=849488"},{"taxonomy":"post_tag","embeddable":true,"href":"https:\/\/bahiaeconomica.com.br\/wp\/wp-json\/wp\/v2\/tags?post=849488"}],"curies":[{"name":"wp","href":"https:\/\/api.w.org\/{rel}","templated":true}]}}