{"id":849449,"date":"2024-10-03T13:55:40","date_gmt":"2024-10-03T16:55:40","guid":{"rendered":"https:\/\/bahiaeconomica.com.br\/wp\/?p=849449"},"modified":"2024-10-03T13:37:28","modified_gmt":"2024-10-03T16:37:28","slug":"neojiba-promove-6a-edicao-do-festival-encanta-confira-a-programacao","status":"publish","type":"post","link":"https:\/\/bahiaeconomica.com.br\/wp\/2024\/10\/03\/neojiba-promove-6a-edicao-do-festival-encanta-confira-a-programacao\/","title":{"rendered":"NEOJIBA PROMOVE 6\u00aa EDI\u00c7\u00c3O DO FESTIVAL ENCANTA; CONFIRA A PROGRAMA\u00c7\u00c3O"},"content":{"rendered":"<p>Pelo sexto ano consecutivo, o NEOJIBA promove o\u00a0Festival Encanta, um dos maiores encontros de canto coral de Salvador. O evento ter\u00e1 uma s\u00e9rie de\u00a0palestras e apresenta\u00e7\u00f5es gratuitas, entre os dias 7 e 13 de outubro, no\u00a0Parque do Queimado, na Liberdade.<\/p>\n<p>As apresenta\u00e7\u00f5es ser\u00e3o realizadas\u00a0diariamente, reunindo os\u00a0coros de todos os n\u00facleos\u00a0do programa em\u00a0Salvador e Regi\u00e3o Metropolitana, localizados em bairros como Nordeste de Amaralina, Piraj\u00e1 e Mata Escura, al\u00e9m das cidades de Sim\u00f5es Filho e Lauro de Freitas.<\/p>\n<p>O Festival Encanta tamb\u00e9m ter\u00e1 concertos com\u00a0grupos convidados,\u00a0como o Coral \u00c1gua Viva, da Embasa, o Coral Ant\u00f4nio Vieira, o Coro Ecum\u00eanico da Bahia, o Coro Laringectom, o Coral Anchieta e o Coral Jovem do CETEP, de Capim Grosso.\u00a0Confira abaixo a programa\u00e7\u00e3o completa.<\/p>\n<p><strong>\u00d3pera infantojuvenil\u00a0<\/strong><\/p>\n<p>Durante o per\u00edodo do Encanta, acontecer\u00e1 a\u00a0estreia na Bahia da \u00f3pera infantojuvenil &#8220;Candinho&#8221;, que conta com encanto e delicadeza a inf\u00e2ncia de\u00a0C\u00e2ndido Portinari\u00a0(1903-1962), um dos maiores pintores brasileiros. O compositor carioca\u00a0Jo\u00e3o Guilherme Ripper\u00a0se inspirou em escritos, desenhos e pinturas de Portinari para criar a obra, que mostra o cotidiano de brincadeiras do pintor na cidade de\u00a0Brodowski, no interior de S\u00e3o Paulo, e as situa\u00e7\u00f5es que o levaram a tornar-se um artista. A obra foi encomendada pelo Sistema Nacional de Orquestras Sociais (SINOS).<\/p>\n<p>A\u00a0\u00f3pera ser\u00e1 encenada no dia 13 (domingo),\u00a0\u00e0s 11h, tamb\u00e9m com entrada gratuita, sujeita \u00e0 lota\u00e7\u00e3o do espa\u00e7o. No palco, estar\u00e3o as crian\u00e7as do\u00a0Coro Pedag\u00f3gico Experimental do NEOJIBA, acompanhadas por uma orquestra de c\u00e2mara. A dire\u00e7\u00e3o musical e reg\u00eancia s\u00e3o de\u00a0Alexsandra Brasileiro e a dire\u00e7\u00e3o art\u00edstica \u00e9 de Luana Serrat.<\/p>\n<p><strong>Palestras com musicistas convidadas<\/p>\n<p><\/strong>Al\u00e9m das apresenta\u00e7\u00f5es p\u00fablicas, o Festival Encanta tamb\u00e9m ter\u00e1 palestras com\u00a0renomadas musicistas convidadas, do Brasil e do exterior.\u00a0Na segunda (7) e na quinta (10), \u00e0s 15h, a venezuelana\u00a0Lourdes S\u00e1nchez\u00a0falar\u00e1 sobre o trabalho com coros infantis, de jovens e de adultos.\u00a0Reconhecida mundialmente, Lourdes \u00e9 regente e diretora de coros do El Sistema, programa que inspirou a cria\u00e7\u00e3o do NEOJIBA.<\/p>\n<p>O festival receber\u00e1 ainda a cantora l\u00edrica paulista\u00a0Mar\u00edlia Vargas, que falar\u00e1 na quarta (9), tamb\u00e9m \u00e0s 15h, sobre t\u00e9cnica vocal para adolescentes. Mar\u00edlia \u00e9 professora da Escola de M\u00fasica do Estado de S\u00e3o Paulo e uma das\u00a0mais ativas sopranos de sua gera\u00e7\u00e3o, com participa\u00e7\u00f5es em concertos na Europa, Am\u00e9rica Latina e \u00c1sia.<\/p>\n<p>Criado em 2019\u00a0para promover a pr\u00e1tica coral na Bahia, o Festival Encanta realiza debates, oficinas e apresenta\u00e7\u00f5es. A primeira edi\u00e7\u00e3o reuniu coros de Salvador, S\u00e3o Paulo e da Su\u00ed\u00e7a. Em 2020 e 2021, por conta da pandemia, o festival aconteceu de forma online. Em 2022, o evento foi encerrado com um grande concerto no Teatro Castro Alves e em 2023, o Encanta foi integralmente sediado no Parque do Queimado, reunindo todos os grupos de canto coral do NEOJIBA em Salvador e Regi\u00e3o Metropolitana.<\/p>\n<p>&nbsp;<\/p>\n<p><strong>Confira a programa\u00e7\u00e3o completa:<\/strong><\/p>\n<p>&nbsp;<\/p>\n<p><strong>Segunda, 7\/10\u00a0<\/strong><\/p>\n<ul>\n<li>Palestra &#8220;O trabalho com coros infantis&#8221;, com Lourdes S\u00e1nchez 15h<\/li>\n<li>Concerto do Coro Pedag\u00f3gico Experimental e Coro Infantojuvenil 17h<\/li>\n<\/ul>\n<p><strong><br \/>\nTer\u00e7a, 8\/10<\/strong><\/p>\n<ul>\n<li>Concerto com coros dos n\u00facleos do Nordeste de Amaralina, Mata Escura e Piraj\u00e1 15h<\/li>\n<li>Concerto com o Coral \u00c1gua Viva, da Embasa, e do Col\u00e9gio Ant\u00f4nio Vieira 18h<\/li>\n<\/ul>\n<p><strong>Quarta, 9\/10<\/strong><\/p>\n<ul>\n<li>Palestra &#8220;A t\u00e9cnica vocal para adolescentes&#8221;, com Mar\u00edlia Vargas 15h<\/li>\n<li>Concerto com Coro Ecum\u00eanico da Bahia\u00a018h<\/li>\n<\/ul>\n<p><strong>Quinta, 10\/10<\/strong><\/p>\n<ul>\n<li>Palestra &#8220;O trabalho com coros jovens e adultos&#8221;, com Lourdes S\u00e1nchez\u00a015h<\/li>\n<li>Concerto com o Coro Juvenil e o Coro Laringectom 17h<\/li>\n<\/ul>\n<p><strong>Sexta, 11\/10<\/strong><\/p>\n<ul>\n<li>Concerto com os coros dos n\u00facleos CESA (Sim\u00f5es Filho) e Lauro de Freitas 16h<\/li>\n<li>\u00a0Concerto com o Coro Comunit\u00e1rio 18h<\/li>\n<\/ul>\n<p><strong>S\u00e1bado, 12\/10<\/strong><\/p>\n<ul>\n<li>Concerto com os coros dos n\u00facleos SESI, Bairro da Paz, Cordas Dedilhadas e Coro da OCI 15h<\/li>\n<li>Concerto com o Coral Jovem do CETEP (Capim Grosso)\u00a0 17h<\/li>\n<\/ul>\n<p><strong>Domingo, 13\/10<\/strong><\/p>\n<ul>\n<li>Grande concerto de encontro dos coros, com reg\u00eancia de Lourdes\u00a0S\u00e1nchez\u00a016h<\/li>\n<\/ul>\n<p><strong>Estreia na Bahia da \u00f3pera infantojuvenil &#8220;Candinho&#8221;<\/strong><\/p>\n<p>Domingo, 13\/10, \u00e0s 11h<\/p>\n<p>Parque do Queimado &#8211; Liberdade<\/p>\n<p>Entrada gratuita, sujeita \u00e0 lota\u00e7\u00e3o do espa\u00e7o<\/p>\n<p>&nbsp;<\/p>\n<p>Foto: Ascom\/ Neojiba<\/p>\n","protected":false},"excerpt":{"rendered":"<p>Pelo sexto ano consecutivo, o NEOJIBA promove o\u00a0Festival Encanta, um dos maiores encontros de canto coral de Salvador. O evento ter\u00e1 uma s\u00e9rie de\u00a0palestras e apresenta\u00e7\u00f5es gratuitas, entre os dias 7 e 13 de outubro, no\u00a0Parque do Queimado, na Liberdade. As apresenta\u00e7\u00f5es ser\u00e3o realizadas\u00a0diariamente, reunindo os\u00a0coros de todos os n\u00facleos\u00a0do programa em\u00a0Salvador e Regi\u00e3o Metropolitana, [&hellip;]<\/p>\n","protected":false},"author":20,"featured_media":849451,"comment_status":"closed","ping_status":"closed","sticky":false,"template":"","format":"standard","meta":[],"categories":[689],"tags":[33571,5439,4040],"acf":[],"yoast_head":"<!-- This site is optimized with the Yoast SEO plugin v20.8 - https:\/\/yoast.com\/wordpress\/plugins\/seo\/ -->\n<title>NEOJIBA PROMOVE 6\u00aa EDI\u00c7\u00c3O DO FESTIVAL ENCANTA; CONFIRA A PROGRAMA\u00c7\u00c3O - Bahia Economica<\/title>\n<meta name=\"description\" content=\"CULTURA E ARTE Bahia Economica Evento acontece entre 7 e 13 de outubro, no\u00a0Parque do Queimado, na Liberdade.\u00a0\u00a0\" \/>\n<meta name=\"robots\" content=\"index, follow, max-snippet:-1, max-image-preview:large, max-video-preview:-1\" \/>\n<link rel=\"canonical\" href=\"https:\/\/bahiaeconomica.com.br\/wp\/2024\/10\/03\/neojiba-promove-6a-edicao-do-festival-encanta-confira-a-programacao\/\" \/>\n<meta property=\"og:locale\" content=\"pt_BR\" \/>\n<meta property=\"og:type\" content=\"article\" \/>\n<meta property=\"og:title\" content=\"NEOJIBA PROMOVE 6\u00aa EDI\u00c7\u00c3O DO FESTIVAL ENCANTA; CONFIRA A PROGRAMA\u00c7\u00c3O - Bahia Economica\" \/>\n<meta property=\"og:description\" content=\"CULTURA E ARTE Bahia Economica Evento acontece entre 7 e 13 de outubro, no\u00a0Parque do Queimado, na Liberdade.\u00a0\u00a0\" \/>\n<meta property=\"og:url\" content=\"https:\/\/bahiaeconomica.com.br\/wp\/2024\/10\/03\/neojiba-promove-6a-edicao-do-festival-encanta-confira-a-programacao\/\" \/>\n<meta property=\"og:site_name\" content=\"Bahia Economica\" \/>\n<meta property=\"article:publisher\" content=\"https:\/\/www.facebook.com\/bahiaeconomica\" \/>\n<meta property=\"article:published_time\" content=\"2024-10-03T16:55:40+00:00\" \/>\n<meta property=\"article:modified_time\" content=\"2024-10-03T16:37:28+00:00\" \/>\n<meta property=\"og:image\" content=\"https:\/\/bahiaeconomica.com.br\/wp\/wp-content\/uploads\/2024\/10\/3a718db0-4d29-4cfc-918f-669c84f5ba14-scaled.jpg\" \/>\n\t<meta property=\"og:image:width\" content=\"2560\" \/>\n\t<meta property=\"og:image:height\" content=\"1707\" \/>\n\t<meta property=\"og:image:type\" content=\"image\/jpeg\" \/>\n<meta name=\"author\" content=\"BRUNA CARVALHO\" \/>\n<meta name=\"twitter:card\" content=\"summary_large_image\" \/>\n<meta name=\"twitter:label1\" content=\"Escrito por\" \/>\n\t<meta name=\"twitter:data1\" content=\"BRUNA CARVALHO\" \/>\n\t<meta name=\"twitter:label2\" content=\"Est. tempo de leitura\" \/>\n\t<meta name=\"twitter:data2\" content=\"4 minutos\" \/>\n<script type=\"application\/ld+json\" class=\"yoast-schema-graph\">{\"@context\":\"https:\/\/schema.org\",\"@graph\":[{\"@type\":\"Article\",\"@id\":\"https:\/\/bahiaeconomica.com.br\/wp\/2024\/10\/03\/neojiba-promove-6a-edicao-do-festival-encanta-confira-a-programacao\/#article\",\"isPartOf\":{\"@id\":\"https:\/\/bahiaeconomica.com.br\/wp\/2024\/10\/03\/neojiba-promove-6a-edicao-do-festival-encanta-confira-a-programacao\/\"},\"author\":{\"name\":\"BRUNA CARVALHO\",\"@id\":\"https:\/\/bahiaeconomica.com.br\/wp\/#\/schema\/person\/9310b0e591f5979f6f99773eac5804e6\"},\"headline\":\"NEOJIBA PROMOVE 6\u00aa EDI\u00c7\u00c3O DO FESTIVAL ENCANTA; CONFIRA A PROGRAMA\u00c7\u00c3O\",\"datePublished\":\"2024-10-03T16:55:40+00:00\",\"dateModified\":\"2024-10-03T16:37:28+00:00\",\"mainEntityOfPage\":{\"@id\":\"https:\/\/bahiaeconomica.com.br\/wp\/2024\/10\/03\/neojiba-promove-6a-edicao-do-festival-encanta-confira-a-programacao\/\"},\"wordCount\":727,\"publisher\":{\"@id\":\"https:\/\/bahiaeconomica.com.br\/wp\/#organization\"},\"keywords\":[\"FESTIVAL ENCANTA\",\"Neojiba\",\"programa\u00e7\u00e3o\"],\"articleSection\":[\"CULTURA E ARTE\"],\"inLanguage\":\"pt-BR\"},{\"@type\":\"WebPage\",\"@id\":\"https:\/\/bahiaeconomica.com.br\/wp\/2024\/10\/03\/neojiba-promove-6a-edicao-do-festival-encanta-confira-a-programacao\/\",\"url\":\"https:\/\/bahiaeconomica.com.br\/wp\/2024\/10\/03\/neojiba-promove-6a-edicao-do-festival-encanta-confira-a-programacao\/\",\"name\":\"NEOJIBA PROMOVE 6\u00aa EDI\u00c7\u00c3O DO FESTIVAL ENCANTA; CONFIRA A PROGRAMA\u00c7\u00c3O - Bahia Economica\",\"isPartOf\":{\"@id\":\"https:\/\/bahiaeconomica.com.br\/wp\/#website\"},\"datePublished\":\"2024-10-03T16:55:40+00:00\",\"dateModified\":\"2024-10-03T16:37:28+00:00\",\"description\":\"CULTURA E ARTE Bahia Economica Evento acontece entre 7 e 13 de outubro, no\u00a0Parque do Queimado, na Liberdade.\u00a0\u00a0\",\"breadcrumb\":{\"@id\":\"https:\/\/bahiaeconomica.com.br\/wp\/2024\/10\/03\/neojiba-promove-6a-edicao-do-festival-encanta-confira-a-programacao\/#breadcrumb\"},\"inLanguage\":\"pt-BR\",\"potentialAction\":[{\"@type\":\"ReadAction\",\"target\":[\"https:\/\/bahiaeconomica.com.br\/wp\/2024\/10\/03\/neojiba-promove-6a-edicao-do-festival-encanta-confira-a-programacao\/\"]}]},{\"@type\":\"BreadcrumbList\",\"@id\":\"https:\/\/bahiaeconomica.com.br\/wp\/2024\/10\/03\/neojiba-promove-6a-edicao-do-festival-encanta-confira-a-programacao\/#breadcrumb\",\"itemListElement\":[{\"@type\":\"ListItem\",\"position\":1,\"name\":\"In\u00edcio\",\"item\":\"https:\/\/bahiaeconomica.com.br\/wp\/\"},{\"@type\":\"ListItem\",\"position\":2,\"name\":\"NEOJIBA PROMOVE 6\u00aa EDI\u00c7\u00c3O DO FESTIVAL ENCANTA; CONFIRA A PROGRAMA\u00c7\u00c3O\"}]},{\"@type\":\"WebSite\",\"@id\":\"https:\/\/bahiaeconomica.com.br\/wp\/#website\",\"url\":\"https:\/\/bahiaeconomica.com.br\/wp\/\",\"name\":\"Bahia Economica\",\"description\":\"O maior portal de Economia da Bahia\",\"publisher\":{\"@id\":\"https:\/\/bahiaeconomica.com.br\/wp\/#organization\"},\"potentialAction\":[{\"@type\":\"SearchAction\",\"target\":{\"@type\":\"EntryPoint\",\"urlTemplate\":\"https:\/\/bahiaeconomica.com.br\/wp\/?s={search_term_string}\"},\"query-input\":\"required name=search_term_string\"}],\"inLanguage\":\"pt-BR\"},{\"@type\":\"Organization\",\"@id\":\"https:\/\/bahiaeconomica.com.br\/wp\/#organization\",\"name\":\"Bahia Econ\u00f4mica\",\"url\":\"https:\/\/bahiaeconomica.com.br\/wp\/\",\"logo\":{\"@type\":\"ImageObject\",\"inLanguage\":\"pt-BR\",\"@id\":\"https:\/\/bahiaeconomica.com.br\/wp\/#\/schema\/logo\/image\/\",\"url\":\"https:\/\/bahiaeconomica.com.br\/wp\/wp-content\/uploads\/2020\/12\/cropped-BE.png\",\"contentUrl\":\"https:\/\/bahiaeconomica.com.br\/wp\/wp-content\/uploads\/2020\/12\/cropped-BE.png\",\"width\":512,\"height\":512,\"caption\":\"Bahia Econ\u00f4mica\"},\"image\":{\"@id\":\"https:\/\/bahiaeconomica.com.br\/wp\/#\/schema\/logo\/image\/\"},\"sameAs\":[\"https:\/\/www.facebook.com\/bahiaeconomica\"]},{\"@type\":\"Person\",\"@id\":\"https:\/\/bahiaeconomica.com.br\/wp\/#\/schema\/person\/9310b0e591f5979f6f99773eac5804e6\",\"name\":\"BRUNA CARVALHO\",\"sameAs\":[\"http:\/\/www.bahiaeconomica.com.br\"],\"url\":\"https:\/\/bahiaeconomica.com.br\/wp\/author\/bruna\/\"}]}<\/script>\n<!-- \/ Yoast SEO plugin. -->","yoast_head_json":{"title":"NEOJIBA PROMOVE 6\u00aa EDI\u00c7\u00c3O DO FESTIVAL ENCANTA; CONFIRA A PROGRAMA\u00c7\u00c3O - Bahia Economica","description":"CULTURA E ARTE Bahia Economica Evento acontece entre 7 e 13 de outubro, no\u00a0Parque do Queimado, na Liberdade.\u00a0\u00a0","robots":{"index":"index","follow":"follow","max-snippet":"max-snippet:-1","max-image-preview":"max-image-preview:large","max-video-preview":"max-video-preview:-1"},"canonical":"https:\/\/bahiaeconomica.com.br\/wp\/2024\/10\/03\/neojiba-promove-6a-edicao-do-festival-encanta-confira-a-programacao\/","og_locale":"pt_BR","og_type":"article","og_title":"NEOJIBA PROMOVE 6\u00aa EDI\u00c7\u00c3O DO FESTIVAL ENCANTA; CONFIRA A PROGRAMA\u00c7\u00c3O - Bahia Economica","og_description":"CULTURA E ARTE Bahia Economica Evento acontece entre 7 e 13 de outubro, no\u00a0Parque do Queimado, na Liberdade.\u00a0\u00a0","og_url":"https:\/\/bahiaeconomica.com.br\/wp\/2024\/10\/03\/neojiba-promove-6a-edicao-do-festival-encanta-confira-a-programacao\/","og_site_name":"Bahia Economica","article_publisher":"https:\/\/www.facebook.com\/bahiaeconomica","article_published_time":"2024-10-03T16:55:40+00:00","article_modified_time":"2024-10-03T16:37:28+00:00","og_image":[{"width":2560,"height":1707,"url":"https:\/\/bahiaeconomica.com.br\/wp\/wp-content\/uploads\/2024\/10\/3a718db0-4d29-4cfc-918f-669c84f5ba14-scaled.jpg","type":"image\/jpeg"}],"author":"BRUNA CARVALHO","twitter_card":"summary_large_image","twitter_misc":{"Escrito por":"BRUNA CARVALHO","Est. tempo de leitura":"4 minutos"},"schema":{"@context":"https:\/\/schema.org","@graph":[{"@type":"Article","@id":"https:\/\/bahiaeconomica.com.br\/wp\/2024\/10\/03\/neojiba-promove-6a-edicao-do-festival-encanta-confira-a-programacao\/#article","isPartOf":{"@id":"https:\/\/bahiaeconomica.com.br\/wp\/2024\/10\/03\/neojiba-promove-6a-edicao-do-festival-encanta-confira-a-programacao\/"},"author":{"name":"BRUNA CARVALHO","@id":"https:\/\/bahiaeconomica.com.br\/wp\/#\/schema\/person\/9310b0e591f5979f6f99773eac5804e6"},"headline":"NEOJIBA PROMOVE 6\u00aa EDI\u00c7\u00c3O DO FESTIVAL ENCANTA; CONFIRA A PROGRAMA\u00c7\u00c3O","datePublished":"2024-10-03T16:55:40+00:00","dateModified":"2024-10-03T16:37:28+00:00","mainEntityOfPage":{"@id":"https:\/\/bahiaeconomica.com.br\/wp\/2024\/10\/03\/neojiba-promove-6a-edicao-do-festival-encanta-confira-a-programacao\/"},"wordCount":727,"publisher":{"@id":"https:\/\/bahiaeconomica.com.br\/wp\/#organization"},"keywords":["FESTIVAL ENCANTA","Neojiba","programa\u00e7\u00e3o"],"articleSection":["CULTURA E ARTE"],"inLanguage":"pt-BR"},{"@type":"WebPage","@id":"https:\/\/bahiaeconomica.com.br\/wp\/2024\/10\/03\/neojiba-promove-6a-edicao-do-festival-encanta-confira-a-programacao\/","url":"https:\/\/bahiaeconomica.com.br\/wp\/2024\/10\/03\/neojiba-promove-6a-edicao-do-festival-encanta-confira-a-programacao\/","name":"NEOJIBA PROMOVE 6\u00aa EDI\u00c7\u00c3O DO FESTIVAL ENCANTA; CONFIRA A PROGRAMA\u00c7\u00c3O - Bahia Economica","isPartOf":{"@id":"https:\/\/bahiaeconomica.com.br\/wp\/#website"},"datePublished":"2024-10-03T16:55:40+00:00","dateModified":"2024-10-03T16:37:28+00:00","description":"CULTURA E ARTE Bahia Economica Evento acontece entre 7 e 13 de outubro, no\u00a0Parque do Queimado, na Liberdade.\u00a0\u00a0","breadcrumb":{"@id":"https:\/\/bahiaeconomica.com.br\/wp\/2024\/10\/03\/neojiba-promove-6a-edicao-do-festival-encanta-confira-a-programacao\/#breadcrumb"},"inLanguage":"pt-BR","potentialAction":[{"@type":"ReadAction","target":["https:\/\/bahiaeconomica.com.br\/wp\/2024\/10\/03\/neojiba-promove-6a-edicao-do-festival-encanta-confira-a-programacao\/"]}]},{"@type":"BreadcrumbList","@id":"https:\/\/bahiaeconomica.com.br\/wp\/2024\/10\/03\/neojiba-promove-6a-edicao-do-festival-encanta-confira-a-programacao\/#breadcrumb","itemListElement":[{"@type":"ListItem","position":1,"name":"In\u00edcio","item":"https:\/\/bahiaeconomica.com.br\/wp\/"},{"@type":"ListItem","position":2,"name":"NEOJIBA PROMOVE 6\u00aa EDI\u00c7\u00c3O DO FESTIVAL ENCANTA; CONFIRA A PROGRAMA\u00c7\u00c3O"}]},{"@type":"WebSite","@id":"https:\/\/bahiaeconomica.com.br\/wp\/#website","url":"https:\/\/bahiaeconomica.com.br\/wp\/","name":"Bahia Economica","description":"O maior portal de Economia da Bahia","publisher":{"@id":"https:\/\/bahiaeconomica.com.br\/wp\/#organization"},"potentialAction":[{"@type":"SearchAction","target":{"@type":"EntryPoint","urlTemplate":"https:\/\/bahiaeconomica.com.br\/wp\/?s={search_term_string}"},"query-input":"required name=search_term_string"}],"inLanguage":"pt-BR"},{"@type":"Organization","@id":"https:\/\/bahiaeconomica.com.br\/wp\/#organization","name":"Bahia Econ\u00f4mica","url":"https:\/\/bahiaeconomica.com.br\/wp\/","logo":{"@type":"ImageObject","inLanguage":"pt-BR","@id":"https:\/\/bahiaeconomica.com.br\/wp\/#\/schema\/logo\/image\/","url":"https:\/\/bahiaeconomica.com.br\/wp\/wp-content\/uploads\/2020\/12\/cropped-BE.png","contentUrl":"https:\/\/bahiaeconomica.com.br\/wp\/wp-content\/uploads\/2020\/12\/cropped-BE.png","width":512,"height":512,"caption":"Bahia Econ\u00f4mica"},"image":{"@id":"https:\/\/bahiaeconomica.com.br\/wp\/#\/schema\/logo\/image\/"},"sameAs":["https:\/\/www.facebook.com\/bahiaeconomica"]},{"@type":"Person","@id":"https:\/\/bahiaeconomica.com.br\/wp\/#\/schema\/person\/9310b0e591f5979f6f99773eac5804e6","name":"BRUNA CARVALHO","sameAs":["http:\/\/www.bahiaeconomica.com.br"],"url":"https:\/\/bahiaeconomica.com.br\/wp\/author\/bruna\/"}]}},"views":29,"_links":{"self":[{"href":"https:\/\/bahiaeconomica.com.br\/wp\/wp-json\/wp\/v2\/posts\/849449"}],"collection":[{"href":"https:\/\/bahiaeconomica.com.br\/wp\/wp-json\/wp\/v2\/posts"}],"about":[{"href":"https:\/\/bahiaeconomica.com.br\/wp\/wp-json\/wp\/v2\/types\/post"}],"author":[{"embeddable":true,"href":"https:\/\/bahiaeconomica.com.br\/wp\/wp-json\/wp\/v2\/users\/20"}],"replies":[{"embeddable":true,"href":"https:\/\/bahiaeconomica.com.br\/wp\/wp-json\/wp\/v2\/comments?post=849449"}],"version-history":[{"count":1,"href":"https:\/\/bahiaeconomica.com.br\/wp\/wp-json\/wp\/v2\/posts\/849449\/revisions"}],"predecessor-version":[{"id":849463,"href":"https:\/\/bahiaeconomica.com.br\/wp\/wp-json\/wp\/v2\/posts\/849449\/revisions\/849463"}],"wp:featuredmedia":[{"embeddable":true,"href":"https:\/\/bahiaeconomica.com.br\/wp\/wp-json\/wp\/v2\/media\/849451"}],"wp:attachment":[{"href":"https:\/\/bahiaeconomica.com.br\/wp\/wp-json\/wp\/v2\/media?parent=849449"}],"wp:term":[{"taxonomy":"category","embeddable":true,"href":"https:\/\/bahiaeconomica.com.br\/wp\/wp-json\/wp\/v2\/categories?post=849449"},{"taxonomy":"post_tag","embeddable":true,"href":"https:\/\/bahiaeconomica.com.br\/wp\/wp-json\/wp\/v2\/tags?post=849449"}],"curies":[{"name":"wp","href":"https:\/\/api.w.org\/{rel}","templated":true}]}}