{"id":849345,"date":"2024-10-03T09:20:06","date_gmt":"2024-10-03T12:20:06","guid":{"rendered":"https:\/\/bahiaeconomica.com.br\/wp\/?p=849345"},"modified":"2024-10-03T08:59:37","modified_gmt":"2024-10-03T11:59:37","slug":"nutricionista-guilherme-bacelar-explica-relacao-da-dieta-com-saude-mental","status":"publish","type":"post","link":"https:\/\/bahiaeconomica.com.br\/wp\/2024\/10\/03\/nutricionista-guilherme-bacelar-explica-relacao-da-dieta-com-saude-mental\/","title":{"rendered":"NUTRICIONISTA GUILHERME BACELAR EXPLICA RELA\u00c7\u00c3O DA DIETA COM SA\u00daDE MENTAL"},"content":{"rendered":"<p>Os nutrientes ingeridos diariamente afetam a qu\u00edmica cerebral e, consequentemente, o humor e as fun\u00e7\u00f5es cognitivas. Alimentos podem ser capazes de expandir a sa\u00fade da mente, mas tamb\u00e9m o contr\u00e1rio, dependendo da dieta, o consumo constante de certas subst\u00e2ncias pode ser prejudicial. O nutricionista cl\u00ednico e esportivo Guilherme Bacelar destaca que o organismo precisa de nutrientes que ajudam no combate \u00e0 neuroinflama\u00e7\u00e3o, na modula\u00e7\u00e3o hormonal e na produ\u00e7\u00e3o de neurotransmissores, importantes para a sa\u00fade mental. \u201cEsses nutrientes podem ser oferecidos atrav\u00e9s da alimenta\u00e7\u00e3o e complementados pela suplementa\u00e7\u00e3o alimentar. De acordo com artigos publicados, o padr\u00e3o alimentar mais favor\u00e1vel \u00e0 sa\u00fade mental \u00e9 a dieta mediterr\u00e2nea, \u00e0 base de peixes, gr\u00e3os integrais, vegetais, frutas e gordura boa\u201d, afirma Bacelar.<\/p>\n<p>O bem-estar psicol\u00f3gico n\u00e3o depende unicamente da alimenta\u00e7\u00e3o, mas \u00e9 um fator que pode contribuir muito, principalmente quando falamos de rotinas agitadas e estressantes. Uma alimenta\u00e7\u00e3o equilibrada, que inclui a combina\u00e7\u00e3o adequada de minerais, vitaminas e nutrientes pode beneficiar as fun\u00e7\u00f5es cerebrais, aumentar os n\u00edveis de energia, melhorar a concentra\u00e7\u00e3o e ajudar a regular as emo\u00e7\u00f5es. \u2018\u2019Comidas ricas em \u00f4mega-3, por exemplo, como peixes e nozes, ajudam a reduzir inflama\u00e7\u00f5es cerebrais e contribuem para melhorar os sintomas de des\u00e2nimo e agita\u00e7\u00e3o. Por outro lado, dietas ricas em a\u00e7\u00facar e alimentos ultraprocessados podem causar desequil\u00edbrios hormonais, o que influencia na fadiga e estresse, afetando negativamente o humor. Importante frisar que o mal est\u00e1 no exagero, comer um pastel ou um bolo recheado em momentos de confraterniza\u00e7\u00e3o \u00e9 comum e adequado, mas estas, por exemplo, s\u00e3o refei\u00e7\u00f5es que n\u00e3o devem estar na sua dieta di\u00e1ria\u2019\u2019, acrescenta Guilherme Bacelar.<\/p>\n<p>SOBRE GUILHERME BACELAR<\/p>\n<p>Nutricionista cl\u00ednico e esportivo, que atua na \u00e1rea de hipertrofia, emagrecimento saud\u00e1vel e est\u00e9tica. Atua tamb\u00e9m como enfermeiro e tem como objetivo associar as duas forma\u00e7\u00f5es para uma melhor qualidade de vida e est\u00e9tica aos pacientes.<\/p>\n<p>Fotos: Carol Rehem<\/p>\n","protected":false},"excerpt":{"rendered":"<p>Os nutrientes ingeridos diariamente afetam a qu\u00edmica cerebral e, consequentemente, o humor e as fun\u00e7\u00f5es cognitivas. Alimentos podem ser capazes de expandir a sa\u00fade da mente, mas tamb\u00e9m o contr\u00e1rio, dependendo da dieta, o consumo constante de certas subst\u00e2ncias pode ser prejudicial. O nutricionista cl\u00ednico e esportivo Guilherme Bacelar destaca que o organismo precisa de [&hellip;]<\/p>\n","protected":false},"author":8,"featured_media":849346,"comment_status":"closed","ping_status":"closed","sticky":false,"template":"","format":"standard","meta":[],"categories":[21],"tags":[52,13052,100],"acf":[],"yoast_head":"<!-- This site is optimized with the Yoast SEO plugin v20.8 - https:\/\/yoast.com\/wordpress\/plugins\/seo\/ -->\n<title>NUTRICIONISTA GUILHERME BACELAR EXPLICA RELA\u00c7\u00c3O DA DIETA COM SA\u00daDE MENTAL - Bahia Economica<\/title>\n<meta name=\"description\" content=\"O maior portal de Economia da Bahia Sa\u00fade \/ Educa\u00e7\u00e3o Bahia Economica Nutricionista cl\u00ednico e esportivo, que atua na \u00e1rea de hipertrofia\" \/>\n<meta name=\"robots\" content=\"index, follow, max-snippet:-1, max-image-preview:large, max-video-preview:-1\" \/>\n<link rel=\"canonical\" href=\"https:\/\/bahiaeconomica.com.br\/wp\/2024\/10\/03\/nutricionista-guilherme-bacelar-explica-relacao-da-dieta-com-saude-mental\/\" \/>\n<meta property=\"og:locale\" content=\"pt_BR\" \/>\n<meta property=\"og:type\" content=\"article\" \/>\n<meta property=\"og:title\" content=\"NUTRICIONISTA GUILHERME BACELAR EXPLICA RELA\u00c7\u00c3O DA DIETA COM SA\u00daDE MENTAL - Bahia Economica\" \/>\n<meta property=\"og:description\" content=\"O maior portal de Economia da Bahia Sa\u00fade \/ Educa\u00e7\u00e3o Bahia Economica Nutricionista cl\u00ednico e esportivo, que atua na \u00e1rea de hipertrofia\" \/>\n<meta property=\"og:url\" content=\"https:\/\/bahiaeconomica.com.br\/wp\/2024\/10\/03\/nutricionista-guilherme-bacelar-explica-relacao-da-dieta-com-saude-mental\/\" \/>\n<meta property=\"og:site_name\" content=\"Bahia Economica\" \/>\n<meta property=\"article:publisher\" content=\"https:\/\/www.facebook.com\/bahiaeconomica\" \/>\n<meta property=\"article:published_time\" content=\"2024-10-03T12:20:06+00:00\" \/>\n<meta property=\"article:modified_time\" content=\"2024-10-03T11:59:37+00:00\" \/>\n<meta property=\"og:image\" content=\"https:\/\/bahiaeconomica.com.br\/wp\/wp-content\/uploads\/2024\/10\/WhatsApp-Image-2024-10-02-at-17.32.10.jpeg\" \/>\n\t<meta property=\"og:image:width\" content=\"853\" \/>\n\t<meta property=\"og:image:height\" content=\"807\" \/>\n\t<meta property=\"og:image:type\" content=\"image\/jpeg\" \/>\n<meta name=\"author\" content=\"JP\" \/>\n<meta name=\"twitter:card\" content=\"summary_large_image\" \/>\n<meta name=\"twitter:label1\" content=\"Escrito por\" \/>\n\t<meta name=\"twitter:data1\" content=\"JP\" \/>\n\t<meta name=\"twitter:label2\" content=\"Est. tempo de leitura\" \/>\n\t<meta name=\"twitter:data2\" content=\"2 minutos\" \/>\n<script type=\"application\/ld+json\" class=\"yoast-schema-graph\">{\"@context\":\"https:\/\/schema.org\",\"@graph\":[{\"@type\":\"Article\",\"@id\":\"https:\/\/bahiaeconomica.com.br\/wp\/2024\/10\/03\/nutricionista-guilherme-bacelar-explica-relacao-da-dieta-com-saude-mental\/#article\",\"isPartOf\":{\"@id\":\"https:\/\/bahiaeconomica.com.br\/wp\/2024\/10\/03\/nutricionista-guilherme-bacelar-explica-relacao-da-dieta-com-saude-mental\/\"},\"author\":{\"name\":\"JP\",\"@id\":\"https:\/\/bahiaeconomica.com.br\/wp\/#\/schema\/person\/c86d3a3f8960425a0f9d0e5245991f4e\"},\"headline\":\"NUTRICIONISTA GUILHERME BACELAR EXPLICA RELA\u00c7\u00c3O DA DIETA COM SA\u00daDE MENTAL\",\"datePublished\":\"2024-10-03T12:20:06+00:00\",\"dateModified\":\"2024-10-03T11:59:37+00:00\",\"mainEntityOfPage\":{\"@id\":\"https:\/\/bahiaeconomica.com.br\/wp\/2024\/10\/03\/nutricionista-guilherme-bacelar-explica-relacao-da-dieta-com-saude-mental\/\"},\"wordCount\":356,\"publisher\":{\"@id\":\"https:\/\/bahiaeconomica.com.br\/wp\/#organization\"},\"keywords\":[\"Brasil\",\"nutricionista\",\"Pol\u00edtica\"],\"articleSection\":[\"Sa\u00fade \/ Educa\u00e7\u00e3o\"],\"inLanguage\":\"pt-BR\"},{\"@type\":\"WebPage\",\"@id\":\"https:\/\/bahiaeconomica.com.br\/wp\/2024\/10\/03\/nutricionista-guilherme-bacelar-explica-relacao-da-dieta-com-saude-mental\/\",\"url\":\"https:\/\/bahiaeconomica.com.br\/wp\/2024\/10\/03\/nutricionista-guilherme-bacelar-explica-relacao-da-dieta-com-saude-mental\/\",\"name\":\"NUTRICIONISTA GUILHERME BACELAR EXPLICA RELA\u00c7\u00c3O DA DIETA COM SA\u00daDE MENTAL - Bahia Economica\",\"isPartOf\":{\"@id\":\"https:\/\/bahiaeconomica.com.br\/wp\/#website\"},\"datePublished\":\"2024-10-03T12:20:06+00:00\",\"dateModified\":\"2024-10-03T11:59:37+00:00\",\"description\":\"O maior portal de Economia da Bahia Sa\u00fade \/ Educa\u00e7\u00e3o Bahia Economica Nutricionista cl\u00ednico e esportivo, que atua na \u00e1rea de hipertrofia\",\"breadcrumb\":{\"@id\":\"https:\/\/bahiaeconomica.com.br\/wp\/2024\/10\/03\/nutricionista-guilherme-bacelar-explica-relacao-da-dieta-com-saude-mental\/#breadcrumb\"},\"inLanguage\":\"pt-BR\",\"potentialAction\":[{\"@type\":\"ReadAction\",\"target\":[\"https:\/\/bahiaeconomica.com.br\/wp\/2024\/10\/03\/nutricionista-guilherme-bacelar-explica-relacao-da-dieta-com-saude-mental\/\"]}]},{\"@type\":\"BreadcrumbList\",\"@id\":\"https:\/\/bahiaeconomica.com.br\/wp\/2024\/10\/03\/nutricionista-guilherme-bacelar-explica-relacao-da-dieta-com-saude-mental\/#breadcrumb\",\"itemListElement\":[{\"@type\":\"ListItem\",\"position\":1,\"name\":\"In\u00edcio\",\"item\":\"https:\/\/bahiaeconomica.com.br\/wp\/\"},{\"@type\":\"ListItem\",\"position\":2,\"name\":\"NUTRICIONISTA GUILHERME BACELAR EXPLICA RELA\u00c7\u00c3O DA DIETA COM SA\u00daDE MENTAL\"}]},{\"@type\":\"WebSite\",\"@id\":\"https:\/\/bahiaeconomica.com.br\/wp\/#website\",\"url\":\"https:\/\/bahiaeconomica.com.br\/wp\/\",\"name\":\"Bahia Economica\",\"description\":\"O maior portal de Economia da Bahia\",\"publisher\":{\"@id\":\"https:\/\/bahiaeconomica.com.br\/wp\/#organization\"},\"potentialAction\":[{\"@type\":\"SearchAction\",\"target\":{\"@type\":\"EntryPoint\",\"urlTemplate\":\"https:\/\/bahiaeconomica.com.br\/wp\/?s={search_term_string}\"},\"query-input\":\"required name=search_term_string\"}],\"inLanguage\":\"pt-BR\"},{\"@type\":\"Organization\",\"@id\":\"https:\/\/bahiaeconomica.com.br\/wp\/#organization\",\"name\":\"Bahia Econ\u00f4mica\",\"url\":\"https:\/\/bahiaeconomica.com.br\/wp\/\",\"logo\":{\"@type\":\"ImageObject\",\"inLanguage\":\"pt-BR\",\"@id\":\"https:\/\/bahiaeconomica.com.br\/wp\/#\/schema\/logo\/image\/\",\"url\":\"https:\/\/bahiaeconomica.com.br\/wp\/wp-content\/uploads\/2020\/12\/cropped-BE.png\",\"contentUrl\":\"https:\/\/bahiaeconomica.com.br\/wp\/wp-content\/uploads\/2020\/12\/cropped-BE.png\",\"width\":512,\"height\":512,\"caption\":\"Bahia Econ\u00f4mica\"},\"image\":{\"@id\":\"https:\/\/bahiaeconomica.com.br\/wp\/#\/schema\/logo\/image\/\"},\"sameAs\":[\"https:\/\/www.facebook.com\/bahiaeconomica\"]},{\"@type\":\"Person\",\"@id\":\"https:\/\/bahiaeconomica.com.br\/wp\/#\/schema\/person\/c86d3a3f8960425a0f9d0e5245991f4e\",\"name\":\"JP\",\"sameAs\":[\"https:\/\/bahiaeconomica.com.br\/wp\/beta\/\"],\"url\":\"https:\/\/bahiaeconomica.com.br\/wp\/author\/jp\/\"}]}<\/script>\n<!-- \/ Yoast SEO plugin. -->","yoast_head_json":{"title":"NUTRICIONISTA GUILHERME BACELAR EXPLICA RELA\u00c7\u00c3O DA DIETA COM SA\u00daDE MENTAL - Bahia Economica","description":"O maior portal de Economia da Bahia Sa\u00fade \/ Educa\u00e7\u00e3o Bahia Economica Nutricionista cl\u00ednico e esportivo, que atua na \u00e1rea de hipertrofia","robots":{"index":"index","follow":"follow","max-snippet":"max-snippet:-1","max-image-preview":"max-image-preview:large","max-video-preview":"max-video-preview:-1"},"canonical":"https:\/\/bahiaeconomica.com.br\/wp\/2024\/10\/03\/nutricionista-guilherme-bacelar-explica-relacao-da-dieta-com-saude-mental\/","og_locale":"pt_BR","og_type":"article","og_title":"NUTRICIONISTA GUILHERME BACELAR EXPLICA RELA\u00c7\u00c3O DA DIETA COM SA\u00daDE MENTAL - Bahia Economica","og_description":"O maior portal de Economia da Bahia Sa\u00fade \/ Educa\u00e7\u00e3o Bahia Economica Nutricionista cl\u00ednico e esportivo, que atua na \u00e1rea de hipertrofia","og_url":"https:\/\/bahiaeconomica.com.br\/wp\/2024\/10\/03\/nutricionista-guilherme-bacelar-explica-relacao-da-dieta-com-saude-mental\/","og_site_name":"Bahia Economica","article_publisher":"https:\/\/www.facebook.com\/bahiaeconomica","article_published_time":"2024-10-03T12:20:06+00:00","article_modified_time":"2024-10-03T11:59:37+00:00","og_image":[{"width":853,"height":807,"url":"https:\/\/bahiaeconomica.com.br\/wp\/wp-content\/uploads\/2024\/10\/WhatsApp-Image-2024-10-02-at-17.32.10.jpeg","type":"image\/jpeg"}],"author":"JP","twitter_card":"summary_large_image","twitter_misc":{"Escrito por":"JP","Est. tempo de leitura":"2 minutos"},"schema":{"@context":"https:\/\/schema.org","@graph":[{"@type":"Article","@id":"https:\/\/bahiaeconomica.com.br\/wp\/2024\/10\/03\/nutricionista-guilherme-bacelar-explica-relacao-da-dieta-com-saude-mental\/#article","isPartOf":{"@id":"https:\/\/bahiaeconomica.com.br\/wp\/2024\/10\/03\/nutricionista-guilherme-bacelar-explica-relacao-da-dieta-com-saude-mental\/"},"author":{"name":"JP","@id":"https:\/\/bahiaeconomica.com.br\/wp\/#\/schema\/person\/c86d3a3f8960425a0f9d0e5245991f4e"},"headline":"NUTRICIONISTA GUILHERME BACELAR EXPLICA RELA\u00c7\u00c3O DA DIETA COM SA\u00daDE MENTAL","datePublished":"2024-10-03T12:20:06+00:00","dateModified":"2024-10-03T11:59:37+00:00","mainEntityOfPage":{"@id":"https:\/\/bahiaeconomica.com.br\/wp\/2024\/10\/03\/nutricionista-guilherme-bacelar-explica-relacao-da-dieta-com-saude-mental\/"},"wordCount":356,"publisher":{"@id":"https:\/\/bahiaeconomica.com.br\/wp\/#organization"},"keywords":["Brasil","nutricionista","Pol\u00edtica"],"articleSection":["Sa\u00fade \/ Educa\u00e7\u00e3o"],"inLanguage":"pt-BR"},{"@type":"WebPage","@id":"https:\/\/bahiaeconomica.com.br\/wp\/2024\/10\/03\/nutricionista-guilherme-bacelar-explica-relacao-da-dieta-com-saude-mental\/","url":"https:\/\/bahiaeconomica.com.br\/wp\/2024\/10\/03\/nutricionista-guilherme-bacelar-explica-relacao-da-dieta-com-saude-mental\/","name":"NUTRICIONISTA GUILHERME BACELAR EXPLICA RELA\u00c7\u00c3O DA DIETA COM SA\u00daDE MENTAL - Bahia Economica","isPartOf":{"@id":"https:\/\/bahiaeconomica.com.br\/wp\/#website"},"datePublished":"2024-10-03T12:20:06+00:00","dateModified":"2024-10-03T11:59:37+00:00","description":"O maior portal de Economia da Bahia Sa\u00fade \/ Educa\u00e7\u00e3o Bahia Economica Nutricionista cl\u00ednico e esportivo, que atua na \u00e1rea de hipertrofia","breadcrumb":{"@id":"https:\/\/bahiaeconomica.com.br\/wp\/2024\/10\/03\/nutricionista-guilherme-bacelar-explica-relacao-da-dieta-com-saude-mental\/#breadcrumb"},"inLanguage":"pt-BR","potentialAction":[{"@type":"ReadAction","target":["https:\/\/bahiaeconomica.com.br\/wp\/2024\/10\/03\/nutricionista-guilherme-bacelar-explica-relacao-da-dieta-com-saude-mental\/"]}]},{"@type":"BreadcrumbList","@id":"https:\/\/bahiaeconomica.com.br\/wp\/2024\/10\/03\/nutricionista-guilherme-bacelar-explica-relacao-da-dieta-com-saude-mental\/#breadcrumb","itemListElement":[{"@type":"ListItem","position":1,"name":"In\u00edcio","item":"https:\/\/bahiaeconomica.com.br\/wp\/"},{"@type":"ListItem","position":2,"name":"NUTRICIONISTA GUILHERME BACELAR EXPLICA RELA\u00c7\u00c3O DA DIETA COM SA\u00daDE MENTAL"}]},{"@type":"WebSite","@id":"https:\/\/bahiaeconomica.com.br\/wp\/#website","url":"https:\/\/bahiaeconomica.com.br\/wp\/","name":"Bahia Economica","description":"O maior portal de Economia da Bahia","publisher":{"@id":"https:\/\/bahiaeconomica.com.br\/wp\/#organization"},"potentialAction":[{"@type":"SearchAction","target":{"@type":"EntryPoint","urlTemplate":"https:\/\/bahiaeconomica.com.br\/wp\/?s={search_term_string}"},"query-input":"required name=search_term_string"}],"inLanguage":"pt-BR"},{"@type":"Organization","@id":"https:\/\/bahiaeconomica.com.br\/wp\/#organization","name":"Bahia Econ\u00f4mica","url":"https:\/\/bahiaeconomica.com.br\/wp\/","logo":{"@type":"ImageObject","inLanguage":"pt-BR","@id":"https:\/\/bahiaeconomica.com.br\/wp\/#\/schema\/logo\/image\/","url":"https:\/\/bahiaeconomica.com.br\/wp\/wp-content\/uploads\/2020\/12\/cropped-BE.png","contentUrl":"https:\/\/bahiaeconomica.com.br\/wp\/wp-content\/uploads\/2020\/12\/cropped-BE.png","width":512,"height":512,"caption":"Bahia Econ\u00f4mica"},"image":{"@id":"https:\/\/bahiaeconomica.com.br\/wp\/#\/schema\/logo\/image\/"},"sameAs":["https:\/\/www.facebook.com\/bahiaeconomica"]},{"@type":"Person","@id":"https:\/\/bahiaeconomica.com.br\/wp\/#\/schema\/person\/c86d3a3f8960425a0f9d0e5245991f4e","name":"JP","sameAs":["https:\/\/bahiaeconomica.com.br\/wp\/beta\/"],"url":"https:\/\/bahiaeconomica.com.br\/wp\/author\/jp\/"}]}},"views":4,"_links":{"self":[{"href":"https:\/\/bahiaeconomica.com.br\/wp\/wp-json\/wp\/v2\/posts\/849345"}],"collection":[{"href":"https:\/\/bahiaeconomica.com.br\/wp\/wp-json\/wp\/v2\/posts"}],"about":[{"href":"https:\/\/bahiaeconomica.com.br\/wp\/wp-json\/wp\/v2\/types\/post"}],"author":[{"embeddable":true,"href":"https:\/\/bahiaeconomica.com.br\/wp\/wp-json\/wp\/v2\/users\/8"}],"replies":[{"embeddable":true,"href":"https:\/\/bahiaeconomica.com.br\/wp\/wp-json\/wp\/v2\/comments?post=849345"}],"version-history":[{"count":1,"href":"https:\/\/bahiaeconomica.com.br\/wp\/wp-json\/wp\/v2\/posts\/849345\/revisions"}],"predecessor-version":[{"id":849347,"href":"https:\/\/bahiaeconomica.com.br\/wp\/wp-json\/wp\/v2\/posts\/849345\/revisions\/849347"}],"wp:featuredmedia":[{"embeddable":true,"href":"https:\/\/bahiaeconomica.com.br\/wp\/wp-json\/wp\/v2\/media\/849346"}],"wp:attachment":[{"href":"https:\/\/bahiaeconomica.com.br\/wp\/wp-json\/wp\/v2\/media?parent=849345"}],"wp:term":[{"taxonomy":"category","embeddable":true,"href":"https:\/\/bahiaeconomica.com.br\/wp\/wp-json\/wp\/v2\/categories?post=849345"},{"taxonomy":"post_tag","embeddable":true,"href":"https:\/\/bahiaeconomica.com.br\/wp\/wp-json\/wp\/v2\/tags?post=849345"}],"curies":[{"name":"wp","href":"https:\/\/api.w.org\/{rel}","templated":true}]}}