{"id":849227,"date":"2024-10-02T18:59:14","date_gmt":"2024-10-02T21:59:14","guid":{"rendered":"https:\/\/bahiaeconomica.com.br\/wp\/?p=849227"},"modified":"2024-10-02T16:37:44","modified_gmt":"2024-10-02T19:37:44","slug":"bares-e-restaurantes-foram-o-segundo-setor-que-mais-criou-empregos-formais-no-mes-de-agosto","status":"publish","type":"post","link":"https:\/\/bahiaeconomica.com.br\/wp\/2024\/10\/02\/bares-e-restaurantes-foram-o-segundo-setor-que-mais-criou-empregos-formais-no-mes-de-agosto\/","title":{"rendered":"BARES E RESTAURANTES \u00c9 SEGUNDO SETOR QUE MAIS CRIOU EMPREGOS FORMAIS NO M\u00caS DE AGOSTO"},"content":{"rendered":"<p>Na sexta-feira (27), o Caged divulgou os dados de empregos com carteira de trabalho assinada do m\u00eas de agosto. Segundo os dados, o setor de bares e restaurantes apresentou o segundo maior aumento entre todos os setores (0,7%), atr\u00e1s apenas dos Servi\u00e7os Dom\u00e9sticos (1,62%).<\/p>\n<p>Em agosto, o saldo de empregados apontou mais de 12 mil novos postos de trabalho criados com carteira assinada no setor de alimenta\u00e7\u00e3o fora do lar. Esses resultados mostram uma robustez do setor que se consolida como um dos principais empregadores do pa\u00eds.<\/p>\n<p>Segundo uma pesquisa recente da Abrasel, 29% dos entrevistados indicaram a inten\u00e7\u00e3o de contratar mais funcion\u00e1rios at\u00e9 o final do ano. Com a aproxima\u00e7\u00e3o do ver\u00e3o e das f\u00e9rias escolares, per\u00edodo de grande movimento no setor, o empresariado procura novos funcion\u00e1rios, mas tem tido dificuldades para fazer novas contrata\u00e7\u00f5es.<\/p>\n<p>A pesquisa da Abrasel apontou tamb\u00e9m que para 89% dos empres\u00e1rios a maior dificuldade para preencher as vagas est\u00e1 relacionada \u00e0 falta de qualifica\u00e7\u00e3o dos candidatos. Apesar de ser tradicionalmente um setor de inser\u00e7\u00e3o profissional, a quantidade de curr\u00edculos recebidos por vaga tem diminu\u00eddo.<\/p>\n<p>Para Paulo Solmucci, presidente executivo da Abrasel: \u201cApesar do setor manter um crescimento nas contrata\u00e7\u00f5es ainda h\u00e1 lacunas n\u00e3o preenchidas. Por isso \u00e9 importante a ado\u00e7\u00e3o de estrat\u00e9gias criativas que busquem atrair e reter bons funcion\u00e1rios. Al\u00e9m disso, um caminho poss\u00edvel para o setor \u00e9 o investimento em automa\u00e7\u00f5es e usos pr\u00e1ticos de intelig\u00eancia artificial\u201d, comenta.<\/p>\n<p>&#8220;Nos \u00faltimos cinco anos, a transforma\u00e7\u00e3o do setor foi profunda, especialmente com a chegada da pandemia, que nos obrigou a uma adapta\u00e7\u00e3o r\u00e1pida \u00e0 digitaliza\u00e7\u00e3o e ao delivery. A rela\u00e7\u00e3o com o cliente tamb\u00e9m mudou drasticamente, hoje, com o digital, o contato direto se perdeu, e o cliente tem uma participa\u00e7\u00e3o mais ativa, buscando informa\u00e7\u00f5es online, opinando sobre o servi\u00e7o e compartilhando em redes sociais\u201d, destaca o presidente executivo.<\/p>\n<p>\u201cIsso se trata de uma din\u00e2mica de mercado que exige uma nova postura. O setor, que historicamente n\u00e3o era intensivo em tecnologia, agora \u00e9 um dos mais conectados, precisamos de pessoas preparadas para lidar com novas tecnologias&#8221;, complementa.<\/p>\n<p>Foto: Divulga\u00e7\u00e3o<\/p>\n","protected":false},"excerpt":{"rendered":"<p>Na sexta-feira (27), o Caged divulgou os dados de empregos com carteira de trabalho assinada do m\u00eas de agosto. Segundo os dados, o setor de bares e restaurantes apresentou o segundo maior aumento entre todos os setores (0,7%), atr\u00e1s apenas dos Servi\u00e7os Dom\u00e9sticos (1,62%). Em agosto, o saldo de empregados apontou mais de 12 mil [&hellip;]<\/p>\n","protected":false},"author":16,"featured_media":849236,"comment_status":"closed","ping_status":"closed","sticky":false,"template":"","format":"standard","meta":[],"categories":[14,3],"tags":[9990,1913,213],"acf":[],"yoast_head":"<!-- This site is optimized with the Yoast SEO plugin v20.8 - https:\/\/yoast.com\/wordpress\/plugins\/seo\/ -->\n<title>BARES E RESTAURANTES \u00c9 SEGUNDO SETOR QUE MAIS CRIOU EMPREGOS FORMAIS NO M\u00caS DE AGOSTO - Bahia Economica<\/title>\n<meta name=\"description\" content=\"O maior portal de Economia da Bahia DESTAQUE DO DIA, ECONOMIA \/ POL\u00cdTICA Bahia Economica\" \/>\n<meta name=\"robots\" content=\"index, follow, max-snippet:-1, max-image-preview:large, max-video-preview:-1\" \/>\n<link rel=\"canonical\" href=\"https:\/\/bahiaeconomica.com.br\/wp\/2024\/10\/02\/bares-e-restaurantes-foram-o-segundo-setor-que-mais-criou-empregos-formais-no-mes-de-agosto\/\" \/>\n<meta property=\"og:locale\" content=\"pt_BR\" \/>\n<meta property=\"og:type\" content=\"article\" \/>\n<meta property=\"og:title\" content=\"BARES E RESTAURANTES \u00c9 SEGUNDO SETOR QUE MAIS CRIOU EMPREGOS FORMAIS NO M\u00caS DE AGOSTO - Bahia Economica\" \/>\n<meta property=\"og:description\" content=\"O maior portal de Economia da Bahia DESTAQUE DO DIA, ECONOMIA \/ POL\u00cdTICA Bahia Economica\" \/>\n<meta property=\"og:url\" content=\"https:\/\/bahiaeconomica.com.br\/wp\/2024\/10\/02\/bares-e-restaurantes-foram-o-segundo-setor-que-mais-criou-empregos-formais-no-mes-de-agosto\/\" \/>\n<meta property=\"og:site_name\" content=\"Bahia Economica\" \/>\n<meta property=\"article:publisher\" content=\"https:\/\/www.facebook.com\/bahiaeconomica\" \/>\n<meta property=\"article:published_time\" content=\"2024-10-02T21:59:14+00:00\" \/>\n<meta property=\"article:modified_time\" content=\"2024-10-02T19:37:44+00:00\" \/>\n<meta property=\"og:image\" content=\"https:\/\/bahiaeconomica.com.br\/wp\/wp-content\/uploads\/2024\/10\/WhatsApp-Image-2024-10-02-at-15.53.51.jpeg\" \/>\n\t<meta property=\"og:image:width\" content=\"626\" \/>\n\t<meta property=\"og:image:height\" content=\"394\" \/>\n\t<meta property=\"og:image:type\" content=\"image\/jpeg\" \/>\n<meta name=\"author\" content=\"LUIZA NASCIMENTO\" \/>\n<meta name=\"twitter:card\" content=\"summary_large_image\" \/>\n<meta name=\"twitter:label1\" content=\"Escrito por\" \/>\n\t<meta name=\"twitter:data1\" content=\"LUIZA NASCIMENTO\" \/>\n\t<meta name=\"twitter:label2\" content=\"Est. tempo de leitura\" \/>\n\t<meta name=\"twitter:data2\" content=\"2 minutos\" \/>\n<script type=\"application\/ld+json\" class=\"yoast-schema-graph\">{\"@context\":\"https:\/\/schema.org\",\"@graph\":[{\"@type\":\"Article\",\"@id\":\"https:\/\/bahiaeconomica.com.br\/wp\/2024\/10\/02\/bares-e-restaurantes-foram-o-segundo-setor-que-mais-criou-empregos-formais-no-mes-de-agosto\/#article\",\"isPartOf\":{\"@id\":\"https:\/\/bahiaeconomica.com.br\/wp\/2024\/10\/02\/bares-e-restaurantes-foram-o-segundo-setor-que-mais-criou-empregos-formais-no-mes-de-agosto\/\"},\"author\":{\"name\":\"LUIZA NASCIMENTO\",\"@id\":\"https:\/\/bahiaeconomica.com.br\/wp\/#\/schema\/person\/18273ac0fe04bfd4e7b101bf17d40152\"},\"headline\":\"BARES E RESTAURANTES \u00c9 SEGUNDO SETOR QUE MAIS CRIOU EMPREGOS FORMAIS NO M\u00caS DE AGOSTO\",\"datePublished\":\"2024-10-02T21:59:14+00:00\",\"dateModified\":\"2024-10-02T19:37:44+00:00\",\"mainEntityOfPage\":{\"@id\":\"https:\/\/bahiaeconomica.com.br\/wp\/2024\/10\/02\/bares-e-restaurantes-foram-o-segundo-setor-que-mais-criou-empregos-formais-no-mes-de-agosto\/\"},\"wordCount\":391,\"publisher\":{\"@id\":\"https:\/\/bahiaeconomica.com.br\/wp\/#organization\"},\"keywords\":[\"Bares e restaurantes\",\"caged\",\"Economia\"],\"articleSection\":[\"DESTAQUE DO DIA\",\"ECONOMIA \/ POL\u00cdTICA\"],\"inLanguage\":\"pt-BR\"},{\"@type\":\"WebPage\",\"@id\":\"https:\/\/bahiaeconomica.com.br\/wp\/2024\/10\/02\/bares-e-restaurantes-foram-o-segundo-setor-que-mais-criou-empregos-formais-no-mes-de-agosto\/\",\"url\":\"https:\/\/bahiaeconomica.com.br\/wp\/2024\/10\/02\/bares-e-restaurantes-foram-o-segundo-setor-que-mais-criou-empregos-formais-no-mes-de-agosto\/\",\"name\":\"BARES E RESTAURANTES \u00c9 SEGUNDO SETOR QUE MAIS CRIOU EMPREGOS FORMAIS NO M\u00caS DE AGOSTO - Bahia Economica\",\"isPartOf\":{\"@id\":\"https:\/\/bahiaeconomica.com.br\/wp\/#website\"},\"datePublished\":\"2024-10-02T21:59:14+00:00\",\"dateModified\":\"2024-10-02T19:37:44+00:00\",\"description\":\"O maior portal de Economia da Bahia DESTAQUE DO DIA, ECONOMIA \/ POL\u00cdTICA Bahia Economica\",\"breadcrumb\":{\"@id\":\"https:\/\/bahiaeconomica.com.br\/wp\/2024\/10\/02\/bares-e-restaurantes-foram-o-segundo-setor-que-mais-criou-empregos-formais-no-mes-de-agosto\/#breadcrumb\"},\"inLanguage\":\"pt-BR\",\"potentialAction\":[{\"@type\":\"ReadAction\",\"target\":[\"https:\/\/bahiaeconomica.com.br\/wp\/2024\/10\/02\/bares-e-restaurantes-foram-o-segundo-setor-que-mais-criou-empregos-formais-no-mes-de-agosto\/\"]}]},{\"@type\":\"BreadcrumbList\",\"@id\":\"https:\/\/bahiaeconomica.com.br\/wp\/2024\/10\/02\/bares-e-restaurantes-foram-o-segundo-setor-que-mais-criou-empregos-formais-no-mes-de-agosto\/#breadcrumb\",\"itemListElement\":[{\"@type\":\"ListItem\",\"position\":1,\"name\":\"In\u00edcio\",\"item\":\"https:\/\/bahiaeconomica.com.br\/wp\/\"},{\"@type\":\"ListItem\",\"position\":2,\"name\":\"BARES E RESTAURANTES \u00c9 SEGUNDO SETOR QUE MAIS CRIOU EMPREGOS FORMAIS NO M\u00caS DE AGOSTO\"}]},{\"@type\":\"WebSite\",\"@id\":\"https:\/\/bahiaeconomica.com.br\/wp\/#website\",\"url\":\"https:\/\/bahiaeconomica.com.br\/wp\/\",\"name\":\"Bahia Economica\",\"description\":\"O maior portal de Economia da Bahia\",\"publisher\":{\"@id\":\"https:\/\/bahiaeconomica.com.br\/wp\/#organization\"},\"potentialAction\":[{\"@type\":\"SearchAction\",\"target\":{\"@type\":\"EntryPoint\",\"urlTemplate\":\"https:\/\/bahiaeconomica.com.br\/wp\/?s={search_term_string}\"},\"query-input\":\"required name=search_term_string\"}],\"inLanguage\":\"pt-BR\"},{\"@type\":\"Organization\",\"@id\":\"https:\/\/bahiaeconomica.com.br\/wp\/#organization\",\"name\":\"Bahia Econ\u00f4mica\",\"url\":\"https:\/\/bahiaeconomica.com.br\/wp\/\",\"logo\":{\"@type\":\"ImageObject\",\"inLanguage\":\"pt-BR\",\"@id\":\"https:\/\/bahiaeconomica.com.br\/wp\/#\/schema\/logo\/image\/\",\"url\":\"https:\/\/bahiaeconomica.com.br\/wp\/wp-content\/uploads\/2020\/12\/cropped-BE.png\",\"contentUrl\":\"https:\/\/bahiaeconomica.com.br\/wp\/wp-content\/uploads\/2020\/12\/cropped-BE.png\",\"width\":512,\"height\":512,\"caption\":\"Bahia Econ\u00f4mica\"},\"image\":{\"@id\":\"https:\/\/bahiaeconomica.com.br\/wp\/#\/schema\/logo\/image\/\"},\"sameAs\":[\"https:\/\/www.facebook.com\/bahiaeconomica\"]},{\"@type\":\"Person\",\"@id\":\"https:\/\/bahiaeconomica.com.br\/wp\/#\/schema\/person\/18273ac0fe04bfd4e7b101bf17d40152\",\"name\":\"LUIZA NASCIMENTO\",\"sameAs\":[\"http:\/\/www.bahiaeconomica.com.br\"],\"url\":\"https:\/\/bahiaeconomica.com.br\/wp\/author\/luiza-nascimento\/\"}]}<\/script>\n<!-- \/ Yoast SEO plugin. -->","yoast_head_json":{"title":"BARES E RESTAURANTES \u00c9 SEGUNDO SETOR QUE MAIS CRIOU EMPREGOS FORMAIS NO M\u00caS DE AGOSTO - Bahia Economica","description":"O maior portal de Economia da Bahia DESTAQUE DO DIA, ECONOMIA \/ POL\u00cdTICA Bahia Economica","robots":{"index":"index","follow":"follow","max-snippet":"max-snippet:-1","max-image-preview":"max-image-preview:large","max-video-preview":"max-video-preview:-1"},"canonical":"https:\/\/bahiaeconomica.com.br\/wp\/2024\/10\/02\/bares-e-restaurantes-foram-o-segundo-setor-que-mais-criou-empregos-formais-no-mes-de-agosto\/","og_locale":"pt_BR","og_type":"article","og_title":"BARES E RESTAURANTES \u00c9 SEGUNDO SETOR QUE MAIS CRIOU EMPREGOS FORMAIS NO M\u00caS DE AGOSTO - Bahia Economica","og_description":"O maior portal de Economia da Bahia DESTAQUE DO DIA, ECONOMIA \/ POL\u00cdTICA Bahia Economica","og_url":"https:\/\/bahiaeconomica.com.br\/wp\/2024\/10\/02\/bares-e-restaurantes-foram-o-segundo-setor-que-mais-criou-empregos-formais-no-mes-de-agosto\/","og_site_name":"Bahia Economica","article_publisher":"https:\/\/www.facebook.com\/bahiaeconomica","article_published_time":"2024-10-02T21:59:14+00:00","article_modified_time":"2024-10-02T19:37:44+00:00","og_image":[{"width":626,"height":394,"url":"https:\/\/bahiaeconomica.com.br\/wp\/wp-content\/uploads\/2024\/10\/WhatsApp-Image-2024-10-02-at-15.53.51.jpeg","type":"image\/jpeg"}],"author":"LUIZA NASCIMENTO","twitter_card":"summary_large_image","twitter_misc":{"Escrito por":"LUIZA NASCIMENTO","Est. tempo de leitura":"2 minutos"},"schema":{"@context":"https:\/\/schema.org","@graph":[{"@type":"Article","@id":"https:\/\/bahiaeconomica.com.br\/wp\/2024\/10\/02\/bares-e-restaurantes-foram-o-segundo-setor-que-mais-criou-empregos-formais-no-mes-de-agosto\/#article","isPartOf":{"@id":"https:\/\/bahiaeconomica.com.br\/wp\/2024\/10\/02\/bares-e-restaurantes-foram-o-segundo-setor-que-mais-criou-empregos-formais-no-mes-de-agosto\/"},"author":{"name":"LUIZA NASCIMENTO","@id":"https:\/\/bahiaeconomica.com.br\/wp\/#\/schema\/person\/18273ac0fe04bfd4e7b101bf17d40152"},"headline":"BARES E RESTAURANTES \u00c9 SEGUNDO SETOR QUE MAIS CRIOU EMPREGOS FORMAIS NO M\u00caS DE AGOSTO","datePublished":"2024-10-02T21:59:14+00:00","dateModified":"2024-10-02T19:37:44+00:00","mainEntityOfPage":{"@id":"https:\/\/bahiaeconomica.com.br\/wp\/2024\/10\/02\/bares-e-restaurantes-foram-o-segundo-setor-que-mais-criou-empregos-formais-no-mes-de-agosto\/"},"wordCount":391,"publisher":{"@id":"https:\/\/bahiaeconomica.com.br\/wp\/#organization"},"keywords":["Bares e restaurantes","caged","Economia"],"articleSection":["DESTAQUE DO DIA","ECONOMIA \/ POL\u00cdTICA"],"inLanguage":"pt-BR"},{"@type":"WebPage","@id":"https:\/\/bahiaeconomica.com.br\/wp\/2024\/10\/02\/bares-e-restaurantes-foram-o-segundo-setor-que-mais-criou-empregos-formais-no-mes-de-agosto\/","url":"https:\/\/bahiaeconomica.com.br\/wp\/2024\/10\/02\/bares-e-restaurantes-foram-o-segundo-setor-que-mais-criou-empregos-formais-no-mes-de-agosto\/","name":"BARES E RESTAURANTES \u00c9 SEGUNDO SETOR QUE MAIS CRIOU EMPREGOS FORMAIS NO M\u00caS DE AGOSTO - Bahia Economica","isPartOf":{"@id":"https:\/\/bahiaeconomica.com.br\/wp\/#website"},"datePublished":"2024-10-02T21:59:14+00:00","dateModified":"2024-10-02T19:37:44+00:00","description":"O maior portal de Economia da Bahia DESTAQUE DO DIA, ECONOMIA \/ POL\u00cdTICA Bahia Economica","breadcrumb":{"@id":"https:\/\/bahiaeconomica.com.br\/wp\/2024\/10\/02\/bares-e-restaurantes-foram-o-segundo-setor-que-mais-criou-empregos-formais-no-mes-de-agosto\/#breadcrumb"},"inLanguage":"pt-BR","potentialAction":[{"@type":"ReadAction","target":["https:\/\/bahiaeconomica.com.br\/wp\/2024\/10\/02\/bares-e-restaurantes-foram-o-segundo-setor-que-mais-criou-empregos-formais-no-mes-de-agosto\/"]}]},{"@type":"BreadcrumbList","@id":"https:\/\/bahiaeconomica.com.br\/wp\/2024\/10\/02\/bares-e-restaurantes-foram-o-segundo-setor-que-mais-criou-empregos-formais-no-mes-de-agosto\/#breadcrumb","itemListElement":[{"@type":"ListItem","position":1,"name":"In\u00edcio","item":"https:\/\/bahiaeconomica.com.br\/wp\/"},{"@type":"ListItem","position":2,"name":"BARES E RESTAURANTES \u00c9 SEGUNDO SETOR QUE MAIS CRIOU EMPREGOS FORMAIS NO M\u00caS DE AGOSTO"}]},{"@type":"WebSite","@id":"https:\/\/bahiaeconomica.com.br\/wp\/#website","url":"https:\/\/bahiaeconomica.com.br\/wp\/","name":"Bahia Economica","description":"O maior portal de Economia da Bahia","publisher":{"@id":"https:\/\/bahiaeconomica.com.br\/wp\/#organization"},"potentialAction":[{"@type":"SearchAction","target":{"@type":"EntryPoint","urlTemplate":"https:\/\/bahiaeconomica.com.br\/wp\/?s={search_term_string}"},"query-input":"required name=search_term_string"}],"inLanguage":"pt-BR"},{"@type":"Organization","@id":"https:\/\/bahiaeconomica.com.br\/wp\/#organization","name":"Bahia Econ\u00f4mica","url":"https:\/\/bahiaeconomica.com.br\/wp\/","logo":{"@type":"ImageObject","inLanguage":"pt-BR","@id":"https:\/\/bahiaeconomica.com.br\/wp\/#\/schema\/logo\/image\/","url":"https:\/\/bahiaeconomica.com.br\/wp\/wp-content\/uploads\/2020\/12\/cropped-BE.png","contentUrl":"https:\/\/bahiaeconomica.com.br\/wp\/wp-content\/uploads\/2020\/12\/cropped-BE.png","width":512,"height":512,"caption":"Bahia Econ\u00f4mica"},"image":{"@id":"https:\/\/bahiaeconomica.com.br\/wp\/#\/schema\/logo\/image\/"},"sameAs":["https:\/\/www.facebook.com\/bahiaeconomica"]},{"@type":"Person","@id":"https:\/\/bahiaeconomica.com.br\/wp\/#\/schema\/person\/18273ac0fe04bfd4e7b101bf17d40152","name":"LUIZA NASCIMENTO","sameAs":["http:\/\/www.bahiaeconomica.com.br"],"url":"https:\/\/bahiaeconomica.com.br\/wp\/author\/luiza-nascimento\/"}]}},"views":13,"_links":{"self":[{"href":"https:\/\/bahiaeconomica.com.br\/wp\/wp-json\/wp\/v2\/posts\/849227"}],"collection":[{"href":"https:\/\/bahiaeconomica.com.br\/wp\/wp-json\/wp\/v2\/posts"}],"about":[{"href":"https:\/\/bahiaeconomica.com.br\/wp\/wp-json\/wp\/v2\/types\/post"}],"author":[{"embeddable":true,"href":"https:\/\/bahiaeconomica.com.br\/wp\/wp-json\/wp\/v2\/users\/16"}],"replies":[{"embeddable":true,"href":"https:\/\/bahiaeconomica.com.br\/wp\/wp-json\/wp\/v2\/comments?post=849227"}],"version-history":[{"count":2,"href":"https:\/\/bahiaeconomica.com.br\/wp\/wp-json\/wp\/v2\/posts\/849227\/revisions"}],"predecessor-version":[{"id":849240,"href":"https:\/\/bahiaeconomica.com.br\/wp\/wp-json\/wp\/v2\/posts\/849227\/revisions\/849240"}],"wp:featuredmedia":[{"embeddable":true,"href":"https:\/\/bahiaeconomica.com.br\/wp\/wp-json\/wp\/v2\/media\/849236"}],"wp:attachment":[{"href":"https:\/\/bahiaeconomica.com.br\/wp\/wp-json\/wp\/v2\/media?parent=849227"}],"wp:term":[{"taxonomy":"category","embeddable":true,"href":"https:\/\/bahiaeconomica.com.br\/wp\/wp-json\/wp\/v2\/categories?post=849227"},{"taxonomy":"post_tag","embeddable":true,"href":"https:\/\/bahiaeconomica.com.br\/wp\/wp-json\/wp\/v2\/tags?post=849227"}],"curies":[{"name":"wp","href":"https:\/\/api.w.org\/{rel}","templated":true}]}}