{"id":847723,"date":"2024-09-26T10:20:08","date_gmt":"2024-09-26T13:20:08","guid":{"rendered":"https:\/\/bahiaeconomica.com.br\/wp\/?p=847723"},"modified":"2024-09-26T10:16:32","modified_gmt":"2024-09-26T13:16:32","slug":"livro-sobre-terapias-regenerativas-com-celulas-tronco-e-lancado-em-salvador","status":"publish","type":"post","link":"https:\/\/bahiaeconomica.com.br\/wp\/2024\/09\/26\/livro-sobre-terapias-regenerativas-com-celulas-tronco-e-lancado-em-salvador\/","title":{"rendered":"LIVRO SOBRE TERAPIAS REGENERATIVAS COM C\u00c9LULAS-TRONCO \u00c9 LAN\u00c7ADO EM SALVADOR"},"content":{"rendered":"<p>O livro \u2018Regenera\u00e7\u00e3o das C\u00e9lulas-tronco: Reativa\u00e7\u00e3o neuromuscular, neuroesquel\u00e9tica e neuromotora\u2019, de autoria do psicanalista Jorge Guedes, considerado na Europa como \u2018o pai das terapias regenerativas das c\u00e9lulas-tronco\u2019, ser\u00e1 lan\u00e7ado em Salvador, no s\u00e1bado (28), \u00e0s 18h, na Livraria Leitura, do Salvador Shopping. O especialista explica que a obra desvenda os \u201cmist\u00e9rios\u201d envoltos na terapia integrativa com c\u00e9lulas-tronco.<\/p>\n<p>\u201cEste livro \u00e9 uma obra indispens\u00e1vel para todos aqueles fascinados pelo potencial transformador das terapias regenerativas das c\u00e9lulas-tronco. O leitor \u00e9 convidado a explorar o campo extraordin\u00e1rio da regenera\u00e7\u00e3o celular e tratar les\u00f5es que podem estar afetando o Sistema Nervoso Central (SNC) ao Sistema Nervoso Perif\u00e9rico (SNP). A obra faz isso com uma linguagem acess\u00edvel, por\u00e9m, sem perder a profundidade t\u00e9cnica, desvendando o que antes era considerado pelo p\u00fablico em geral um mist\u00e9rio\u201d, ressalta o autor.<\/p>\n<p>Na obra, o especialista descreve diversas patologias que podem ser tratadas, a exemplo de poss\u00edveis transtornos mentais e algumas enfermidades f\u00edsicas instaladas como sequelas. Jorge Guedes, pioneiro nos estudos e tratamentos na \u00e1rea da Terapia Bio Celular In Vivo, tem atua\u00e7\u00e3o em Salvador e em pa\u00edses como Portugal, Alemanha, Fran\u00e7a, Israel e R\u00fassia.<\/p>\n<p>\u201cAs c\u00e9lulas-tronco t\u00eam o potencial de regenerar danos provocados por les\u00f5es de v\u00e1rias origens, que atingem o corpo f\u00edsico, refletem no fator psicol\u00f3gico e intensificam os transtornos mentais. O equil\u00edbrio na produ\u00e7\u00e3o dos l\u00edquidos neuroqu\u00edmicos, pelas terapias regenerativas, permite o tratamento da ansiedade generalizada, s\u00edndrome do p\u00e2nico, depress\u00f5es, debilidade f\u00edsica persistente\u201d, refor\u00e7a.<\/p>\n<p>Ga\u00facho, de 65 anos, o autor do livro \u00e9 psicanalista, psicoterapeuta, neuropsic\u00f3logo, homeopata naturalista, te\u00f3logo e fil\u00f3sofo. Tem o t\u00edtulo de doutor honoris causa em neuropsicologia, neuroci\u00eancia, psican\u00e1lise e psicoterapia, \u00e9 psic\u00f3logo forense e terapeuta ocupacional com certifica\u00e7\u00f5es de organismos nacionais e internacionais.<\/p>\n","protected":false},"excerpt":{"rendered":"<p>O livro \u2018Regenera\u00e7\u00e3o das C\u00e9lulas-tronco: Reativa\u00e7\u00e3o neuromuscular, neuroesquel\u00e9tica e neuromotora\u2019, de autoria do psicanalista Jorge Guedes, considerado na Europa como \u2018o pai das terapias regenerativas das c\u00e9lulas-tronco\u2019, ser\u00e1 lan\u00e7ado em Salvador, no s\u00e1bado (28), \u00e0s 18h, na Livraria Leitura, do Salvador Shopping. O especialista explica que a obra desvenda os \u201cmist\u00e9rios\u201d envoltos na terapia integrativa [&hellip;]<\/p>\n","protected":false},"author":8,"featured_media":847724,"comment_status":"closed","ping_status":"closed","sticky":false,"template":"","format":"standard","meta":[],"categories":[689],"tags":[52,933,100],"acf":[],"yoast_head":"<!-- This site is optimized with the Yoast SEO plugin v20.8 - https:\/\/yoast.com\/wordpress\/plugins\/seo\/ -->\n<title>LIVRO SOBRE TERAPIAS REGENERATIVAS COM C\u00c9LULAS-TRONCO \u00c9 LAN\u00c7ADO EM SALVADOR - Bahia Economica<\/title>\n<meta name=\"description\" content=\"O maior portal de Economia da Bahia CULTURA E ARTE Bahia Economica O livro \u2018Regenera\u00e7\u00e3o das C\u00e9lulas-tronco: Reativa\u00e7\u00e3o neuromuscular\" \/>\n<meta name=\"robots\" content=\"index, follow, max-snippet:-1, max-image-preview:large, max-video-preview:-1\" \/>\n<link rel=\"canonical\" href=\"https:\/\/bahiaeconomica.com.br\/wp\/2024\/09\/26\/livro-sobre-terapias-regenerativas-com-celulas-tronco-e-lancado-em-salvador\/\" \/>\n<meta property=\"og:locale\" content=\"pt_BR\" \/>\n<meta property=\"og:type\" content=\"article\" \/>\n<meta property=\"og:title\" content=\"LIVRO SOBRE TERAPIAS REGENERATIVAS COM C\u00c9LULAS-TRONCO \u00c9 LAN\u00c7ADO EM SALVADOR - Bahia Economica\" \/>\n<meta property=\"og:description\" content=\"O maior portal de Economia da Bahia CULTURA E ARTE Bahia Economica O livro \u2018Regenera\u00e7\u00e3o das C\u00e9lulas-tronco: Reativa\u00e7\u00e3o neuromuscular\" \/>\n<meta property=\"og:url\" content=\"https:\/\/bahiaeconomica.com.br\/wp\/2024\/09\/26\/livro-sobre-terapias-regenerativas-com-celulas-tronco-e-lancado-em-salvador\/\" \/>\n<meta property=\"og:site_name\" content=\"Bahia Economica\" \/>\n<meta property=\"article:publisher\" content=\"https:\/\/www.facebook.com\/bahiaeconomica\" \/>\n<meta property=\"article:published_time\" content=\"2024-09-26T13:20:08+00:00\" \/>\n<meta property=\"article:modified_time\" content=\"2024-09-26T13:16:32+00:00\" \/>\n<meta property=\"og:image\" content=\"https:\/\/bahiaeconomica.com.br\/wp\/wp-content\/uploads\/2024\/09\/WhatsApp-Image-2024-09-25-at-16.50.46.jpeg\" \/>\n\t<meta property=\"og:image:width\" content=\"1180\" \/>\n\t<meta property=\"og:image:height\" content=\"1110\" \/>\n\t<meta property=\"og:image:type\" content=\"image\/jpeg\" \/>\n<meta name=\"author\" content=\"JP\" \/>\n<meta name=\"twitter:card\" content=\"summary_large_image\" \/>\n<meta name=\"twitter:label1\" content=\"Escrito por\" \/>\n\t<meta name=\"twitter:data1\" content=\"JP\" \/>\n\t<meta name=\"twitter:label2\" content=\"Est. tempo de leitura\" \/>\n\t<meta name=\"twitter:data2\" content=\"2 minutos\" \/>\n<script type=\"application\/ld+json\" class=\"yoast-schema-graph\">{\"@context\":\"https:\/\/schema.org\",\"@graph\":[{\"@type\":\"Article\",\"@id\":\"https:\/\/bahiaeconomica.com.br\/wp\/2024\/09\/26\/livro-sobre-terapias-regenerativas-com-celulas-tronco-e-lancado-em-salvador\/#article\",\"isPartOf\":{\"@id\":\"https:\/\/bahiaeconomica.com.br\/wp\/2024\/09\/26\/livro-sobre-terapias-regenerativas-com-celulas-tronco-e-lancado-em-salvador\/\"},\"author\":{\"name\":\"JP\",\"@id\":\"https:\/\/bahiaeconomica.com.br\/wp\/#\/schema\/person\/c86d3a3f8960425a0f9d0e5245991f4e\"},\"headline\":\"LIVRO SOBRE TERAPIAS REGENERATIVAS COM C\u00c9LULAS-TRONCO \u00c9 LAN\u00c7ADO EM SALVADOR\",\"datePublished\":\"2024-09-26T13:20:08+00:00\",\"dateModified\":\"2024-09-26T13:16:32+00:00\",\"mainEntityOfPage\":{\"@id\":\"https:\/\/bahiaeconomica.com.br\/wp\/2024\/09\/26\/livro-sobre-terapias-regenerativas-com-celulas-tronco-e-lancado-em-salvador\/\"},\"wordCount\":336,\"publisher\":{\"@id\":\"https:\/\/bahiaeconomica.com.br\/wp\/#organization\"},\"keywords\":[\"Brasil\",\"cultura\",\"Pol\u00edtica\"],\"articleSection\":[\"CULTURA E ARTE\"],\"inLanguage\":\"pt-BR\"},{\"@type\":\"WebPage\",\"@id\":\"https:\/\/bahiaeconomica.com.br\/wp\/2024\/09\/26\/livro-sobre-terapias-regenerativas-com-celulas-tronco-e-lancado-em-salvador\/\",\"url\":\"https:\/\/bahiaeconomica.com.br\/wp\/2024\/09\/26\/livro-sobre-terapias-regenerativas-com-celulas-tronco-e-lancado-em-salvador\/\",\"name\":\"LIVRO SOBRE TERAPIAS REGENERATIVAS COM C\u00c9LULAS-TRONCO \u00c9 LAN\u00c7ADO EM SALVADOR - Bahia Economica\",\"isPartOf\":{\"@id\":\"https:\/\/bahiaeconomica.com.br\/wp\/#website\"},\"datePublished\":\"2024-09-26T13:20:08+00:00\",\"dateModified\":\"2024-09-26T13:16:32+00:00\",\"description\":\"O maior portal de Economia da Bahia CULTURA E ARTE Bahia Economica O livro \u2018Regenera\u00e7\u00e3o das C\u00e9lulas-tronco: Reativa\u00e7\u00e3o neuromuscular\",\"breadcrumb\":{\"@id\":\"https:\/\/bahiaeconomica.com.br\/wp\/2024\/09\/26\/livro-sobre-terapias-regenerativas-com-celulas-tronco-e-lancado-em-salvador\/#breadcrumb\"},\"inLanguage\":\"pt-BR\",\"potentialAction\":[{\"@type\":\"ReadAction\",\"target\":[\"https:\/\/bahiaeconomica.com.br\/wp\/2024\/09\/26\/livro-sobre-terapias-regenerativas-com-celulas-tronco-e-lancado-em-salvador\/\"]}]},{\"@type\":\"BreadcrumbList\",\"@id\":\"https:\/\/bahiaeconomica.com.br\/wp\/2024\/09\/26\/livro-sobre-terapias-regenerativas-com-celulas-tronco-e-lancado-em-salvador\/#breadcrumb\",\"itemListElement\":[{\"@type\":\"ListItem\",\"position\":1,\"name\":\"In\u00edcio\",\"item\":\"https:\/\/bahiaeconomica.com.br\/wp\/\"},{\"@type\":\"ListItem\",\"position\":2,\"name\":\"LIVRO SOBRE TERAPIAS REGENERATIVAS COM C\u00c9LULAS-TRONCO \u00c9 LAN\u00c7ADO EM SALVADOR\"}]},{\"@type\":\"WebSite\",\"@id\":\"https:\/\/bahiaeconomica.com.br\/wp\/#website\",\"url\":\"https:\/\/bahiaeconomica.com.br\/wp\/\",\"name\":\"Bahia Economica\",\"description\":\"O maior portal de Economia da Bahia\",\"publisher\":{\"@id\":\"https:\/\/bahiaeconomica.com.br\/wp\/#organization\"},\"potentialAction\":[{\"@type\":\"SearchAction\",\"target\":{\"@type\":\"EntryPoint\",\"urlTemplate\":\"https:\/\/bahiaeconomica.com.br\/wp\/?s={search_term_string}\"},\"query-input\":\"required name=search_term_string\"}],\"inLanguage\":\"pt-BR\"},{\"@type\":\"Organization\",\"@id\":\"https:\/\/bahiaeconomica.com.br\/wp\/#organization\",\"name\":\"Bahia Econ\u00f4mica\",\"url\":\"https:\/\/bahiaeconomica.com.br\/wp\/\",\"logo\":{\"@type\":\"ImageObject\",\"inLanguage\":\"pt-BR\",\"@id\":\"https:\/\/bahiaeconomica.com.br\/wp\/#\/schema\/logo\/image\/\",\"url\":\"https:\/\/bahiaeconomica.com.br\/wp\/wp-content\/uploads\/2020\/12\/cropped-BE.png\",\"contentUrl\":\"https:\/\/bahiaeconomica.com.br\/wp\/wp-content\/uploads\/2020\/12\/cropped-BE.png\",\"width\":512,\"height\":512,\"caption\":\"Bahia Econ\u00f4mica\"},\"image\":{\"@id\":\"https:\/\/bahiaeconomica.com.br\/wp\/#\/schema\/logo\/image\/\"},\"sameAs\":[\"https:\/\/www.facebook.com\/bahiaeconomica\"]},{\"@type\":\"Person\",\"@id\":\"https:\/\/bahiaeconomica.com.br\/wp\/#\/schema\/person\/c86d3a3f8960425a0f9d0e5245991f4e\",\"name\":\"JP\",\"sameAs\":[\"https:\/\/bahiaeconomica.com.br\/wp\/beta\/\"],\"url\":\"https:\/\/bahiaeconomica.com.br\/wp\/author\/jp\/\"}]}<\/script>\n<!-- \/ Yoast SEO plugin. -->","yoast_head_json":{"title":"LIVRO SOBRE TERAPIAS REGENERATIVAS COM C\u00c9LULAS-TRONCO \u00c9 LAN\u00c7ADO EM SALVADOR - Bahia Economica","description":"O maior portal de Economia da Bahia CULTURA E ARTE Bahia Economica O livro \u2018Regenera\u00e7\u00e3o das C\u00e9lulas-tronco: Reativa\u00e7\u00e3o neuromuscular","robots":{"index":"index","follow":"follow","max-snippet":"max-snippet:-1","max-image-preview":"max-image-preview:large","max-video-preview":"max-video-preview:-1"},"canonical":"https:\/\/bahiaeconomica.com.br\/wp\/2024\/09\/26\/livro-sobre-terapias-regenerativas-com-celulas-tronco-e-lancado-em-salvador\/","og_locale":"pt_BR","og_type":"article","og_title":"LIVRO SOBRE TERAPIAS REGENERATIVAS COM C\u00c9LULAS-TRONCO \u00c9 LAN\u00c7ADO EM SALVADOR - Bahia Economica","og_description":"O maior portal de Economia da Bahia CULTURA E ARTE Bahia Economica O livro \u2018Regenera\u00e7\u00e3o das C\u00e9lulas-tronco: Reativa\u00e7\u00e3o neuromuscular","og_url":"https:\/\/bahiaeconomica.com.br\/wp\/2024\/09\/26\/livro-sobre-terapias-regenerativas-com-celulas-tronco-e-lancado-em-salvador\/","og_site_name":"Bahia Economica","article_publisher":"https:\/\/www.facebook.com\/bahiaeconomica","article_published_time":"2024-09-26T13:20:08+00:00","article_modified_time":"2024-09-26T13:16:32+00:00","og_image":[{"width":1180,"height":1110,"url":"https:\/\/bahiaeconomica.com.br\/wp\/wp-content\/uploads\/2024\/09\/WhatsApp-Image-2024-09-25-at-16.50.46.jpeg","type":"image\/jpeg"}],"author":"JP","twitter_card":"summary_large_image","twitter_misc":{"Escrito por":"JP","Est. tempo de leitura":"2 minutos"},"schema":{"@context":"https:\/\/schema.org","@graph":[{"@type":"Article","@id":"https:\/\/bahiaeconomica.com.br\/wp\/2024\/09\/26\/livro-sobre-terapias-regenerativas-com-celulas-tronco-e-lancado-em-salvador\/#article","isPartOf":{"@id":"https:\/\/bahiaeconomica.com.br\/wp\/2024\/09\/26\/livro-sobre-terapias-regenerativas-com-celulas-tronco-e-lancado-em-salvador\/"},"author":{"name":"JP","@id":"https:\/\/bahiaeconomica.com.br\/wp\/#\/schema\/person\/c86d3a3f8960425a0f9d0e5245991f4e"},"headline":"LIVRO SOBRE TERAPIAS REGENERATIVAS COM C\u00c9LULAS-TRONCO \u00c9 LAN\u00c7ADO EM SALVADOR","datePublished":"2024-09-26T13:20:08+00:00","dateModified":"2024-09-26T13:16:32+00:00","mainEntityOfPage":{"@id":"https:\/\/bahiaeconomica.com.br\/wp\/2024\/09\/26\/livro-sobre-terapias-regenerativas-com-celulas-tronco-e-lancado-em-salvador\/"},"wordCount":336,"publisher":{"@id":"https:\/\/bahiaeconomica.com.br\/wp\/#organization"},"keywords":["Brasil","cultura","Pol\u00edtica"],"articleSection":["CULTURA E ARTE"],"inLanguage":"pt-BR"},{"@type":"WebPage","@id":"https:\/\/bahiaeconomica.com.br\/wp\/2024\/09\/26\/livro-sobre-terapias-regenerativas-com-celulas-tronco-e-lancado-em-salvador\/","url":"https:\/\/bahiaeconomica.com.br\/wp\/2024\/09\/26\/livro-sobre-terapias-regenerativas-com-celulas-tronco-e-lancado-em-salvador\/","name":"LIVRO SOBRE TERAPIAS REGENERATIVAS COM C\u00c9LULAS-TRONCO \u00c9 LAN\u00c7ADO EM SALVADOR - Bahia Economica","isPartOf":{"@id":"https:\/\/bahiaeconomica.com.br\/wp\/#website"},"datePublished":"2024-09-26T13:20:08+00:00","dateModified":"2024-09-26T13:16:32+00:00","description":"O maior portal de Economia da Bahia CULTURA E ARTE Bahia Economica O livro \u2018Regenera\u00e7\u00e3o das C\u00e9lulas-tronco: Reativa\u00e7\u00e3o neuromuscular","breadcrumb":{"@id":"https:\/\/bahiaeconomica.com.br\/wp\/2024\/09\/26\/livro-sobre-terapias-regenerativas-com-celulas-tronco-e-lancado-em-salvador\/#breadcrumb"},"inLanguage":"pt-BR","potentialAction":[{"@type":"ReadAction","target":["https:\/\/bahiaeconomica.com.br\/wp\/2024\/09\/26\/livro-sobre-terapias-regenerativas-com-celulas-tronco-e-lancado-em-salvador\/"]}]},{"@type":"BreadcrumbList","@id":"https:\/\/bahiaeconomica.com.br\/wp\/2024\/09\/26\/livro-sobre-terapias-regenerativas-com-celulas-tronco-e-lancado-em-salvador\/#breadcrumb","itemListElement":[{"@type":"ListItem","position":1,"name":"In\u00edcio","item":"https:\/\/bahiaeconomica.com.br\/wp\/"},{"@type":"ListItem","position":2,"name":"LIVRO SOBRE TERAPIAS REGENERATIVAS COM C\u00c9LULAS-TRONCO \u00c9 LAN\u00c7ADO EM SALVADOR"}]},{"@type":"WebSite","@id":"https:\/\/bahiaeconomica.com.br\/wp\/#website","url":"https:\/\/bahiaeconomica.com.br\/wp\/","name":"Bahia Economica","description":"O maior portal de Economia da Bahia","publisher":{"@id":"https:\/\/bahiaeconomica.com.br\/wp\/#organization"},"potentialAction":[{"@type":"SearchAction","target":{"@type":"EntryPoint","urlTemplate":"https:\/\/bahiaeconomica.com.br\/wp\/?s={search_term_string}"},"query-input":"required name=search_term_string"}],"inLanguage":"pt-BR"},{"@type":"Organization","@id":"https:\/\/bahiaeconomica.com.br\/wp\/#organization","name":"Bahia Econ\u00f4mica","url":"https:\/\/bahiaeconomica.com.br\/wp\/","logo":{"@type":"ImageObject","inLanguage":"pt-BR","@id":"https:\/\/bahiaeconomica.com.br\/wp\/#\/schema\/logo\/image\/","url":"https:\/\/bahiaeconomica.com.br\/wp\/wp-content\/uploads\/2020\/12\/cropped-BE.png","contentUrl":"https:\/\/bahiaeconomica.com.br\/wp\/wp-content\/uploads\/2020\/12\/cropped-BE.png","width":512,"height":512,"caption":"Bahia Econ\u00f4mica"},"image":{"@id":"https:\/\/bahiaeconomica.com.br\/wp\/#\/schema\/logo\/image\/"},"sameAs":["https:\/\/www.facebook.com\/bahiaeconomica"]},{"@type":"Person","@id":"https:\/\/bahiaeconomica.com.br\/wp\/#\/schema\/person\/c86d3a3f8960425a0f9d0e5245991f4e","name":"JP","sameAs":["https:\/\/bahiaeconomica.com.br\/wp\/beta\/"],"url":"https:\/\/bahiaeconomica.com.br\/wp\/author\/jp\/"}]}},"views":8,"_links":{"self":[{"href":"https:\/\/bahiaeconomica.com.br\/wp\/wp-json\/wp\/v2\/posts\/847723"}],"collection":[{"href":"https:\/\/bahiaeconomica.com.br\/wp\/wp-json\/wp\/v2\/posts"}],"about":[{"href":"https:\/\/bahiaeconomica.com.br\/wp\/wp-json\/wp\/v2\/types\/post"}],"author":[{"embeddable":true,"href":"https:\/\/bahiaeconomica.com.br\/wp\/wp-json\/wp\/v2\/users\/8"}],"replies":[{"embeddable":true,"href":"https:\/\/bahiaeconomica.com.br\/wp\/wp-json\/wp\/v2\/comments?post=847723"}],"version-history":[{"count":1,"href":"https:\/\/bahiaeconomica.com.br\/wp\/wp-json\/wp\/v2\/posts\/847723\/revisions"}],"predecessor-version":[{"id":847725,"href":"https:\/\/bahiaeconomica.com.br\/wp\/wp-json\/wp\/v2\/posts\/847723\/revisions\/847725"}],"wp:featuredmedia":[{"embeddable":true,"href":"https:\/\/bahiaeconomica.com.br\/wp\/wp-json\/wp\/v2\/media\/847724"}],"wp:attachment":[{"href":"https:\/\/bahiaeconomica.com.br\/wp\/wp-json\/wp\/v2\/media?parent=847723"}],"wp:term":[{"taxonomy":"category","embeddable":true,"href":"https:\/\/bahiaeconomica.com.br\/wp\/wp-json\/wp\/v2\/categories?post=847723"},{"taxonomy":"post_tag","embeddable":true,"href":"https:\/\/bahiaeconomica.com.br\/wp\/wp-json\/wp\/v2\/tags?post=847723"}],"curies":[{"name":"wp","href":"https:\/\/api.w.org\/{rel}","templated":true}]}}