{"id":847565,"date":"2024-09-25T16:59:17","date_gmt":"2024-09-25T19:59:17","guid":{"rendered":"https:\/\/bahiaeconomica.com.br\/wp\/?p=847565"},"modified":"2024-09-25T17:19:27","modified_gmt":"2024-09-25T20:19:27","slug":"proximo-ano-tera-nove-feriados-prolongados-veja-quais","status":"publish","type":"post","link":"https:\/\/bahiaeconomica.com.br\/wp\/2024\/09\/25\/proximo-ano-tera-nove-feriados-prolongados-veja-quais\/","title":{"rendered":"PR\u00d3XIMO ANO TER\u00c1 NOVE FERIADOS PROLONGADOS; VEJA QUAIS"},"content":{"rendered":"<p>No ano de 2025, grande parte das datas comemorativas cair\u00e1 em dias \u00fateis que emendam com finais de semana. Dos 13 feriados nacionais, nove ocorrer\u00e3o em dias \u00fateis de trabalho, podendo resultar em folgas prolongadas.<\/p>\n<p>H\u00e1 tamb\u00e9m seis datas de ponto facultativo, que podem ser acordadas com os empregadores ou sindicatos para garantir o dia de folga, al\u00e9m dos feriados estaduais e municipais, que d\u00e3o direito a descanso para quem mora no local.<\/p>\n<p>Confira os feriados prolongados de 2025:<\/p>\n<p><strong>Janeiro<\/strong><\/p>\n<p>1\u00ba de janeiro (quarta-feira) \u2013 Confraterniza\u00e7\u00e3o Universal (feriado nacional)<\/p>\n<p><strong>Mar\u00e7o<\/strong><\/p>\n<p>3 de mar\u00e7o (segunda-feira) \u2013 Carnaval 2025 (ponto facultativo)<br \/>\n4 de mar\u00e7o (ter\u00e7a-feira) \u2013 Carnaval 2025 (ponto facultativo)<br \/>\n5 de mar\u00e7o (quarta-feira) \u2013 Quarta-feira de Cinzas (ponto facultativo at\u00e9 14h)<\/p>\n<p><strong>Abril<\/strong><\/p>\n<p>18 de abril (sexta-feira) \u2013 Sexta-feira Santa (feriado nacional)<br \/>\n20 de abril (domingo) \u2013 P\u00e1scoa<br \/>\n21 de abril (segunda-feira) \u2013 Tiradentes (feriado nacional)<\/p>\n<p><strong>Maio<\/strong><\/p>\n<p>1\u00ba de maio (quinta-feira) \u2013 Dia do Trabalhador (feriado nacional)<\/p>\n<p><strong>Junho<\/strong><\/p>\n<p>19 de junho (quinta-feira) \u2013 Corpus Christi 2025 (ponto facultativo)<\/p>\n<p><strong>Setembro<\/strong><\/p>\n<p>7 de setembro (domingo) \u2013 Independ\u00eancia do Brasil (feriado nacional)<\/p>\n<p><strong>Outubro<\/strong><\/p>\n<p>12 de outubro (domingo) \u2013 Nossa Senhora Aparecida (feriado nacional)<\/p>\n<p><strong>Novembro<\/strong><\/p>\n<p>2 de novembro (domingo) \u2013 Finados (feriado nacional)<br \/>\n15 de novembro (s\u00e1bado) \u2013 Proclama\u00e7\u00e3o da Rep\u00fablica (feriado nacional)<br \/>\n20 de novembro (quinta-feira) \u2013 Consci\u00eancia Negra (feriado nacional)<\/p>\n<p><strong>Dezembro<\/strong><\/p>\n<p>24 de dezembro (quarta-feira) \u2013 V\u00e9spera de Natal<br \/>\n25 de dezembro (quinta-feira) \u2013 Natal (feriado nacional)<br \/>\n31 de dezembro (ter\u00e7a-feira) \u2013 V\u00e9spera do Ano Novo 2026<\/p>\n<p>Foto: Freepik\/Reprodu\u00e7\u00e3o<\/p>\n<p>&nbsp;<\/p>\n","protected":false},"excerpt":{"rendered":"<p>No ano de 2025, grande parte das datas comemorativas cair\u00e1 em dias \u00fateis que emendam com finais de semana. Dos 13 feriados nacionais, nove ocorrer\u00e3o em dias \u00fateis de trabalho, podendo resultar em folgas prolongadas. H\u00e1 tamb\u00e9m seis datas de ponto facultativo, que podem ser acordadas com os empregadores ou sindicatos para garantir o dia [&hellip;]<\/p>\n","protected":false},"author":15,"featured_media":847566,"comment_status":"closed","ping_status":"closed","sticky":false,"template":"","format":"standard","meta":[],"categories":[14,3],"tags":[6011,33316,33315],"acf":[],"yoast_head":"<!-- This site is optimized with the Yoast SEO plugin v20.8 - https:\/\/yoast.com\/wordpress\/plugins\/seo\/ -->\n<title>PR\u00d3XIMO ANO TER\u00c1 NOVE FERIADOS PROLONGADOS; VEJA QUAIS - Bahia Economica<\/title>\n<meta name=\"description\" content=\"O maior portal de Economia da Bahia DESTAQUE DO DIA, ECONOMIA \/ POL\u00cdTICA Bahia Economica O ano de 2024 foi de poucos feriados prolongados,\" \/>\n<meta name=\"robots\" content=\"index, follow, max-snippet:-1, max-image-preview:large, max-video-preview:-1\" \/>\n<link rel=\"canonical\" href=\"https:\/\/bahiaeconomica.com.br\/wp\/2024\/09\/25\/proximo-ano-tera-nove-feriados-prolongados-veja-quais\/\" \/>\n<meta property=\"og:locale\" content=\"pt_BR\" \/>\n<meta property=\"og:type\" content=\"article\" \/>\n<meta property=\"og:title\" content=\"PR\u00d3XIMO ANO TER\u00c1 NOVE FERIADOS PROLONGADOS; VEJA QUAIS - Bahia Economica\" \/>\n<meta property=\"og:description\" content=\"O maior portal de Economia da Bahia DESTAQUE DO DIA, ECONOMIA \/ POL\u00cdTICA Bahia Economica O ano de 2024 foi de poucos feriados prolongados,\" \/>\n<meta property=\"og:url\" content=\"https:\/\/bahiaeconomica.com.br\/wp\/2024\/09\/25\/proximo-ano-tera-nove-feriados-prolongados-veja-quais\/\" \/>\n<meta property=\"og:site_name\" content=\"Bahia Economica\" \/>\n<meta property=\"article:publisher\" content=\"https:\/\/www.facebook.com\/bahiaeconomica\" \/>\n<meta property=\"article:published_time\" content=\"2024-09-25T19:59:17+00:00\" \/>\n<meta property=\"article:modified_time\" content=\"2024-09-25T20:19:27+00:00\" \/>\n<meta property=\"og:image\" content=\"https:\/\/bahiaeconomica.com.br\/wp\/wp-content\/uploads\/2024\/09\/businessman-marking-calendar-appointment.webp\" \/>\n\t<meta property=\"og:image:width\" content=\"1280\" \/>\n\t<meta property=\"og:image:height\" content=\"720\" \/>\n\t<meta property=\"og:image:type\" content=\"image\/webp\" \/>\n<meta name=\"author\" content=\"VICTORIA ISABEL\" \/>\n<meta name=\"twitter:card\" content=\"summary_large_image\" \/>\n<meta name=\"twitter:label1\" content=\"Escrito por\" \/>\n\t<meta name=\"twitter:data1\" content=\"VICTORIA ISABEL\" \/>\n\t<meta name=\"twitter:label2\" content=\"Est. tempo de leitura\" \/>\n\t<meta name=\"twitter:data2\" content=\"2 minutos\" \/>\n<script type=\"application\/ld+json\" class=\"yoast-schema-graph\">{\"@context\":\"https:\/\/schema.org\",\"@graph\":[{\"@type\":\"Article\",\"@id\":\"https:\/\/bahiaeconomica.com.br\/wp\/2024\/09\/25\/proximo-ano-tera-nove-feriados-prolongados-veja-quais\/#article\",\"isPartOf\":{\"@id\":\"https:\/\/bahiaeconomica.com.br\/wp\/2024\/09\/25\/proximo-ano-tera-nove-feriados-prolongados-veja-quais\/\"},\"author\":{\"name\":\"VICTORIA ISABEL\",\"@id\":\"https:\/\/bahiaeconomica.com.br\/wp\/#\/schema\/person\/b719ce0fb1c09f3c7a00d9243ced4a6f\"},\"headline\":\"PR\u00d3XIMO ANO TER\u00c1 NOVE FERIADOS PROLONGADOS; VEJA QUAIS\",\"datePublished\":\"2024-09-25T19:59:17+00:00\",\"dateModified\":\"2024-09-25T20:19:27+00:00\",\"mainEntityOfPage\":{\"@id\":\"https:\/\/bahiaeconomica.com.br\/wp\/2024\/09\/25\/proximo-ano-tera-nove-feriados-prolongados-veja-quais\/\"},\"wordCount\":235,\"publisher\":{\"@id\":\"https:\/\/bahiaeconomica.com.br\/wp\/#organization\"},\"keywords\":[\"2025\",\"datas comemorativas\",\"feriados prolongados\"],\"articleSection\":[\"DESTAQUE DO DIA\",\"ECONOMIA \/ POL\u00cdTICA\"],\"inLanguage\":\"pt-BR\"},{\"@type\":\"WebPage\",\"@id\":\"https:\/\/bahiaeconomica.com.br\/wp\/2024\/09\/25\/proximo-ano-tera-nove-feriados-prolongados-veja-quais\/\",\"url\":\"https:\/\/bahiaeconomica.com.br\/wp\/2024\/09\/25\/proximo-ano-tera-nove-feriados-prolongados-veja-quais\/\",\"name\":\"PR\u00d3XIMO ANO TER\u00c1 NOVE FERIADOS PROLONGADOS; VEJA QUAIS - Bahia Economica\",\"isPartOf\":{\"@id\":\"https:\/\/bahiaeconomica.com.br\/wp\/#website\"},\"datePublished\":\"2024-09-25T19:59:17+00:00\",\"dateModified\":\"2024-09-25T20:19:27+00:00\",\"description\":\"O maior portal de Economia da Bahia DESTAQUE DO DIA, ECONOMIA \/ POL\u00cdTICA Bahia Economica O ano de 2024 foi de poucos feriados prolongados,\",\"breadcrumb\":{\"@id\":\"https:\/\/bahiaeconomica.com.br\/wp\/2024\/09\/25\/proximo-ano-tera-nove-feriados-prolongados-veja-quais\/#breadcrumb\"},\"inLanguage\":\"pt-BR\",\"potentialAction\":[{\"@type\":\"ReadAction\",\"target\":[\"https:\/\/bahiaeconomica.com.br\/wp\/2024\/09\/25\/proximo-ano-tera-nove-feriados-prolongados-veja-quais\/\"]}]},{\"@type\":\"BreadcrumbList\",\"@id\":\"https:\/\/bahiaeconomica.com.br\/wp\/2024\/09\/25\/proximo-ano-tera-nove-feriados-prolongados-veja-quais\/#breadcrumb\",\"itemListElement\":[{\"@type\":\"ListItem\",\"position\":1,\"name\":\"In\u00edcio\",\"item\":\"https:\/\/bahiaeconomica.com.br\/wp\/\"},{\"@type\":\"ListItem\",\"position\":2,\"name\":\"PR\u00d3XIMO ANO TER\u00c1 NOVE FERIADOS PROLONGADOS; VEJA QUAIS\"}]},{\"@type\":\"WebSite\",\"@id\":\"https:\/\/bahiaeconomica.com.br\/wp\/#website\",\"url\":\"https:\/\/bahiaeconomica.com.br\/wp\/\",\"name\":\"Bahia Economica\",\"description\":\"O maior portal de Economia da Bahia\",\"publisher\":{\"@id\":\"https:\/\/bahiaeconomica.com.br\/wp\/#organization\"},\"potentialAction\":[{\"@type\":\"SearchAction\",\"target\":{\"@type\":\"EntryPoint\",\"urlTemplate\":\"https:\/\/bahiaeconomica.com.br\/wp\/?s={search_term_string}\"},\"query-input\":\"required name=search_term_string\"}],\"inLanguage\":\"pt-BR\"},{\"@type\":\"Organization\",\"@id\":\"https:\/\/bahiaeconomica.com.br\/wp\/#organization\",\"name\":\"Bahia Econ\u00f4mica\",\"url\":\"https:\/\/bahiaeconomica.com.br\/wp\/\",\"logo\":{\"@type\":\"ImageObject\",\"inLanguage\":\"pt-BR\",\"@id\":\"https:\/\/bahiaeconomica.com.br\/wp\/#\/schema\/logo\/image\/\",\"url\":\"https:\/\/bahiaeconomica.com.br\/wp\/wp-content\/uploads\/2020\/12\/cropped-BE.png\",\"contentUrl\":\"https:\/\/bahiaeconomica.com.br\/wp\/wp-content\/uploads\/2020\/12\/cropped-BE.png\",\"width\":512,\"height\":512,\"caption\":\"Bahia Econ\u00f4mica\"},\"image\":{\"@id\":\"https:\/\/bahiaeconomica.com.br\/wp\/#\/schema\/logo\/image\/\"},\"sameAs\":[\"https:\/\/www.facebook.com\/bahiaeconomica\"]},{\"@type\":\"Person\",\"@id\":\"https:\/\/bahiaeconomica.com.br\/wp\/#\/schema\/person\/b719ce0fb1c09f3c7a00d9243ced4a6f\",\"name\":\"VICTORIA ISABEL\",\"sameAs\":[\"http:\/\/www.bahiaeconomica.com.br\"],\"url\":\"https:\/\/bahiaeconomica.com.br\/wp\/author\/victoria-isabel\/\"}]}<\/script>\n<!-- \/ Yoast SEO plugin. -->","yoast_head_json":{"title":"PR\u00d3XIMO ANO TER\u00c1 NOVE FERIADOS PROLONGADOS; VEJA QUAIS - Bahia Economica","description":"O maior portal de Economia da Bahia DESTAQUE DO DIA, ECONOMIA \/ POL\u00cdTICA Bahia Economica O ano de 2024 foi de poucos feriados prolongados,","robots":{"index":"index","follow":"follow","max-snippet":"max-snippet:-1","max-image-preview":"max-image-preview:large","max-video-preview":"max-video-preview:-1"},"canonical":"https:\/\/bahiaeconomica.com.br\/wp\/2024\/09\/25\/proximo-ano-tera-nove-feriados-prolongados-veja-quais\/","og_locale":"pt_BR","og_type":"article","og_title":"PR\u00d3XIMO ANO TER\u00c1 NOVE FERIADOS PROLONGADOS; VEJA QUAIS - Bahia Economica","og_description":"O maior portal de Economia da Bahia DESTAQUE DO DIA, ECONOMIA \/ POL\u00cdTICA Bahia Economica O ano de 2024 foi de poucos feriados prolongados,","og_url":"https:\/\/bahiaeconomica.com.br\/wp\/2024\/09\/25\/proximo-ano-tera-nove-feriados-prolongados-veja-quais\/","og_site_name":"Bahia Economica","article_publisher":"https:\/\/www.facebook.com\/bahiaeconomica","article_published_time":"2024-09-25T19:59:17+00:00","article_modified_time":"2024-09-25T20:19:27+00:00","og_image":[{"width":1280,"height":720,"url":"https:\/\/bahiaeconomica.com.br\/wp\/wp-content\/uploads\/2024\/09\/businessman-marking-calendar-appointment.webp","type":"image\/webp"}],"author":"VICTORIA ISABEL","twitter_card":"summary_large_image","twitter_misc":{"Escrito por":"VICTORIA ISABEL","Est. tempo de leitura":"2 minutos"},"schema":{"@context":"https:\/\/schema.org","@graph":[{"@type":"Article","@id":"https:\/\/bahiaeconomica.com.br\/wp\/2024\/09\/25\/proximo-ano-tera-nove-feriados-prolongados-veja-quais\/#article","isPartOf":{"@id":"https:\/\/bahiaeconomica.com.br\/wp\/2024\/09\/25\/proximo-ano-tera-nove-feriados-prolongados-veja-quais\/"},"author":{"name":"VICTORIA ISABEL","@id":"https:\/\/bahiaeconomica.com.br\/wp\/#\/schema\/person\/b719ce0fb1c09f3c7a00d9243ced4a6f"},"headline":"PR\u00d3XIMO ANO TER\u00c1 NOVE FERIADOS PROLONGADOS; VEJA QUAIS","datePublished":"2024-09-25T19:59:17+00:00","dateModified":"2024-09-25T20:19:27+00:00","mainEntityOfPage":{"@id":"https:\/\/bahiaeconomica.com.br\/wp\/2024\/09\/25\/proximo-ano-tera-nove-feriados-prolongados-veja-quais\/"},"wordCount":235,"publisher":{"@id":"https:\/\/bahiaeconomica.com.br\/wp\/#organization"},"keywords":["2025","datas comemorativas","feriados prolongados"],"articleSection":["DESTAQUE DO DIA","ECONOMIA \/ POL\u00cdTICA"],"inLanguage":"pt-BR"},{"@type":"WebPage","@id":"https:\/\/bahiaeconomica.com.br\/wp\/2024\/09\/25\/proximo-ano-tera-nove-feriados-prolongados-veja-quais\/","url":"https:\/\/bahiaeconomica.com.br\/wp\/2024\/09\/25\/proximo-ano-tera-nove-feriados-prolongados-veja-quais\/","name":"PR\u00d3XIMO ANO TER\u00c1 NOVE FERIADOS PROLONGADOS; VEJA QUAIS - Bahia Economica","isPartOf":{"@id":"https:\/\/bahiaeconomica.com.br\/wp\/#website"},"datePublished":"2024-09-25T19:59:17+00:00","dateModified":"2024-09-25T20:19:27+00:00","description":"O maior portal de Economia da Bahia DESTAQUE DO DIA, ECONOMIA \/ POL\u00cdTICA Bahia Economica O ano de 2024 foi de poucos feriados prolongados,","breadcrumb":{"@id":"https:\/\/bahiaeconomica.com.br\/wp\/2024\/09\/25\/proximo-ano-tera-nove-feriados-prolongados-veja-quais\/#breadcrumb"},"inLanguage":"pt-BR","potentialAction":[{"@type":"ReadAction","target":["https:\/\/bahiaeconomica.com.br\/wp\/2024\/09\/25\/proximo-ano-tera-nove-feriados-prolongados-veja-quais\/"]}]},{"@type":"BreadcrumbList","@id":"https:\/\/bahiaeconomica.com.br\/wp\/2024\/09\/25\/proximo-ano-tera-nove-feriados-prolongados-veja-quais\/#breadcrumb","itemListElement":[{"@type":"ListItem","position":1,"name":"In\u00edcio","item":"https:\/\/bahiaeconomica.com.br\/wp\/"},{"@type":"ListItem","position":2,"name":"PR\u00d3XIMO ANO TER\u00c1 NOVE FERIADOS PROLONGADOS; VEJA QUAIS"}]},{"@type":"WebSite","@id":"https:\/\/bahiaeconomica.com.br\/wp\/#website","url":"https:\/\/bahiaeconomica.com.br\/wp\/","name":"Bahia Economica","description":"O maior portal de Economia da Bahia","publisher":{"@id":"https:\/\/bahiaeconomica.com.br\/wp\/#organization"},"potentialAction":[{"@type":"SearchAction","target":{"@type":"EntryPoint","urlTemplate":"https:\/\/bahiaeconomica.com.br\/wp\/?s={search_term_string}"},"query-input":"required name=search_term_string"}],"inLanguage":"pt-BR"},{"@type":"Organization","@id":"https:\/\/bahiaeconomica.com.br\/wp\/#organization","name":"Bahia Econ\u00f4mica","url":"https:\/\/bahiaeconomica.com.br\/wp\/","logo":{"@type":"ImageObject","inLanguage":"pt-BR","@id":"https:\/\/bahiaeconomica.com.br\/wp\/#\/schema\/logo\/image\/","url":"https:\/\/bahiaeconomica.com.br\/wp\/wp-content\/uploads\/2020\/12\/cropped-BE.png","contentUrl":"https:\/\/bahiaeconomica.com.br\/wp\/wp-content\/uploads\/2020\/12\/cropped-BE.png","width":512,"height":512,"caption":"Bahia Econ\u00f4mica"},"image":{"@id":"https:\/\/bahiaeconomica.com.br\/wp\/#\/schema\/logo\/image\/"},"sameAs":["https:\/\/www.facebook.com\/bahiaeconomica"]},{"@type":"Person","@id":"https:\/\/bahiaeconomica.com.br\/wp\/#\/schema\/person\/b719ce0fb1c09f3c7a00d9243ced4a6f","name":"VICTORIA ISABEL","sameAs":["http:\/\/www.bahiaeconomica.com.br"],"url":"https:\/\/bahiaeconomica.com.br\/wp\/author\/victoria-isabel\/"}]}},"views":35,"_links":{"self":[{"href":"https:\/\/bahiaeconomica.com.br\/wp\/wp-json\/wp\/v2\/posts\/847565"}],"collection":[{"href":"https:\/\/bahiaeconomica.com.br\/wp\/wp-json\/wp\/v2\/posts"}],"about":[{"href":"https:\/\/bahiaeconomica.com.br\/wp\/wp-json\/wp\/v2\/types\/post"}],"author":[{"embeddable":true,"href":"https:\/\/bahiaeconomica.com.br\/wp\/wp-json\/wp\/v2\/users\/15"}],"replies":[{"embeddable":true,"href":"https:\/\/bahiaeconomica.com.br\/wp\/wp-json\/wp\/v2\/comments?post=847565"}],"version-history":[{"count":2,"href":"https:\/\/bahiaeconomica.com.br\/wp\/wp-json\/wp\/v2\/posts\/847565\/revisions"}],"predecessor-version":[{"id":847594,"href":"https:\/\/bahiaeconomica.com.br\/wp\/wp-json\/wp\/v2\/posts\/847565\/revisions\/847594"}],"wp:featuredmedia":[{"embeddable":true,"href":"https:\/\/bahiaeconomica.com.br\/wp\/wp-json\/wp\/v2\/media\/847566"}],"wp:attachment":[{"href":"https:\/\/bahiaeconomica.com.br\/wp\/wp-json\/wp\/v2\/media?parent=847565"}],"wp:term":[{"taxonomy":"category","embeddable":true,"href":"https:\/\/bahiaeconomica.com.br\/wp\/wp-json\/wp\/v2\/categories?post=847565"},{"taxonomy":"post_tag","embeddable":true,"href":"https:\/\/bahiaeconomica.com.br\/wp\/wp-json\/wp\/v2\/tags?post=847565"}],"curies":[{"name":"wp","href":"https:\/\/api.w.org\/{rel}","templated":true}]}}