{"id":847181,"date":"2024-09-24T13:04:53","date_gmt":"2024-09-24T16:04:53","guid":{"rendered":"https:\/\/bahiaeconomica.com.br\/wp\/?p=847181"},"modified":"2024-09-24T13:04:53","modified_gmt":"2024-09-24T16:04:53","slug":"chico-franca-planeja-reduzir-impostos-para-atrair-investimentos-e-gerar-mais-empregos-em-itabuna","status":"publish","type":"post","link":"https:\/\/bahiaeconomica.com.br\/wp\/2024\/09\/24\/chico-franca-planeja-reduzir-impostos-para-atrair-investimentos-e-gerar-mais-empregos-em-itabuna\/","title":{"rendered":"CHICO FRAN\u00c7A PLANEJA REDUZIR IMPOSTOS PARA ATRAIR INVESTIMENTOS E GERAR MAIS EMPREGOS EM ITABUNA"},"content":{"rendered":"<p>Ao contr\u00e1rio da atual gest\u00e3o municipal, que aumentou a carga tribut\u00e1ria de Itabuna, o candidato a prefeito Chico Fran\u00e7a (PL) vai reduzir os impostos para gerar mais emprego e renda na cidade. \u201cPara atrair mais investimentos \u00e9 preciso criar em Itabuna um ambiente mais favor\u00e1vel aos neg\u00f3cios, com menos impostos e menos burocracia, e assim estimular a implanta\u00e7\u00e3o de novas empresas em nossa cidade\u201d, diz Chico.<\/p>\n<p>Em evento na Associa\u00e7\u00e3o Comercial de Itabuna (ACI), na noite de segunda-feira (23), Chico Fran\u00e7a deu o exemplo do governo do presidente Jair Bolsonaro, que reduziu os impostos, gerando mais empregos e ainda aumentando a arrecada\u00e7\u00e3o tribut\u00e1ria. \u201cO dinheiro na m\u00e3o do povo circula e movimenta a economia. Se fica na m\u00e3o do governo, o dinheiro est\u00e1 mais sujeito a desperd\u00edcios em gastos impr\u00f3prios\u201d, afirma o candidato a prefeito de Bolsonaro.<\/p>\n<p>Chico Fran\u00e7a cita Itabuna como um mau exemplo do emprego dos tributos arrecadados. \u201cO prefeito Augusto Castro emprega os recursos dos impostos em pra\u00e7as que nunca s\u00e3o conclu\u00eddas em vez de na sa\u00fade, educa\u00e7\u00e3o e infraestrutura\u201d. Se eleito, Chico Fran\u00e7a pretende qualificar os gastos da prefeitura, eliminando os desperd\u00edcios, e reduzir impostos e taxas municipais. \u201cN\u00e3o tem cabimento impostos como IPTU e ISS terem em Itabuna as al\u00edquotas mais altas da regi\u00e3o. Vamos mudar isso!\u201d<\/p>\n","protected":false},"excerpt":{"rendered":"<p>Ao contr\u00e1rio da atual gest\u00e3o municipal, que aumentou a carga tribut\u00e1ria de Itabuna, o candidato a prefeito Chico Fran\u00e7a (PL) vai reduzir os impostos para gerar mais emprego e renda na cidade. \u201cPara atrair mais investimentos \u00e9 preciso criar em Itabuna um ambiente mais favor\u00e1vel aos neg\u00f3cios, com menos impostos e menos burocracia, e assim [&hellip;]<\/p>\n","protected":false},"author":8,"featured_media":847182,"comment_status":"closed","ping_status":"closed","sticky":false,"template":"","format":"standard","meta":[],"categories":[5,14601],"tags":[3089,1403,5178,146],"acf":[],"yoast_head":"<!-- This site is optimized with the Yoast SEO plugin v20.8 - https:\/\/yoast.com\/wordpress\/plugins\/seo\/ -->\n<title>CHICO FRAN\u00c7A PLANEJA REDUZIR IMPOSTOS PARA ATRAIR INVESTIMENTOS E GERAR MAIS EMPREGOS EM ITABUNA - Bahia Economica<\/title>\n<meta name=\"description\" content=\"O maior portal de Economia da Bahia MUNIC\u00cdPIOS, Pol\u00edtica Bahia Economica Ao contr\u00e1rio da atual gest\u00e3o municipal, que aumentou a carga tribut\u00e1ria de Itabuna\" \/>\n<meta name=\"robots\" content=\"index, follow, max-snippet:-1, max-image-preview:large, max-video-preview:-1\" \/>\n<link rel=\"canonical\" href=\"https:\/\/bahiaeconomica.com.br\/wp\/2024\/09\/24\/chico-franca-planeja-reduzir-impostos-para-atrair-investimentos-e-gerar-mais-empregos-em-itabuna\/\" \/>\n<meta property=\"og:locale\" content=\"pt_BR\" \/>\n<meta property=\"og:type\" content=\"article\" \/>\n<meta property=\"og:title\" content=\"CHICO FRAN\u00c7A PLANEJA REDUZIR IMPOSTOS PARA ATRAIR INVESTIMENTOS E GERAR MAIS EMPREGOS EM ITABUNA - Bahia Economica\" \/>\n<meta property=\"og:description\" content=\"O maior portal de Economia da Bahia MUNIC\u00cdPIOS, Pol\u00edtica Bahia Economica Ao contr\u00e1rio da atual gest\u00e3o municipal, que aumentou a carga tribut\u00e1ria de Itabuna\" \/>\n<meta property=\"og:url\" content=\"https:\/\/bahiaeconomica.com.br\/wp\/2024\/09\/24\/chico-franca-planeja-reduzir-impostos-para-atrair-investimentos-e-gerar-mais-empregos-em-itabuna\/\" \/>\n<meta property=\"og:site_name\" content=\"Bahia Economica\" \/>\n<meta property=\"article:publisher\" content=\"https:\/\/www.facebook.com\/bahiaeconomica\" \/>\n<meta property=\"article:published_time\" content=\"2024-09-24T16:04:53+00:00\" \/>\n<meta property=\"og:image\" content=\"https:\/\/bahiaeconomica.com.br\/wp\/wp-content\/uploads\/2024\/09\/WhatsApp-Image-2024-09-24-at-12.07.12.jpeg\" \/>\n\t<meta property=\"og:image:width\" content=\"1290\" \/>\n\t<meta property=\"og:image:height\" content=\"958\" \/>\n\t<meta property=\"og:image:type\" content=\"image\/jpeg\" \/>\n<meta name=\"author\" content=\"JP\" \/>\n<meta name=\"twitter:card\" content=\"summary_large_image\" \/>\n<meta name=\"twitter:label1\" content=\"Escrito por\" \/>\n\t<meta name=\"twitter:data1\" content=\"JP\" \/>\n\t<meta name=\"twitter:label2\" content=\"Est. tempo de leitura\" \/>\n\t<meta name=\"twitter:data2\" content=\"2 minutos\" \/>\n<script type=\"application\/ld+json\" class=\"yoast-schema-graph\">{\"@context\":\"https:\/\/schema.org\",\"@graph\":[{\"@type\":\"Article\",\"@id\":\"https:\/\/bahiaeconomica.com.br\/wp\/2024\/09\/24\/chico-franca-planeja-reduzir-impostos-para-atrair-investimentos-e-gerar-mais-empregos-em-itabuna\/#article\",\"isPartOf\":{\"@id\":\"https:\/\/bahiaeconomica.com.br\/wp\/2024\/09\/24\/chico-franca-planeja-reduzir-impostos-para-atrair-investimentos-e-gerar-mais-empregos-em-itabuna\/\"},\"author\":{\"name\":\"JP\",\"@id\":\"https:\/\/bahiaeconomica.com.br\/wp\/#\/schema\/person\/c86d3a3f8960425a0f9d0e5245991f4e\"},\"headline\":\"CHICO FRAN\u00c7A PLANEJA REDUZIR IMPOSTOS PARA ATRAIR INVESTIMENTOS E GERAR MAIS EMPREGOS EM ITABUNA\",\"datePublished\":\"2024-09-24T16:04:53+00:00\",\"dateModified\":\"2024-09-24T16:04:53+00:00\",\"mainEntityOfPage\":{\"@id\":\"https:\/\/bahiaeconomica.com.br\/wp\/2024\/09\/24\/chico-franca-planeja-reduzir-impostos-para-atrair-investimentos-e-gerar-mais-empregos-em-itabuna\/\"},\"wordCount\":251,\"publisher\":{\"@id\":\"https:\/\/bahiaeconomica.com.br\/wp\/#organization\"},\"keywords\":[\"chico\",\"fran\u00e7a\",\"impostos\",\"Itabuna\"],\"articleSection\":[\"MUNIC\u00cdPIOS\",\"Pol\u00edtica\"],\"inLanguage\":\"pt-BR\"},{\"@type\":\"WebPage\",\"@id\":\"https:\/\/bahiaeconomica.com.br\/wp\/2024\/09\/24\/chico-franca-planeja-reduzir-impostos-para-atrair-investimentos-e-gerar-mais-empregos-em-itabuna\/\",\"url\":\"https:\/\/bahiaeconomica.com.br\/wp\/2024\/09\/24\/chico-franca-planeja-reduzir-impostos-para-atrair-investimentos-e-gerar-mais-empregos-em-itabuna\/\",\"name\":\"CHICO FRAN\u00c7A PLANEJA REDUZIR IMPOSTOS PARA ATRAIR INVESTIMENTOS E GERAR MAIS EMPREGOS EM ITABUNA - Bahia Economica\",\"isPartOf\":{\"@id\":\"https:\/\/bahiaeconomica.com.br\/wp\/#website\"},\"datePublished\":\"2024-09-24T16:04:53+00:00\",\"dateModified\":\"2024-09-24T16:04:53+00:00\",\"description\":\"O maior portal de Economia da Bahia MUNIC\u00cdPIOS, Pol\u00edtica Bahia Economica Ao contr\u00e1rio da atual gest\u00e3o municipal, que aumentou a carga tribut\u00e1ria de Itabuna\",\"breadcrumb\":{\"@id\":\"https:\/\/bahiaeconomica.com.br\/wp\/2024\/09\/24\/chico-franca-planeja-reduzir-impostos-para-atrair-investimentos-e-gerar-mais-empregos-em-itabuna\/#breadcrumb\"},\"inLanguage\":\"pt-BR\",\"potentialAction\":[{\"@type\":\"ReadAction\",\"target\":[\"https:\/\/bahiaeconomica.com.br\/wp\/2024\/09\/24\/chico-franca-planeja-reduzir-impostos-para-atrair-investimentos-e-gerar-mais-empregos-em-itabuna\/\"]}]},{\"@type\":\"BreadcrumbList\",\"@id\":\"https:\/\/bahiaeconomica.com.br\/wp\/2024\/09\/24\/chico-franca-planeja-reduzir-impostos-para-atrair-investimentos-e-gerar-mais-empregos-em-itabuna\/#breadcrumb\",\"itemListElement\":[{\"@type\":\"ListItem\",\"position\":1,\"name\":\"In\u00edcio\",\"item\":\"https:\/\/bahiaeconomica.com.br\/wp\/\"},{\"@type\":\"ListItem\",\"position\":2,\"name\":\"CHICO FRAN\u00c7A PLANEJA REDUZIR IMPOSTOS PARA ATRAIR INVESTIMENTOS E GERAR MAIS EMPREGOS EM ITABUNA\"}]},{\"@type\":\"WebSite\",\"@id\":\"https:\/\/bahiaeconomica.com.br\/wp\/#website\",\"url\":\"https:\/\/bahiaeconomica.com.br\/wp\/\",\"name\":\"Bahia Economica\",\"description\":\"O maior portal de Economia da Bahia\",\"publisher\":{\"@id\":\"https:\/\/bahiaeconomica.com.br\/wp\/#organization\"},\"potentialAction\":[{\"@type\":\"SearchAction\",\"target\":{\"@type\":\"EntryPoint\",\"urlTemplate\":\"https:\/\/bahiaeconomica.com.br\/wp\/?s={search_term_string}\"},\"query-input\":\"required name=search_term_string\"}],\"inLanguage\":\"pt-BR\"},{\"@type\":\"Organization\",\"@id\":\"https:\/\/bahiaeconomica.com.br\/wp\/#organization\",\"name\":\"Bahia Econ\u00f4mica\",\"url\":\"https:\/\/bahiaeconomica.com.br\/wp\/\",\"logo\":{\"@type\":\"ImageObject\",\"inLanguage\":\"pt-BR\",\"@id\":\"https:\/\/bahiaeconomica.com.br\/wp\/#\/schema\/logo\/image\/\",\"url\":\"https:\/\/bahiaeconomica.com.br\/wp\/wp-content\/uploads\/2020\/12\/cropped-BE.png\",\"contentUrl\":\"https:\/\/bahiaeconomica.com.br\/wp\/wp-content\/uploads\/2020\/12\/cropped-BE.png\",\"width\":512,\"height\":512,\"caption\":\"Bahia Econ\u00f4mica\"},\"image\":{\"@id\":\"https:\/\/bahiaeconomica.com.br\/wp\/#\/schema\/logo\/image\/\"},\"sameAs\":[\"https:\/\/www.facebook.com\/bahiaeconomica\"]},{\"@type\":\"Person\",\"@id\":\"https:\/\/bahiaeconomica.com.br\/wp\/#\/schema\/person\/c86d3a3f8960425a0f9d0e5245991f4e\",\"name\":\"JP\",\"sameAs\":[\"https:\/\/bahiaeconomica.com.br\/wp\/beta\/\"],\"url\":\"https:\/\/bahiaeconomica.com.br\/wp\/author\/jp\/\"}]}<\/script>\n<!-- \/ Yoast SEO plugin. -->","yoast_head_json":{"title":"CHICO FRAN\u00c7A PLANEJA REDUZIR IMPOSTOS PARA ATRAIR INVESTIMENTOS E GERAR MAIS EMPREGOS EM ITABUNA - Bahia Economica","description":"O maior portal de Economia da Bahia MUNIC\u00cdPIOS, Pol\u00edtica Bahia Economica Ao contr\u00e1rio da atual gest\u00e3o municipal, que aumentou a carga tribut\u00e1ria de Itabuna","robots":{"index":"index","follow":"follow","max-snippet":"max-snippet:-1","max-image-preview":"max-image-preview:large","max-video-preview":"max-video-preview:-1"},"canonical":"https:\/\/bahiaeconomica.com.br\/wp\/2024\/09\/24\/chico-franca-planeja-reduzir-impostos-para-atrair-investimentos-e-gerar-mais-empregos-em-itabuna\/","og_locale":"pt_BR","og_type":"article","og_title":"CHICO FRAN\u00c7A PLANEJA REDUZIR IMPOSTOS PARA ATRAIR INVESTIMENTOS E GERAR MAIS EMPREGOS EM ITABUNA - Bahia Economica","og_description":"O maior portal de Economia da Bahia MUNIC\u00cdPIOS, Pol\u00edtica Bahia Economica Ao contr\u00e1rio da atual gest\u00e3o municipal, que aumentou a carga tribut\u00e1ria de Itabuna","og_url":"https:\/\/bahiaeconomica.com.br\/wp\/2024\/09\/24\/chico-franca-planeja-reduzir-impostos-para-atrair-investimentos-e-gerar-mais-empregos-em-itabuna\/","og_site_name":"Bahia Economica","article_publisher":"https:\/\/www.facebook.com\/bahiaeconomica","article_published_time":"2024-09-24T16:04:53+00:00","og_image":[{"width":1290,"height":958,"url":"https:\/\/bahiaeconomica.com.br\/wp\/wp-content\/uploads\/2024\/09\/WhatsApp-Image-2024-09-24-at-12.07.12.jpeg","type":"image\/jpeg"}],"author":"JP","twitter_card":"summary_large_image","twitter_misc":{"Escrito por":"JP","Est. tempo de leitura":"2 minutos"},"schema":{"@context":"https:\/\/schema.org","@graph":[{"@type":"Article","@id":"https:\/\/bahiaeconomica.com.br\/wp\/2024\/09\/24\/chico-franca-planeja-reduzir-impostos-para-atrair-investimentos-e-gerar-mais-empregos-em-itabuna\/#article","isPartOf":{"@id":"https:\/\/bahiaeconomica.com.br\/wp\/2024\/09\/24\/chico-franca-planeja-reduzir-impostos-para-atrair-investimentos-e-gerar-mais-empregos-em-itabuna\/"},"author":{"name":"JP","@id":"https:\/\/bahiaeconomica.com.br\/wp\/#\/schema\/person\/c86d3a3f8960425a0f9d0e5245991f4e"},"headline":"CHICO FRAN\u00c7A PLANEJA REDUZIR IMPOSTOS PARA ATRAIR INVESTIMENTOS E GERAR MAIS EMPREGOS EM ITABUNA","datePublished":"2024-09-24T16:04:53+00:00","dateModified":"2024-09-24T16:04:53+00:00","mainEntityOfPage":{"@id":"https:\/\/bahiaeconomica.com.br\/wp\/2024\/09\/24\/chico-franca-planeja-reduzir-impostos-para-atrair-investimentos-e-gerar-mais-empregos-em-itabuna\/"},"wordCount":251,"publisher":{"@id":"https:\/\/bahiaeconomica.com.br\/wp\/#organization"},"keywords":["chico","fran\u00e7a","impostos","Itabuna"],"articleSection":["MUNIC\u00cdPIOS","Pol\u00edtica"],"inLanguage":"pt-BR"},{"@type":"WebPage","@id":"https:\/\/bahiaeconomica.com.br\/wp\/2024\/09\/24\/chico-franca-planeja-reduzir-impostos-para-atrair-investimentos-e-gerar-mais-empregos-em-itabuna\/","url":"https:\/\/bahiaeconomica.com.br\/wp\/2024\/09\/24\/chico-franca-planeja-reduzir-impostos-para-atrair-investimentos-e-gerar-mais-empregos-em-itabuna\/","name":"CHICO FRAN\u00c7A PLANEJA REDUZIR IMPOSTOS PARA ATRAIR INVESTIMENTOS E GERAR MAIS EMPREGOS EM ITABUNA - Bahia Economica","isPartOf":{"@id":"https:\/\/bahiaeconomica.com.br\/wp\/#website"},"datePublished":"2024-09-24T16:04:53+00:00","dateModified":"2024-09-24T16:04:53+00:00","description":"O maior portal de Economia da Bahia MUNIC\u00cdPIOS, Pol\u00edtica Bahia Economica Ao contr\u00e1rio da atual gest\u00e3o municipal, que aumentou a carga tribut\u00e1ria de Itabuna","breadcrumb":{"@id":"https:\/\/bahiaeconomica.com.br\/wp\/2024\/09\/24\/chico-franca-planeja-reduzir-impostos-para-atrair-investimentos-e-gerar-mais-empregos-em-itabuna\/#breadcrumb"},"inLanguage":"pt-BR","potentialAction":[{"@type":"ReadAction","target":["https:\/\/bahiaeconomica.com.br\/wp\/2024\/09\/24\/chico-franca-planeja-reduzir-impostos-para-atrair-investimentos-e-gerar-mais-empregos-em-itabuna\/"]}]},{"@type":"BreadcrumbList","@id":"https:\/\/bahiaeconomica.com.br\/wp\/2024\/09\/24\/chico-franca-planeja-reduzir-impostos-para-atrair-investimentos-e-gerar-mais-empregos-em-itabuna\/#breadcrumb","itemListElement":[{"@type":"ListItem","position":1,"name":"In\u00edcio","item":"https:\/\/bahiaeconomica.com.br\/wp\/"},{"@type":"ListItem","position":2,"name":"CHICO FRAN\u00c7A PLANEJA REDUZIR IMPOSTOS PARA ATRAIR INVESTIMENTOS E GERAR MAIS EMPREGOS EM ITABUNA"}]},{"@type":"WebSite","@id":"https:\/\/bahiaeconomica.com.br\/wp\/#website","url":"https:\/\/bahiaeconomica.com.br\/wp\/","name":"Bahia Economica","description":"O maior portal de Economia da Bahia","publisher":{"@id":"https:\/\/bahiaeconomica.com.br\/wp\/#organization"},"potentialAction":[{"@type":"SearchAction","target":{"@type":"EntryPoint","urlTemplate":"https:\/\/bahiaeconomica.com.br\/wp\/?s={search_term_string}"},"query-input":"required name=search_term_string"}],"inLanguage":"pt-BR"},{"@type":"Organization","@id":"https:\/\/bahiaeconomica.com.br\/wp\/#organization","name":"Bahia Econ\u00f4mica","url":"https:\/\/bahiaeconomica.com.br\/wp\/","logo":{"@type":"ImageObject","inLanguage":"pt-BR","@id":"https:\/\/bahiaeconomica.com.br\/wp\/#\/schema\/logo\/image\/","url":"https:\/\/bahiaeconomica.com.br\/wp\/wp-content\/uploads\/2020\/12\/cropped-BE.png","contentUrl":"https:\/\/bahiaeconomica.com.br\/wp\/wp-content\/uploads\/2020\/12\/cropped-BE.png","width":512,"height":512,"caption":"Bahia Econ\u00f4mica"},"image":{"@id":"https:\/\/bahiaeconomica.com.br\/wp\/#\/schema\/logo\/image\/"},"sameAs":["https:\/\/www.facebook.com\/bahiaeconomica"]},{"@type":"Person","@id":"https:\/\/bahiaeconomica.com.br\/wp\/#\/schema\/person\/c86d3a3f8960425a0f9d0e5245991f4e","name":"JP","sameAs":["https:\/\/bahiaeconomica.com.br\/wp\/beta\/"],"url":"https:\/\/bahiaeconomica.com.br\/wp\/author\/jp\/"}]}},"views":25,"_links":{"self":[{"href":"https:\/\/bahiaeconomica.com.br\/wp\/wp-json\/wp\/v2\/posts\/847181"}],"collection":[{"href":"https:\/\/bahiaeconomica.com.br\/wp\/wp-json\/wp\/v2\/posts"}],"about":[{"href":"https:\/\/bahiaeconomica.com.br\/wp\/wp-json\/wp\/v2\/types\/post"}],"author":[{"embeddable":true,"href":"https:\/\/bahiaeconomica.com.br\/wp\/wp-json\/wp\/v2\/users\/8"}],"replies":[{"embeddable":true,"href":"https:\/\/bahiaeconomica.com.br\/wp\/wp-json\/wp\/v2\/comments?post=847181"}],"version-history":[{"count":1,"href":"https:\/\/bahiaeconomica.com.br\/wp\/wp-json\/wp\/v2\/posts\/847181\/revisions"}],"predecessor-version":[{"id":847183,"href":"https:\/\/bahiaeconomica.com.br\/wp\/wp-json\/wp\/v2\/posts\/847181\/revisions\/847183"}],"wp:featuredmedia":[{"embeddable":true,"href":"https:\/\/bahiaeconomica.com.br\/wp\/wp-json\/wp\/v2\/media\/847182"}],"wp:attachment":[{"href":"https:\/\/bahiaeconomica.com.br\/wp\/wp-json\/wp\/v2\/media?parent=847181"}],"wp:term":[{"taxonomy":"category","embeddable":true,"href":"https:\/\/bahiaeconomica.com.br\/wp\/wp-json\/wp\/v2\/categories?post=847181"},{"taxonomy":"post_tag","embeddable":true,"href":"https:\/\/bahiaeconomica.com.br\/wp\/wp-json\/wp\/v2\/tags?post=847181"}],"curies":[{"name":"wp","href":"https:\/\/api.w.org\/{rel}","templated":true}]}}