{"id":846923,"date":"2024-09-23T15:19:33","date_gmt":"2024-09-23T18:19:33","guid":{"rendered":"https:\/\/bahiaeconomica.com.br\/wp\/?p=846923"},"modified":"2024-09-23T15:19:33","modified_gmt":"2024-09-23T18:19:33","slug":"inscricoes-abertas-para-a-15a-feira-baiana-da-agricultura-familiar-e-economia-solidaria","status":"publish","type":"post","link":"https:\/\/bahiaeconomica.com.br\/wp\/2024\/09\/23\/inscricoes-abertas-para-a-15a-feira-baiana-da-agricultura-familiar-e-economia-solidaria\/","title":{"rendered":"INSCRI\u00c7\u00d5ES ABERTAS PARA A 15\u00aa FEIRA BAIANA DA AGRICULTURA FAMILIAR E ECONOMIA SOLID\u00c1RIA"},"content":{"rendered":"<p style=\"text-align: left;\">As organiza\u00e7\u00f5es produtivas da agricultura familiar, assentamentos da reforma agr\u00e1ria, povos e comunidades tradicionais e empreendimentos da economia solid\u00e1ria de toda a Bahia j\u00e1 podem se inscrever para a 15\u00aa edi\u00e7\u00e3o da Feira Baiana da Agricultura Familiar e Economia Solid\u00e1ria. O evento acontecer\u00e1 de 11 a 15 de dezembro de 2024, no Parque Costa Azul, em Salvador. O edital com todas as informa\u00e7\u00f5es est\u00e1 dispon\u00edvel nos sites: <a href=\"https:\/\/www.sdr.ba.gov.br\/\">www.sdr.ba.gov.br<\/a> e <a href=\"https:\/\/www.car.ba.gov.br\/\">www.car.ba.gov.br<\/a>.<\/p>\n<h4>Sobre a Feira<\/h4>\n<p>Reconhecida no calend\u00e1rio de eventos da capital baiana, a Feira re\u00fane o melhor da produ\u00e7\u00e3o dos 27 territ\u00f3rios de identidade do estado. Organizada pelo Governo do Estado, por meio da Secretaria de Desenvolvimento Rural (SDR), em parceria com a Uni\u00e3o das Cooperativas da Agricultura Familiar e Economia Solid\u00e1ria da Bahia (Unicafes-BA), a Feira tem como objetivo promover a visibilidade de alimentos saud\u00e1veis e produtos aut\u00eanticos da agricultura familiar e de comunidades tradicionais.<\/p>\n<h4>Destaques da 15\u00aa Edi\u00e7\u00e3o<\/h4>\n<h4><strong>Esta edi\u00e7\u00e3o contar\u00e1 com v\u00e1rias atra\u00e7\u00f5es, incluindo:<\/strong><\/h4>\n<ul>\n<li><strong>Feira Nordestina \u2013 Sabores e Tradi\u00e7\u00f5es do Nordeste<\/strong><\/li>\n<li><strong>2\u00aa Feira Agroecol\u00f3gica da Bahia<\/strong><\/li>\n<li><strong>Tenda Economia Solid\u00e1ria<\/strong><\/li>\n<li><strong>Tenda do Turismo Rural<\/strong><\/li>\n<li><strong>Pra\u00e7a Gastron\u00f4mica<\/strong><\/li>\n<li><strong>Programa\u00e7\u00e3o Cultural<\/strong><\/li>\n<\/ul>\n<p>A Feira \u00e9 uma oportunidade \u00fanica de se conectar com as ra\u00edzes do rural baiano, valorizando a produ\u00e7\u00e3o local e unindo produtores e produtoras ao p\u00fablico da capital. A expectativa \u00e9 que o evento destaque e fomente o melhor da agricultura familiar, com \u00eanfase nos sistemas produtivos como bovinocultura de leite, apicultura, mandiocultura, fruticultura, entre outros.<\/p>\n<p>Fotos: F\u00e1bio Marconi \/Acqua &#8211; Foto a\u00e9rea<br \/>\nAndr\u00e9 Frutu\u00f4so<\/p>\n","protected":false},"excerpt":{"rendered":"<p>As organiza\u00e7\u00f5es produtivas da agricultura familiar, assentamentos da reforma agr\u00e1ria, povos e comunidades tradicionais e empreendimentos da economia solid\u00e1ria de toda a Bahia j\u00e1 podem se inscrever para a 15\u00aa edi\u00e7\u00e3o da Feira Baiana da Agricultura Familiar e Economia Solid\u00e1ria. O evento acontecer\u00e1 de 11 a 15 de dezembro de 2024, no Parque Costa Azul, [&hellip;]<\/p>\n","protected":false},"author":24,"featured_media":846926,"comment_status":"closed","ping_status":"closed","sticky":false,"template":"","format":"standard","meta":[],"categories":[5],"tags":[943,213,24087],"acf":[],"yoast_head":"<!-- This site is optimized with the Yoast SEO plugin v20.8 - https:\/\/yoast.com\/wordpress\/plugins\/seo\/ -->\n<title>INSCRI\u00c7\u00d5ES ABERTAS PARA A 15\u00aa FEIRA BAIANA DA AGRICULTURA FAMILIAR E ECONOMIA SOLID\u00c1RIA - Bahia Economica<\/title>\n<meta name=\"description\" content=\"O maior portal de Economia da Bahia MUNIC\u00cdPIOS Bahia Economica Assentamentos da reforma agr\u00e1ria, povos e comunidades tradicionais e empreendimentos da economia solid\u00e1ria de toda a Bahia\" \/>\n<meta name=\"robots\" content=\"index, follow, max-snippet:-1, max-image-preview:large, max-video-preview:-1\" \/>\n<link rel=\"canonical\" href=\"https:\/\/bahiaeconomica.com.br\/wp\/2024\/09\/23\/inscricoes-abertas-para-a-15a-feira-baiana-da-agricultura-familiar-e-economia-solidaria\/\" \/>\n<meta property=\"og:locale\" content=\"pt_BR\" \/>\n<meta property=\"og:type\" content=\"article\" \/>\n<meta property=\"og:title\" content=\"INSCRI\u00c7\u00d5ES ABERTAS PARA A 15\u00aa FEIRA BAIANA DA AGRICULTURA FAMILIAR E ECONOMIA SOLID\u00c1RIA - Bahia Economica\" \/>\n<meta property=\"og:description\" content=\"O maior portal de Economia da Bahia MUNIC\u00cdPIOS Bahia Economica Assentamentos da reforma agr\u00e1ria, povos e comunidades tradicionais e empreendimentos da economia solid\u00e1ria de toda a Bahia\" \/>\n<meta property=\"og:url\" content=\"https:\/\/bahiaeconomica.com.br\/wp\/2024\/09\/23\/inscricoes-abertas-para-a-15a-feira-baiana-da-agricultura-familiar-e-economia-solidaria\/\" \/>\n<meta property=\"og:site_name\" content=\"Bahia Economica\" \/>\n<meta property=\"article:publisher\" content=\"https:\/\/www.facebook.com\/bahiaeconomica\" \/>\n<meta property=\"article:published_time\" content=\"2024-09-23T18:19:33+00:00\" \/>\n<meta property=\"og:image\" content=\"https:\/\/bahiaeconomica.com.br\/wp\/wp-content\/uploads\/2024\/09\/WhatsApp-Image-2024-09-23-at-14.52.36.jpeg\" \/>\n\t<meta property=\"og:image:width\" content=\"2560\" \/>\n\t<meta property=\"og:image:height\" content=\"1706\" \/>\n\t<meta property=\"og:image:type\" content=\"image\/jpeg\" \/>\n<meta name=\"author\" content=\"VICTOR OLIVEIRA\" \/>\n<meta name=\"twitter:card\" content=\"summary_large_image\" \/>\n<meta name=\"twitter:label1\" content=\"Escrito por\" \/>\n\t<meta name=\"twitter:data1\" content=\"VICTOR OLIVEIRA\" \/>\n\t<meta name=\"twitter:label2\" content=\"Est. tempo de leitura\" \/>\n\t<meta name=\"twitter:data2\" content=\"2 minutos\" \/>\n<script type=\"application\/ld+json\" class=\"yoast-schema-graph\">{\"@context\":\"https:\/\/schema.org\",\"@graph\":[{\"@type\":\"Article\",\"@id\":\"https:\/\/bahiaeconomica.com.br\/wp\/2024\/09\/23\/inscricoes-abertas-para-a-15a-feira-baiana-da-agricultura-familiar-e-economia-solidaria\/#article\",\"isPartOf\":{\"@id\":\"https:\/\/bahiaeconomica.com.br\/wp\/2024\/09\/23\/inscricoes-abertas-para-a-15a-feira-baiana-da-agricultura-familiar-e-economia-solidaria\/\"},\"author\":{\"name\":\"VICTOR OLIVEIRA\",\"@id\":\"https:\/\/bahiaeconomica.com.br\/wp\/#\/schema\/person\/a17956d0e1112b626f403fb06b8129a9\"},\"headline\":\"INSCRI\u00c7\u00d5ES ABERTAS PARA A 15\u00aa FEIRA BAIANA DA AGRICULTURA FAMILIAR E ECONOMIA SOLID\u00c1RIA\",\"datePublished\":\"2024-09-23T18:19:33+00:00\",\"dateModified\":\"2024-09-23T18:19:33+00:00\",\"mainEntityOfPage\":{\"@id\":\"https:\/\/bahiaeconomica.com.br\/wp\/2024\/09\/23\/inscricoes-abertas-para-a-15a-feira-baiana-da-agricultura-familiar-e-economia-solidaria\/\"},\"wordCount\":288,\"publisher\":{\"@id\":\"https:\/\/bahiaeconomica.com.br\/wp\/#organization\"},\"keywords\":[\"agricultura\",\"Economia\",\"Feira Baiana\"],\"articleSection\":[\"MUNIC\u00cdPIOS\"],\"inLanguage\":\"pt-BR\"},{\"@type\":\"WebPage\",\"@id\":\"https:\/\/bahiaeconomica.com.br\/wp\/2024\/09\/23\/inscricoes-abertas-para-a-15a-feira-baiana-da-agricultura-familiar-e-economia-solidaria\/\",\"url\":\"https:\/\/bahiaeconomica.com.br\/wp\/2024\/09\/23\/inscricoes-abertas-para-a-15a-feira-baiana-da-agricultura-familiar-e-economia-solidaria\/\",\"name\":\"INSCRI\u00c7\u00d5ES ABERTAS PARA A 15\u00aa FEIRA BAIANA DA AGRICULTURA FAMILIAR E ECONOMIA SOLID\u00c1RIA - Bahia Economica\",\"isPartOf\":{\"@id\":\"https:\/\/bahiaeconomica.com.br\/wp\/#website\"},\"datePublished\":\"2024-09-23T18:19:33+00:00\",\"dateModified\":\"2024-09-23T18:19:33+00:00\",\"description\":\"O maior portal de Economia da Bahia MUNIC\u00cdPIOS Bahia Economica Assentamentos da reforma agr\u00e1ria, povos e comunidades tradicionais e empreendimentos da economia solid\u00e1ria de toda a Bahia\",\"breadcrumb\":{\"@id\":\"https:\/\/bahiaeconomica.com.br\/wp\/2024\/09\/23\/inscricoes-abertas-para-a-15a-feira-baiana-da-agricultura-familiar-e-economia-solidaria\/#breadcrumb\"},\"inLanguage\":\"pt-BR\",\"potentialAction\":[{\"@type\":\"ReadAction\",\"target\":[\"https:\/\/bahiaeconomica.com.br\/wp\/2024\/09\/23\/inscricoes-abertas-para-a-15a-feira-baiana-da-agricultura-familiar-e-economia-solidaria\/\"]}]},{\"@type\":\"BreadcrumbList\",\"@id\":\"https:\/\/bahiaeconomica.com.br\/wp\/2024\/09\/23\/inscricoes-abertas-para-a-15a-feira-baiana-da-agricultura-familiar-e-economia-solidaria\/#breadcrumb\",\"itemListElement\":[{\"@type\":\"ListItem\",\"position\":1,\"name\":\"In\u00edcio\",\"item\":\"https:\/\/bahiaeconomica.com.br\/wp\/\"},{\"@type\":\"ListItem\",\"position\":2,\"name\":\"INSCRI\u00c7\u00d5ES ABERTAS PARA A 15\u00aa FEIRA BAIANA DA AGRICULTURA FAMILIAR E ECONOMIA SOLID\u00c1RIA\"}]},{\"@type\":\"WebSite\",\"@id\":\"https:\/\/bahiaeconomica.com.br\/wp\/#website\",\"url\":\"https:\/\/bahiaeconomica.com.br\/wp\/\",\"name\":\"Bahia Economica\",\"description\":\"O maior portal de Economia da Bahia\",\"publisher\":{\"@id\":\"https:\/\/bahiaeconomica.com.br\/wp\/#organization\"},\"potentialAction\":[{\"@type\":\"SearchAction\",\"target\":{\"@type\":\"EntryPoint\",\"urlTemplate\":\"https:\/\/bahiaeconomica.com.br\/wp\/?s={search_term_string}\"},\"query-input\":\"required name=search_term_string\"}],\"inLanguage\":\"pt-BR\"},{\"@type\":\"Organization\",\"@id\":\"https:\/\/bahiaeconomica.com.br\/wp\/#organization\",\"name\":\"Bahia Econ\u00f4mica\",\"url\":\"https:\/\/bahiaeconomica.com.br\/wp\/\",\"logo\":{\"@type\":\"ImageObject\",\"inLanguage\":\"pt-BR\",\"@id\":\"https:\/\/bahiaeconomica.com.br\/wp\/#\/schema\/logo\/image\/\",\"url\":\"https:\/\/bahiaeconomica.com.br\/wp\/wp-content\/uploads\/2020\/12\/cropped-BE.png\",\"contentUrl\":\"https:\/\/bahiaeconomica.com.br\/wp\/wp-content\/uploads\/2020\/12\/cropped-BE.png\",\"width\":512,\"height\":512,\"caption\":\"Bahia Econ\u00f4mica\"},\"image\":{\"@id\":\"https:\/\/bahiaeconomica.com.br\/wp\/#\/schema\/logo\/image\/\"},\"sameAs\":[\"https:\/\/www.facebook.com\/bahiaeconomica\"]},{\"@type\":\"Person\",\"@id\":\"https:\/\/bahiaeconomica.com.br\/wp\/#\/schema\/person\/a17956d0e1112b626f403fb06b8129a9\",\"name\":\"VICTOR OLIVEIRA\",\"sameAs\":[\"http:\/\/www.bahiaeconomica.com.br\"],\"url\":\"https:\/\/bahiaeconomica.com.br\/wp\/author\/victor-oliveira\/\"}]}<\/script>\n<!-- \/ Yoast SEO plugin. -->","yoast_head_json":{"title":"INSCRI\u00c7\u00d5ES ABERTAS PARA A 15\u00aa FEIRA BAIANA DA AGRICULTURA FAMILIAR E ECONOMIA SOLID\u00c1RIA - Bahia Economica","description":"O maior portal de Economia da Bahia MUNIC\u00cdPIOS Bahia Economica Assentamentos da reforma agr\u00e1ria, povos e comunidades tradicionais e empreendimentos da economia solid\u00e1ria de toda a Bahia","robots":{"index":"index","follow":"follow","max-snippet":"max-snippet:-1","max-image-preview":"max-image-preview:large","max-video-preview":"max-video-preview:-1"},"canonical":"https:\/\/bahiaeconomica.com.br\/wp\/2024\/09\/23\/inscricoes-abertas-para-a-15a-feira-baiana-da-agricultura-familiar-e-economia-solidaria\/","og_locale":"pt_BR","og_type":"article","og_title":"INSCRI\u00c7\u00d5ES ABERTAS PARA A 15\u00aa FEIRA BAIANA DA AGRICULTURA FAMILIAR E ECONOMIA SOLID\u00c1RIA - Bahia Economica","og_description":"O maior portal de Economia da Bahia MUNIC\u00cdPIOS Bahia Economica Assentamentos da reforma agr\u00e1ria, povos e comunidades tradicionais e empreendimentos da economia solid\u00e1ria de toda a Bahia","og_url":"https:\/\/bahiaeconomica.com.br\/wp\/2024\/09\/23\/inscricoes-abertas-para-a-15a-feira-baiana-da-agricultura-familiar-e-economia-solidaria\/","og_site_name":"Bahia Economica","article_publisher":"https:\/\/www.facebook.com\/bahiaeconomica","article_published_time":"2024-09-23T18:19:33+00:00","og_image":[{"width":2560,"height":1706,"url":"https:\/\/bahiaeconomica.com.br\/wp\/wp-content\/uploads\/2024\/09\/WhatsApp-Image-2024-09-23-at-14.52.36.jpeg","type":"image\/jpeg"}],"author":"VICTOR OLIVEIRA","twitter_card":"summary_large_image","twitter_misc":{"Escrito por":"VICTOR OLIVEIRA","Est. tempo de leitura":"2 minutos"},"schema":{"@context":"https:\/\/schema.org","@graph":[{"@type":"Article","@id":"https:\/\/bahiaeconomica.com.br\/wp\/2024\/09\/23\/inscricoes-abertas-para-a-15a-feira-baiana-da-agricultura-familiar-e-economia-solidaria\/#article","isPartOf":{"@id":"https:\/\/bahiaeconomica.com.br\/wp\/2024\/09\/23\/inscricoes-abertas-para-a-15a-feira-baiana-da-agricultura-familiar-e-economia-solidaria\/"},"author":{"name":"VICTOR OLIVEIRA","@id":"https:\/\/bahiaeconomica.com.br\/wp\/#\/schema\/person\/a17956d0e1112b626f403fb06b8129a9"},"headline":"INSCRI\u00c7\u00d5ES ABERTAS PARA A 15\u00aa FEIRA BAIANA DA AGRICULTURA FAMILIAR E ECONOMIA SOLID\u00c1RIA","datePublished":"2024-09-23T18:19:33+00:00","dateModified":"2024-09-23T18:19:33+00:00","mainEntityOfPage":{"@id":"https:\/\/bahiaeconomica.com.br\/wp\/2024\/09\/23\/inscricoes-abertas-para-a-15a-feira-baiana-da-agricultura-familiar-e-economia-solidaria\/"},"wordCount":288,"publisher":{"@id":"https:\/\/bahiaeconomica.com.br\/wp\/#organization"},"keywords":["agricultura","Economia","Feira Baiana"],"articleSection":["MUNIC\u00cdPIOS"],"inLanguage":"pt-BR"},{"@type":"WebPage","@id":"https:\/\/bahiaeconomica.com.br\/wp\/2024\/09\/23\/inscricoes-abertas-para-a-15a-feira-baiana-da-agricultura-familiar-e-economia-solidaria\/","url":"https:\/\/bahiaeconomica.com.br\/wp\/2024\/09\/23\/inscricoes-abertas-para-a-15a-feira-baiana-da-agricultura-familiar-e-economia-solidaria\/","name":"INSCRI\u00c7\u00d5ES ABERTAS PARA A 15\u00aa FEIRA BAIANA DA AGRICULTURA FAMILIAR E ECONOMIA SOLID\u00c1RIA - Bahia Economica","isPartOf":{"@id":"https:\/\/bahiaeconomica.com.br\/wp\/#website"},"datePublished":"2024-09-23T18:19:33+00:00","dateModified":"2024-09-23T18:19:33+00:00","description":"O maior portal de Economia da Bahia MUNIC\u00cdPIOS Bahia Economica Assentamentos da reforma agr\u00e1ria, povos e comunidades tradicionais e empreendimentos da economia solid\u00e1ria de toda a Bahia","breadcrumb":{"@id":"https:\/\/bahiaeconomica.com.br\/wp\/2024\/09\/23\/inscricoes-abertas-para-a-15a-feira-baiana-da-agricultura-familiar-e-economia-solidaria\/#breadcrumb"},"inLanguage":"pt-BR","potentialAction":[{"@type":"ReadAction","target":["https:\/\/bahiaeconomica.com.br\/wp\/2024\/09\/23\/inscricoes-abertas-para-a-15a-feira-baiana-da-agricultura-familiar-e-economia-solidaria\/"]}]},{"@type":"BreadcrumbList","@id":"https:\/\/bahiaeconomica.com.br\/wp\/2024\/09\/23\/inscricoes-abertas-para-a-15a-feira-baiana-da-agricultura-familiar-e-economia-solidaria\/#breadcrumb","itemListElement":[{"@type":"ListItem","position":1,"name":"In\u00edcio","item":"https:\/\/bahiaeconomica.com.br\/wp\/"},{"@type":"ListItem","position":2,"name":"INSCRI\u00c7\u00d5ES ABERTAS PARA A 15\u00aa FEIRA BAIANA DA AGRICULTURA FAMILIAR E ECONOMIA SOLID\u00c1RIA"}]},{"@type":"WebSite","@id":"https:\/\/bahiaeconomica.com.br\/wp\/#website","url":"https:\/\/bahiaeconomica.com.br\/wp\/","name":"Bahia Economica","description":"O maior portal de Economia da Bahia","publisher":{"@id":"https:\/\/bahiaeconomica.com.br\/wp\/#organization"},"potentialAction":[{"@type":"SearchAction","target":{"@type":"EntryPoint","urlTemplate":"https:\/\/bahiaeconomica.com.br\/wp\/?s={search_term_string}"},"query-input":"required name=search_term_string"}],"inLanguage":"pt-BR"},{"@type":"Organization","@id":"https:\/\/bahiaeconomica.com.br\/wp\/#organization","name":"Bahia Econ\u00f4mica","url":"https:\/\/bahiaeconomica.com.br\/wp\/","logo":{"@type":"ImageObject","inLanguage":"pt-BR","@id":"https:\/\/bahiaeconomica.com.br\/wp\/#\/schema\/logo\/image\/","url":"https:\/\/bahiaeconomica.com.br\/wp\/wp-content\/uploads\/2020\/12\/cropped-BE.png","contentUrl":"https:\/\/bahiaeconomica.com.br\/wp\/wp-content\/uploads\/2020\/12\/cropped-BE.png","width":512,"height":512,"caption":"Bahia Econ\u00f4mica"},"image":{"@id":"https:\/\/bahiaeconomica.com.br\/wp\/#\/schema\/logo\/image\/"},"sameAs":["https:\/\/www.facebook.com\/bahiaeconomica"]},{"@type":"Person","@id":"https:\/\/bahiaeconomica.com.br\/wp\/#\/schema\/person\/a17956d0e1112b626f403fb06b8129a9","name":"VICTOR OLIVEIRA","sameAs":["http:\/\/www.bahiaeconomica.com.br"],"url":"https:\/\/bahiaeconomica.com.br\/wp\/author\/victor-oliveira\/"}]}},"views":63,"_links":{"self":[{"href":"https:\/\/bahiaeconomica.com.br\/wp\/wp-json\/wp\/v2\/posts\/846923"}],"collection":[{"href":"https:\/\/bahiaeconomica.com.br\/wp\/wp-json\/wp\/v2\/posts"}],"about":[{"href":"https:\/\/bahiaeconomica.com.br\/wp\/wp-json\/wp\/v2\/types\/post"}],"author":[{"embeddable":true,"href":"https:\/\/bahiaeconomica.com.br\/wp\/wp-json\/wp\/v2\/users\/24"}],"replies":[{"embeddable":true,"href":"https:\/\/bahiaeconomica.com.br\/wp\/wp-json\/wp\/v2\/comments?post=846923"}],"version-history":[{"count":1,"href":"https:\/\/bahiaeconomica.com.br\/wp\/wp-json\/wp\/v2\/posts\/846923\/revisions"}],"predecessor-version":[{"id":846928,"href":"https:\/\/bahiaeconomica.com.br\/wp\/wp-json\/wp\/v2\/posts\/846923\/revisions\/846928"}],"wp:featuredmedia":[{"embeddable":true,"href":"https:\/\/bahiaeconomica.com.br\/wp\/wp-json\/wp\/v2\/media\/846926"}],"wp:attachment":[{"href":"https:\/\/bahiaeconomica.com.br\/wp\/wp-json\/wp\/v2\/media?parent=846923"}],"wp:term":[{"taxonomy":"category","embeddable":true,"href":"https:\/\/bahiaeconomica.com.br\/wp\/wp-json\/wp\/v2\/categories?post=846923"},{"taxonomy":"post_tag","embeddable":true,"href":"https:\/\/bahiaeconomica.com.br\/wp\/wp-json\/wp\/v2\/tags?post=846923"}],"curies":[{"name":"wp","href":"https:\/\/api.w.org\/{rel}","templated":true}]}}