{"id":846672,"date":"2024-09-21T17:57:21","date_gmt":"2024-09-21T20:57:21","guid":{"rendered":"https:\/\/bahiaeconomica.com.br\/wp\/?p=846672"},"modified":"2024-09-21T17:57:21","modified_gmt":"2024-09-21T20:57:21","slug":"com-a-presenca-do-ministro-da-casa-civil-e-ex-governador-da-bahia-rui-costa-tito-realiza-grande-carreata-e-comicio-em-barreiras","status":"publish","type":"post","link":"https:\/\/bahiaeconomica.com.br\/wp\/2024\/09\/21\/com-a-presenca-do-ministro-da-casa-civil-e-ex-governador-da-bahia-rui-costa-tito-realiza-grande-carreata-e-comicio-em-barreiras\/","title":{"rendered":"COM A PRESEN\u00c7A DO MINISTRO DA CASA CIVIL E EX-GOVERNADOR DA BAHIA, RUI COSTA, TITO REALIZA GRANDE CARREATA E COM\u00cdCIO EM BARREIRAS"},"content":{"rendered":"<p>Com a presen\u00e7a do ministro da Casa Civil do governo Lula e ex-governador da Bahia por duas vezes consecutivas, Rui Costa, o candidato a prefeito de Barreiras, Tito (PT), realizou uma grande carreata e com\u00edcio na noite desta sexta-feira (20\/09). O ato pol\u00edtico marcou o lan\u00e7amento do programa Barreiras Maior, e contou com a participa\u00e7\u00e3o de milhares de pessoas que acreditam no projeto que vai mudar a forma de governar a cidade.<\/p>\n<p>\u201cHoje, sa\u00ed de um almo\u00e7o com o presidente Lula convicto de que Tito \u00e9 a escolha certa para Barreiras. Estamos retomando programas como o Minha Casa Minha Vida e expandindo escolas, creches e servi\u00e7os em sa\u00fade. Barreiras precisa de um prefeito que v\u00e1 at\u00e9 os minist\u00e9rios e secretarias e busque mais investimentos para a cidade. Tito tem essa capacidade e o compromisso de cuidar do povo\u201d, afirmou o ministro, que \u00e9 respons\u00e1vel por coordenar as principais a\u00e7\u00f5es do governo federal.<\/p>\n<p>Rui Costa tamb\u00e9m ressaltou os avan\u00e7os em infraestrutura, mencionando a ferrovia Fiol, a licita\u00e7\u00e3o do aeroporto da cidade que ser\u00e1 assinado na pr\u00f3xima segunda-feira (23\/09), al\u00e9m da constru\u00e7\u00e3o de novas unidades de sa\u00fade e creches. \u201cNo dia 6 de outubro, Barreiras pode mostrar que quer mais. Tito \u00e9 o nome que vai levar a cidade adiante. Barreiras sempre deu grandes vota\u00e7\u00f5es ao PT no plano estadual e federal e desta vez \u00e9 Tito para prefeito para juntos trabalharmos com pol\u00edticas integradas para melhorar a vida da popula\u00e7\u00e3o\u201d, declarou.<\/p>\n<p>Carreata vitoriosa<\/p>\n<p>A carreata partiu do bairro S\u00e3o Pedro e seguiu at\u00e9 o tradicional ponto pol\u00edtico do bairro Santa Luzia onde foi realizado um com\u00edcio. \u201cEssa carreata vitoriosa \u00e9 o in\u00edcio da mudan\u00e7a que Barreiras tanto precisa. Estou aqui com nosso grupo para trabalhar por uma Barreiras melhor, mais justa e que oferece oportunidades para todos,\u201d afirmou Tito, ressaltando a import\u00e2ncia da parceria com o governo do estadual e federal. Ele tamb\u00e9m lembrou as contribui\u00e7\u00f5es do ministro para o Oeste da Bahia e refor\u00e7ou seu compromisso com a sa\u00fade e educa\u00e7\u00e3o da cidade.<\/p>\n<p>Jusmari Oliveira, secret\u00e1ria de Desenvolvimento Urbano, destacou o momento hist\u00f3rico e o apoio da popula\u00e7\u00e3o. &#8220;Este \u00e9 um momento muito especial. Estamos aqui para devolver Barreiras aos barreirenses e construir uma cidade melhor com o apoio de Tito, Emerson e Rui Costa. A parceria entre os governos estadual e federal vai fazer Barreiras crescer ainda mais.&#8221;<\/p>\n<p>O evento reuniu uma grande multid\u00e3o e contou com a presen\u00e7a de l\u00edderes pol\u00edticos e militantes, consolidando o apoio ao projeto de Tito e Emerson para as elei\u00e7\u00f5es municipais de 6 de outubro. \u201cNossa voca\u00e7\u00e3o \u00e9 gostar de cuidar de gente. Tito e eu queremos devolver Barreiras ao povo, com uma gest\u00e3o que priorize o bem-estar e as oportunidades iguais para todos,\u201d afirmou Emerson.<\/p>\n<p>Fotos: Ricardo Oliveira<\/p>\n","protected":false},"excerpt":{"rendered":"<p>Com a presen\u00e7a do ministro da Casa Civil do governo Lula e ex-governador da Bahia por duas vezes consecutivas, Rui Costa, o candidato a prefeito de Barreiras, Tito (PT), realizou uma grande carreata e com\u00edcio na noite desta sexta-feira (20\/09). O ato pol\u00edtico marcou o lan\u00e7amento do programa Barreiras Maior, e contou com a participa\u00e7\u00e3o [&hellip;]<\/p>\n","protected":false},"author":8,"featured_media":846673,"comment_status":"closed","ping_status":"closed","sticky":false,"template":"","format":"standard","meta":[],"categories":[5,14601],"tags":[6695,858],"acf":[],"yoast_head":"<!-- This site is optimized with the Yoast SEO plugin v20.8 - https:\/\/yoast.com\/wordpress\/plugins\/seo\/ -->\n<title>COM A PRESEN\u00c7A DO MINISTRO DA CASA CIVIL E EX-GOVERNADOR DA BAHIA, RUI COSTA, TITO REALIZA GRANDE CARREATA E COM\u00cdCIO EM BARREIRAS - Bahia Economica<\/title>\n<meta name=\"description\" content=\"O maior portal de Economia da Bahia MUNIC\u00cdPIOS, Pol\u00edtica Bahia Economica A carreata partiu do bairro S\u00e3o Pedro e seguiu at\u00e9 o tradicional ponto pol\u00edtico do bairro\" \/>\n<meta name=\"robots\" content=\"index, follow, max-snippet:-1, max-image-preview:large, max-video-preview:-1\" \/>\n<link rel=\"canonical\" href=\"https:\/\/bahiaeconomica.com.br\/wp\/2024\/09\/21\/com-a-presenca-do-ministro-da-casa-civil-e-ex-governador-da-bahia-rui-costa-tito-realiza-grande-carreata-e-comicio-em-barreiras\/\" \/>\n<meta property=\"og:locale\" content=\"pt_BR\" \/>\n<meta property=\"og:type\" content=\"article\" \/>\n<meta property=\"og:title\" content=\"COM A PRESEN\u00c7A DO MINISTRO DA CASA CIVIL E EX-GOVERNADOR DA BAHIA, RUI COSTA, TITO REALIZA GRANDE CARREATA E COM\u00cdCIO EM BARREIRAS - Bahia Economica\" \/>\n<meta property=\"og:description\" content=\"O maior portal de Economia da Bahia MUNIC\u00cdPIOS, Pol\u00edtica Bahia Economica A carreata partiu do bairro S\u00e3o Pedro e seguiu at\u00e9 o tradicional ponto pol\u00edtico do bairro\" \/>\n<meta property=\"og:url\" content=\"https:\/\/bahiaeconomica.com.br\/wp\/2024\/09\/21\/com-a-presenca-do-ministro-da-casa-civil-e-ex-governador-da-bahia-rui-costa-tito-realiza-grande-carreata-e-comicio-em-barreiras\/\" \/>\n<meta property=\"og:site_name\" content=\"Bahia Economica\" \/>\n<meta property=\"article:publisher\" content=\"https:\/\/www.facebook.com\/bahiaeconomica\" \/>\n<meta property=\"article:published_time\" content=\"2024-09-21T20:57:21+00:00\" \/>\n<meta property=\"og:image\" content=\"https:\/\/bahiaeconomica.com.br\/wp\/wp-content\/uploads\/2024\/09\/WhatsApp-Image-2024-09-21-at-13.21.40.jpeg\" \/>\n\t<meta property=\"og:image:width\" content=\"1600\" \/>\n\t<meta property=\"og:image:height\" content=\"1018\" \/>\n\t<meta property=\"og:image:type\" content=\"image\/jpeg\" \/>\n<meta name=\"author\" content=\"JP\" \/>\n<meta name=\"twitter:card\" content=\"summary_large_image\" \/>\n<meta name=\"twitter:label1\" content=\"Escrito por\" \/>\n\t<meta name=\"twitter:data1\" content=\"JP\" \/>\n\t<meta name=\"twitter:label2\" content=\"Est. tempo de leitura\" \/>\n\t<meta name=\"twitter:data2\" content=\"3 minutos\" \/>\n<script type=\"application\/ld+json\" class=\"yoast-schema-graph\">{\"@context\":\"https:\/\/schema.org\",\"@graph\":[{\"@type\":\"Article\",\"@id\":\"https:\/\/bahiaeconomica.com.br\/wp\/2024\/09\/21\/com-a-presenca-do-ministro-da-casa-civil-e-ex-governador-da-bahia-rui-costa-tito-realiza-grande-carreata-e-comicio-em-barreiras\/#article\",\"isPartOf\":{\"@id\":\"https:\/\/bahiaeconomica.com.br\/wp\/2024\/09\/21\/com-a-presenca-do-ministro-da-casa-civil-e-ex-governador-da-bahia-rui-costa-tito-realiza-grande-carreata-e-comicio-em-barreiras\/\"},\"author\":{\"name\":\"JP\",\"@id\":\"https:\/\/bahiaeconomica.com.br\/wp\/#\/schema\/person\/c86d3a3f8960425a0f9d0e5245991f4e\"},\"headline\":\"COM A PRESEN\u00c7A DO MINISTRO DA CASA CIVIL E EX-GOVERNADOR DA BAHIA, RUI COSTA, TITO REALIZA GRANDE CARREATA E COM\u00cdCIO EM BARREIRAS\",\"datePublished\":\"2024-09-21T20:57:21+00:00\",\"dateModified\":\"2024-09-21T20:57:21+00:00\",\"mainEntityOfPage\":{\"@id\":\"https:\/\/bahiaeconomica.com.br\/wp\/2024\/09\/21\/com-a-presenca-do-ministro-da-casa-civil-e-ex-governador-da-bahia-rui-costa-tito-realiza-grande-carreata-e-comicio-em-barreiras\/\"},\"wordCount\":511,\"publisher\":{\"@id\":\"https:\/\/bahiaeconomica.com.br\/wp\/#organization\"},\"keywords\":[\"barreira\",\"municipio\"],\"articleSection\":[\"MUNIC\u00cdPIOS\",\"Pol\u00edtica\"],\"inLanguage\":\"pt-BR\"},{\"@type\":\"WebPage\",\"@id\":\"https:\/\/bahiaeconomica.com.br\/wp\/2024\/09\/21\/com-a-presenca-do-ministro-da-casa-civil-e-ex-governador-da-bahia-rui-costa-tito-realiza-grande-carreata-e-comicio-em-barreiras\/\",\"url\":\"https:\/\/bahiaeconomica.com.br\/wp\/2024\/09\/21\/com-a-presenca-do-ministro-da-casa-civil-e-ex-governador-da-bahia-rui-costa-tito-realiza-grande-carreata-e-comicio-em-barreiras\/\",\"name\":\"COM A PRESEN\u00c7A DO MINISTRO DA CASA CIVIL E EX-GOVERNADOR DA BAHIA, RUI COSTA, TITO REALIZA GRANDE CARREATA E COM\u00cdCIO EM BARREIRAS - Bahia Economica\",\"isPartOf\":{\"@id\":\"https:\/\/bahiaeconomica.com.br\/wp\/#website\"},\"datePublished\":\"2024-09-21T20:57:21+00:00\",\"dateModified\":\"2024-09-21T20:57:21+00:00\",\"description\":\"O maior portal de Economia da Bahia MUNIC\u00cdPIOS, Pol\u00edtica Bahia Economica A carreata partiu do bairro S\u00e3o Pedro e seguiu at\u00e9 o tradicional ponto pol\u00edtico do bairro\",\"breadcrumb\":{\"@id\":\"https:\/\/bahiaeconomica.com.br\/wp\/2024\/09\/21\/com-a-presenca-do-ministro-da-casa-civil-e-ex-governador-da-bahia-rui-costa-tito-realiza-grande-carreata-e-comicio-em-barreiras\/#breadcrumb\"},\"inLanguage\":\"pt-BR\",\"potentialAction\":[{\"@type\":\"ReadAction\",\"target\":[\"https:\/\/bahiaeconomica.com.br\/wp\/2024\/09\/21\/com-a-presenca-do-ministro-da-casa-civil-e-ex-governador-da-bahia-rui-costa-tito-realiza-grande-carreata-e-comicio-em-barreiras\/\"]}]},{\"@type\":\"BreadcrumbList\",\"@id\":\"https:\/\/bahiaeconomica.com.br\/wp\/2024\/09\/21\/com-a-presenca-do-ministro-da-casa-civil-e-ex-governador-da-bahia-rui-costa-tito-realiza-grande-carreata-e-comicio-em-barreiras\/#breadcrumb\",\"itemListElement\":[{\"@type\":\"ListItem\",\"position\":1,\"name\":\"In\u00edcio\",\"item\":\"https:\/\/bahiaeconomica.com.br\/wp\/\"},{\"@type\":\"ListItem\",\"position\":2,\"name\":\"COM A PRESEN\u00c7A DO MINISTRO DA CASA CIVIL E EX-GOVERNADOR DA BAHIA, RUI COSTA, TITO REALIZA GRANDE CARREATA E COM\u00cdCIO EM BARREIRAS\"}]},{\"@type\":\"WebSite\",\"@id\":\"https:\/\/bahiaeconomica.com.br\/wp\/#website\",\"url\":\"https:\/\/bahiaeconomica.com.br\/wp\/\",\"name\":\"Bahia Economica\",\"description\":\"O maior portal de Economia da Bahia\",\"publisher\":{\"@id\":\"https:\/\/bahiaeconomica.com.br\/wp\/#organization\"},\"potentialAction\":[{\"@type\":\"SearchAction\",\"target\":{\"@type\":\"EntryPoint\",\"urlTemplate\":\"https:\/\/bahiaeconomica.com.br\/wp\/?s={search_term_string}\"},\"query-input\":\"required name=search_term_string\"}],\"inLanguage\":\"pt-BR\"},{\"@type\":\"Organization\",\"@id\":\"https:\/\/bahiaeconomica.com.br\/wp\/#organization\",\"name\":\"Bahia Econ\u00f4mica\",\"url\":\"https:\/\/bahiaeconomica.com.br\/wp\/\",\"logo\":{\"@type\":\"ImageObject\",\"inLanguage\":\"pt-BR\",\"@id\":\"https:\/\/bahiaeconomica.com.br\/wp\/#\/schema\/logo\/image\/\",\"url\":\"https:\/\/bahiaeconomica.com.br\/wp\/wp-content\/uploads\/2020\/12\/cropped-BE.png\",\"contentUrl\":\"https:\/\/bahiaeconomica.com.br\/wp\/wp-content\/uploads\/2020\/12\/cropped-BE.png\",\"width\":512,\"height\":512,\"caption\":\"Bahia Econ\u00f4mica\"},\"image\":{\"@id\":\"https:\/\/bahiaeconomica.com.br\/wp\/#\/schema\/logo\/image\/\"},\"sameAs\":[\"https:\/\/www.facebook.com\/bahiaeconomica\"]},{\"@type\":\"Person\",\"@id\":\"https:\/\/bahiaeconomica.com.br\/wp\/#\/schema\/person\/c86d3a3f8960425a0f9d0e5245991f4e\",\"name\":\"JP\",\"sameAs\":[\"https:\/\/bahiaeconomica.com.br\/wp\/beta\/\"],\"url\":\"https:\/\/bahiaeconomica.com.br\/wp\/author\/jp\/\"}]}<\/script>\n<!-- \/ Yoast SEO plugin. -->","yoast_head_json":{"title":"COM A PRESEN\u00c7A DO MINISTRO DA CASA CIVIL E EX-GOVERNADOR DA BAHIA, RUI COSTA, TITO REALIZA GRANDE CARREATA E COM\u00cdCIO EM BARREIRAS - Bahia Economica","description":"O maior portal de Economia da Bahia MUNIC\u00cdPIOS, Pol\u00edtica Bahia Economica A carreata partiu do bairro S\u00e3o Pedro e seguiu at\u00e9 o tradicional ponto pol\u00edtico do bairro","robots":{"index":"index","follow":"follow","max-snippet":"max-snippet:-1","max-image-preview":"max-image-preview:large","max-video-preview":"max-video-preview:-1"},"canonical":"https:\/\/bahiaeconomica.com.br\/wp\/2024\/09\/21\/com-a-presenca-do-ministro-da-casa-civil-e-ex-governador-da-bahia-rui-costa-tito-realiza-grande-carreata-e-comicio-em-barreiras\/","og_locale":"pt_BR","og_type":"article","og_title":"COM A PRESEN\u00c7A DO MINISTRO DA CASA CIVIL E EX-GOVERNADOR DA BAHIA, RUI COSTA, TITO REALIZA GRANDE CARREATA E COM\u00cdCIO EM BARREIRAS - Bahia Economica","og_description":"O maior portal de Economia da Bahia MUNIC\u00cdPIOS, Pol\u00edtica Bahia Economica A carreata partiu do bairro S\u00e3o Pedro e seguiu at\u00e9 o tradicional ponto pol\u00edtico do bairro","og_url":"https:\/\/bahiaeconomica.com.br\/wp\/2024\/09\/21\/com-a-presenca-do-ministro-da-casa-civil-e-ex-governador-da-bahia-rui-costa-tito-realiza-grande-carreata-e-comicio-em-barreiras\/","og_site_name":"Bahia Economica","article_publisher":"https:\/\/www.facebook.com\/bahiaeconomica","article_published_time":"2024-09-21T20:57:21+00:00","og_image":[{"width":1600,"height":1018,"url":"https:\/\/bahiaeconomica.com.br\/wp\/wp-content\/uploads\/2024\/09\/WhatsApp-Image-2024-09-21-at-13.21.40.jpeg","type":"image\/jpeg"}],"author":"JP","twitter_card":"summary_large_image","twitter_misc":{"Escrito por":"JP","Est. tempo de leitura":"3 minutos"},"schema":{"@context":"https:\/\/schema.org","@graph":[{"@type":"Article","@id":"https:\/\/bahiaeconomica.com.br\/wp\/2024\/09\/21\/com-a-presenca-do-ministro-da-casa-civil-e-ex-governador-da-bahia-rui-costa-tito-realiza-grande-carreata-e-comicio-em-barreiras\/#article","isPartOf":{"@id":"https:\/\/bahiaeconomica.com.br\/wp\/2024\/09\/21\/com-a-presenca-do-ministro-da-casa-civil-e-ex-governador-da-bahia-rui-costa-tito-realiza-grande-carreata-e-comicio-em-barreiras\/"},"author":{"name":"JP","@id":"https:\/\/bahiaeconomica.com.br\/wp\/#\/schema\/person\/c86d3a3f8960425a0f9d0e5245991f4e"},"headline":"COM A PRESEN\u00c7A DO MINISTRO DA CASA CIVIL E EX-GOVERNADOR DA BAHIA, RUI COSTA, TITO REALIZA GRANDE CARREATA E COM\u00cdCIO EM BARREIRAS","datePublished":"2024-09-21T20:57:21+00:00","dateModified":"2024-09-21T20:57:21+00:00","mainEntityOfPage":{"@id":"https:\/\/bahiaeconomica.com.br\/wp\/2024\/09\/21\/com-a-presenca-do-ministro-da-casa-civil-e-ex-governador-da-bahia-rui-costa-tito-realiza-grande-carreata-e-comicio-em-barreiras\/"},"wordCount":511,"publisher":{"@id":"https:\/\/bahiaeconomica.com.br\/wp\/#organization"},"keywords":["barreira","municipio"],"articleSection":["MUNIC\u00cdPIOS","Pol\u00edtica"],"inLanguage":"pt-BR"},{"@type":"WebPage","@id":"https:\/\/bahiaeconomica.com.br\/wp\/2024\/09\/21\/com-a-presenca-do-ministro-da-casa-civil-e-ex-governador-da-bahia-rui-costa-tito-realiza-grande-carreata-e-comicio-em-barreiras\/","url":"https:\/\/bahiaeconomica.com.br\/wp\/2024\/09\/21\/com-a-presenca-do-ministro-da-casa-civil-e-ex-governador-da-bahia-rui-costa-tito-realiza-grande-carreata-e-comicio-em-barreiras\/","name":"COM A PRESEN\u00c7A DO MINISTRO DA CASA CIVIL E EX-GOVERNADOR DA BAHIA, RUI COSTA, TITO REALIZA GRANDE CARREATA E COM\u00cdCIO EM BARREIRAS - Bahia Economica","isPartOf":{"@id":"https:\/\/bahiaeconomica.com.br\/wp\/#website"},"datePublished":"2024-09-21T20:57:21+00:00","dateModified":"2024-09-21T20:57:21+00:00","description":"O maior portal de Economia da Bahia MUNIC\u00cdPIOS, Pol\u00edtica Bahia Economica A carreata partiu do bairro S\u00e3o Pedro e seguiu at\u00e9 o tradicional ponto pol\u00edtico do bairro","breadcrumb":{"@id":"https:\/\/bahiaeconomica.com.br\/wp\/2024\/09\/21\/com-a-presenca-do-ministro-da-casa-civil-e-ex-governador-da-bahia-rui-costa-tito-realiza-grande-carreata-e-comicio-em-barreiras\/#breadcrumb"},"inLanguage":"pt-BR","potentialAction":[{"@type":"ReadAction","target":["https:\/\/bahiaeconomica.com.br\/wp\/2024\/09\/21\/com-a-presenca-do-ministro-da-casa-civil-e-ex-governador-da-bahia-rui-costa-tito-realiza-grande-carreata-e-comicio-em-barreiras\/"]}]},{"@type":"BreadcrumbList","@id":"https:\/\/bahiaeconomica.com.br\/wp\/2024\/09\/21\/com-a-presenca-do-ministro-da-casa-civil-e-ex-governador-da-bahia-rui-costa-tito-realiza-grande-carreata-e-comicio-em-barreiras\/#breadcrumb","itemListElement":[{"@type":"ListItem","position":1,"name":"In\u00edcio","item":"https:\/\/bahiaeconomica.com.br\/wp\/"},{"@type":"ListItem","position":2,"name":"COM A PRESEN\u00c7A DO MINISTRO DA CASA CIVIL E EX-GOVERNADOR DA BAHIA, RUI COSTA, TITO REALIZA GRANDE CARREATA E COM\u00cdCIO EM BARREIRAS"}]},{"@type":"WebSite","@id":"https:\/\/bahiaeconomica.com.br\/wp\/#website","url":"https:\/\/bahiaeconomica.com.br\/wp\/","name":"Bahia Economica","description":"O maior portal de Economia da Bahia","publisher":{"@id":"https:\/\/bahiaeconomica.com.br\/wp\/#organization"},"potentialAction":[{"@type":"SearchAction","target":{"@type":"EntryPoint","urlTemplate":"https:\/\/bahiaeconomica.com.br\/wp\/?s={search_term_string}"},"query-input":"required name=search_term_string"}],"inLanguage":"pt-BR"},{"@type":"Organization","@id":"https:\/\/bahiaeconomica.com.br\/wp\/#organization","name":"Bahia Econ\u00f4mica","url":"https:\/\/bahiaeconomica.com.br\/wp\/","logo":{"@type":"ImageObject","inLanguage":"pt-BR","@id":"https:\/\/bahiaeconomica.com.br\/wp\/#\/schema\/logo\/image\/","url":"https:\/\/bahiaeconomica.com.br\/wp\/wp-content\/uploads\/2020\/12\/cropped-BE.png","contentUrl":"https:\/\/bahiaeconomica.com.br\/wp\/wp-content\/uploads\/2020\/12\/cropped-BE.png","width":512,"height":512,"caption":"Bahia Econ\u00f4mica"},"image":{"@id":"https:\/\/bahiaeconomica.com.br\/wp\/#\/schema\/logo\/image\/"},"sameAs":["https:\/\/www.facebook.com\/bahiaeconomica"]},{"@type":"Person","@id":"https:\/\/bahiaeconomica.com.br\/wp\/#\/schema\/person\/c86d3a3f8960425a0f9d0e5245991f4e","name":"JP","sameAs":["https:\/\/bahiaeconomica.com.br\/wp\/beta\/"],"url":"https:\/\/bahiaeconomica.com.br\/wp\/author\/jp\/"}]}},"views":33,"_links":{"self":[{"href":"https:\/\/bahiaeconomica.com.br\/wp\/wp-json\/wp\/v2\/posts\/846672"}],"collection":[{"href":"https:\/\/bahiaeconomica.com.br\/wp\/wp-json\/wp\/v2\/posts"}],"about":[{"href":"https:\/\/bahiaeconomica.com.br\/wp\/wp-json\/wp\/v2\/types\/post"}],"author":[{"embeddable":true,"href":"https:\/\/bahiaeconomica.com.br\/wp\/wp-json\/wp\/v2\/users\/8"}],"replies":[{"embeddable":true,"href":"https:\/\/bahiaeconomica.com.br\/wp\/wp-json\/wp\/v2\/comments?post=846672"}],"version-history":[{"count":1,"href":"https:\/\/bahiaeconomica.com.br\/wp\/wp-json\/wp\/v2\/posts\/846672\/revisions"}],"predecessor-version":[{"id":846674,"href":"https:\/\/bahiaeconomica.com.br\/wp\/wp-json\/wp\/v2\/posts\/846672\/revisions\/846674"}],"wp:featuredmedia":[{"embeddable":true,"href":"https:\/\/bahiaeconomica.com.br\/wp\/wp-json\/wp\/v2\/media\/846673"}],"wp:attachment":[{"href":"https:\/\/bahiaeconomica.com.br\/wp\/wp-json\/wp\/v2\/media?parent=846672"}],"wp:term":[{"taxonomy":"category","embeddable":true,"href":"https:\/\/bahiaeconomica.com.br\/wp\/wp-json\/wp\/v2\/categories?post=846672"},{"taxonomy":"post_tag","embeddable":true,"href":"https:\/\/bahiaeconomica.com.br\/wp\/wp-json\/wp\/v2\/tags?post=846672"}],"curies":[{"name":"wp","href":"https:\/\/api.w.org\/{rel}","templated":true}]}}