{"id":846409,"date":"2024-09-20T07:20:08","date_gmt":"2024-09-20T10:20:08","guid":{"rendered":"https:\/\/bahiaeconomica.com.br\/wp\/?p=846409"},"modified":"2024-09-20T07:09:13","modified_gmt":"2024-09-20T10:09:13","slug":"ludmilla-fiscina-apresenta-mocoes-em-homenagem-aos-municipios-de-euclides-da-cunha-e-ribeira-do-pombal-na-alba","status":"publish","type":"post","link":"https:\/\/bahiaeconomica.com.br\/wp\/2024\/09\/20\/ludmilla-fiscina-apresenta-mocoes-em-homenagem-aos-municipios-de-euclides-da-cunha-e-ribeira-do-pombal-na-alba\/","title":{"rendered":"LUDMILLA FISCINA APRESENTA MO\u00c7\u00d5ES EM HOMENAGEM AOS MUNIC\u00cdPIOS DE EUCLIDES DA CUNHA E RIBEIRA DO POMBAL NA ALBA"},"content":{"rendered":"<p>A deputada estadual Ludmilla Fiscina (PV) apresentou duas mo\u00e7\u00f5es de congratula\u00e7\u00e3o na Assembleia Legislativa da Bahia (ALBA), destacando os anivers\u00e1rios de emancipa\u00e7\u00e3o pol\u00edtica dos munic\u00edpios de Euclides da Cunha e Ribeira do Pombal, comemorados hoje (19). A primeira mo\u00e7\u00e3o, em homenagem a Euclides da Cunha, celebra os 91 anos de emancipa\u00e7\u00e3o do munic\u00edpio, cuja hist\u00f3ria remonta ao s\u00e9culo XIX, com a funda\u00e7\u00e3o da Fazenda Cumbe e a presen\u00e7a dos \u00edndios Caimb\u00e9s. Ao longo dos anos, Euclides da Cunha, que hoje conta com mais de 61 mil habitantes, tornou-se um importante centro econ\u00f4mico e cultural na regi\u00e3o, com base na agricultura e pecu\u00e1ria. O munic\u00edpio recebeu esse nome em homenagem ao escritor e engenheiro militar Euclides da Cunha, autor de &#8220;Os Sert\u00f5es&#8221;.<\/p>\n<p>Na segunda mo\u00e7\u00e3o, Ludmilla Fiscina congratulou o munic\u00edpio de Ribeira do Pombal por seus 91 anos de hist\u00f3ria desde sua emancipa\u00e7\u00e3o, ressaltando a import\u00e2ncia hist\u00f3rica da regi\u00e3o, que come\u00e7ou como uma aldeia de \u00edndios Quiriris catequizados por padres jesu\u00edtas. A deputada destacou a contribui\u00e7\u00e3o do munic\u00edpio para o desenvolvimento da regi\u00e3o do semi\u00e1rido baiano e a relev\u00e2ncia de sua localiza\u00e7\u00e3o estrat\u00e9gica, pr\u00f3xima \u00e0 Bacia do Rio Itapicuru. Atualmente, Ribeira do Pombal conta com mais de 54 mil habitantes. As mo\u00e7\u00f5es refletem o compromisso da deputada Ludmilla Fiscina em reconhecer e valorizar as conquistas e o patrim\u00f4nio hist\u00f3rico dos munic\u00edpios baianos, refor\u00e7ando a import\u00e2ncia de preservar a mem\u00f3ria e celebrar o desenvolvimento das comunidades.<\/p>\n<p>Foto: Alu\u00edsio Neto<\/p>\n","protected":false},"excerpt":{"rendered":"<p>A deputada estadual Ludmilla Fiscina (PV) apresentou duas mo\u00e7\u00f5es de congratula\u00e7\u00e3o na Assembleia Legislativa da Bahia (ALBA), destacando os anivers\u00e1rios de emancipa\u00e7\u00e3o pol\u00edtica dos munic\u00edpios de Euclides da Cunha e Ribeira do Pombal, comemorados hoje (19). A primeira mo\u00e7\u00e3o, em homenagem a Euclides da Cunha, celebra os 91 anos de emancipa\u00e7\u00e3o do munic\u00edpio, cuja hist\u00f3ria [&hellip;]<\/p>\n","protected":false},"author":8,"featured_media":846410,"comment_status":"closed","ping_status":"closed","sticky":false,"template":"","format":"standard","meta":[],"categories":[5,14601],"tags":[52,13043,1176,100],"acf":[],"yoast_head":"<!-- This site is optimized with the Yoast SEO plugin v20.8 - https:\/\/yoast.com\/wordpress\/plugins\/seo\/ -->\n<title>LUDMILLA FISCINA APRESENTA MO\u00c7\u00d5ES EM HOMENAGEM AOS MUNIC\u00cdPIOS DE EUCLIDES DA CUNHA E RIBEIRA DO POMBAL NA ALBA - Bahia Economica<\/title>\n<meta name=\"description\" content=\"O maior portal de Economia da Bahia MUNIC\u00cdPIOS, Pol\u00edtica Bahia Economica deputada estadual Ludmilla Fiscina (PV) apresentou duas mo\u00e7\u00f5es de congratula\u00e7\u00e3o\" \/>\n<meta name=\"robots\" content=\"index, follow, max-snippet:-1, max-image-preview:large, max-video-preview:-1\" \/>\n<link rel=\"canonical\" href=\"https:\/\/bahiaeconomica.com.br\/wp\/2024\/09\/20\/ludmilla-fiscina-apresenta-mocoes-em-homenagem-aos-municipios-de-euclides-da-cunha-e-ribeira-do-pombal-na-alba\/\" \/>\n<meta property=\"og:locale\" content=\"pt_BR\" \/>\n<meta property=\"og:type\" content=\"article\" \/>\n<meta property=\"og:title\" content=\"LUDMILLA FISCINA APRESENTA MO\u00c7\u00d5ES EM HOMENAGEM AOS MUNIC\u00cdPIOS DE EUCLIDES DA CUNHA E RIBEIRA DO POMBAL NA ALBA - Bahia Economica\" \/>\n<meta property=\"og:description\" content=\"O maior portal de Economia da Bahia MUNIC\u00cdPIOS, Pol\u00edtica Bahia Economica deputada estadual Ludmilla Fiscina (PV) apresentou duas mo\u00e7\u00f5es de congratula\u00e7\u00e3o\" \/>\n<meta property=\"og:url\" content=\"https:\/\/bahiaeconomica.com.br\/wp\/2024\/09\/20\/ludmilla-fiscina-apresenta-mocoes-em-homenagem-aos-municipios-de-euclides-da-cunha-e-ribeira-do-pombal-na-alba\/\" \/>\n<meta property=\"og:site_name\" content=\"Bahia Economica\" \/>\n<meta property=\"article:publisher\" content=\"https:\/\/www.facebook.com\/bahiaeconomica\" \/>\n<meta property=\"article:published_time\" content=\"2024-09-20T10:20:08+00:00\" \/>\n<meta property=\"article:modified_time\" content=\"2024-09-20T10:09:13+00:00\" \/>\n<meta property=\"og:image\" content=\"https:\/\/bahiaeconomica.com.br\/wp\/wp-content\/uploads\/2024\/09\/WhatsApp-Image-2024-09-19-at-16.56.29.jpeg\" \/>\n\t<meta property=\"og:image:width\" content=\"1600\" \/>\n\t<meta property=\"og:image:height\" content=\"1244\" \/>\n\t<meta property=\"og:image:type\" content=\"image\/jpeg\" \/>\n<meta name=\"author\" content=\"JP\" \/>\n<meta name=\"twitter:card\" content=\"summary_large_image\" \/>\n<meta name=\"twitter:label1\" content=\"Escrito por\" \/>\n\t<meta name=\"twitter:data1\" content=\"JP\" \/>\n\t<meta name=\"twitter:label2\" content=\"Est. tempo de leitura\" \/>\n\t<meta name=\"twitter:data2\" content=\"2 minutos\" \/>\n<script type=\"application\/ld+json\" class=\"yoast-schema-graph\">{\"@context\":\"https:\/\/schema.org\",\"@graph\":[{\"@type\":\"Article\",\"@id\":\"https:\/\/bahiaeconomica.com.br\/wp\/2024\/09\/20\/ludmilla-fiscina-apresenta-mocoes-em-homenagem-aos-municipios-de-euclides-da-cunha-e-ribeira-do-pombal-na-alba\/#article\",\"isPartOf\":{\"@id\":\"https:\/\/bahiaeconomica.com.br\/wp\/2024\/09\/20\/ludmilla-fiscina-apresenta-mocoes-em-homenagem-aos-municipios-de-euclides-da-cunha-e-ribeira-do-pombal-na-alba\/\"},\"author\":{\"name\":\"JP\",\"@id\":\"https:\/\/bahiaeconomica.com.br\/wp\/#\/schema\/person\/c86d3a3f8960425a0f9d0e5245991f4e\"},\"headline\":\"LUDMILLA FISCINA APRESENTA MO\u00c7\u00d5ES EM HOMENAGEM AOS MUNIC\u00cdPIOS DE EUCLIDES DA CUNHA E RIBEIRA DO POMBAL NA ALBA\",\"datePublished\":\"2024-09-20T10:20:08+00:00\",\"dateModified\":\"2024-09-20T10:09:13+00:00\",\"mainEntityOfPage\":{\"@id\":\"https:\/\/bahiaeconomica.com.br\/wp\/2024\/09\/20\/ludmilla-fiscina-apresenta-mocoes-em-homenagem-aos-municipios-de-euclides-da-cunha-e-ribeira-do-pombal-na-alba\/\"},\"wordCount\":295,\"publisher\":{\"@id\":\"https:\/\/bahiaeconomica.com.br\/wp\/#organization\"},\"keywords\":[\"Brasil\",\"ludmila\",\"mudan\u00e7a\",\"Pol\u00edtica\"],\"articleSection\":[\"MUNIC\u00cdPIOS\",\"Pol\u00edtica\"],\"inLanguage\":\"pt-BR\"},{\"@type\":\"WebPage\",\"@id\":\"https:\/\/bahiaeconomica.com.br\/wp\/2024\/09\/20\/ludmilla-fiscina-apresenta-mocoes-em-homenagem-aos-municipios-de-euclides-da-cunha-e-ribeira-do-pombal-na-alba\/\",\"url\":\"https:\/\/bahiaeconomica.com.br\/wp\/2024\/09\/20\/ludmilla-fiscina-apresenta-mocoes-em-homenagem-aos-municipios-de-euclides-da-cunha-e-ribeira-do-pombal-na-alba\/\",\"name\":\"LUDMILLA FISCINA APRESENTA MO\u00c7\u00d5ES EM HOMENAGEM AOS MUNIC\u00cdPIOS DE EUCLIDES DA CUNHA E RIBEIRA DO POMBAL NA ALBA - Bahia Economica\",\"isPartOf\":{\"@id\":\"https:\/\/bahiaeconomica.com.br\/wp\/#website\"},\"datePublished\":\"2024-09-20T10:20:08+00:00\",\"dateModified\":\"2024-09-20T10:09:13+00:00\",\"description\":\"O maior portal de Economia da Bahia MUNIC\u00cdPIOS, Pol\u00edtica Bahia Economica deputada estadual Ludmilla Fiscina (PV) apresentou duas mo\u00e7\u00f5es de congratula\u00e7\u00e3o\",\"breadcrumb\":{\"@id\":\"https:\/\/bahiaeconomica.com.br\/wp\/2024\/09\/20\/ludmilla-fiscina-apresenta-mocoes-em-homenagem-aos-municipios-de-euclides-da-cunha-e-ribeira-do-pombal-na-alba\/#breadcrumb\"},\"inLanguage\":\"pt-BR\",\"potentialAction\":[{\"@type\":\"ReadAction\",\"target\":[\"https:\/\/bahiaeconomica.com.br\/wp\/2024\/09\/20\/ludmilla-fiscina-apresenta-mocoes-em-homenagem-aos-municipios-de-euclides-da-cunha-e-ribeira-do-pombal-na-alba\/\"]}]},{\"@type\":\"BreadcrumbList\",\"@id\":\"https:\/\/bahiaeconomica.com.br\/wp\/2024\/09\/20\/ludmilla-fiscina-apresenta-mocoes-em-homenagem-aos-municipios-de-euclides-da-cunha-e-ribeira-do-pombal-na-alba\/#breadcrumb\",\"itemListElement\":[{\"@type\":\"ListItem\",\"position\":1,\"name\":\"In\u00edcio\",\"item\":\"https:\/\/bahiaeconomica.com.br\/wp\/\"},{\"@type\":\"ListItem\",\"position\":2,\"name\":\"LUDMILLA FISCINA APRESENTA MO\u00c7\u00d5ES EM HOMENAGEM AOS MUNIC\u00cdPIOS DE EUCLIDES DA CUNHA E RIBEIRA DO POMBAL NA ALBA\"}]},{\"@type\":\"WebSite\",\"@id\":\"https:\/\/bahiaeconomica.com.br\/wp\/#website\",\"url\":\"https:\/\/bahiaeconomica.com.br\/wp\/\",\"name\":\"Bahia Economica\",\"description\":\"O maior portal de Economia da Bahia\",\"publisher\":{\"@id\":\"https:\/\/bahiaeconomica.com.br\/wp\/#organization\"},\"potentialAction\":[{\"@type\":\"SearchAction\",\"target\":{\"@type\":\"EntryPoint\",\"urlTemplate\":\"https:\/\/bahiaeconomica.com.br\/wp\/?s={search_term_string}\"},\"query-input\":\"required name=search_term_string\"}],\"inLanguage\":\"pt-BR\"},{\"@type\":\"Organization\",\"@id\":\"https:\/\/bahiaeconomica.com.br\/wp\/#organization\",\"name\":\"Bahia Econ\u00f4mica\",\"url\":\"https:\/\/bahiaeconomica.com.br\/wp\/\",\"logo\":{\"@type\":\"ImageObject\",\"inLanguage\":\"pt-BR\",\"@id\":\"https:\/\/bahiaeconomica.com.br\/wp\/#\/schema\/logo\/image\/\",\"url\":\"https:\/\/bahiaeconomica.com.br\/wp\/wp-content\/uploads\/2020\/12\/cropped-BE.png\",\"contentUrl\":\"https:\/\/bahiaeconomica.com.br\/wp\/wp-content\/uploads\/2020\/12\/cropped-BE.png\",\"width\":512,\"height\":512,\"caption\":\"Bahia Econ\u00f4mica\"},\"image\":{\"@id\":\"https:\/\/bahiaeconomica.com.br\/wp\/#\/schema\/logo\/image\/\"},\"sameAs\":[\"https:\/\/www.facebook.com\/bahiaeconomica\"]},{\"@type\":\"Person\",\"@id\":\"https:\/\/bahiaeconomica.com.br\/wp\/#\/schema\/person\/c86d3a3f8960425a0f9d0e5245991f4e\",\"name\":\"JP\",\"sameAs\":[\"https:\/\/bahiaeconomica.com.br\/wp\/beta\/\"],\"url\":\"https:\/\/bahiaeconomica.com.br\/wp\/author\/jp\/\"}]}<\/script>\n<!-- \/ Yoast SEO plugin. -->","yoast_head_json":{"title":"LUDMILLA FISCINA APRESENTA MO\u00c7\u00d5ES EM HOMENAGEM AOS MUNIC\u00cdPIOS DE EUCLIDES DA CUNHA E RIBEIRA DO POMBAL NA ALBA - Bahia Economica","description":"O maior portal de Economia da Bahia MUNIC\u00cdPIOS, Pol\u00edtica Bahia Economica deputada estadual Ludmilla Fiscina (PV) apresentou duas mo\u00e7\u00f5es de congratula\u00e7\u00e3o","robots":{"index":"index","follow":"follow","max-snippet":"max-snippet:-1","max-image-preview":"max-image-preview:large","max-video-preview":"max-video-preview:-1"},"canonical":"https:\/\/bahiaeconomica.com.br\/wp\/2024\/09\/20\/ludmilla-fiscina-apresenta-mocoes-em-homenagem-aos-municipios-de-euclides-da-cunha-e-ribeira-do-pombal-na-alba\/","og_locale":"pt_BR","og_type":"article","og_title":"LUDMILLA FISCINA APRESENTA MO\u00c7\u00d5ES EM HOMENAGEM AOS MUNIC\u00cdPIOS DE EUCLIDES DA CUNHA E RIBEIRA DO POMBAL NA ALBA - Bahia Economica","og_description":"O maior portal de Economia da Bahia MUNIC\u00cdPIOS, Pol\u00edtica Bahia Economica deputada estadual Ludmilla Fiscina (PV) apresentou duas mo\u00e7\u00f5es de congratula\u00e7\u00e3o","og_url":"https:\/\/bahiaeconomica.com.br\/wp\/2024\/09\/20\/ludmilla-fiscina-apresenta-mocoes-em-homenagem-aos-municipios-de-euclides-da-cunha-e-ribeira-do-pombal-na-alba\/","og_site_name":"Bahia Economica","article_publisher":"https:\/\/www.facebook.com\/bahiaeconomica","article_published_time":"2024-09-20T10:20:08+00:00","article_modified_time":"2024-09-20T10:09:13+00:00","og_image":[{"width":1600,"height":1244,"url":"https:\/\/bahiaeconomica.com.br\/wp\/wp-content\/uploads\/2024\/09\/WhatsApp-Image-2024-09-19-at-16.56.29.jpeg","type":"image\/jpeg"}],"author":"JP","twitter_card":"summary_large_image","twitter_misc":{"Escrito por":"JP","Est. tempo de leitura":"2 minutos"},"schema":{"@context":"https:\/\/schema.org","@graph":[{"@type":"Article","@id":"https:\/\/bahiaeconomica.com.br\/wp\/2024\/09\/20\/ludmilla-fiscina-apresenta-mocoes-em-homenagem-aos-municipios-de-euclides-da-cunha-e-ribeira-do-pombal-na-alba\/#article","isPartOf":{"@id":"https:\/\/bahiaeconomica.com.br\/wp\/2024\/09\/20\/ludmilla-fiscina-apresenta-mocoes-em-homenagem-aos-municipios-de-euclides-da-cunha-e-ribeira-do-pombal-na-alba\/"},"author":{"name":"JP","@id":"https:\/\/bahiaeconomica.com.br\/wp\/#\/schema\/person\/c86d3a3f8960425a0f9d0e5245991f4e"},"headline":"LUDMILLA FISCINA APRESENTA MO\u00c7\u00d5ES EM HOMENAGEM AOS MUNIC\u00cdPIOS DE EUCLIDES DA CUNHA E RIBEIRA DO POMBAL NA ALBA","datePublished":"2024-09-20T10:20:08+00:00","dateModified":"2024-09-20T10:09:13+00:00","mainEntityOfPage":{"@id":"https:\/\/bahiaeconomica.com.br\/wp\/2024\/09\/20\/ludmilla-fiscina-apresenta-mocoes-em-homenagem-aos-municipios-de-euclides-da-cunha-e-ribeira-do-pombal-na-alba\/"},"wordCount":295,"publisher":{"@id":"https:\/\/bahiaeconomica.com.br\/wp\/#organization"},"keywords":["Brasil","ludmila","mudan\u00e7a","Pol\u00edtica"],"articleSection":["MUNIC\u00cdPIOS","Pol\u00edtica"],"inLanguage":"pt-BR"},{"@type":"WebPage","@id":"https:\/\/bahiaeconomica.com.br\/wp\/2024\/09\/20\/ludmilla-fiscina-apresenta-mocoes-em-homenagem-aos-municipios-de-euclides-da-cunha-e-ribeira-do-pombal-na-alba\/","url":"https:\/\/bahiaeconomica.com.br\/wp\/2024\/09\/20\/ludmilla-fiscina-apresenta-mocoes-em-homenagem-aos-municipios-de-euclides-da-cunha-e-ribeira-do-pombal-na-alba\/","name":"LUDMILLA FISCINA APRESENTA MO\u00c7\u00d5ES EM HOMENAGEM AOS MUNIC\u00cdPIOS DE EUCLIDES DA CUNHA E RIBEIRA DO POMBAL NA ALBA - Bahia Economica","isPartOf":{"@id":"https:\/\/bahiaeconomica.com.br\/wp\/#website"},"datePublished":"2024-09-20T10:20:08+00:00","dateModified":"2024-09-20T10:09:13+00:00","description":"O maior portal de Economia da Bahia MUNIC\u00cdPIOS, Pol\u00edtica Bahia Economica deputada estadual Ludmilla Fiscina (PV) apresentou duas mo\u00e7\u00f5es de congratula\u00e7\u00e3o","breadcrumb":{"@id":"https:\/\/bahiaeconomica.com.br\/wp\/2024\/09\/20\/ludmilla-fiscina-apresenta-mocoes-em-homenagem-aos-municipios-de-euclides-da-cunha-e-ribeira-do-pombal-na-alba\/#breadcrumb"},"inLanguage":"pt-BR","potentialAction":[{"@type":"ReadAction","target":["https:\/\/bahiaeconomica.com.br\/wp\/2024\/09\/20\/ludmilla-fiscina-apresenta-mocoes-em-homenagem-aos-municipios-de-euclides-da-cunha-e-ribeira-do-pombal-na-alba\/"]}]},{"@type":"BreadcrumbList","@id":"https:\/\/bahiaeconomica.com.br\/wp\/2024\/09\/20\/ludmilla-fiscina-apresenta-mocoes-em-homenagem-aos-municipios-de-euclides-da-cunha-e-ribeira-do-pombal-na-alba\/#breadcrumb","itemListElement":[{"@type":"ListItem","position":1,"name":"In\u00edcio","item":"https:\/\/bahiaeconomica.com.br\/wp\/"},{"@type":"ListItem","position":2,"name":"LUDMILLA FISCINA APRESENTA MO\u00c7\u00d5ES EM HOMENAGEM AOS MUNIC\u00cdPIOS DE EUCLIDES DA CUNHA E RIBEIRA DO POMBAL NA ALBA"}]},{"@type":"WebSite","@id":"https:\/\/bahiaeconomica.com.br\/wp\/#website","url":"https:\/\/bahiaeconomica.com.br\/wp\/","name":"Bahia Economica","description":"O maior portal de Economia da Bahia","publisher":{"@id":"https:\/\/bahiaeconomica.com.br\/wp\/#organization"},"potentialAction":[{"@type":"SearchAction","target":{"@type":"EntryPoint","urlTemplate":"https:\/\/bahiaeconomica.com.br\/wp\/?s={search_term_string}"},"query-input":"required name=search_term_string"}],"inLanguage":"pt-BR"},{"@type":"Organization","@id":"https:\/\/bahiaeconomica.com.br\/wp\/#organization","name":"Bahia Econ\u00f4mica","url":"https:\/\/bahiaeconomica.com.br\/wp\/","logo":{"@type":"ImageObject","inLanguage":"pt-BR","@id":"https:\/\/bahiaeconomica.com.br\/wp\/#\/schema\/logo\/image\/","url":"https:\/\/bahiaeconomica.com.br\/wp\/wp-content\/uploads\/2020\/12\/cropped-BE.png","contentUrl":"https:\/\/bahiaeconomica.com.br\/wp\/wp-content\/uploads\/2020\/12\/cropped-BE.png","width":512,"height":512,"caption":"Bahia Econ\u00f4mica"},"image":{"@id":"https:\/\/bahiaeconomica.com.br\/wp\/#\/schema\/logo\/image\/"},"sameAs":["https:\/\/www.facebook.com\/bahiaeconomica"]},{"@type":"Person","@id":"https:\/\/bahiaeconomica.com.br\/wp\/#\/schema\/person\/c86d3a3f8960425a0f9d0e5245991f4e","name":"JP","sameAs":["https:\/\/bahiaeconomica.com.br\/wp\/beta\/"],"url":"https:\/\/bahiaeconomica.com.br\/wp\/author\/jp\/"}]}},"views":38,"_links":{"self":[{"href":"https:\/\/bahiaeconomica.com.br\/wp\/wp-json\/wp\/v2\/posts\/846409"}],"collection":[{"href":"https:\/\/bahiaeconomica.com.br\/wp\/wp-json\/wp\/v2\/posts"}],"about":[{"href":"https:\/\/bahiaeconomica.com.br\/wp\/wp-json\/wp\/v2\/types\/post"}],"author":[{"embeddable":true,"href":"https:\/\/bahiaeconomica.com.br\/wp\/wp-json\/wp\/v2\/users\/8"}],"replies":[{"embeddable":true,"href":"https:\/\/bahiaeconomica.com.br\/wp\/wp-json\/wp\/v2\/comments?post=846409"}],"version-history":[{"count":1,"href":"https:\/\/bahiaeconomica.com.br\/wp\/wp-json\/wp\/v2\/posts\/846409\/revisions"}],"predecessor-version":[{"id":846411,"href":"https:\/\/bahiaeconomica.com.br\/wp\/wp-json\/wp\/v2\/posts\/846409\/revisions\/846411"}],"wp:featuredmedia":[{"embeddable":true,"href":"https:\/\/bahiaeconomica.com.br\/wp\/wp-json\/wp\/v2\/media\/846410"}],"wp:attachment":[{"href":"https:\/\/bahiaeconomica.com.br\/wp\/wp-json\/wp\/v2\/media?parent=846409"}],"wp:term":[{"taxonomy":"category","embeddable":true,"href":"https:\/\/bahiaeconomica.com.br\/wp\/wp-json\/wp\/v2\/categories?post=846409"},{"taxonomy":"post_tag","embeddable":true,"href":"https:\/\/bahiaeconomica.com.br\/wp\/wp-json\/wp\/v2\/tags?post=846409"}],"curies":[{"name":"wp","href":"https:\/\/api.w.org\/{rel}","templated":true}]}}