{"id":846235,"date":"2024-09-19T10:40:50","date_gmt":"2024-09-19T13:40:50","guid":{"rendered":"https:\/\/bahiaeconomica.com.br\/wp\/?p=846235"},"modified":"2024-09-19T10:53:41","modified_gmt":"2024-09-19T13:53:41","slug":"oncologista-clarissa-mathias-toma-posse-na-academia-de-medicina-da-bahia","status":"publish","type":"post","link":"https:\/\/bahiaeconomica.com.br\/wp\/2024\/09\/19\/oncologista-clarissa-mathias-toma-posse-na-academia-de-medicina-da-bahia\/","title":{"rendered":"ONCOLOGISTA CLARISSA MATHIAS TOMA POSSE NA ACADEMIA DE MEDICINA DA BAHIA"},"content":{"rendered":"<p>Refer\u00eancia mundial no combate ao c\u00e2ncer de pulm\u00e3o, a oncologista baiana Clarissa Mathias, l\u00edder do Cancer Center HSI Oncocl\u00ednicas, tornou-se imortal da Academia de Medicina da Bahia. Ela assumiu, como Membro Titular, a Cadeira de n\u00famero 5, que tem como Patrono o Prof. Dr. \u00c1lvaro de Carvalho e como \u00faltimo ocupante o Acad\u00eamico Prof. Dr. Ricardo Ribeiro dos Santos. A solenidade de posse aconteceu nesta ter\u00e7a (17), no Sal\u00e3o Nobre da Faculdade de Medicina da Bahia, onde a m\u00e9dica foi saudada pelo Acad\u00eamico Antonio Carlos Vieira Lopes.<\/p>\n<p>&#8220;\u00c9 uma imensa alegria e honra ocupar uma Cadeira da Academia e ampliar minhas possibilidades de contribuir para os avan\u00e7os da medicina e da equidade de acesso aos tratamentos&#8221;, declara Clarissa Mathias. A oncologista, que \u00e9 refer\u00eancia em medicina humanizada, destacou: &#8220;sou a primog\u00eanita de um av\u00f4, m\u00e9dico, Eduardo Dantas de Cerqueira, professor da Universidade Federal da Bahia e da Escola Baiana de Medicina e ex-ocupante da Cadeira de n\u00famero 7 desta Academia. Desde os 7 anos de idade eu j\u00e1 dizia que seria m\u00e9dica. Quando decidi ingressar na Faculdade, meus pais, a princ\u00edpio, se assustaram porque meu av\u00f4 sempre desencorajou seus filhos a serem m\u00e9dicos. Ele afirmava que os &#8216;m\u00e9dicos modernos&#8217; n\u00e3o tinham tanta compaix\u00e3o como quando ele praticava Medicina. Mesmo contrariando a sua vontade, eu resolvi seguir a profiss\u00e3o. Hoje, olhando retrospectivamente, n\u00e3o faria outra escolha. Tenho absoluta certeza de que esse \u00e9 o meu prop\u00f3sito e esse \u00e9 a minha miss\u00e3o.&#8221;<\/p>\n<p>Fundada em 1958, a Academia de Medicina da Bahia tem como miss\u00e3o apoiar e estimular a educa\u00e7\u00e3o e pesquisa cientifica e desenvolver a\u00e7\u00f5es de cultura geral e human\u00edsticas relacionadas \u00e0 \u00e1rea de sa\u00fade. Sua sede fica na Faculdade de Medicina da Bahia, a primeira escola m\u00e9dica do pa\u00eds, no Terreiro de Jesus, Centro Hist\u00f3rico de Salvador.<\/p>\n<p>Sobre a Prof. Dra. Clarissa Mathias<\/p>\n<p>Primeira brasileira a ocupar uma diretoria da Sociedade Americana de Oncologia Cl\u00ednica (ASCO), a m\u00e9dica baiana Clarissa Mathias, l\u00edder do Cancer Center HSI Oncocl\u00ednicas e pesquisadora do Instituto Oncocl\u00ednicas, \u00e9 um dos principais nomes mundiais na pesquisa e desenvolvimento de a\u00e7\u00f5es voltadas ao controle do c\u00e2ncer de pulm\u00e3o.<\/p>\n<p>Considerada uma das vozes mais ativas na luta pela equidade de acesso ao diagn\u00f3stico e terapias no controle do c\u00e2ncer, ao longo de sua trajet\u00f3ria Clarissa soma importantes contribui\u00e7\u00f5es para os setores p\u00fablico e privado de sa\u00fade, tendo, entre outros cargos, sido presidente da Sociedade Brasileira de Oncologia Cl\u00ednica (Sboc), Presidente do Grupo Brasileiro de Oncologia Tor\u00e1cica (GBOT), e Presidente do Comit\u00ea Internacional da Sociedade Americana de Oncologia Cl\u00ednica (Asco). Atualmente, ela tamb\u00e9m comp\u00f5e o Comit\u00ea de Mulheres para Oncologia da Sociedade Europeia de Oncologia M\u00e9dica (Esmo).<\/p>\n<p>Cr\u00e9dito das fotos: @betinaemarcelo_fotos<\/p>\n","protected":false},"excerpt":{"rendered":"<p>Refer\u00eancia mundial no combate ao c\u00e2ncer de pulm\u00e3o, a oncologista baiana Clarissa Mathias, l\u00edder do Cancer Center HSI Oncocl\u00ednicas, tornou-se imortal da Academia de Medicina da Bahia. Ela assumiu, como Membro Titular, a Cadeira de n\u00famero 5, que tem como Patrono o Prof. Dr. \u00c1lvaro de Carvalho e como \u00faltimo ocupante o Acad\u00eamico Prof. Dr. [&hellip;]<\/p>\n","protected":false},"author":8,"featured_media":846236,"comment_status":"closed","ping_status":"closed","sticky":false,"template":"","format":"standard","meta":[],"categories":[21],"tags":[52,58],"acf":[],"yoast_head":"<!-- This site is optimized with the Yoast SEO plugin v20.8 - https:\/\/yoast.com\/wordpress\/plugins\/seo\/ -->\n<title>ONCOLOGISTA CLARISSA MATHIAS TOMA POSSE NA ACADEMIA DE MEDICINA DA BAHIA - Bahia Economica<\/title>\n<meta name=\"description\" content=\"O maior portal de Economia da Bahia Sa\u00fade \/ Educa\u00e7\u00e3o Bahia Economica mundial no combate ao c\u00e2ncer de pulm\u00e3o, a oncologista\" \/>\n<meta name=\"robots\" content=\"index, follow, max-snippet:-1, max-image-preview:large, max-video-preview:-1\" \/>\n<link rel=\"canonical\" href=\"https:\/\/bahiaeconomica.com.br\/wp\/2024\/09\/19\/oncologista-clarissa-mathias-toma-posse-na-academia-de-medicina-da-bahia\/\" \/>\n<meta property=\"og:locale\" content=\"pt_BR\" \/>\n<meta property=\"og:type\" content=\"article\" \/>\n<meta property=\"og:title\" content=\"ONCOLOGISTA CLARISSA MATHIAS TOMA POSSE NA ACADEMIA DE MEDICINA DA BAHIA - Bahia Economica\" \/>\n<meta property=\"og:description\" content=\"O maior portal de Economia da Bahia Sa\u00fade \/ Educa\u00e7\u00e3o Bahia Economica mundial no combate ao c\u00e2ncer de pulm\u00e3o, a oncologista\" \/>\n<meta property=\"og:url\" content=\"https:\/\/bahiaeconomica.com.br\/wp\/2024\/09\/19\/oncologista-clarissa-mathias-toma-posse-na-academia-de-medicina-da-bahia\/\" \/>\n<meta property=\"og:site_name\" content=\"Bahia Economica\" \/>\n<meta property=\"article:publisher\" content=\"https:\/\/www.facebook.com\/bahiaeconomica\" \/>\n<meta property=\"article:published_time\" content=\"2024-09-19T13:40:50+00:00\" \/>\n<meta property=\"article:modified_time\" content=\"2024-09-19T13:53:41+00:00\" \/>\n<meta property=\"og:image\" content=\"https:\/\/bahiaeconomica.com.br\/wp\/wp-content\/uploads\/2024\/09\/WhatsApp-Image-2024-09-18-at-18.07.45.jpeg\" \/>\n\t<meta property=\"og:image:width\" content=\"1600\" \/>\n\t<meta property=\"og:image:height\" content=\"1068\" \/>\n\t<meta property=\"og:image:type\" content=\"image\/jpeg\" \/>\n<meta name=\"author\" content=\"JP\" \/>\n<meta name=\"twitter:card\" content=\"summary_large_image\" \/>\n<meta name=\"twitter:label1\" content=\"Escrito por\" \/>\n\t<meta name=\"twitter:data1\" content=\"JP\" \/>\n\t<meta name=\"twitter:label2\" content=\"Est. tempo de leitura\" \/>\n\t<meta name=\"twitter:data2\" content=\"3 minutos\" \/>\n<script type=\"application\/ld+json\" class=\"yoast-schema-graph\">{\"@context\":\"https:\/\/schema.org\",\"@graph\":[{\"@type\":\"Article\",\"@id\":\"https:\/\/bahiaeconomica.com.br\/wp\/2024\/09\/19\/oncologista-clarissa-mathias-toma-posse-na-academia-de-medicina-da-bahia\/#article\",\"isPartOf\":{\"@id\":\"https:\/\/bahiaeconomica.com.br\/wp\/2024\/09\/19\/oncologista-clarissa-mathias-toma-posse-na-academia-de-medicina-da-bahia\/\"},\"author\":{\"name\":\"JP\",\"@id\":\"https:\/\/bahiaeconomica.com.br\/wp\/#\/schema\/person\/c86d3a3f8960425a0f9d0e5245991f4e\"},\"headline\":\"ONCOLOGISTA CLARISSA MATHIAS TOMA POSSE NA ACADEMIA DE MEDICINA DA BAHIA\",\"datePublished\":\"2024-09-19T13:40:50+00:00\",\"dateModified\":\"2024-09-19T13:53:41+00:00\",\"mainEntityOfPage\":{\"@id\":\"https:\/\/bahiaeconomica.com.br\/wp\/2024\/09\/19\/oncologista-clarissa-mathias-toma-posse-na-academia-de-medicina-da-bahia\/\"},\"wordCount\":498,\"publisher\":{\"@id\":\"https:\/\/bahiaeconomica.com.br\/wp\/#organization\"},\"keywords\":[\"Brasil\",\"sa\u00fade\"],\"articleSection\":[\"Sa\u00fade \/ Educa\u00e7\u00e3o\"],\"inLanguage\":\"pt-BR\"},{\"@type\":\"WebPage\",\"@id\":\"https:\/\/bahiaeconomica.com.br\/wp\/2024\/09\/19\/oncologista-clarissa-mathias-toma-posse-na-academia-de-medicina-da-bahia\/\",\"url\":\"https:\/\/bahiaeconomica.com.br\/wp\/2024\/09\/19\/oncologista-clarissa-mathias-toma-posse-na-academia-de-medicina-da-bahia\/\",\"name\":\"ONCOLOGISTA CLARISSA MATHIAS TOMA POSSE NA ACADEMIA DE MEDICINA DA BAHIA - Bahia Economica\",\"isPartOf\":{\"@id\":\"https:\/\/bahiaeconomica.com.br\/wp\/#website\"},\"datePublished\":\"2024-09-19T13:40:50+00:00\",\"dateModified\":\"2024-09-19T13:53:41+00:00\",\"description\":\"O maior portal de Economia da Bahia Sa\u00fade \/ Educa\u00e7\u00e3o Bahia Economica mundial no combate ao c\u00e2ncer de pulm\u00e3o, a oncologista\",\"breadcrumb\":{\"@id\":\"https:\/\/bahiaeconomica.com.br\/wp\/2024\/09\/19\/oncologista-clarissa-mathias-toma-posse-na-academia-de-medicina-da-bahia\/#breadcrumb\"},\"inLanguage\":\"pt-BR\",\"potentialAction\":[{\"@type\":\"ReadAction\",\"target\":[\"https:\/\/bahiaeconomica.com.br\/wp\/2024\/09\/19\/oncologista-clarissa-mathias-toma-posse-na-academia-de-medicina-da-bahia\/\"]}]},{\"@type\":\"BreadcrumbList\",\"@id\":\"https:\/\/bahiaeconomica.com.br\/wp\/2024\/09\/19\/oncologista-clarissa-mathias-toma-posse-na-academia-de-medicina-da-bahia\/#breadcrumb\",\"itemListElement\":[{\"@type\":\"ListItem\",\"position\":1,\"name\":\"In\u00edcio\",\"item\":\"https:\/\/bahiaeconomica.com.br\/wp\/\"},{\"@type\":\"ListItem\",\"position\":2,\"name\":\"ONCOLOGISTA CLARISSA MATHIAS TOMA POSSE NA ACADEMIA DE MEDICINA DA BAHIA\"}]},{\"@type\":\"WebSite\",\"@id\":\"https:\/\/bahiaeconomica.com.br\/wp\/#website\",\"url\":\"https:\/\/bahiaeconomica.com.br\/wp\/\",\"name\":\"Bahia Economica\",\"description\":\"O maior portal de Economia da Bahia\",\"publisher\":{\"@id\":\"https:\/\/bahiaeconomica.com.br\/wp\/#organization\"},\"potentialAction\":[{\"@type\":\"SearchAction\",\"target\":{\"@type\":\"EntryPoint\",\"urlTemplate\":\"https:\/\/bahiaeconomica.com.br\/wp\/?s={search_term_string}\"},\"query-input\":\"required name=search_term_string\"}],\"inLanguage\":\"pt-BR\"},{\"@type\":\"Organization\",\"@id\":\"https:\/\/bahiaeconomica.com.br\/wp\/#organization\",\"name\":\"Bahia Econ\u00f4mica\",\"url\":\"https:\/\/bahiaeconomica.com.br\/wp\/\",\"logo\":{\"@type\":\"ImageObject\",\"inLanguage\":\"pt-BR\",\"@id\":\"https:\/\/bahiaeconomica.com.br\/wp\/#\/schema\/logo\/image\/\",\"url\":\"https:\/\/bahiaeconomica.com.br\/wp\/wp-content\/uploads\/2020\/12\/cropped-BE.png\",\"contentUrl\":\"https:\/\/bahiaeconomica.com.br\/wp\/wp-content\/uploads\/2020\/12\/cropped-BE.png\",\"width\":512,\"height\":512,\"caption\":\"Bahia Econ\u00f4mica\"},\"image\":{\"@id\":\"https:\/\/bahiaeconomica.com.br\/wp\/#\/schema\/logo\/image\/\"},\"sameAs\":[\"https:\/\/www.facebook.com\/bahiaeconomica\"]},{\"@type\":\"Person\",\"@id\":\"https:\/\/bahiaeconomica.com.br\/wp\/#\/schema\/person\/c86d3a3f8960425a0f9d0e5245991f4e\",\"name\":\"JP\",\"sameAs\":[\"https:\/\/bahiaeconomica.com.br\/wp\/beta\/\"],\"url\":\"https:\/\/bahiaeconomica.com.br\/wp\/author\/jp\/\"}]}<\/script>\n<!-- \/ Yoast SEO plugin. -->","yoast_head_json":{"title":"ONCOLOGISTA CLARISSA MATHIAS TOMA POSSE NA ACADEMIA DE MEDICINA DA BAHIA - Bahia Economica","description":"O maior portal de Economia da Bahia Sa\u00fade \/ Educa\u00e7\u00e3o Bahia Economica mundial no combate ao c\u00e2ncer de pulm\u00e3o, a oncologista","robots":{"index":"index","follow":"follow","max-snippet":"max-snippet:-1","max-image-preview":"max-image-preview:large","max-video-preview":"max-video-preview:-1"},"canonical":"https:\/\/bahiaeconomica.com.br\/wp\/2024\/09\/19\/oncologista-clarissa-mathias-toma-posse-na-academia-de-medicina-da-bahia\/","og_locale":"pt_BR","og_type":"article","og_title":"ONCOLOGISTA CLARISSA MATHIAS TOMA POSSE NA ACADEMIA DE MEDICINA DA BAHIA - Bahia Economica","og_description":"O maior portal de Economia da Bahia Sa\u00fade \/ Educa\u00e7\u00e3o Bahia Economica mundial no combate ao c\u00e2ncer de pulm\u00e3o, a oncologista","og_url":"https:\/\/bahiaeconomica.com.br\/wp\/2024\/09\/19\/oncologista-clarissa-mathias-toma-posse-na-academia-de-medicina-da-bahia\/","og_site_name":"Bahia Economica","article_publisher":"https:\/\/www.facebook.com\/bahiaeconomica","article_published_time":"2024-09-19T13:40:50+00:00","article_modified_time":"2024-09-19T13:53:41+00:00","og_image":[{"width":1600,"height":1068,"url":"https:\/\/bahiaeconomica.com.br\/wp\/wp-content\/uploads\/2024\/09\/WhatsApp-Image-2024-09-18-at-18.07.45.jpeg","type":"image\/jpeg"}],"author":"JP","twitter_card":"summary_large_image","twitter_misc":{"Escrito por":"JP","Est. tempo de leitura":"3 minutos"},"schema":{"@context":"https:\/\/schema.org","@graph":[{"@type":"Article","@id":"https:\/\/bahiaeconomica.com.br\/wp\/2024\/09\/19\/oncologista-clarissa-mathias-toma-posse-na-academia-de-medicina-da-bahia\/#article","isPartOf":{"@id":"https:\/\/bahiaeconomica.com.br\/wp\/2024\/09\/19\/oncologista-clarissa-mathias-toma-posse-na-academia-de-medicina-da-bahia\/"},"author":{"name":"JP","@id":"https:\/\/bahiaeconomica.com.br\/wp\/#\/schema\/person\/c86d3a3f8960425a0f9d0e5245991f4e"},"headline":"ONCOLOGISTA CLARISSA MATHIAS TOMA POSSE NA ACADEMIA DE MEDICINA DA BAHIA","datePublished":"2024-09-19T13:40:50+00:00","dateModified":"2024-09-19T13:53:41+00:00","mainEntityOfPage":{"@id":"https:\/\/bahiaeconomica.com.br\/wp\/2024\/09\/19\/oncologista-clarissa-mathias-toma-posse-na-academia-de-medicina-da-bahia\/"},"wordCount":498,"publisher":{"@id":"https:\/\/bahiaeconomica.com.br\/wp\/#organization"},"keywords":["Brasil","sa\u00fade"],"articleSection":["Sa\u00fade \/ Educa\u00e7\u00e3o"],"inLanguage":"pt-BR"},{"@type":"WebPage","@id":"https:\/\/bahiaeconomica.com.br\/wp\/2024\/09\/19\/oncologista-clarissa-mathias-toma-posse-na-academia-de-medicina-da-bahia\/","url":"https:\/\/bahiaeconomica.com.br\/wp\/2024\/09\/19\/oncologista-clarissa-mathias-toma-posse-na-academia-de-medicina-da-bahia\/","name":"ONCOLOGISTA CLARISSA MATHIAS TOMA POSSE NA ACADEMIA DE MEDICINA DA BAHIA - Bahia Economica","isPartOf":{"@id":"https:\/\/bahiaeconomica.com.br\/wp\/#website"},"datePublished":"2024-09-19T13:40:50+00:00","dateModified":"2024-09-19T13:53:41+00:00","description":"O maior portal de Economia da Bahia Sa\u00fade \/ Educa\u00e7\u00e3o Bahia Economica mundial no combate ao c\u00e2ncer de pulm\u00e3o, a oncologista","breadcrumb":{"@id":"https:\/\/bahiaeconomica.com.br\/wp\/2024\/09\/19\/oncologista-clarissa-mathias-toma-posse-na-academia-de-medicina-da-bahia\/#breadcrumb"},"inLanguage":"pt-BR","potentialAction":[{"@type":"ReadAction","target":["https:\/\/bahiaeconomica.com.br\/wp\/2024\/09\/19\/oncologista-clarissa-mathias-toma-posse-na-academia-de-medicina-da-bahia\/"]}]},{"@type":"BreadcrumbList","@id":"https:\/\/bahiaeconomica.com.br\/wp\/2024\/09\/19\/oncologista-clarissa-mathias-toma-posse-na-academia-de-medicina-da-bahia\/#breadcrumb","itemListElement":[{"@type":"ListItem","position":1,"name":"In\u00edcio","item":"https:\/\/bahiaeconomica.com.br\/wp\/"},{"@type":"ListItem","position":2,"name":"ONCOLOGISTA CLARISSA MATHIAS TOMA POSSE NA ACADEMIA DE MEDICINA DA BAHIA"}]},{"@type":"WebSite","@id":"https:\/\/bahiaeconomica.com.br\/wp\/#website","url":"https:\/\/bahiaeconomica.com.br\/wp\/","name":"Bahia Economica","description":"O maior portal de Economia da Bahia","publisher":{"@id":"https:\/\/bahiaeconomica.com.br\/wp\/#organization"},"potentialAction":[{"@type":"SearchAction","target":{"@type":"EntryPoint","urlTemplate":"https:\/\/bahiaeconomica.com.br\/wp\/?s={search_term_string}"},"query-input":"required name=search_term_string"}],"inLanguage":"pt-BR"},{"@type":"Organization","@id":"https:\/\/bahiaeconomica.com.br\/wp\/#organization","name":"Bahia Econ\u00f4mica","url":"https:\/\/bahiaeconomica.com.br\/wp\/","logo":{"@type":"ImageObject","inLanguage":"pt-BR","@id":"https:\/\/bahiaeconomica.com.br\/wp\/#\/schema\/logo\/image\/","url":"https:\/\/bahiaeconomica.com.br\/wp\/wp-content\/uploads\/2020\/12\/cropped-BE.png","contentUrl":"https:\/\/bahiaeconomica.com.br\/wp\/wp-content\/uploads\/2020\/12\/cropped-BE.png","width":512,"height":512,"caption":"Bahia Econ\u00f4mica"},"image":{"@id":"https:\/\/bahiaeconomica.com.br\/wp\/#\/schema\/logo\/image\/"},"sameAs":["https:\/\/www.facebook.com\/bahiaeconomica"]},{"@type":"Person","@id":"https:\/\/bahiaeconomica.com.br\/wp\/#\/schema\/person\/c86d3a3f8960425a0f9d0e5245991f4e","name":"JP","sameAs":["https:\/\/bahiaeconomica.com.br\/wp\/beta\/"],"url":"https:\/\/bahiaeconomica.com.br\/wp\/author\/jp\/"}]}},"views":16,"_links":{"self":[{"href":"https:\/\/bahiaeconomica.com.br\/wp\/wp-json\/wp\/v2\/posts\/846235"}],"collection":[{"href":"https:\/\/bahiaeconomica.com.br\/wp\/wp-json\/wp\/v2\/posts"}],"about":[{"href":"https:\/\/bahiaeconomica.com.br\/wp\/wp-json\/wp\/v2\/types\/post"}],"author":[{"embeddable":true,"href":"https:\/\/bahiaeconomica.com.br\/wp\/wp-json\/wp\/v2\/users\/8"}],"replies":[{"embeddable":true,"href":"https:\/\/bahiaeconomica.com.br\/wp\/wp-json\/wp\/v2\/comments?post=846235"}],"version-history":[{"count":1,"href":"https:\/\/bahiaeconomica.com.br\/wp\/wp-json\/wp\/v2\/posts\/846235\/revisions"}],"predecessor-version":[{"id":846237,"href":"https:\/\/bahiaeconomica.com.br\/wp\/wp-json\/wp\/v2\/posts\/846235\/revisions\/846237"}],"wp:featuredmedia":[{"embeddable":true,"href":"https:\/\/bahiaeconomica.com.br\/wp\/wp-json\/wp\/v2\/media\/846236"}],"wp:attachment":[{"href":"https:\/\/bahiaeconomica.com.br\/wp\/wp-json\/wp\/v2\/media?parent=846235"}],"wp:term":[{"taxonomy":"category","embeddable":true,"href":"https:\/\/bahiaeconomica.com.br\/wp\/wp-json\/wp\/v2\/categories?post=846235"},{"taxonomy":"post_tag","embeddable":true,"href":"https:\/\/bahiaeconomica.com.br\/wp\/wp-json\/wp\/v2\/tags?post=846235"}],"curies":[{"name":"wp","href":"https:\/\/api.w.org\/{rel}","templated":true}]}}