{"id":846078,"date":"2024-09-18T19:00:46","date_gmt":"2024-09-18T22:00:46","guid":{"rendered":"https:\/\/bahiaeconomica.com.br\/wp\/?p=846078"},"modified":"2024-09-18T19:40:06","modified_gmt":"2024-09-18T22:40:06","slug":"salvador-fica-em-4o-lugar-em-qualidade-ambiental-no-pais-segundo-o-ips-veja-o-ranking","status":"publish","type":"post","link":"https:\/\/bahiaeconomica.com.br\/wp\/2024\/09\/18\/salvador-fica-em-4o-lugar-em-qualidade-ambiental-no-pais-segundo-o-ips-veja-o-ranking\/","title":{"rendered":"SALVADOR FICA EM 4\u00ba LUGAR EM QUALIDADE AMBIENTAL NO PA\u00cdS, SEGUNDO O IPS. VEJA O RANKING"},"content":{"rendered":"<p>Salvador tem a melhor qualidade ambiental do Nordeste e est\u00e1 em 4\u00ba lugar no pa\u00eds, segundo o \u00cdndice de Progresso Social \u2013 Brasil (IPS-Brasil), pesquisa que determina a qualidade de vida nos munic\u00edpios. O \u00edndice da capital baiana ficou em 73,61.<\/p>\n<p>Curitiba ficou no topo com nota de 78,31 (a escala varia de zero a cem), seguida de Bras\u00edlia (74,91) e Cuiab\u00e1 (74,5). Em rela\u00e7\u00e3o ao Nordeste, Fortaleza ficou em 6\u00ba lugar com 72,49 e Jo\u00e3o Pessoa em oitavo com 71,86<\/p>\n<p>O IPS Meio Ambiente se concentra em cinco indicadores. Entre os par\u00e2metros, est\u00e3o a propor\u00e7\u00e3o de \u00e1reas verdes no per\u00edmetro urbano, as emiss\u00f5es de carbono por habitante ao ano, a perda de vegeta\u00e7\u00e3o (por desmate ou supress\u00e3o de vegeta\u00e7\u00e3o secund\u00e1ria), focos de calor ou queimadas e a vulnerabilidade clim\u00e1tica local.<\/p>\n<p>A cidade paranaense lidera por ter a menor presen\u00e7a de queimadas\/focos de calor (zero por mil habitantes) dentre todas as capitais. Al\u00e9m disso, 12% da cidade \u00e9 composta de \u00e1reas verdes (como parques e pra\u00e7as arborizadas). Curitiba tamb\u00e9m registrou um dos menores \u00edndices de vulnerabilidade clim\u00e1tica: menor risco de evento extremo, como secas e inunda\u00e7\u00f5es.<\/p>\n<p>&nbsp;<\/p>\n<p><img decoding=\"async\" class=\"wp-image-846102 aligncenter\" src=\"https:\/\/bahiaeconomica.com.br\/wp\/wp-content\/uploads\/2024\/09\/ranking-ambiental-caoitais-300x199.jpg\" alt=\"\" width=\"629\" height=\"417\" srcset=\"https:\/\/bahiaeconomica.com.br\/wp\/wp-content\/uploads\/2024\/09\/ranking-ambiental-caoitais-300x199.jpg 300w, https:\/\/bahiaeconomica.com.br\/wp\/wp-content\/uploads\/2024\/09\/ranking-ambiental-caoitais-768x510.jpg 768w, https:\/\/bahiaeconomica.com.br\/wp\/wp-content\/uploads\/2024\/09\/ranking-ambiental-caoitais.jpg 883w\" sizes=\"(max-width: 629px) 100vw, 629px\" \/><\/p>\n","protected":false},"excerpt":{"rendered":"<p>Salvador tem a melhor qualidade ambiental do Nordeste e est\u00e1 em 4\u00ba lugar no pa\u00eds, segundo o \u00cdndice de Progresso Social \u2013 Brasil (IPS-Brasil), pesquisa que determina a qualidade de vida nos munic\u00edpios. O \u00edndice da capital baiana ficou em 73,61. Curitiba ficou no topo com nota de 78,31 (a escala varia de zero a [&hellip;]<\/p>\n","protected":false},"author":1,"featured_media":845124,"comment_status":"closed","ping_status":"closed","sticky":false,"template":"","format":"standard","meta":[],"categories":[3],"tags":[],"acf":[],"yoast_head":"<!-- This site is optimized with the Yoast SEO plugin v20.8 - https:\/\/yoast.com\/wordpress\/plugins\/seo\/ -->\n<title>SALVADOR FICA EM 4\u00ba LUGAR EM QUALIDADE AMBIENTAL NO PA\u00cdS, SEGUNDO O IPS. VEJA O RANKING - Bahia Economica<\/title>\n<meta name=\"description\" content=\"O maior portal de Economia da Bahia ECONOMIA \/ POL\u00cdTICA Bahia Economica\" \/>\n<meta name=\"robots\" content=\"index, follow, max-snippet:-1, max-image-preview:large, max-video-preview:-1\" \/>\n<link rel=\"canonical\" href=\"https:\/\/bahiaeconomica.com.br\/wp\/2024\/09\/18\/salvador-fica-em-4o-lugar-em-qualidade-ambiental-no-pais-segundo-o-ips-veja-o-ranking\/\" \/>\n<meta property=\"og:locale\" content=\"pt_BR\" \/>\n<meta property=\"og:type\" content=\"article\" \/>\n<meta property=\"og:title\" content=\"SALVADOR FICA EM 4\u00ba LUGAR EM QUALIDADE AMBIENTAL NO PA\u00cdS, SEGUNDO O IPS. VEJA O RANKING - Bahia Economica\" \/>\n<meta property=\"og:description\" content=\"O maior portal de Economia da Bahia ECONOMIA \/ POL\u00cdTICA Bahia Economica\" \/>\n<meta property=\"og:url\" content=\"https:\/\/bahiaeconomica.com.br\/wp\/2024\/09\/18\/salvador-fica-em-4o-lugar-em-qualidade-ambiental-no-pais-segundo-o-ips-veja-o-ranking\/\" \/>\n<meta property=\"og:site_name\" content=\"Bahia Economica\" \/>\n<meta property=\"article:publisher\" content=\"https:\/\/www.facebook.com\/bahiaeconomica\" \/>\n<meta property=\"article:published_time\" content=\"2024-09-18T22:00:46+00:00\" \/>\n<meta property=\"article:modified_time\" content=\"2024-09-18T22:40:06+00:00\" \/>\n<meta property=\"og:image\" content=\"https:\/\/bahiaeconomica.com.br\/wp\/wp-content\/uploads\/2024\/09\/imagens-web-prefeitura-de-salvador-1.webp\" \/>\n\t<meta property=\"og:image:width\" content=\"888\" \/>\n\t<meta property=\"og:image:height\" content=\"596\" \/>\n\t<meta property=\"og:image:type\" content=\"image\/webp\" \/>\n<meta name=\"author\" content=\"admin\" \/>\n<meta name=\"twitter:card\" content=\"summary_large_image\" \/>\n<meta name=\"twitter:label1\" content=\"Escrito por\" \/>\n\t<meta name=\"twitter:data1\" content=\"admin\" \/>\n\t<meta name=\"twitter:label2\" content=\"Est. tempo de leitura\" \/>\n\t<meta name=\"twitter:data2\" content=\"2 minutos\" \/>\n<script type=\"application\/ld+json\" class=\"yoast-schema-graph\">{\"@context\":\"https:\/\/schema.org\",\"@graph\":[{\"@type\":\"Article\",\"@id\":\"https:\/\/bahiaeconomica.com.br\/wp\/2024\/09\/18\/salvador-fica-em-4o-lugar-em-qualidade-ambiental-no-pais-segundo-o-ips-veja-o-ranking\/#article\",\"isPartOf\":{\"@id\":\"https:\/\/bahiaeconomica.com.br\/wp\/2024\/09\/18\/salvador-fica-em-4o-lugar-em-qualidade-ambiental-no-pais-segundo-o-ips-veja-o-ranking\/\"},\"author\":{\"name\":\"admin\",\"@id\":\"https:\/\/bahiaeconomica.com.br\/wp\/#\/schema\/person\/cb1ab5ba96ad3d9390805381c76284ec\"},\"headline\":\"SALVADOR FICA EM 4\u00ba LUGAR EM QUALIDADE AMBIENTAL NO PA\u00cdS, SEGUNDO O IPS. VEJA O RANKING\",\"datePublished\":\"2024-09-18T22:00:46+00:00\",\"dateModified\":\"2024-09-18T22:40:06+00:00\",\"mainEntityOfPage\":{\"@id\":\"https:\/\/bahiaeconomica.com.br\/wp\/2024\/09\/18\/salvador-fica-em-4o-lugar-em-qualidade-ambiental-no-pais-segundo-o-ips-veja-o-ranking\/\"},\"wordCount\":214,\"publisher\":{\"@id\":\"https:\/\/bahiaeconomica.com.br\/wp\/#organization\"},\"articleSection\":[\"ECONOMIA \/ POL\u00cdTICA\"],\"inLanguage\":\"pt-BR\"},{\"@type\":\"WebPage\",\"@id\":\"https:\/\/bahiaeconomica.com.br\/wp\/2024\/09\/18\/salvador-fica-em-4o-lugar-em-qualidade-ambiental-no-pais-segundo-o-ips-veja-o-ranking\/\",\"url\":\"https:\/\/bahiaeconomica.com.br\/wp\/2024\/09\/18\/salvador-fica-em-4o-lugar-em-qualidade-ambiental-no-pais-segundo-o-ips-veja-o-ranking\/\",\"name\":\"SALVADOR FICA EM 4\u00ba LUGAR EM QUALIDADE AMBIENTAL NO PA\u00cdS, SEGUNDO O IPS. VEJA O RANKING - Bahia Economica\",\"isPartOf\":{\"@id\":\"https:\/\/bahiaeconomica.com.br\/wp\/#website\"},\"datePublished\":\"2024-09-18T22:00:46+00:00\",\"dateModified\":\"2024-09-18T22:40:06+00:00\",\"description\":\"O maior portal de Economia da Bahia ECONOMIA \/ POL\u00cdTICA Bahia Economica\",\"breadcrumb\":{\"@id\":\"https:\/\/bahiaeconomica.com.br\/wp\/2024\/09\/18\/salvador-fica-em-4o-lugar-em-qualidade-ambiental-no-pais-segundo-o-ips-veja-o-ranking\/#breadcrumb\"},\"inLanguage\":\"pt-BR\",\"potentialAction\":[{\"@type\":\"ReadAction\",\"target\":[\"https:\/\/bahiaeconomica.com.br\/wp\/2024\/09\/18\/salvador-fica-em-4o-lugar-em-qualidade-ambiental-no-pais-segundo-o-ips-veja-o-ranking\/\"]}]},{\"@type\":\"BreadcrumbList\",\"@id\":\"https:\/\/bahiaeconomica.com.br\/wp\/2024\/09\/18\/salvador-fica-em-4o-lugar-em-qualidade-ambiental-no-pais-segundo-o-ips-veja-o-ranking\/#breadcrumb\",\"itemListElement\":[{\"@type\":\"ListItem\",\"position\":1,\"name\":\"In\u00edcio\",\"item\":\"https:\/\/bahiaeconomica.com.br\/wp\/\"},{\"@type\":\"ListItem\",\"position\":2,\"name\":\"SALVADOR FICA EM 4\u00ba LUGAR EM QUALIDADE AMBIENTAL NO PA\u00cdS, SEGUNDO O IPS. VEJA O RANKING\"}]},{\"@type\":\"WebSite\",\"@id\":\"https:\/\/bahiaeconomica.com.br\/wp\/#website\",\"url\":\"https:\/\/bahiaeconomica.com.br\/wp\/\",\"name\":\"Bahia Economica\",\"description\":\"O maior portal de Economia da Bahia\",\"publisher\":{\"@id\":\"https:\/\/bahiaeconomica.com.br\/wp\/#organization\"},\"potentialAction\":[{\"@type\":\"SearchAction\",\"target\":{\"@type\":\"EntryPoint\",\"urlTemplate\":\"https:\/\/bahiaeconomica.com.br\/wp\/?s={search_term_string}\"},\"query-input\":\"required name=search_term_string\"}],\"inLanguage\":\"pt-BR\"},{\"@type\":\"Organization\",\"@id\":\"https:\/\/bahiaeconomica.com.br\/wp\/#organization\",\"name\":\"Bahia Econ\u00f4mica\",\"url\":\"https:\/\/bahiaeconomica.com.br\/wp\/\",\"logo\":{\"@type\":\"ImageObject\",\"inLanguage\":\"pt-BR\",\"@id\":\"https:\/\/bahiaeconomica.com.br\/wp\/#\/schema\/logo\/image\/\",\"url\":\"https:\/\/bahiaeconomica.com.br\/wp\/wp-content\/uploads\/2020\/12\/cropped-BE.png\",\"contentUrl\":\"https:\/\/bahiaeconomica.com.br\/wp\/wp-content\/uploads\/2020\/12\/cropped-BE.png\",\"width\":512,\"height\":512,\"caption\":\"Bahia Econ\u00f4mica\"},\"image\":{\"@id\":\"https:\/\/bahiaeconomica.com.br\/wp\/#\/schema\/logo\/image\/\"},\"sameAs\":[\"https:\/\/www.facebook.com\/bahiaeconomica\"]},{\"@type\":\"Person\",\"@id\":\"https:\/\/bahiaeconomica.com.br\/wp\/#\/schema\/person\/cb1ab5ba96ad3d9390805381c76284ec\",\"name\":\"admin\",\"url\":\"https:\/\/bahiaeconomica.com.br\/wp\/author\/admin\/\"}]}<\/script>\n<!-- \/ Yoast SEO plugin. -->","yoast_head_json":{"title":"SALVADOR FICA EM 4\u00ba LUGAR EM QUALIDADE AMBIENTAL NO PA\u00cdS, SEGUNDO O IPS. VEJA O RANKING - Bahia Economica","description":"O maior portal de Economia da Bahia ECONOMIA \/ POL\u00cdTICA Bahia Economica","robots":{"index":"index","follow":"follow","max-snippet":"max-snippet:-1","max-image-preview":"max-image-preview:large","max-video-preview":"max-video-preview:-1"},"canonical":"https:\/\/bahiaeconomica.com.br\/wp\/2024\/09\/18\/salvador-fica-em-4o-lugar-em-qualidade-ambiental-no-pais-segundo-o-ips-veja-o-ranking\/","og_locale":"pt_BR","og_type":"article","og_title":"SALVADOR FICA EM 4\u00ba LUGAR EM QUALIDADE AMBIENTAL NO PA\u00cdS, SEGUNDO O IPS. VEJA O RANKING - Bahia Economica","og_description":"O maior portal de Economia da Bahia ECONOMIA \/ POL\u00cdTICA Bahia Economica","og_url":"https:\/\/bahiaeconomica.com.br\/wp\/2024\/09\/18\/salvador-fica-em-4o-lugar-em-qualidade-ambiental-no-pais-segundo-o-ips-veja-o-ranking\/","og_site_name":"Bahia Economica","article_publisher":"https:\/\/www.facebook.com\/bahiaeconomica","article_published_time":"2024-09-18T22:00:46+00:00","article_modified_time":"2024-09-18T22:40:06+00:00","og_image":[{"width":888,"height":596,"url":"https:\/\/bahiaeconomica.com.br\/wp\/wp-content\/uploads\/2024\/09\/imagens-web-prefeitura-de-salvador-1.webp","type":"image\/webp"}],"author":"admin","twitter_card":"summary_large_image","twitter_misc":{"Escrito por":"admin","Est. tempo de leitura":"2 minutos"},"schema":{"@context":"https:\/\/schema.org","@graph":[{"@type":"Article","@id":"https:\/\/bahiaeconomica.com.br\/wp\/2024\/09\/18\/salvador-fica-em-4o-lugar-em-qualidade-ambiental-no-pais-segundo-o-ips-veja-o-ranking\/#article","isPartOf":{"@id":"https:\/\/bahiaeconomica.com.br\/wp\/2024\/09\/18\/salvador-fica-em-4o-lugar-em-qualidade-ambiental-no-pais-segundo-o-ips-veja-o-ranking\/"},"author":{"name":"admin","@id":"https:\/\/bahiaeconomica.com.br\/wp\/#\/schema\/person\/cb1ab5ba96ad3d9390805381c76284ec"},"headline":"SALVADOR FICA EM 4\u00ba LUGAR EM QUALIDADE AMBIENTAL NO PA\u00cdS, SEGUNDO O IPS. VEJA O RANKING","datePublished":"2024-09-18T22:00:46+00:00","dateModified":"2024-09-18T22:40:06+00:00","mainEntityOfPage":{"@id":"https:\/\/bahiaeconomica.com.br\/wp\/2024\/09\/18\/salvador-fica-em-4o-lugar-em-qualidade-ambiental-no-pais-segundo-o-ips-veja-o-ranking\/"},"wordCount":214,"publisher":{"@id":"https:\/\/bahiaeconomica.com.br\/wp\/#organization"},"articleSection":["ECONOMIA \/ POL\u00cdTICA"],"inLanguage":"pt-BR"},{"@type":"WebPage","@id":"https:\/\/bahiaeconomica.com.br\/wp\/2024\/09\/18\/salvador-fica-em-4o-lugar-em-qualidade-ambiental-no-pais-segundo-o-ips-veja-o-ranking\/","url":"https:\/\/bahiaeconomica.com.br\/wp\/2024\/09\/18\/salvador-fica-em-4o-lugar-em-qualidade-ambiental-no-pais-segundo-o-ips-veja-o-ranking\/","name":"SALVADOR FICA EM 4\u00ba LUGAR EM QUALIDADE AMBIENTAL NO PA\u00cdS, SEGUNDO O IPS. VEJA O RANKING - Bahia Economica","isPartOf":{"@id":"https:\/\/bahiaeconomica.com.br\/wp\/#website"},"datePublished":"2024-09-18T22:00:46+00:00","dateModified":"2024-09-18T22:40:06+00:00","description":"O maior portal de Economia da Bahia ECONOMIA \/ POL\u00cdTICA Bahia Economica","breadcrumb":{"@id":"https:\/\/bahiaeconomica.com.br\/wp\/2024\/09\/18\/salvador-fica-em-4o-lugar-em-qualidade-ambiental-no-pais-segundo-o-ips-veja-o-ranking\/#breadcrumb"},"inLanguage":"pt-BR","potentialAction":[{"@type":"ReadAction","target":["https:\/\/bahiaeconomica.com.br\/wp\/2024\/09\/18\/salvador-fica-em-4o-lugar-em-qualidade-ambiental-no-pais-segundo-o-ips-veja-o-ranking\/"]}]},{"@type":"BreadcrumbList","@id":"https:\/\/bahiaeconomica.com.br\/wp\/2024\/09\/18\/salvador-fica-em-4o-lugar-em-qualidade-ambiental-no-pais-segundo-o-ips-veja-o-ranking\/#breadcrumb","itemListElement":[{"@type":"ListItem","position":1,"name":"In\u00edcio","item":"https:\/\/bahiaeconomica.com.br\/wp\/"},{"@type":"ListItem","position":2,"name":"SALVADOR FICA EM 4\u00ba LUGAR EM QUALIDADE AMBIENTAL NO PA\u00cdS, SEGUNDO O IPS. VEJA O RANKING"}]},{"@type":"WebSite","@id":"https:\/\/bahiaeconomica.com.br\/wp\/#website","url":"https:\/\/bahiaeconomica.com.br\/wp\/","name":"Bahia Economica","description":"O maior portal de Economia da Bahia","publisher":{"@id":"https:\/\/bahiaeconomica.com.br\/wp\/#organization"},"potentialAction":[{"@type":"SearchAction","target":{"@type":"EntryPoint","urlTemplate":"https:\/\/bahiaeconomica.com.br\/wp\/?s={search_term_string}"},"query-input":"required name=search_term_string"}],"inLanguage":"pt-BR"},{"@type":"Organization","@id":"https:\/\/bahiaeconomica.com.br\/wp\/#organization","name":"Bahia Econ\u00f4mica","url":"https:\/\/bahiaeconomica.com.br\/wp\/","logo":{"@type":"ImageObject","inLanguage":"pt-BR","@id":"https:\/\/bahiaeconomica.com.br\/wp\/#\/schema\/logo\/image\/","url":"https:\/\/bahiaeconomica.com.br\/wp\/wp-content\/uploads\/2020\/12\/cropped-BE.png","contentUrl":"https:\/\/bahiaeconomica.com.br\/wp\/wp-content\/uploads\/2020\/12\/cropped-BE.png","width":512,"height":512,"caption":"Bahia Econ\u00f4mica"},"image":{"@id":"https:\/\/bahiaeconomica.com.br\/wp\/#\/schema\/logo\/image\/"},"sameAs":["https:\/\/www.facebook.com\/bahiaeconomica"]},{"@type":"Person","@id":"https:\/\/bahiaeconomica.com.br\/wp\/#\/schema\/person\/cb1ab5ba96ad3d9390805381c76284ec","name":"admin","url":"https:\/\/bahiaeconomica.com.br\/wp\/author\/admin\/"}]}},"views":194,"_links":{"self":[{"href":"https:\/\/bahiaeconomica.com.br\/wp\/wp-json\/wp\/v2\/posts\/846078"}],"collection":[{"href":"https:\/\/bahiaeconomica.com.br\/wp\/wp-json\/wp\/v2\/posts"}],"about":[{"href":"https:\/\/bahiaeconomica.com.br\/wp\/wp-json\/wp\/v2\/types\/post"}],"author":[{"embeddable":true,"href":"https:\/\/bahiaeconomica.com.br\/wp\/wp-json\/wp\/v2\/users\/1"}],"replies":[{"embeddable":true,"href":"https:\/\/bahiaeconomica.com.br\/wp\/wp-json\/wp\/v2\/comments?post=846078"}],"version-history":[{"count":4,"href":"https:\/\/bahiaeconomica.com.br\/wp\/wp-json\/wp\/v2\/posts\/846078\/revisions"}],"predecessor-version":[{"id":846110,"href":"https:\/\/bahiaeconomica.com.br\/wp\/wp-json\/wp\/v2\/posts\/846078\/revisions\/846110"}],"wp:featuredmedia":[{"embeddable":true,"href":"https:\/\/bahiaeconomica.com.br\/wp\/wp-json\/wp\/v2\/media\/845124"}],"wp:attachment":[{"href":"https:\/\/bahiaeconomica.com.br\/wp\/wp-json\/wp\/v2\/media?parent=846078"}],"wp:term":[{"taxonomy":"category","embeddable":true,"href":"https:\/\/bahiaeconomica.com.br\/wp\/wp-json\/wp\/v2\/categories?post=846078"},{"taxonomy":"post_tag","embeddable":true,"href":"https:\/\/bahiaeconomica.com.br\/wp\/wp-json\/wp\/v2\/tags?post=846078"}],"curies":[{"name":"wp","href":"https:\/\/api.w.org\/{rel}","templated":true}]}}