{"id":845884,"date":"2024-09-18T11:20:08","date_gmt":"2024-09-18T14:20:08","guid":{"rendered":"https:\/\/bahiaeconomica.com.br\/wp\/?p=845884"},"modified":"2024-09-18T09:50:12","modified_gmt":"2024-09-18T12:50:12","slug":"mudancas-climaticas-podem-aumentar-precos-de-alimentos-ainda-em-2024","status":"publish","type":"post","link":"https:\/\/bahiaeconomica.com.br\/wp\/2024\/09\/18\/mudancas-climaticas-podem-aumentar-precos-de-alimentos-ainda-em-2024\/","title":{"rendered":"MUDAN\u00c7AS CLIM\u00c1TICAS PODEM AUMENTAR PRE\u00c7OS DE ALIMENTOS AINDA EM 2024"},"content":{"rendered":"<p>A resili\u00eancia dos produtores de alimentos vai ter um grande desafio, caso as varia\u00e7\u00f5es s\u00fabitas de clima, com sequ\u00eancia de per\u00edodos de calor e frio intensos e o impacto da seca, que facilita dissemina\u00e7\u00e3o de fogo, continuem a afetar o pa\u00eds. \u00c9 o que adianta o economista Thiago de Oliveira, da Companhia de Entrepostos e Armaz\u00e9ns e S\u00e3o Paulo (Ceagesp), ao alertar que os eventos clim\u00e1ticos podem afetar os pre\u00e7os do varejo ainda em 2024.<\/p>\n<p>De acordo com Oliveira, a press\u00e3o sobre os pre\u00e7os aos consumidores afeta mais os c\u00edtricos, como laranjas e lim\u00f5es, que t\u00eam clima seco e inst\u00e1vel como condi\u00e7\u00f5es que podem impactar a produtividade e afetar o tempo de colheita. Essas condi\u00e7\u00f5es podem favorecer o avan\u00e7o do Cancro C\u00edtrico ou Greening, doen\u00e7a bacteriana transmitida pelo inseto Psil\u00eddeo. A doen\u00e7a tem presen\u00e7a em todas as regi\u00f5es produtoras do estado de S\u00e3o Paulo e causou a erradica\u00e7\u00e3o de mais de 2 milh\u00f5es de p\u00e9s este ano.<\/p>\n<p>&#8220;Se n\u00e3o houver uma melhora consider\u00e1vel na umidade, haver\u00e1 um aumento de custo consider\u00e1vel. Estamos falando do meio de outubro, com impacto primeiro nos pre\u00e7os do atacado e pouco depois nas redes de varejo, j\u00e1 chegando ao consumidor&#8221;, explica o economista. No estado, as hortali\u00e7as, tanto folhas como legumes, podem ter impacto em dezembro. Esses produtos tiveram boa oferta nas \u00faltimas semanas, pois o clima seco favorece a matura\u00e7\u00e3o e colheita, mas \u00e9 ruim para os ciclos de plantio e crescimento das plantas. Esses produtos, assim como os c\u00edtricos, t\u00eam uma tend\u00eancia de aumento de consumo nos meses de calor.<\/p>\n<p>Oliveira destacou que o \u00faltimo ano foi marcado pela inconst\u00e2ncia, com o que chamou de flutua\u00e7\u00e3o de sazonalidade. Em resumo, tanto o frio quanto o calor n\u00e3o vieram quando eram esperados ou com as frequ\u00eancias esperadas, dificultando o planejamento do produtor rural. &#8220;O pequeno produtor perde mais, pois diferente do grande, n\u00e3o tem mais de uma cultura na propriedade. Quando o m\u00f3dulo de produ\u00e7\u00e3o \u00e9 pequeno, n\u00e3o h\u00e1 capital de giro nem condi\u00e7\u00f5es de investimento. Isso ainda n\u00e3o se reflete em endividamento, isso porque os produtores est\u00e3o arriscando menos e deixam de buscar capital para plantar \u00e1reas maiores&#8221;, diz Oliveira.<\/p>\n<p>Perspectiva<\/p>\n<p>Os valores de comercializa\u00e7\u00e3o de frutas e verduras t\u00eam vindo de um hist\u00f3rico de queda recente, tanto de acordo com o controle da Ceagesp quanto o do Departamento Intersindical de Estat\u00edstica e Estudos Socioecon\u00f4micos (Dieese), que registrou recuo nos \u00faltimos dois meses nos custos de produtos da cesta b\u00e1sica, com destaque para tomate e batata. Os dados com os quais o Ceagesp trabalha apontam tend\u00eancia positiva, com chuvas suficientes para garantir boa produ\u00e7\u00e3o. Oliveira ressalta que isso pode mudar e depende, tamb\u00e9m, se ser\u00e3o distribu\u00eddas em todas as \u00e1reas de produ\u00e7\u00e3o e ao longo do per\u00edodo, o que n\u00e3o ocorreu nas \u00faltimas semanas.<\/p>\n<p>Fogo<\/p>\n<p>Desde agosto, o estado tem passado por grandes queimadas, favorecidas pelo tempo seco. At\u00e9 esta segunda-feira (16), cinco munic\u00edpios paulistas ainda tinham inc\u00eandios ativos. Apesar de pouco intensas, a nebulosidade e as chuvas que atingem o estado desde o domingo (15), aliadas a uma a\u00e7\u00e3o coordenada com 20 aeronaves, conteve a maior parte dos focos de inc\u00eandio, que diminu\u00edram 88% em uma semana, segundo o Centro de Gerenciamento de Emerg\u00eancias da Defesa Civil do estado de SP (CGE) divulgou em nota no come\u00e7o dessa tarde. O \u00f3rg\u00e3o informou que tr\u00eas munic\u00edpios permanecem com focos de inc\u00eandio ativos, Itirapu\u00e3 e Rifaina, na regi\u00e3o de Franca e Bananal, na regi\u00e3o da Serra da Boca\u00edna. Em todas as regi\u00f5es a perspectiva \u00e9 favor\u00e1vel ao controle e extin\u00e7\u00e3o dos focos, mas a Defesa Civil segue com recomenda\u00e7\u00e3o de cuidados para evitar novas queimadas e manter\u00e1 as equipes de prontid\u00e3o, monitorando as \u00e1reas que foram atingidas, principalmente na regi\u00e3o norte do estado, que n\u00e3o recebeu chuvas.<\/p>\n<p>Cr\u00e9dito: Rafa Neddermeyer\/Ag\u00eancia Brasil<\/p>\n","protected":false},"excerpt":{"rendered":"<p>A resili\u00eancia dos produtores de alimentos vai ter um grande desafio, caso as varia\u00e7\u00f5es s\u00fabitas de clima, com sequ\u00eancia de per\u00edodos de calor e frio intensos e o impacto da seca, que facilita dissemina\u00e7\u00e3o de fogo, continuem a afetar o pa\u00eds. \u00c9 o que adianta o economista Thiago de Oliveira, da Companhia de Entrepostos e [&hellip;]<\/p>\n","protected":false},"author":8,"featured_media":845885,"comment_status":"closed","ping_status":"closed","sticky":false,"template":"","format":"standard","meta":[],"categories":[3],"tags":[2197,52,1176,58],"acf":[],"yoast_head":"<!-- This site is optimized with the Yoast SEO plugin v20.8 - https:\/\/yoast.com\/wordpress\/plugins\/seo\/ -->\n<title>MUDAN\u00c7AS CLIM\u00c1TICAS PODEM AUMENTAR PRE\u00c7OS DE ALIMENTOS AINDA EM 2024 - Bahia Economica<\/title>\n<meta name=\"description\" content=\"O maior portal de Economia da Bahia ECONOMIA \/ POL\u00cdTICA Bahia Economica A resili\u00eancia dos produtores de alimentos vai ter um grande desafio\" \/>\n<meta name=\"robots\" content=\"index, follow, max-snippet:-1, max-image-preview:large, max-video-preview:-1\" \/>\n<link rel=\"canonical\" href=\"https:\/\/bahiaeconomica.com.br\/wp\/2024\/09\/18\/mudancas-climaticas-podem-aumentar-precos-de-alimentos-ainda-em-2024\/\" \/>\n<meta property=\"og:locale\" content=\"pt_BR\" \/>\n<meta property=\"og:type\" content=\"article\" \/>\n<meta property=\"og:title\" content=\"MUDAN\u00c7AS CLIM\u00c1TICAS PODEM AUMENTAR PRE\u00c7OS DE ALIMENTOS AINDA EM 2024 - Bahia Economica\" \/>\n<meta property=\"og:description\" content=\"O maior portal de Economia da Bahia ECONOMIA \/ POL\u00cdTICA Bahia Economica A resili\u00eancia dos produtores de alimentos vai ter um grande desafio\" \/>\n<meta property=\"og:url\" content=\"https:\/\/bahiaeconomica.com.br\/wp\/2024\/09\/18\/mudancas-climaticas-podem-aumentar-precos-de-alimentos-ainda-em-2024\/\" \/>\n<meta property=\"og:site_name\" content=\"Bahia Economica\" \/>\n<meta property=\"article:publisher\" content=\"https:\/\/www.facebook.com\/bahiaeconomica\" \/>\n<meta property=\"article:published_time\" content=\"2024-09-18T14:20:08+00:00\" \/>\n<meta property=\"article:modified_time\" content=\"2024-09-18T12:50:12+00:00\" \/>\n<meta property=\"og:image\" content=\"https:\/\/bahiaeconomica.com.br\/wp\/wp-content\/uploads\/2024\/09\/auto-upload-2428987.webp\" \/>\n\t<meta property=\"og:image:width\" content=\"1170\" \/>\n\t<meta property=\"og:image:height\" content=\"700\" \/>\n\t<meta property=\"og:image:type\" content=\"image\/webp\" \/>\n<meta name=\"author\" content=\"JP\" \/>\n<meta name=\"twitter:card\" content=\"summary_large_image\" \/>\n<meta name=\"twitter:label1\" content=\"Escrito por\" \/>\n\t<meta name=\"twitter:data1\" content=\"JP\" \/>\n\t<meta name=\"twitter:label2\" content=\"Est. tempo de leitura\" \/>\n\t<meta name=\"twitter:data2\" content=\"4 minutos\" \/>\n<script type=\"application\/ld+json\" class=\"yoast-schema-graph\">{\"@context\":\"https:\/\/schema.org\",\"@graph\":[{\"@type\":\"Article\",\"@id\":\"https:\/\/bahiaeconomica.com.br\/wp\/2024\/09\/18\/mudancas-climaticas-podem-aumentar-precos-de-alimentos-ainda-em-2024\/#article\",\"isPartOf\":{\"@id\":\"https:\/\/bahiaeconomica.com.br\/wp\/2024\/09\/18\/mudancas-climaticas-podem-aumentar-precos-de-alimentos-ainda-em-2024\/\"},\"author\":{\"name\":\"JP\",\"@id\":\"https:\/\/bahiaeconomica.com.br\/wp\/#\/schema\/person\/c86d3a3f8960425a0f9d0e5245991f4e\"},\"headline\":\"MUDAN\u00c7AS CLIM\u00c1TICAS PODEM AUMENTAR PRE\u00c7OS DE ALIMENTOS AINDA EM 2024\",\"datePublished\":\"2024-09-18T14:20:08+00:00\",\"dateModified\":\"2024-09-18T12:50:12+00:00\",\"mainEntityOfPage\":{\"@id\":\"https:\/\/bahiaeconomica.com.br\/wp\/2024\/09\/18\/mudancas-climaticas-podem-aumentar-precos-de-alimentos-ainda-em-2024\/\"},\"wordCount\":717,\"publisher\":{\"@id\":\"https:\/\/bahiaeconomica.com.br\/wp\/#organization\"},\"keywords\":[\"alimentos\",\"Brasil\",\"mudan\u00e7a\",\"sa\u00fade\"],\"articleSection\":[\"ECONOMIA \/ POL\u00cdTICA\"],\"inLanguage\":\"pt-BR\"},{\"@type\":\"WebPage\",\"@id\":\"https:\/\/bahiaeconomica.com.br\/wp\/2024\/09\/18\/mudancas-climaticas-podem-aumentar-precos-de-alimentos-ainda-em-2024\/\",\"url\":\"https:\/\/bahiaeconomica.com.br\/wp\/2024\/09\/18\/mudancas-climaticas-podem-aumentar-precos-de-alimentos-ainda-em-2024\/\",\"name\":\"MUDAN\u00c7AS CLIM\u00c1TICAS PODEM AUMENTAR PRE\u00c7OS DE ALIMENTOS AINDA EM 2024 - Bahia Economica\",\"isPartOf\":{\"@id\":\"https:\/\/bahiaeconomica.com.br\/wp\/#website\"},\"datePublished\":\"2024-09-18T14:20:08+00:00\",\"dateModified\":\"2024-09-18T12:50:12+00:00\",\"description\":\"O maior portal de Economia da Bahia ECONOMIA \/ POL\u00cdTICA Bahia Economica A resili\u00eancia dos produtores de alimentos vai ter um grande desafio\",\"breadcrumb\":{\"@id\":\"https:\/\/bahiaeconomica.com.br\/wp\/2024\/09\/18\/mudancas-climaticas-podem-aumentar-precos-de-alimentos-ainda-em-2024\/#breadcrumb\"},\"inLanguage\":\"pt-BR\",\"potentialAction\":[{\"@type\":\"ReadAction\",\"target\":[\"https:\/\/bahiaeconomica.com.br\/wp\/2024\/09\/18\/mudancas-climaticas-podem-aumentar-precos-de-alimentos-ainda-em-2024\/\"]}]},{\"@type\":\"BreadcrumbList\",\"@id\":\"https:\/\/bahiaeconomica.com.br\/wp\/2024\/09\/18\/mudancas-climaticas-podem-aumentar-precos-de-alimentos-ainda-em-2024\/#breadcrumb\",\"itemListElement\":[{\"@type\":\"ListItem\",\"position\":1,\"name\":\"In\u00edcio\",\"item\":\"https:\/\/bahiaeconomica.com.br\/wp\/\"},{\"@type\":\"ListItem\",\"position\":2,\"name\":\"MUDAN\u00c7AS CLIM\u00c1TICAS PODEM AUMENTAR PRE\u00c7OS DE ALIMENTOS AINDA EM 2024\"}]},{\"@type\":\"WebSite\",\"@id\":\"https:\/\/bahiaeconomica.com.br\/wp\/#website\",\"url\":\"https:\/\/bahiaeconomica.com.br\/wp\/\",\"name\":\"Bahia Economica\",\"description\":\"O maior portal de Economia da Bahia\",\"publisher\":{\"@id\":\"https:\/\/bahiaeconomica.com.br\/wp\/#organization\"},\"potentialAction\":[{\"@type\":\"SearchAction\",\"target\":{\"@type\":\"EntryPoint\",\"urlTemplate\":\"https:\/\/bahiaeconomica.com.br\/wp\/?s={search_term_string}\"},\"query-input\":\"required name=search_term_string\"}],\"inLanguage\":\"pt-BR\"},{\"@type\":\"Organization\",\"@id\":\"https:\/\/bahiaeconomica.com.br\/wp\/#organization\",\"name\":\"Bahia Econ\u00f4mica\",\"url\":\"https:\/\/bahiaeconomica.com.br\/wp\/\",\"logo\":{\"@type\":\"ImageObject\",\"inLanguage\":\"pt-BR\",\"@id\":\"https:\/\/bahiaeconomica.com.br\/wp\/#\/schema\/logo\/image\/\",\"url\":\"https:\/\/bahiaeconomica.com.br\/wp\/wp-content\/uploads\/2020\/12\/cropped-BE.png\",\"contentUrl\":\"https:\/\/bahiaeconomica.com.br\/wp\/wp-content\/uploads\/2020\/12\/cropped-BE.png\",\"width\":512,\"height\":512,\"caption\":\"Bahia Econ\u00f4mica\"},\"image\":{\"@id\":\"https:\/\/bahiaeconomica.com.br\/wp\/#\/schema\/logo\/image\/\"},\"sameAs\":[\"https:\/\/www.facebook.com\/bahiaeconomica\"]},{\"@type\":\"Person\",\"@id\":\"https:\/\/bahiaeconomica.com.br\/wp\/#\/schema\/person\/c86d3a3f8960425a0f9d0e5245991f4e\",\"name\":\"JP\",\"sameAs\":[\"https:\/\/bahiaeconomica.com.br\/wp\/beta\/\"],\"url\":\"https:\/\/bahiaeconomica.com.br\/wp\/author\/jp\/\"}]}<\/script>\n<!-- \/ Yoast SEO plugin. -->","yoast_head_json":{"title":"MUDAN\u00c7AS CLIM\u00c1TICAS PODEM AUMENTAR PRE\u00c7OS DE ALIMENTOS AINDA EM 2024 - Bahia Economica","description":"O maior portal de Economia da Bahia ECONOMIA \/ POL\u00cdTICA Bahia Economica A resili\u00eancia dos produtores de alimentos vai ter um grande desafio","robots":{"index":"index","follow":"follow","max-snippet":"max-snippet:-1","max-image-preview":"max-image-preview:large","max-video-preview":"max-video-preview:-1"},"canonical":"https:\/\/bahiaeconomica.com.br\/wp\/2024\/09\/18\/mudancas-climaticas-podem-aumentar-precos-de-alimentos-ainda-em-2024\/","og_locale":"pt_BR","og_type":"article","og_title":"MUDAN\u00c7AS CLIM\u00c1TICAS PODEM AUMENTAR PRE\u00c7OS DE ALIMENTOS AINDA EM 2024 - Bahia Economica","og_description":"O maior portal de Economia da Bahia ECONOMIA \/ POL\u00cdTICA Bahia Economica A resili\u00eancia dos produtores de alimentos vai ter um grande desafio","og_url":"https:\/\/bahiaeconomica.com.br\/wp\/2024\/09\/18\/mudancas-climaticas-podem-aumentar-precos-de-alimentos-ainda-em-2024\/","og_site_name":"Bahia Economica","article_publisher":"https:\/\/www.facebook.com\/bahiaeconomica","article_published_time":"2024-09-18T14:20:08+00:00","article_modified_time":"2024-09-18T12:50:12+00:00","og_image":[{"width":1170,"height":700,"url":"https:\/\/bahiaeconomica.com.br\/wp\/wp-content\/uploads\/2024\/09\/auto-upload-2428987.webp","type":"image\/webp"}],"author":"JP","twitter_card":"summary_large_image","twitter_misc":{"Escrito por":"JP","Est. tempo de leitura":"4 minutos"},"schema":{"@context":"https:\/\/schema.org","@graph":[{"@type":"Article","@id":"https:\/\/bahiaeconomica.com.br\/wp\/2024\/09\/18\/mudancas-climaticas-podem-aumentar-precos-de-alimentos-ainda-em-2024\/#article","isPartOf":{"@id":"https:\/\/bahiaeconomica.com.br\/wp\/2024\/09\/18\/mudancas-climaticas-podem-aumentar-precos-de-alimentos-ainda-em-2024\/"},"author":{"name":"JP","@id":"https:\/\/bahiaeconomica.com.br\/wp\/#\/schema\/person\/c86d3a3f8960425a0f9d0e5245991f4e"},"headline":"MUDAN\u00c7AS CLIM\u00c1TICAS PODEM AUMENTAR PRE\u00c7OS DE ALIMENTOS AINDA EM 2024","datePublished":"2024-09-18T14:20:08+00:00","dateModified":"2024-09-18T12:50:12+00:00","mainEntityOfPage":{"@id":"https:\/\/bahiaeconomica.com.br\/wp\/2024\/09\/18\/mudancas-climaticas-podem-aumentar-precos-de-alimentos-ainda-em-2024\/"},"wordCount":717,"publisher":{"@id":"https:\/\/bahiaeconomica.com.br\/wp\/#organization"},"keywords":["alimentos","Brasil","mudan\u00e7a","sa\u00fade"],"articleSection":["ECONOMIA \/ POL\u00cdTICA"],"inLanguage":"pt-BR"},{"@type":"WebPage","@id":"https:\/\/bahiaeconomica.com.br\/wp\/2024\/09\/18\/mudancas-climaticas-podem-aumentar-precos-de-alimentos-ainda-em-2024\/","url":"https:\/\/bahiaeconomica.com.br\/wp\/2024\/09\/18\/mudancas-climaticas-podem-aumentar-precos-de-alimentos-ainda-em-2024\/","name":"MUDAN\u00c7AS CLIM\u00c1TICAS PODEM AUMENTAR PRE\u00c7OS DE ALIMENTOS AINDA EM 2024 - Bahia Economica","isPartOf":{"@id":"https:\/\/bahiaeconomica.com.br\/wp\/#website"},"datePublished":"2024-09-18T14:20:08+00:00","dateModified":"2024-09-18T12:50:12+00:00","description":"O maior portal de Economia da Bahia ECONOMIA \/ POL\u00cdTICA Bahia Economica A resili\u00eancia dos produtores de alimentos vai ter um grande desafio","breadcrumb":{"@id":"https:\/\/bahiaeconomica.com.br\/wp\/2024\/09\/18\/mudancas-climaticas-podem-aumentar-precos-de-alimentos-ainda-em-2024\/#breadcrumb"},"inLanguage":"pt-BR","potentialAction":[{"@type":"ReadAction","target":["https:\/\/bahiaeconomica.com.br\/wp\/2024\/09\/18\/mudancas-climaticas-podem-aumentar-precos-de-alimentos-ainda-em-2024\/"]}]},{"@type":"BreadcrumbList","@id":"https:\/\/bahiaeconomica.com.br\/wp\/2024\/09\/18\/mudancas-climaticas-podem-aumentar-precos-de-alimentos-ainda-em-2024\/#breadcrumb","itemListElement":[{"@type":"ListItem","position":1,"name":"In\u00edcio","item":"https:\/\/bahiaeconomica.com.br\/wp\/"},{"@type":"ListItem","position":2,"name":"MUDAN\u00c7AS CLIM\u00c1TICAS PODEM AUMENTAR PRE\u00c7OS DE ALIMENTOS AINDA EM 2024"}]},{"@type":"WebSite","@id":"https:\/\/bahiaeconomica.com.br\/wp\/#website","url":"https:\/\/bahiaeconomica.com.br\/wp\/","name":"Bahia Economica","description":"O maior portal de Economia da Bahia","publisher":{"@id":"https:\/\/bahiaeconomica.com.br\/wp\/#organization"},"potentialAction":[{"@type":"SearchAction","target":{"@type":"EntryPoint","urlTemplate":"https:\/\/bahiaeconomica.com.br\/wp\/?s={search_term_string}"},"query-input":"required name=search_term_string"}],"inLanguage":"pt-BR"},{"@type":"Organization","@id":"https:\/\/bahiaeconomica.com.br\/wp\/#organization","name":"Bahia Econ\u00f4mica","url":"https:\/\/bahiaeconomica.com.br\/wp\/","logo":{"@type":"ImageObject","inLanguage":"pt-BR","@id":"https:\/\/bahiaeconomica.com.br\/wp\/#\/schema\/logo\/image\/","url":"https:\/\/bahiaeconomica.com.br\/wp\/wp-content\/uploads\/2020\/12\/cropped-BE.png","contentUrl":"https:\/\/bahiaeconomica.com.br\/wp\/wp-content\/uploads\/2020\/12\/cropped-BE.png","width":512,"height":512,"caption":"Bahia Econ\u00f4mica"},"image":{"@id":"https:\/\/bahiaeconomica.com.br\/wp\/#\/schema\/logo\/image\/"},"sameAs":["https:\/\/www.facebook.com\/bahiaeconomica"]},{"@type":"Person","@id":"https:\/\/bahiaeconomica.com.br\/wp\/#\/schema\/person\/c86d3a3f8960425a0f9d0e5245991f4e","name":"JP","sameAs":["https:\/\/bahiaeconomica.com.br\/wp\/beta\/"],"url":"https:\/\/bahiaeconomica.com.br\/wp\/author\/jp\/"}]}},"views":1,"_links":{"self":[{"href":"https:\/\/bahiaeconomica.com.br\/wp\/wp-json\/wp\/v2\/posts\/845884"}],"collection":[{"href":"https:\/\/bahiaeconomica.com.br\/wp\/wp-json\/wp\/v2\/posts"}],"about":[{"href":"https:\/\/bahiaeconomica.com.br\/wp\/wp-json\/wp\/v2\/types\/post"}],"author":[{"embeddable":true,"href":"https:\/\/bahiaeconomica.com.br\/wp\/wp-json\/wp\/v2\/users\/8"}],"replies":[{"embeddable":true,"href":"https:\/\/bahiaeconomica.com.br\/wp\/wp-json\/wp\/v2\/comments?post=845884"}],"version-history":[{"count":1,"href":"https:\/\/bahiaeconomica.com.br\/wp\/wp-json\/wp\/v2\/posts\/845884\/revisions"}],"predecessor-version":[{"id":845886,"href":"https:\/\/bahiaeconomica.com.br\/wp\/wp-json\/wp\/v2\/posts\/845884\/revisions\/845886"}],"wp:featuredmedia":[{"embeddable":true,"href":"https:\/\/bahiaeconomica.com.br\/wp\/wp-json\/wp\/v2\/media\/845885"}],"wp:attachment":[{"href":"https:\/\/bahiaeconomica.com.br\/wp\/wp-json\/wp\/v2\/media?parent=845884"}],"wp:term":[{"taxonomy":"category","embeddable":true,"href":"https:\/\/bahiaeconomica.com.br\/wp\/wp-json\/wp\/v2\/categories?post=845884"},{"taxonomy":"post_tag","embeddable":true,"href":"https:\/\/bahiaeconomica.com.br\/wp\/wp-json\/wp\/v2\/tags?post=845884"}],"curies":[{"name":"wp","href":"https:\/\/api.w.org\/{rel}","templated":true}]}}