{"id":845866,"date":"2024-09-17T19:40:09","date_gmt":"2024-09-17T22:40:09","guid":{"rendered":"https:\/\/bahiaeconomica.com.br\/wp\/?p=845866"},"modified":"2024-09-17T18:58:17","modified_gmt":"2024-09-17T21:58:17","slug":"indicadores-do-ideb-apontam-crescimento-nas-escolas-com-menor-nivel-socioeconomico-na-rede-estadual","status":"publish","type":"post","link":"https:\/\/bahiaeconomica.com.br\/wp\/2024\/09\/17\/indicadores-do-ideb-apontam-crescimento-nas-escolas-com-menor-nivel-socioeconomico-na-rede-estadual\/","title":{"rendered":"INDICADORES DO IDEB APONTAM CRESCIMENTO NAS ESCOLAS COM MENOR N\u00cdVEL SOCIOECON\u00d4MICO NA REDE ESTADUAL"},"content":{"rendered":"<p>Os dados mais recentes do \u00cdndice de Desenvolvimento da Educa\u00e7\u00e3o B\u00e1sica (IDEB) revelam um aumento significativo nas escolas da rede estadual da Bahia, principalmente nas institui\u00e7\u00f5es que atendem estudantes de faixas socioecon\u00f4micas mais baixas. Entre 2019 e 2023, as escolas pertencentes \u00e0s faixas 1 e 2, que representam os menores n\u00edveis socioecon\u00f4micos, registraram os maiores crescimentos no IDEB, com aumentos de 10,6% e 11%, respectivamente. Em compara\u00e7\u00e3o, as faixas 3 e 4, que representam n\u00edveis socioecon\u00f4micos mais elevados, tiveram crescimentos de 10,1% e 7,2%. Esse avan\u00e7o demonstra o sucesso das pol\u00edticas educacionais implementadas pelo Governo da Bahia, focadas na redu\u00e7\u00e3o das desigualdades e na garantia do direito \u00e0 educa\u00e7\u00e3o de qualidade.<\/p>\n<p>Este crescimento est\u00e1 diretamente ligado aos investimentos que o governo vem fazendo na rede estadual, desde a melhoria na infraestrutura escolar at\u00e9 o refor\u00e7o de programas educacionais focados no apoio \u00e0 perman\u00eancia dos estudantes. De 2019 at\u00e9 agora, j\u00e1 foram entregues 85 novas escolas em tempo integral. Outras 39 escolas foram ampliadas e mais 57 passaram por processo de moderniza\u00e7\u00e3o. Essas s\u00e3o estrat\u00e9gias que t\u00eam tornado a escola um espa\u00e7o cada vez mais atrativo para o estudante.<\/p>\n<p>A secret\u00e1ria da Educa\u00e7\u00e3o do Estado, Rowenna Brito, destacou a import\u00e2ncia dessas a\u00e7\u00f5es: &#8220;Este novo padr\u00e3o de escola atrai o estudante. Recentemente, alguns deles mandaram \u00e1udios no meu Instagram falando sobre a quadra e o campo da unidade escolar em Ibipeba, que inauguramos na semana passada. A estudante disse que ficam o dia inteiro na escola, pois l\u00e1 eles t\u00eam possibilidades, espa\u00e7os poss\u00edveis, como a quadra, para praticar o esporte, e um laborat\u00f3rio para fazer pesquisas, ci\u00eancia e inova\u00e7\u00e3o&#8221;.<\/p>\n<p>Al\u00e9m dos investimentos estruturais, o governo baiano tem adotado diversas medidas para assegurar o acesso e a perman\u00eancia dos estudantes na escola. Programas como o Bolsa Presen\u00e7a, que j\u00e1 garantiu apoio a cerca de 403 mil estudantes, e o Mais Estudo, que oferece refor\u00e7o escolar para milhares de alunos, com foco em disciplinas como L\u00edngua Portuguesa e Matem\u00e1tica, e a\u00e7\u00f5es como a de Busca Ativa, t\u00eam sido essenciais para garantir o engajamento dos alunos, principalmente daqueles oriundos de fam\u00edlias em situa\u00e7\u00e3o de vulnerabilidade econ\u00f4mica.<\/p>\n<p>Os resultados mostram que s\u00e3o iniciativas fundamentais para que o Estado continue avan\u00e7ando no combate \u00e0s disparidades educacionais e promovendo um ambiente escolar mais inclusivo e de qualidade para todos os estudantes.<\/p>\n<p>&nbsp;<\/p>\n<p>&nbsp;<\/p>\n<p>Fotos|: Mateus Pereira<\/p>\n","protected":false},"excerpt":{"rendered":"<p>Os dados mais recentes do \u00cdndice de Desenvolvimento da Educa\u00e7\u00e3o B\u00e1sica (IDEB) revelam um aumento significativo nas escolas da rede estadual da Bahia, principalmente nas institui\u00e7\u00f5es que atendem estudantes de faixas socioecon\u00f4micas mais baixas. Entre 2019 e 2023, as escolas pertencentes \u00e0s faixas 1 e 2, que representam os menores n\u00edveis socioecon\u00f4micos, registraram os maiores [&hellip;]<\/p>\n","protected":false},"author":22,"featured_media":845867,"comment_status":"closed","ping_status":"closed","sticky":false,"template":"","format":"standard","meta":[],"categories":[14601],"tags":[567,1367,8716,10939],"acf":[],"yoast_head":"<!-- This site is optimized with the Yoast SEO plugin v20.8 - https:\/\/yoast.com\/wordpress\/plugins\/seo\/ -->\n<title>INDICADORES DO IDEB APONTAM CRESCIMENTO NAS ESCOLAS COM MENOR N\u00cdVEL SOCIOECON\u00d4MICO NA REDE ESTADUAL - Bahia Economica<\/title>\n<meta name=\"description\" content=\"O maior portal de Economia da Bahia Pol\u00edtica Bahia Economica\" \/>\n<meta name=\"robots\" content=\"index, follow, max-snippet:-1, max-image-preview:large, max-video-preview:-1\" \/>\n<link rel=\"canonical\" href=\"https:\/\/bahiaeconomica.com.br\/wp\/2024\/09\/17\/indicadores-do-ideb-apontam-crescimento-nas-escolas-com-menor-nivel-socioeconomico-na-rede-estadual\/\" \/>\n<meta property=\"og:locale\" content=\"pt_BR\" \/>\n<meta property=\"og:type\" content=\"article\" \/>\n<meta property=\"og:title\" content=\"INDICADORES DO IDEB APONTAM CRESCIMENTO NAS ESCOLAS COM MENOR N\u00cdVEL SOCIOECON\u00d4MICO NA REDE ESTADUAL - Bahia Economica\" \/>\n<meta property=\"og:description\" content=\"O maior portal de Economia da Bahia Pol\u00edtica Bahia Economica\" \/>\n<meta property=\"og:url\" content=\"https:\/\/bahiaeconomica.com.br\/wp\/2024\/09\/17\/indicadores-do-ideb-apontam-crescimento-nas-escolas-com-menor-nivel-socioeconomico-na-rede-estadual\/\" \/>\n<meta property=\"og:site_name\" content=\"Bahia Economica\" \/>\n<meta property=\"article:publisher\" content=\"https:\/\/www.facebook.com\/bahiaeconomica\" \/>\n<meta property=\"article:published_time\" content=\"2024-09-17T22:40:09+00:00\" \/>\n<meta property=\"article:modified_time\" content=\"2024-09-17T21:58:17+00:00\" \/>\n<meta property=\"og:image\" content=\"https:\/\/bahiaeconomica.com.br\/wp\/wp-content\/uploads\/2024\/09\/IDEB-3.jpeg\" \/>\n\t<meta property=\"og:image:width\" content=\"1600\" \/>\n\t<meta property=\"og:image:height\" content=\"1066\" \/>\n\t<meta property=\"og:image:type\" content=\"image\/jpeg\" \/>\n<meta name=\"author\" content=\"Matheus Souza\" \/>\n<meta name=\"twitter:card\" content=\"summary_large_image\" \/>\n<meta name=\"twitter:label1\" content=\"Escrito por\" \/>\n\t<meta name=\"twitter:data1\" content=\"Matheus Souza\" \/>\n\t<meta name=\"twitter:label2\" content=\"Est. tempo de leitura\" \/>\n\t<meta name=\"twitter:data2\" content=\"3 minutos\" \/>\n<script type=\"application\/ld+json\" class=\"yoast-schema-graph\">{\"@context\":\"https:\/\/schema.org\",\"@graph\":[{\"@type\":\"Article\",\"@id\":\"https:\/\/bahiaeconomica.com.br\/wp\/2024\/09\/17\/indicadores-do-ideb-apontam-crescimento-nas-escolas-com-menor-nivel-socioeconomico-na-rede-estadual\/#article\",\"isPartOf\":{\"@id\":\"https:\/\/bahiaeconomica.com.br\/wp\/2024\/09\/17\/indicadores-do-ideb-apontam-crescimento-nas-escolas-com-menor-nivel-socioeconomico-na-rede-estadual\/\"},\"author\":{\"name\":\"Matheus Souza\",\"@id\":\"https:\/\/bahiaeconomica.com.br\/wp\/#\/schema\/person\/3304d50cfd32353c7d08c39066638997\"},\"headline\":\"INDICADORES DO IDEB APONTAM CRESCIMENTO NAS ESCOLAS COM MENOR N\u00cdVEL SOCIOECON\u00d4MICO NA REDE ESTADUAL\",\"datePublished\":\"2024-09-17T22:40:09+00:00\",\"dateModified\":\"2024-09-17T21:58:17+00:00\",\"mainEntityOfPage\":{\"@id\":\"https:\/\/bahiaeconomica.com.br\/wp\/2024\/09\/17\/indicadores-do-ideb-apontam-crescimento-nas-escolas-com-menor-nivel-socioeconomico-na-rede-estadual\/\"},\"wordCount\":431,\"publisher\":{\"@id\":\"https:\/\/bahiaeconomica.com.br\/wp\/#organization\"},\"keywords\":[\"Educa\u00e7\u00e3o\",\"escolas\",\"IDEB\",\"Rede Estadual\"],\"articleSection\":[\"Pol\u00edtica\"],\"inLanguage\":\"pt-BR\"},{\"@type\":\"WebPage\",\"@id\":\"https:\/\/bahiaeconomica.com.br\/wp\/2024\/09\/17\/indicadores-do-ideb-apontam-crescimento-nas-escolas-com-menor-nivel-socioeconomico-na-rede-estadual\/\",\"url\":\"https:\/\/bahiaeconomica.com.br\/wp\/2024\/09\/17\/indicadores-do-ideb-apontam-crescimento-nas-escolas-com-menor-nivel-socioeconomico-na-rede-estadual\/\",\"name\":\"INDICADORES DO IDEB APONTAM CRESCIMENTO NAS ESCOLAS COM MENOR N\u00cdVEL SOCIOECON\u00d4MICO NA REDE ESTADUAL - Bahia Economica\",\"isPartOf\":{\"@id\":\"https:\/\/bahiaeconomica.com.br\/wp\/#website\"},\"datePublished\":\"2024-09-17T22:40:09+00:00\",\"dateModified\":\"2024-09-17T21:58:17+00:00\",\"description\":\"O maior portal de Economia da Bahia Pol\u00edtica Bahia Economica\",\"breadcrumb\":{\"@id\":\"https:\/\/bahiaeconomica.com.br\/wp\/2024\/09\/17\/indicadores-do-ideb-apontam-crescimento-nas-escolas-com-menor-nivel-socioeconomico-na-rede-estadual\/#breadcrumb\"},\"inLanguage\":\"pt-BR\",\"potentialAction\":[{\"@type\":\"ReadAction\",\"target\":[\"https:\/\/bahiaeconomica.com.br\/wp\/2024\/09\/17\/indicadores-do-ideb-apontam-crescimento-nas-escolas-com-menor-nivel-socioeconomico-na-rede-estadual\/\"]}]},{\"@type\":\"BreadcrumbList\",\"@id\":\"https:\/\/bahiaeconomica.com.br\/wp\/2024\/09\/17\/indicadores-do-ideb-apontam-crescimento-nas-escolas-com-menor-nivel-socioeconomico-na-rede-estadual\/#breadcrumb\",\"itemListElement\":[{\"@type\":\"ListItem\",\"position\":1,\"name\":\"In\u00edcio\",\"item\":\"https:\/\/bahiaeconomica.com.br\/wp\/\"},{\"@type\":\"ListItem\",\"position\":2,\"name\":\"INDICADORES DO IDEB APONTAM CRESCIMENTO NAS ESCOLAS COM MENOR N\u00cdVEL SOCIOECON\u00d4MICO NA REDE ESTADUAL\"}]},{\"@type\":\"WebSite\",\"@id\":\"https:\/\/bahiaeconomica.com.br\/wp\/#website\",\"url\":\"https:\/\/bahiaeconomica.com.br\/wp\/\",\"name\":\"Bahia Economica\",\"description\":\"O maior portal de Economia da Bahia\",\"publisher\":{\"@id\":\"https:\/\/bahiaeconomica.com.br\/wp\/#organization\"},\"potentialAction\":[{\"@type\":\"SearchAction\",\"target\":{\"@type\":\"EntryPoint\",\"urlTemplate\":\"https:\/\/bahiaeconomica.com.br\/wp\/?s={search_term_string}\"},\"query-input\":\"required name=search_term_string\"}],\"inLanguage\":\"pt-BR\"},{\"@type\":\"Organization\",\"@id\":\"https:\/\/bahiaeconomica.com.br\/wp\/#organization\",\"name\":\"Bahia Econ\u00f4mica\",\"url\":\"https:\/\/bahiaeconomica.com.br\/wp\/\",\"logo\":{\"@type\":\"ImageObject\",\"inLanguage\":\"pt-BR\",\"@id\":\"https:\/\/bahiaeconomica.com.br\/wp\/#\/schema\/logo\/image\/\",\"url\":\"https:\/\/bahiaeconomica.com.br\/wp\/wp-content\/uploads\/2020\/12\/cropped-BE.png\",\"contentUrl\":\"https:\/\/bahiaeconomica.com.br\/wp\/wp-content\/uploads\/2020\/12\/cropped-BE.png\",\"width\":512,\"height\":512,\"caption\":\"Bahia Econ\u00f4mica\"},\"image\":{\"@id\":\"https:\/\/bahiaeconomica.com.br\/wp\/#\/schema\/logo\/image\/\"},\"sameAs\":[\"https:\/\/www.facebook.com\/bahiaeconomica\"]},{\"@type\":\"Person\",\"@id\":\"https:\/\/bahiaeconomica.com.br\/wp\/#\/schema\/person\/3304d50cfd32353c7d08c39066638997\",\"name\":\"Matheus Souza\",\"sameAs\":[\"http:\/\/www.bahiaeconomica.com.br\"],\"url\":\"https:\/\/bahiaeconomica.com.br\/wp\/author\/matheus-souza\/\"}]}<\/script>\n<!-- \/ Yoast SEO plugin. -->","yoast_head_json":{"title":"INDICADORES DO IDEB APONTAM CRESCIMENTO NAS ESCOLAS COM MENOR N\u00cdVEL SOCIOECON\u00d4MICO NA REDE ESTADUAL - Bahia Economica","description":"O maior portal de Economia da Bahia Pol\u00edtica Bahia Economica","robots":{"index":"index","follow":"follow","max-snippet":"max-snippet:-1","max-image-preview":"max-image-preview:large","max-video-preview":"max-video-preview:-1"},"canonical":"https:\/\/bahiaeconomica.com.br\/wp\/2024\/09\/17\/indicadores-do-ideb-apontam-crescimento-nas-escolas-com-menor-nivel-socioeconomico-na-rede-estadual\/","og_locale":"pt_BR","og_type":"article","og_title":"INDICADORES DO IDEB APONTAM CRESCIMENTO NAS ESCOLAS COM MENOR N\u00cdVEL SOCIOECON\u00d4MICO NA REDE ESTADUAL - Bahia Economica","og_description":"O maior portal de Economia da Bahia Pol\u00edtica Bahia Economica","og_url":"https:\/\/bahiaeconomica.com.br\/wp\/2024\/09\/17\/indicadores-do-ideb-apontam-crescimento-nas-escolas-com-menor-nivel-socioeconomico-na-rede-estadual\/","og_site_name":"Bahia Economica","article_publisher":"https:\/\/www.facebook.com\/bahiaeconomica","article_published_time":"2024-09-17T22:40:09+00:00","article_modified_time":"2024-09-17T21:58:17+00:00","og_image":[{"width":1600,"height":1066,"url":"https:\/\/bahiaeconomica.com.br\/wp\/wp-content\/uploads\/2024\/09\/IDEB-3.jpeg","type":"image\/jpeg"}],"author":"Matheus Souza","twitter_card":"summary_large_image","twitter_misc":{"Escrito por":"Matheus Souza","Est. tempo de leitura":"3 minutos"},"schema":{"@context":"https:\/\/schema.org","@graph":[{"@type":"Article","@id":"https:\/\/bahiaeconomica.com.br\/wp\/2024\/09\/17\/indicadores-do-ideb-apontam-crescimento-nas-escolas-com-menor-nivel-socioeconomico-na-rede-estadual\/#article","isPartOf":{"@id":"https:\/\/bahiaeconomica.com.br\/wp\/2024\/09\/17\/indicadores-do-ideb-apontam-crescimento-nas-escolas-com-menor-nivel-socioeconomico-na-rede-estadual\/"},"author":{"name":"Matheus Souza","@id":"https:\/\/bahiaeconomica.com.br\/wp\/#\/schema\/person\/3304d50cfd32353c7d08c39066638997"},"headline":"INDICADORES DO IDEB APONTAM CRESCIMENTO NAS ESCOLAS COM MENOR N\u00cdVEL SOCIOECON\u00d4MICO NA REDE ESTADUAL","datePublished":"2024-09-17T22:40:09+00:00","dateModified":"2024-09-17T21:58:17+00:00","mainEntityOfPage":{"@id":"https:\/\/bahiaeconomica.com.br\/wp\/2024\/09\/17\/indicadores-do-ideb-apontam-crescimento-nas-escolas-com-menor-nivel-socioeconomico-na-rede-estadual\/"},"wordCount":431,"publisher":{"@id":"https:\/\/bahiaeconomica.com.br\/wp\/#organization"},"keywords":["Educa\u00e7\u00e3o","escolas","IDEB","Rede Estadual"],"articleSection":["Pol\u00edtica"],"inLanguage":"pt-BR"},{"@type":"WebPage","@id":"https:\/\/bahiaeconomica.com.br\/wp\/2024\/09\/17\/indicadores-do-ideb-apontam-crescimento-nas-escolas-com-menor-nivel-socioeconomico-na-rede-estadual\/","url":"https:\/\/bahiaeconomica.com.br\/wp\/2024\/09\/17\/indicadores-do-ideb-apontam-crescimento-nas-escolas-com-menor-nivel-socioeconomico-na-rede-estadual\/","name":"INDICADORES DO IDEB APONTAM CRESCIMENTO NAS ESCOLAS COM MENOR N\u00cdVEL SOCIOECON\u00d4MICO NA REDE ESTADUAL - Bahia Economica","isPartOf":{"@id":"https:\/\/bahiaeconomica.com.br\/wp\/#website"},"datePublished":"2024-09-17T22:40:09+00:00","dateModified":"2024-09-17T21:58:17+00:00","description":"O maior portal de Economia da Bahia Pol\u00edtica Bahia Economica","breadcrumb":{"@id":"https:\/\/bahiaeconomica.com.br\/wp\/2024\/09\/17\/indicadores-do-ideb-apontam-crescimento-nas-escolas-com-menor-nivel-socioeconomico-na-rede-estadual\/#breadcrumb"},"inLanguage":"pt-BR","potentialAction":[{"@type":"ReadAction","target":["https:\/\/bahiaeconomica.com.br\/wp\/2024\/09\/17\/indicadores-do-ideb-apontam-crescimento-nas-escolas-com-menor-nivel-socioeconomico-na-rede-estadual\/"]}]},{"@type":"BreadcrumbList","@id":"https:\/\/bahiaeconomica.com.br\/wp\/2024\/09\/17\/indicadores-do-ideb-apontam-crescimento-nas-escolas-com-menor-nivel-socioeconomico-na-rede-estadual\/#breadcrumb","itemListElement":[{"@type":"ListItem","position":1,"name":"In\u00edcio","item":"https:\/\/bahiaeconomica.com.br\/wp\/"},{"@type":"ListItem","position":2,"name":"INDICADORES DO IDEB APONTAM CRESCIMENTO NAS ESCOLAS COM MENOR N\u00cdVEL SOCIOECON\u00d4MICO NA REDE ESTADUAL"}]},{"@type":"WebSite","@id":"https:\/\/bahiaeconomica.com.br\/wp\/#website","url":"https:\/\/bahiaeconomica.com.br\/wp\/","name":"Bahia Economica","description":"O maior portal de Economia da Bahia","publisher":{"@id":"https:\/\/bahiaeconomica.com.br\/wp\/#organization"},"potentialAction":[{"@type":"SearchAction","target":{"@type":"EntryPoint","urlTemplate":"https:\/\/bahiaeconomica.com.br\/wp\/?s={search_term_string}"},"query-input":"required name=search_term_string"}],"inLanguage":"pt-BR"},{"@type":"Organization","@id":"https:\/\/bahiaeconomica.com.br\/wp\/#organization","name":"Bahia Econ\u00f4mica","url":"https:\/\/bahiaeconomica.com.br\/wp\/","logo":{"@type":"ImageObject","inLanguage":"pt-BR","@id":"https:\/\/bahiaeconomica.com.br\/wp\/#\/schema\/logo\/image\/","url":"https:\/\/bahiaeconomica.com.br\/wp\/wp-content\/uploads\/2020\/12\/cropped-BE.png","contentUrl":"https:\/\/bahiaeconomica.com.br\/wp\/wp-content\/uploads\/2020\/12\/cropped-BE.png","width":512,"height":512,"caption":"Bahia Econ\u00f4mica"},"image":{"@id":"https:\/\/bahiaeconomica.com.br\/wp\/#\/schema\/logo\/image\/"},"sameAs":["https:\/\/www.facebook.com\/bahiaeconomica"]},{"@type":"Person","@id":"https:\/\/bahiaeconomica.com.br\/wp\/#\/schema\/person\/3304d50cfd32353c7d08c39066638997","name":"Matheus Souza","sameAs":["http:\/\/www.bahiaeconomica.com.br"],"url":"https:\/\/bahiaeconomica.com.br\/wp\/author\/matheus-souza\/"}]}},"views":3,"_links":{"self":[{"href":"https:\/\/bahiaeconomica.com.br\/wp\/wp-json\/wp\/v2\/posts\/845866"}],"collection":[{"href":"https:\/\/bahiaeconomica.com.br\/wp\/wp-json\/wp\/v2\/posts"}],"about":[{"href":"https:\/\/bahiaeconomica.com.br\/wp\/wp-json\/wp\/v2\/types\/post"}],"author":[{"embeddable":true,"href":"https:\/\/bahiaeconomica.com.br\/wp\/wp-json\/wp\/v2\/users\/22"}],"replies":[{"embeddable":true,"href":"https:\/\/bahiaeconomica.com.br\/wp\/wp-json\/wp\/v2\/comments?post=845866"}],"version-history":[{"count":1,"href":"https:\/\/bahiaeconomica.com.br\/wp\/wp-json\/wp\/v2\/posts\/845866\/revisions"}],"predecessor-version":[{"id":845868,"href":"https:\/\/bahiaeconomica.com.br\/wp\/wp-json\/wp\/v2\/posts\/845866\/revisions\/845868"}],"wp:featuredmedia":[{"embeddable":true,"href":"https:\/\/bahiaeconomica.com.br\/wp\/wp-json\/wp\/v2\/media\/845867"}],"wp:attachment":[{"href":"https:\/\/bahiaeconomica.com.br\/wp\/wp-json\/wp\/v2\/media?parent=845866"}],"wp:term":[{"taxonomy":"category","embeddable":true,"href":"https:\/\/bahiaeconomica.com.br\/wp\/wp-json\/wp\/v2\/categories?post=845866"},{"taxonomy":"post_tag","embeddable":true,"href":"https:\/\/bahiaeconomica.com.br\/wp\/wp-json\/wp\/v2\/tags?post=845866"}],"curies":[{"name":"wp","href":"https:\/\/api.w.org\/{rel}","templated":true}]}}