{"id":845236,"date":"2024-09-14T16:10:33","date_gmt":"2024-09-14T19:10:33","guid":{"rendered":"https:\/\/bahiaeconomica.com.br\/wp\/?p=845236"},"modified":"2024-09-14T14:36:43","modified_gmt":"2024-09-14T17:36:43","slug":"ze-neto-vai-criar-centro-do-trabalhador-do-transporte-e-fortalecer-categorias-em-feira-populacao-vai-ter-mobilidade","status":"publish","type":"post","link":"https:\/\/bahiaeconomica.com.br\/wp\/2024\/09\/14\/ze-neto-vai-criar-centro-do-trabalhador-do-transporte-e-fortalecer-categorias-em-feira-populacao-vai-ter-mobilidade\/","title":{"rendered":"Z\u00c9 NETO VAI CRIAR CENTRO DO TRABALHADOR DO TRANSPORTE E FORTALECER CATEGORIAS EM FEIRA; \u201cPOPULA\u00c7\u00c3O VAI TER MOBILIDADE\u201d"},"content":{"rendered":"<p>Candidato a prefeito de Feira de Santana pelo PT, Z\u00e9 Neto anunciou a cria\u00e7\u00e3o dos Centros do Trabalhador do Transporte e medidas para fortalecer a atua\u00e7\u00e3o dos transportes complementares e por aplicativo na cidade. A medida visa proporcionar melhores condi\u00e7\u00f5es de trabalho e apoio aos motoristas e profissionais de transporte respons\u00e1veis pela mobilidade da popula\u00e7\u00e3o e por contribuir com a economia de Feira de Santana. Com o suporte aos profissionais do setor, o petista pretende garantir mais qualidade para quem presta e utiliza o transporte urbano no munic\u00edpio.<\/p>\n<p>\u201cOs novos Centros do Trabalhador do Transporte ser\u00e3o locais dedicados \u00e0 conviv\u00eancia e ao suporte dos motoristas. Estes centros oferecer\u00e3o uma s\u00e9rie de servi\u00e7os e facilidades, incluindo espa\u00e7os de conviv\u00eancia, internet gratuita, banheiros e acesso a servi\u00e7os da prefeitura. O objetivo \u00e9 criar um ambiente mais confort\u00e1vel e funcional para os trabalhadores do setor, reconhecendo a import\u00e2ncia de seu papel na mobilidade urbana e no desenvolvimento econ\u00f4mico da nossa cidade\u201d, afirmou Z\u00e9 Neto, que nesta sexta-feira (13) esteve reunido com lideran\u00e7as da Morada das \u00c1rvores.<\/p>\n<p>Al\u00e9m da cria\u00e7\u00e3o dos centros, Z\u00e9 Neto tamb\u00e9m pretende organizar e fortalecer o sistema de transportes complementares, o que inclui motoboys, motoristas de aplicativos e vans. Segundo o petista, \u201cessas categorias desempenham fun\u00e7\u00f5es essenciais\u201d que, tradicionalmente, eram responsabilidade da Prefeitura. Com a nova abordagem, a administra\u00e7\u00e3o municipal buscar\u00e1 apoiar esses servi\u00e7os, garantindo uma integra\u00e7\u00e3o mais eficiente com o transporte p\u00fablico e melhorando a coordena\u00e7\u00e3o entre os diversos modos de transporte na cidade. &#8220;Ao final, al\u00e9m dos trabalhadores, ganhar\u00e1 toda popula\u00e7\u00e3o&#8221;, destacou o candidato \u00e0 prefeito.<\/p>\n<p>\u201c\u00c9 um compromisso do nosso governo garantir que a popula\u00e7\u00e3o tenha mobilidade e acesso a servi\u00e7os de transporte de qualidade. Com essas medidas, buscamos apoiar os trabalhadores do transporte e melhorar a organiza\u00e7\u00e3o do sistema, beneficiando todos os cidad\u00e3os de Feira de Santana\u201d, afirmou o candidato a prefeito do PT.<\/p>\n","protected":false},"excerpt":{"rendered":"<p>Candidato a prefeito de Feira de Santana pelo PT, Z\u00e9 Neto anunciou a cria\u00e7\u00e3o dos Centros do Trabalhador do Transporte e medidas para fortalecer a atua\u00e7\u00e3o dos transportes complementares e por aplicativo na cidade. A medida visa proporcionar melhores condi\u00e7\u00f5es de trabalho e apoio aos motoristas e profissionais de transporte respons\u00e1veis pela mobilidade da popula\u00e7\u00e3o [&hellip;]<\/p>\n","protected":false},"author":8,"featured_media":845237,"comment_status":"closed","ping_status":"closed","sticky":false,"template":"","format":"standard","meta":[],"categories":[14601],"tags":[52,1176,100,3495],"acf":[],"yoast_head":"<!-- This site is optimized with the Yoast SEO plugin v20.8 - https:\/\/yoast.com\/wordpress\/plugins\/seo\/ -->\n<title>Z\u00c9 NETO VAI CRIAR CENTRO DO TRABALHADOR DO TRANSPORTE E FORTALECER CATEGORIAS EM FEIRA; \u201cPOPULA\u00c7\u00c3O VAI TER MOBILIDADE\u201d - Bahia Economica<\/title>\n<meta name=\"description\" content=\"O maior portal de Economia da Bahia Pol\u00edtica Bahia Economica Candidato a prefeito de Feira de Santana pelo PT, Z\u00e9 Neto anunciou a cria\u00e7\u00e3o dos\" \/>\n<meta name=\"robots\" content=\"index, follow, max-snippet:-1, max-image-preview:large, max-video-preview:-1\" \/>\n<link rel=\"canonical\" href=\"https:\/\/bahiaeconomica.com.br\/wp\/2024\/09\/14\/ze-neto-vai-criar-centro-do-trabalhador-do-transporte-e-fortalecer-categorias-em-feira-populacao-vai-ter-mobilidade\/\" \/>\n<meta property=\"og:locale\" content=\"pt_BR\" \/>\n<meta property=\"og:type\" content=\"article\" \/>\n<meta property=\"og:title\" content=\"Z\u00c9 NETO VAI CRIAR CENTRO DO TRABALHADOR DO TRANSPORTE E FORTALECER CATEGORIAS EM FEIRA; \u201cPOPULA\u00c7\u00c3O VAI TER MOBILIDADE\u201d - Bahia Economica\" \/>\n<meta property=\"og:description\" content=\"O maior portal de Economia da Bahia Pol\u00edtica Bahia Economica Candidato a prefeito de Feira de Santana pelo PT, Z\u00e9 Neto anunciou a cria\u00e7\u00e3o dos\" \/>\n<meta property=\"og:url\" content=\"https:\/\/bahiaeconomica.com.br\/wp\/2024\/09\/14\/ze-neto-vai-criar-centro-do-trabalhador-do-transporte-e-fortalecer-categorias-em-feira-populacao-vai-ter-mobilidade\/\" \/>\n<meta property=\"og:site_name\" content=\"Bahia Economica\" \/>\n<meta property=\"article:publisher\" content=\"https:\/\/www.facebook.com\/bahiaeconomica\" \/>\n<meta property=\"article:published_time\" content=\"2024-09-14T19:10:33+00:00\" \/>\n<meta property=\"article:modified_time\" content=\"2024-09-14T17:36:43+00:00\" \/>\n<meta property=\"og:image\" content=\"https:\/\/bahiaeconomica.com.br\/wp\/wp-content\/uploads\/2024\/09\/WhatsApp-Image-2024-09-13-at-22.19.04.jpeg\" \/>\n\t<meta property=\"og:image:width\" content=\"1280\" \/>\n\t<meta property=\"og:image:height\" content=\"853\" \/>\n\t<meta property=\"og:image:type\" content=\"image\/jpeg\" \/>\n<meta name=\"author\" content=\"JP\" \/>\n<meta name=\"twitter:card\" content=\"summary_large_image\" \/>\n<meta name=\"twitter:label1\" content=\"Escrito por\" \/>\n\t<meta name=\"twitter:data1\" content=\"JP\" \/>\n\t<meta name=\"twitter:label2\" content=\"Est. tempo de leitura\" \/>\n\t<meta name=\"twitter:data2\" content=\"2 minutos\" \/>\n<script type=\"application\/ld+json\" class=\"yoast-schema-graph\">{\"@context\":\"https:\/\/schema.org\",\"@graph\":[{\"@type\":\"Article\",\"@id\":\"https:\/\/bahiaeconomica.com.br\/wp\/2024\/09\/14\/ze-neto-vai-criar-centro-do-trabalhador-do-transporte-e-fortalecer-categorias-em-feira-populacao-vai-ter-mobilidade\/#article\",\"isPartOf\":{\"@id\":\"https:\/\/bahiaeconomica.com.br\/wp\/2024\/09\/14\/ze-neto-vai-criar-centro-do-trabalhador-do-transporte-e-fortalecer-categorias-em-feira-populacao-vai-ter-mobilidade\/\"},\"author\":{\"name\":\"JP\",\"@id\":\"https:\/\/bahiaeconomica.com.br\/wp\/#\/schema\/person\/c86d3a3f8960425a0f9d0e5245991f4e\"},\"headline\":\"Z\u00c9 NETO VAI CRIAR CENTRO DO TRABALHADOR DO TRANSPORTE E FORTALECER CATEGORIAS EM FEIRA; \u201cPOPULA\u00c7\u00c3O VAI TER MOBILIDADE\u201d\",\"datePublished\":\"2024-09-14T19:10:33+00:00\",\"dateModified\":\"2024-09-14T17:36:43+00:00\",\"mainEntityOfPage\":{\"@id\":\"https:\/\/bahiaeconomica.com.br\/wp\/2024\/09\/14\/ze-neto-vai-criar-centro-do-trabalhador-do-transporte-e-fortalecer-categorias-em-feira-populacao-vai-ter-mobilidade\/\"},\"wordCount\":355,\"publisher\":{\"@id\":\"https:\/\/bahiaeconomica.com.br\/wp\/#organization\"},\"keywords\":[\"Brasil\",\"mudan\u00e7a\",\"Pol\u00edtica\",\"ze neto\"],\"articleSection\":[\"Pol\u00edtica\"],\"inLanguage\":\"pt-BR\"},{\"@type\":\"WebPage\",\"@id\":\"https:\/\/bahiaeconomica.com.br\/wp\/2024\/09\/14\/ze-neto-vai-criar-centro-do-trabalhador-do-transporte-e-fortalecer-categorias-em-feira-populacao-vai-ter-mobilidade\/\",\"url\":\"https:\/\/bahiaeconomica.com.br\/wp\/2024\/09\/14\/ze-neto-vai-criar-centro-do-trabalhador-do-transporte-e-fortalecer-categorias-em-feira-populacao-vai-ter-mobilidade\/\",\"name\":\"Z\u00c9 NETO VAI CRIAR CENTRO DO TRABALHADOR DO TRANSPORTE E FORTALECER CATEGORIAS EM FEIRA; \u201cPOPULA\u00c7\u00c3O VAI TER MOBILIDADE\u201d - Bahia Economica\",\"isPartOf\":{\"@id\":\"https:\/\/bahiaeconomica.com.br\/wp\/#website\"},\"datePublished\":\"2024-09-14T19:10:33+00:00\",\"dateModified\":\"2024-09-14T17:36:43+00:00\",\"description\":\"O maior portal de Economia da Bahia Pol\u00edtica Bahia Economica Candidato a prefeito de Feira de Santana pelo PT, Z\u00e9 Neto anunciou a cria\u00e7\u00e3o dos\",\"breadcrumb\":{\"@id\":\"https:\/\/bahiaeconomica.com.br\/wp\/2024\/09\/14\/ze-neto-vai-criar-centro-do-trabalhador-do-transporte-e-fortalecer-categorias-em-feira-populacao-vai-ter-mobilidade\/#breadcrumb\"},\"inLanguage\":\"pt-BR\",\"potentialAction\":[{\"@type\":\"ReadAction\",\"target\":[\"https:\/\/bahiaeconomica.com.br\/wp\/2024\/09\/14\/ze-neto-vai-criar-centro-do-trabalhador-do-transporte-e-fortalecer-categorias-em-feira-populacao-vai-ter-mobilidade\/\"]}]},{\"@type\":\"BreadcrumbList\",\"@id\":\"https:\/\/bahiaeconomica.com.br\/wp\/2024\/09\/14\/ze-neto-vai-criar-centro-do-trabalhador-do-transporte-e-fortalecer-categorias-em-feira-populacao-vai-ter-mobilidade\/#breadcrumb\",\"itemListElement\":[{\"@type\":\"ListItem\",\"position\":1,\"name\":\"In\u00edcio\",\"item\":\"https:\/\/bahiaeconomica.com.br\/wp\/\"},{\"@type\":\"ListItem\",\"position\":2,\"name\":\"Z\u00c9 NETO VAI CRIAR CENTRO DO TRABALHADOR DO TRANSPORTE E FORTALECER CATEGORIAS EM FEIRA; \u201cPOPULA\u00c7\u00c3O VAI TER MOBILIDADE\u201d\"}]},{\"@type\":\"WebSite\",\"@id\":\"https:\/\/bahiaeconomica.com.br\/wp\/#website\",\"url\":\"https:\/\/bahiaeconomica.com.br\/wp\/\",\"name\":\"Bahia Economica\",\"description\":\"O maior portal de Economia da Bahia\",\"publisher\":{\"@id\":\"https:\/\/bahiaeconomica.com.br\/wp\/#organization\"},\"potentialAction\":[{\"@type\":\"SearchAction\",\"target\":{\"@type\":\"EntryPoint\",\"urlTemplate\":\"https:\/\/bahiaeconomica.com.br\/wp\/?s={search_term_string}\"},\"query-input\":\"required name=search_term_string\"}],\"inLanguage\":\"pt-BR\"},{\"@type\":\"Organization\",\"@id\":\"https:\/\/bahiaeconomica.com.br\/wp\/#organization\",\"name\":\"Bahia Econ\u00f4mica\",\"url\":\"https:\/\/bahiaeconomica.com.br\/wp\/\",\"logo\":{\"@type\":\"ImageObject\",\"inLanguage\":\"pt-BR\",\"@id\":\"https:\/\/bahiaeconomica.com.br\/wp\/#\/schema\/logo\/image\/\",\"url\":\"https:\/\/bahiaeconomica.com.br\/wp\/wp-content\/uploads\/2020\/12\/cropped-BE.png\",\"contentUrl\":\"https:\/\/bahiaeconomica.com.br\/wp\/wp-content\/uploads\/2020\/12\/cropped-BE.png\",\"width\":512,\"height\":512,\"caption\":\"Bahia Econ\u00f4mica\"},\"image\":{\"@id\":\"https:\/\/bahiaeconomica.com.br\/wp\/#\/schema\/logo\/image\/\"},\"sameAs\":[\"https:\/\/www.facebook.com\/bahiaeconomica\"]},{\"@type\":\"Person\",\"@id\":\"https:\/\/bahiaeconomica.com.br\/wp\/#\/schema\/person\/c86d3a3f8960425a0f9d0e5245991f4e\",\"name\":\"JP\",\"sameAs\":[\"https:\/\/bahiaeconomica.com.br\/wp\/beta\/\"],\"url\":\"https:\/\/bahiaeconomica.com.br\/wp\/author\/jp\/\"}]}<\/script>\n<!-- \/ Yoast SEO plugin. -->","yoast_head_json":{"title":"Z\u00c9 NETO VAI CRIAR CENTRO DO TRABALHADOR DO TRANSPORTE E FORTALECER CATEGORIAS EM FEIRA; \u201cPOPULA\u00c7\u00c3O VAI TER MOBILIDADE\u201d - Bahia Economica","description":"O maior portal de Economia da Bahia Pol\u00edtica Bahia Economica Candidato a prefeito de Feira de Santana pelo PT, Z\u00e9 Neto anunciou a cria\u00e7\u00e3o dos","robots":{"index":"index","follow":"follow","max-snippet":"max-snippet:-1","max-image-preview":"max-image-preview:large","max-video-preview":"max-video-preview:-1"},"canonical":"https:\/\/bahiaeconomica.com.br\/wp\/2024\/09\/14\/ze-neto-vai-criar-centro-do-trabalhador-do-transporte-e-fortalecer-categorias-em-feira-populacao-vai-ter-mobilidade\/","og_locale":"pt_BR","og_type":"article","og_title":"Z\u00c9 NETO VAI CRIAR CENTRO DO TRABALHADOR DO TRANSPORTE E FORTALECER CATEGORIAS EM FEIRA; \u201cPOPULA\u00c7\u00c3O VAI TER MOBILIDADE\u201d - Bahia Economica","og_description":"O maior portal de Economia da Bahia Pol\u00edtica Bahia Economica Candidato a prefeito de Feira de Santana pelo PT, Z\u00e9 Neto anunciou a cria\u00e7\u00e3o dos","og_url":"https:\/\/bahiaeconomica.com.br\/wp\/2024\/09\/14\/ze-neto-vai-criar-centro-do-trabalhador-do-transporte-e-fortalecer-categorias-em-feira-populacao-vai-ter-mobilidade\/","og_site_name":"Bahia Economica","article_publisher":"https:\/\/www.facebook.com\/bahiaeconomica","article_published_time":"2024-09-14T19:10:33+00:00","article_modified_time":"2024-09-14T17:36:43+00:00","og_image":[{"width":1280,"height":853,"url":"https:\/\/bahiaeconomica.com.br\/wp\/wp-content\/uploads\/2024\/09\/WhatsApp-Image-2024-09-13-at-22.19.04.jpeg","type":"image\/jpeg"}],"author":"JP","twitter_card":"summary_large_image","twitter_misc":{"Escrito por":"JP","Est. tempo de leitura":"2 minutos"},"schema":{"@context":"https:\/\/schema.org","@graph":[{"@type":"Article","@id":"https:\/\/bahiaeconomica.com.br\/wp\/2024\/09\/14\/ze-neto-vai-criar-centro-do-trabalhador-do-transporte-e-fortalecer-categorias-em-feira-populacao-vai-ter-mobilidade\/#article","isPartOf":{"@id":"https:\/\/bahiaeconomica.com.br\/wp\/2024\/09\/14\/ze-neto-vai-criar-centro-do-trabalhador-do-transporte-e-fortalecer-categorias-em-feira-populacao-vai-ter-mobilidade\/"},"author":{"name":"JP","@id":"https:\/\/bahiaeconomica.com.br\/wp\/#\/schema\/person\/c86d3a3f8960425a0f9d0e5245991f4e"},"headline":"Z\u00c9 NETO VAI CRIAR CENTRO DO TRABALHADOR DO TRANSPORTE E FORTALECER CATEGORIAS EM FEIRA; \u201cPOPULA\u00c7\u00c3O VAI TER MOBILIDADE\u201d","datePublished":"2024-09-14T19:10:33+00:00","dateModified":"2024-09-14T17:36:43+00:00","mainEntityOfPage":{"@id":"https:\/\/bahiaeconomica.com.br\/wp\/2024\/09\/14\/ze-neto-vai-criar-centro-do-trabalhador-do-transporte-e-fortalecer-categorias-em-feira-populacao-vai-ter-mobilidade\/"},"wordCount":355,"publisher":{"@id":"https:\/\/bahiaeconomica.com.br\/wp\/#organization"},"keywords":["Brasil","mudan\u00e7a","Pol\u00edtica","ze neto"],"articleSection":["Pol\u00edtica"],"inLanguage":"pt-BR"},{"@type":"WebPage","@id":"https:\/\/bahiaeconomica.com.br\/wp\/2024\/09\/14\/ze-neto-vai-criar-centro-do-trabalhador-do-transporte-e-fortalecer-categorias-em-feira-populacao-vai-ter-mobilidade\/","url":"https:\/\/bahiaeconomica.com.br\/wp\/2024\/09\/14\/ze-neto-vai-criar-centro-do-trabalhador-do-transporte-e-fortalecer-categorias-em-feira-populacao-vai-ter-mobilidade\/","name":"Z\u00c9 NETO VAI CRIAR CENTRO DO TRABALHADOR DO TRANSPORTE E FORTALECER CATEGORIAS EM FEIRA; \u201cPOPULA\u00c7\u00c3O VAI TER MOBILIDADE\u201d - Bahia Economica","isPartOf":{"@id":"https:\/\/bahiaeconomica.com.br\/wp\/#website"},"datePublished":"2024-09-14T19:10:33+00:00","dateModified":"2024-09-14T17:36:43+00:00","description":"O maior portal de Economia da Bahia Pol\u00edtica Bahia Economica Candidato a prefeito de Feira de Santana pelo PT, Z\u00e9 Neto anunciou a cria\u00e7\u00e3o dos","breadcrumb":{"@id":"https:\/\/bahiaeconomica.com.br\/wp\/2024\/09\/14\/ze-neto-vai-criar-centro-do-trabalhador-do-transporte-e-fortalecer-categorias-em-feira-populacao-vai-ter-mobilidade\/#breadcrumb"},"inLanguage":"pt-BR","potentialAction":[{"@type":"ReadAction","target":["https:\/\/bahiaeconomica.com.br\/wp\/2024\/09\/14\/ze-neto-vai-criar-centro-do-trabalhador-do-transporte-e-fortalecer-categorias-em-feira-populacao-vai-ter-mobilidade\/"]}]},{"@type":"BreadcrumbList","@id":"https:\/\/bahiaeconomica.com.br\/wp\/2024\/09\/14\/ze-neto-vai-criar-centro-do-trabalhador-do-transporte-e-fortalecer-categorias-em-feira-populacao-vai-ter-mobilidade\/#breadcrumb","itemListElement":[{"@type":"ListItem","position":1,"name":"In\u00edcio","item":"https:\/\/bahiaeconomica.com.br\/wp\/"},{"@type":"ListItem","position":2,"name":"Z\u00c9 NETO VAI CRIAR CENTRO DO TRABALHADOR DO TRANSPORTE E FORTALECER CATEGORIAS EM FEIRA; \u201cPOPULA\u00c7\u00c3O VAI TER MOBILIDADE\u201d"}]},{"@type":"WebSite","@id":"https:\/\/bahiaeconomica.com.br\/wp\/#website","url":"https:\/\/bahiaeconomica.com.br\/wp\/","name":"Bahia Economica","description":"O maior portal de Economia da Bahia","publisher":{"@id":"https:\/\/bahiaeconomica.com.br\/wp\/#organization"},"potentialAction":[{"@type":"SearchAction","target":{"@type":"EntryPoint","urlTemplate":"https:\/\/bahiaeconomica.com.br\/wp\/?s={search_term_string}"},"query-input":"required name=search_term_string"}],"inLanguage":"pt-BR"},{"@type":"Organization","@id":"https:\/\/bahiaeconomica.com.br\/wp\/#organization","name":"Bahia Econ\u00f4mica","url":"https:\/\/bahiaeconomica.com.br\/wp\/","logo":{"@type":"ImageObject","inLanguage":"pt-BR","@id":"https:\/\/bahiaeconomica.com.br\/wp\/#\/schema\/logo\/image\/","url":"https:\/\/bahiaeconomica.com.br\/wp\/wp-content\/uploads\/2020\/12\/cropped-BE.png","contentUrl":"https:\/\/bahiaeconomica.com.br\/wp\/wp-content\/uploads\/2020\/12\/cropped-BE.png","width":512,"height":512,"caption":"Bahia Econ\u00f4mica"},"image":{"@id":"https:\/\/bahiaeconomica.com.br\/wp\/#\/schema\/logo\/image\/"},"sameAs":["https:\/\/www.facebook.com\/bahiaeconomica"]},{"@type":"Person","@id":"https:\/\/bahiaeconomica.com.br\/wp\/#\/schema\/person\/c86d3a3f8960425a0f9d0e5245991f4e","name":"JP","sameAs":["https:\/\/bahiaeconomica.com.br\/wp\/beta\/"],"url":"https:\/\/bahiaeconomica.com.br\/wp\/author\/jp\/"}]}},"views":13,"_links":{"self":[{"href":"https:\/\/bahiaeconomica.com.br\/wp\/wp-json\/wp\/v2\/posts\/845236"}],"collection":[{"href":"https:\/\/bahiaeconomica.com.br\/wp\/wp-json\/wp\/v2\/posts"}],"about":[{"href":"https:\/\/bahiaeconomica.com.br\/wp\/wp-json\/wp\/v2\/types\/post"}],"author":[{"embeddable":true,"href":"https:\/\/bahiaeconomica.com.br\/wp\/wp-json\/wp\/v2\/users\/8"}],"replies":[{"embeddable":true,"href":"https:\/\/bahiaeconomica.com.br\/wp\/wp-json\/wp\/v2\/comments?post=845236"}],"version-history":[{"count":1,"href":"https:\/\/bahiaeconomica.com.br\/wp\/wp-json\/wp\/v2\/posts\/845236\/revisions"}],"predecessor-version":[{"id":845238,"href":"https:\/\/bahiaeconomica.com.br\/wp\/wp-json\/wp\/v2\/posts\/845236\/revisions\/845238"}],"wp:featuredmedia":[{"embeddable":true,"href":"https:\/\/bahiaeconomica.com.br\/wp\/wp-json\/wp\/v2\/media\/845237"}],"wp:attachment":[{"href":"https:\/\/bahiaeconomica.com.br\/wp\/wp-json\/wp\/v2\/media?parent=845236"}],"wp:term":[{"taxonomy":"category","embeddable":true,"href":"https:\/\/bahiaeconomica.com.br\/wp\/wp-json\/wp\/v2\/categories?post=845236"},{"taxonomy":"post_tag","embeddable":true,"href":"https:\/\/bahiaeconomica.com.br\/wp\/wp-json\/wp\/v2\/tags?post=845236"}],"curies":[{"name":"wp","href":"https:\/\/api.w.org\/{rel}","templated":true}]}}